{"id":96922,"date":"2022-10-16T17:48:44","date_gmt":"2022-10-16T22:48:44","guid":{"rendered":"https:\/\/lospoliticosveracruz.com.mx\/?p=96922"},"modified":"2022-10-16T22:31:25","modified_gmt":"2022-10-17T03:31:25","slug":"cayeron","status":"publish","type":"post","link":"https:\/\/lospoliticosveracruz.com\/?p=96922","title":{"rendered":"CAYERON"},"content":{"rendered":"\n<p><strong>Guadalupe H. Mar<\/strong><\/p>\n\n\n\n<p><em>Mira Pol\u00edtica<\/em><\/p>\n\n\n\n<p><strong>ANTES QUE EL COJO<\/strong> \u2026 Como un exitazo de la eficiente acci\u00f3n conjunta de los gobiernos de los estados de Puebla y Veracruz en el combate al robo carretero, en la autopista que va de Orizaba a Amozoc, sobre todo en la zona de \u201cLa Esperanza\u201d, se dio a conocer la semana pasada la detenci\u00f3n o arresto de polic\u00edas de Puebla y Veracruz por presuntamente robar mercanc\u00eda de un tr\u00e1iler accidentado.<\/p>\n\n\n\n<figure class=\"wp-block-embed is-type-video is-provider-youtube wp-block-embed-youtube wp-embed-aspect-16-9 wp-has-aspect-ratio\"><div class=\"wp-block-embed__wrapper\">\n<iframe loading=\"lazy\" title=\"Cluster Coworking\" width=\"696\" height=\"392\" src=\"https:\/\/www.youtube.com\/embed\/Nxe-vxf8GuY?feature=oembed\" frameborder=\"0\" allow=\"accelerometer; autoplay; clipboard-write; encrypted-media; gyroscope; picture-in-picture; web-share\" referrerpolicy=\"strict-origin-when-cross-origin\" allowfullscreen><\/iframe>\n<\/div><\/figure>\n\n\n\n<p>Para no variar, el mandatario estatal poblano, el morenista Luis Miguel Ger\u00f3nimo Barbosa Huerta volvi\u00f3 a hacer gala de su florido lenguaje al expresar en rueda de prensa que si esos polic\u00edas detenidos en presunta flagrancia, \u201cson unos rateros, que se vayan; as\u00ed de sencillo. No vamos a solapar ninguna estupidez de esa naturaleza\u201d.<\/p>\n\n\n\n<p>Por su parte el gobierno del estado de Veracruz a trav\u00e9s de la Secretar\u00eda de Seguridad P\u00fablica, fue mesurado y en uno de sus acostumbrados boletines o comunicados de prensa, se dio a conocer que se investigar\u00eda a los polic\u00edas veracruzanos presuntamente involucrados en la rapi\u00f1a a un tr\u00e1iler accidentado en la carretera.<\/p>\n\n\n\n<p>A los a la bio, a la bao, por supuesto se sum\u00f3 el presidente de la rep\u00fablica Andr\u00e9s Manuel L\u00f3pez Obrador, quien en su ma\u00f1anera del jueves pasado celebr\u00f3 la detenci\u00f3n de los polic\u00edas presuntamente ladrones de tr\u00e1ileres, como muestra del acierto y la importancia de la aprobaci\u00f3n de la presencia en las calles de las Fuerzas Armadas hasta el a\u00f1o 2028, realizando tareas de seguridad p\u00fablica en apoyo a la Guardia Nacional. Lo hubieran visto, le vino como anillo al dedo esa detenci\u00f3n.<\/p>\n\n\n\n<p>\u00bfPero que creen amables lectores?, tres d\u00edas despu\u00e9s, los polic\u00edas veracruzanos detenidos fueron liberados con el acostumbrado \u201custed disculpe\u201d, pues la Fiscal\u00eda General de la Rep\u00fablica (FGR) investig\u00f3 el caso y no encontr\u00f3 elementos para responsabilizarlos del robo de mercanc\u00eda a un tr\u00e1iler, por lo que se determin\u00f3 la inmediata liberaci\u00f3n de los uniformados.<\/p>\n\n\n\n<p>Al respecto, el abogado defensor de los polic\u00edas veracruzanos, Arturo Salazar, explic\u00f3 que por la falta de coordinaci\u00f3n con la Guardia Nacional (GN), se crey\u00f3 que los elementos policiacos estaban robando, cuando en realidad estaban acordonando la zona.<\/p>\n\n\n\n<p>Independientemente de esa pifia al confundir a polic\u00edas con delincuentes, con lo que algunos habladores cayeron m\u00e1s r\u00e1pido que un cojo, ello implica que los verdaderos delincuentes, los asalta carreteras siguen libres y que la tan cacareada acci\u00f3n conjunta entre los gobiernos de los estados de Puebla y Veracruz no ha sido efectiva, ni ha dado resultados, por lo que quienes conducen en esa autopista Orizaba \u2013 Amozoc est\u00e1n expuestos a ser asaltados en el tramo de \u201cLa Esperanza\u201d.<\/p>\n\n\n\n<p><strong>MUERTO EL PERRO<\/strong> \u2026 Pues resulta amables lectores, que en unos d\u00edas m\u00e1s iniciar\u00e1 el desguace o desmantelamiento del Buque \u201cGuanajuato\u201d, atracado en el malec\u00f3n del rio Jamapa, en la cabecera municipal de Boca del R\u00edo, seg\u00fan anunci\u00f3 el alcalde del lugar, Juan Manuel de Unanue Abascal.<\/p>\n\n\n\n<p>Hace unos d\u00edas comentamos en este espacio que catorce a\u00f1os despu\u00e9s de su atraque en Boca del R\u00edo, para convertirse en el primer museo naval interactivo de Latinoam\u00e9rica, el buque ca\u00f1onero Guanajuato C-07, est\u00e1 a punto de hundirse en las aguas del r\u00edo Jamapa por una simple y sencilla raz\u00f3n, falta de mantenimiento.<\/p>\n\n\n\n<p>Este buque se cedi\u00f3 en comodato a la empresa con raz\u00f3n social Acuaterra Ventus S.C, que adem\u00e1s del museo, lo convirti\u00f3 en restaurante, cantina, discoteca, sin darle mantenimiento y dejando el buque pr\u00e1cticamente a la deriva.<\/p>\n\n\n\n<p>Como todo fue ganar, ganar, el buque fue abandonado al mostrar las consecuencias de la falta de mantenimiento y en breve, dec\u00edamos, ser\u00e1 desmantelado y quedar\u00e1 en la historia de los malos negocios gubernamentales.<\/p>\n\n\n\n<p><strong>COMO LA ESPUMA<\/strong> \u2026 El actuario y matem\u00e1tico presidente de Consulta-Mitofsky, Roy Campos Esquerra, reci\u00e9n dio a conocer que, en sondeo realizado entre mexicanos mayores de 18 a\u00f1os con dispositivos m\u00f3viles inteligentes con acceso a internet, las alcaldesas municipales mejor evaluadas son Patricia Lobeira Rodr\u00edguez, del puerto de Veracruz; Mariela Guti\u00e9rrez Escalante, de Tec\u00e1mac, Estado de M\u00e9xico y Margarita Moreno Gonz\u00e1lez, de Colima, Colima.<\/p>\n\n\n\n<p>Al comparar su aceptaci\u00f3n con los alcaldes varones, \u201cPaty Lobeira\u201d como se le conoce en la ciudad y puerto de Veracruz, ocupa el s\u00e9ptimo lugar nacional, arriba de su vecino conurbado de Boca del R\u00edo, Juan Manuel de Unanue Abascal.<\/p>\n\n\n\n<p>De hecho, de entre los primeros 15 presidentes municipales del pa\u00eds mejor \u201crankeados\u201d, la \u00fanica mujer es Patricia Lobeira Rodr\u00edguez, de la ciudad y puerto de Veracruz.<\/p>\n\n\n\n<p><strong>D\u00cdGALO SIN MIEDO<\/strong> \u2026 Al correo electr\u00f3nico <a href=\"mailto:guadalupehmar@yahoo.com\">guadalupehmar@yahoo.com<\/a><\/p>\n","protected":false},"excerpt":{"rendered":"<p>Guadalupe H. Mar Mira Pol\u00edtica ANTES QUE EL COJO \u2026 Como un exitazo de la eficiente acci\u00f3n conjunta de los gobiernos de los estados de Puebla y Veracruz en el combate al robo carretero, en la autopista que va de Orizaba a Amozoc, sobre todo en la zona de \u201cLa Esperanza\u201d, se dio a conocer [&hellip;]<\/p>\n","protected":false},"author":2,"featured_media":0,"comment_status":"closed","ping_status":"closed","sticky":false,"template":"","format":"standard","meta":{"tdm_status":"","tdm_grid_status":"","footnotes":""},"categories":[70],"tags":[8977,1563,6732,14647,1026,28179,3132,195],"class_list":{"0":"post-96922","1":"post","2":"type-post","3":"status-publish","4":"format-standard","6":"category-de-opinion","7":"tag-buque-guanajuato","8":"tag-cuitlahuac-garcia-jimenez","9":"tag-juan-manuel-de-unanue","10":"tag-luis-miguel-barbosa","11":"tag-morena","12":"tag-patricia-lobeira-rodriguez","13":"tag-puebla","14":"tag-veracruz"},"yoast_head":"<!-- This site is optimized with the Yoast SEO plugin v27.4 - https:\/\/yoast.com\/product\/yoast-seo-wordpress\/ -->\n<title>CAYERON - Los pol\u00edticos Veracruz<\/title>\n<meta name=\"robots\" content=\"index, follow, max-snippet:-1, max-image-preview:large, max-video-preview:-1\" \/>\n<link rel=\"canonical\" href=\"https:\/\/lospoliticosveracruz.com\/?p=96922\" \/>\n<meta property=\"og:locale\" content=\"es_ES\" \/>\n<meta property=\"og:type\" content=\"article\" \/>\n<meta property=\"og:title\" content=\"CAYERON - Los pol\u00edticos Veracruz\" \/>\n<meta property=\"og:description\" content=\"Guadalupe H. Mar Mira Pol\u00edtica ANTES QUE EL COJO \u2026 Como un exitazo de la eficiente acci\u00f3n conjunta de los gobiernos de los estados de Puebla y Veracruz en el combate al robo carretero, en la autopista que va de Orizaba a Amozoc, sobre todo en la zona de \u201cLa Esperanza\u201d, se dio a conocer [&hellip;]\" \/>\n<meta property=\"og:url\" content=\"https:\/\/lospoliticosveracruz.com\/?p=96922\" \/>\n<meta property=\"og:site_name\" content=\"Los pol\u00edticos Veracruz\" \/>\n<meta property=\"article:publisher\" content=\"https:\/\/www.facebook.com\/people\/Notimemes-de-los-Polticos\/61565672886568\/\" \/>\n<meta property=\"article:published_time\" content=\"2022-10-16T22:48:44+00:00\" \/>\n<meta property=\"article:modified_time\" content=\"2022-10-17T03:31:25+00:00\" \/>\n<meta property=\"og:image\" content=\"https:\/\/lospoliticosveracruz.com\/wp-content\/uploads\/2016\/07\/Logo-Dor.jpg\" \/>\n\t<meta property=\"og:image:width\" content=\"200\" \/>\n\t<meta property=\"og:image:height\" content=\"200\" \/>\n\t<meta property=\"og:image:type\" content=\"image\/jpeg\" \/>\n<meta name=\"author\" content=\"Lo viste en Los Pol\u00edticos\" \/>\n<meta name=\"twitter:card\" content=\"summary_large_image\" \/>\n<meta name=\"twitter:creator\" content=\"@LosPoliticosVer\" \/>\n<meta name=\"twitter:site\" content=\"@LosPoliticosVer\" \/>\n<meta name=\"twitter:label1\" content=\"Escrito por\" \/>\n\t<meta name=\"twitter:data1\" content=\"Lo viste en Los Pol\u00edticos\" \/>\n\t<meta name=\"twitter:label2\" content=\"Tiempo de lectura\" \/>\n\t<meta name=\"twitter:data2\" content=\"4 minutos\" \/>\n<script type=\"application\/ld+json\" class=\"yoast-schema-graph\">{\"@context\":\"https:\\\/\\\/schema.org\",\"@graph\":[{\"@type\":\"Article\",\"@id\":\"https:\\\/\\\/lospoliticosveracruz.com\\\/?p=96922#article\",\"isPartOf\":{\"@id\":\"https:\\\/\\\/lospoliticosveracruz.com\\\/?p=96922\"},\"author\":{\"name\":\"Lo viste en Los Pol\u00edticos\",\"@id\":\"https:\\\/\\\/lospoliticosveracruz.com\\\/#\\\/schema\\\/person\\\/b8702bb0e538456e6efd07080bf2a4a2\"},\"headline\":\"CAYERON\",\"datePublished\":\"2022-10-16T22:48:44+00:00\",\"dateModified\":\"2022-10-17T03:31:25+00:00\",\"mainEntityOfPage\":{\"@id\":\"https:\\\/\\\/lospoliticosveracruz.com\\\/?p=96922\"},\"wordCount\":822,\"publisher\":{\"@id\":\"https:\\\/\\\/lospoliticosveracruz.com\\\/#organization\"},\"keywords\":[\"Buque Guanajuato\",\"Cuitl\u00e1huac Garc\u00eda Jim\u00e9nez\",\"Juan Manuel de Unanue\",\"Luis Miguel Barbosa\",\"Morena\",\"Patricia Lobeira Rodr\u00edguez\",\"Puebla\",\"Veracruz\"],\"articleSection\":[\"De Opini\u00f3n\"],\"inLanguage\":\"es\"},{\"@type\":\"WebPage\",\"@id\":\"https:\\\/\\\/lospoliticosveracruz.com\\\/?p=96922\",\"url\":\"https:\\\/\\\/lospoliticosveracruz.com\\\/?p=96922\",\"name\":\"CAYERON - Los pol\u00edticos Veracruz\",\"isPartOf\":{\"@id\":\"https:\\\/\\\/lospoliticosveracruz.com\\\/#website\"},\"datePublished\":\"2022-10-16T22:48:44+00:00\",\"dateModified\":\"2022-10-17T03:31:25+00:00\",\"breadcrumb\":{\"@id\":\"https:\\\/\\\/lospoliticosveracruz.com\\\/?p=96922#breadcrumb\"},\"inLanguage\":\"es\",\"potentialAction\":[{\"@type\":\"ReadAction\",\"target\":[\"https:\\\/\\\/lospoliticosveracruz.com\\\/?p=96922\"]}]},{\"@type\":\"BreadcrumbList\",\"@id\":\"https:\\\/\\\/lospoliticosveracruz.com\\\/?p=96922#breadcrumb\",\"itemListElement\":[{\"@type\":\"ListItem\",\"position\":1,\"name\":\"Portada\",\"item\":\"https:\\\/\\\/lospoliticosveracruz.com\\\/\"},{\"@type\":\"ListItem\",\"position\":2,\"name\":\"CAYERON\"}]},{\"@type\":\"WebSite\",\"@id\":\"https:\\\/\\\/lospoliticosveracruz.com\\\/#website\",\"url\":\"https:\\\/\\\/lospoliticosveracruz.com\\\/\",\"name\":\"Los pol\u00edticos Veracruz\",\"description\":\"\",\"publisher\":{\"@id\":\"https:\\\/\\\/lospoliticosveracruz.com\\\/#organization\"},\"potentialAction\":[{\"@type\":\"SearchAction\",\"target\":{\"@type\":\"EntryPoint\",\"urlTemplate\":\"https:\\\/\\\/lospoliticosveracruz.com\\\/?s={search_term_string}\"},\"query-input\":{\"@type\":\"PropertyValueSpecification\",\"valueRequired\":true,\"valueName\":\"search_term_string\"}}],\"inLanguage\":\"es\"},{\"@type\":\"Organization\",\"@id\":\"https:\\\/\\\/lospoliticosveracruz.com\\\/#organization\",\"name\":\"Los pol\u00edticos Veracruz\",\"url\":\"https:\\\/\\\/lospoliticosveracruz.com\\\/\",\"logo\":{\"@type\":\"ImageObject\",\"inLanguage\":\"es\",\"@id\":\"https:\\\/\\\/lospoliticosveracruz.com\\\/#\\\/schema\\\/logo\\\/image\\\/\",\"url\":\"https:\\\/\\\/lospoliticosveracruz.com\\\/wp-content\\\/uploads\\\/2025\\\/12\\\/Logo-Nuevo-LOS-POLITICOS-1.jpg\",\"contentUrl\":\"https:\\\/\\\/lospoliticosveracruz.com\\\/wp-content\\\/uploads\\\/2025\\\/12\\\/Logo-Nuevo-LOS-POLITICOS-1.jpg\",\"width\":260,\"height\":70,\"caption\":\"Los pol\u00edticos Veracruz\"},\"image\":{\"@id\":\"https:\\\/\\\/lospoliticosveracruz.com\\\/#\\\/schema\\\/logo\\\/image\\\/\"},\"sameAs\":[\"https:\\\/\\\/www.facebook.com\\\/people\\\/Notimemes-de-los-Polticos\\\/61565672886568\\\/\",\"https:\\\/\\\/x.com\\\/LosPoliticosVer\"]},{\"@type\":\"Person\",\"@id\":\"https:\\\/\\\/lospoliticosveracruz.com\\\/#\\\/schema\\\/person\\\/b8702bb0e538456e6efd07080bf2a4a2\",\"name\":\"Lo viste en Los Pol\u00edticos\",\"image\":{\"@type\":\"ImageObject\",\"inLanguage\":\"es\",\"@id\":\"https:\\\/\\\/secure.gravatar.com\\\/avatar\\\/3a8de04a2656d44082be478bd6c086daa447c4651605818287b9532d3d0bd435?s=96&d=mm&r=g\",\"url\":\"https:\\\/\\\/secure.gravatar.com\\\/avatar\\\/3a8de04a2656d44082be478bd6c086daa447c4651605818287b9532d3d0bd435?s=96&d=mm&r=g\",\"contentUrl\":\"https:\\\/\\\/secure.gravatar.com\\\/avatar\\\/3a8de04a2656d44082be478bd6c086daa447c4651605818287b9532d3d0bd435?s=96&d=mm&r=g\",\"caption\":\"Lo viste en Los Pol\u00edticos\"},\"url\":\"https:\\\/\\\/lospoliticosveracruz.com\\\/?author=2\"}]}<\/script>\n<!-- \/ Yoast SEO plugin. -->","yoast_head_json":{"title":"CAYERON - Los pol\u00edticos Veracruz","robots":{"index":"index","follow":"follow","max-snippet":"max-snippet:-1","max-image-preview":"max-image-preview:large","max-video-preview":"max-video-preview:-1"},"canonical":"https:\/\/lospoliticosveracruz.com\/?p=96922","og_locale":"es_ES","og_type":"article","og_title":"CAYERON - Los pol\u00edticos Veracruz","og_description":"Guadalupe H. Mar Mira Pol\u00edtica ANTES QUE EL COJO \u2026 Como un exitazo de la eficiente acci\u00f3n conjunta de los gobiernos de los estados de Puebla y Veracruz en el combate al robo carretero, en la autopista que va de Orizaba a Amozoc, sobre todo en la zona de \u201cLa Esperanza\u201d, se dio a conocer [&hellip;]","og_url":"https:\/\/lospoliticosveracruz.com\/?p=96922","og_site_name":"Los pol\u00edticos Veracruz","article_publisher":"https:\/\/www.facebook.com\/people\/Notimemes-de-los-Polticos\/61565672886568\/","article_published_time":"2022-10-16T22:48:44+00:00","article_modified_time":"2022-10-17T03:31:25+00:00","og_image":[{"width":200,"height":200,"url":"https:\/\/lospoliticosveracruz.com\/wp-content\/uploads\/2016\/07\/Logo-Dor.jpg","type":"image\/jpeg"}],"author":"Lo viste en Los Pol\u00edticos","twitter_card":"summary_large_image","twitter_creator":"@LosPoliticosVer","twitter_site":"@LosPoliticosVer","twitter_misc":{"Escrito por":"Lo viste en Los Pol\u00edticos","Tiempo de lectura":"4 minutos"},"schema":{"@context":"https:\/\/schema.org","@graph":[{"@type":"Article","@id":"https:\/\/lospoliticosveracruz.com\/?p=96922#article","isPartOf":{"@id":"https:\/\/lospoliticosveracruz.com\/?p=96922"},"author":{"name":"Lo viste en Los Pol\u00edticos","@id":"https:\/\/lospoliticosveracruz.com\/#\/schema\/person\/b8702bb0e538456e6efd07080bf2a4a2"},"headline":"CAYERON","datePublished":"2022-10-16T22:48:44+00:00","dateModified":"2022-10-17T03:31:25+00:00","mainEntityOfPage":{"@id":"https:\/\/lospoliticosveracruz.com\/?p=96922"},"wordCount":822,"publisher":{"@id":"https:\/\/lospoliticosveracruz.com\/#organization"},"keywords":["Buque Guanajuato","Cuitl\u00e1huac Garc\u00eda Jim\u00e9nez","Juan Manuel de Unanue","Luis Miguel Barbosa","Morena","Patricia Lobeira Rodr\u00edguez","Puebla","Veracruz"],"articleSection":["De Opini\u00f3n"],"inLanguage":"es"},{"@type":"WebPage","@id":"https:\/\/lospoliticosveracruz.com\/?p=96922","url":"https:\/\/lospoliticosveracruz.com\/?p=96922","name":"CAYERON - Los pol\u00edticos Veracruz","isPartOf":{"@id":"https:\/\/lospoliticosveracruz.com\/#website"},"datePublished":"2022-10-16T22:48:44+00:00","dateModified":"2022-10-17T03:31:25+00:00","breadcrumb":{"@id":"https:\/\/lospoliticosveracruz.com\/?p=96922#breadcrumb"},"inLanguage":"es","potentialAction":[{"@type":"ReadAction","target":["https:\/\/lospoliticosveracruz.com\/?p=96922"]}]},{"@type":"BreadcrumbList","@id":"https:\/\/lospoliticosveracruz.com\/?p=96922#breadcrumb","itemListElement":[{"@type":"ListItem","position":1,"name":"Portada","item":"https:\/\/lospoliticosveracruz.com\/"},{"@type":"ListItem","position":2,"name":"CAYERON"}]},{"@type":"WebSite","@id":"https:\/\/lospoliticosveracruz.com\/#website","url":"https:\/\/lospoliticosveracruz.com\/","name":"Los pol\u00edticos Veracruz","description":"","publisher":{"@id":"https:\/\/lospoliticosveracruz.com\/#organization"},"potentialAction":[{"@type":"SearchAction","target":{"@type":"EntryPoint","urlTemplate":"https:\/\/lospoliticosveracruz.com\/?s={search_term_string}"},"query-input":{"@type":"PropertyValueSpecification","valueRequired":true,"valueName":"search_term_string"}}],"inLanguage":"es"},{"@type":"Organization","@id":"https:\/\/lospoliticosveracruz.com\/#organization","name":"Los pol\u00edticos Veracruz","url":"https:\/\/lospoliticosveracruz.com\/","logo":{"@type":"ImageObject","inLanguage":"es","@id":"https:\/\/lospoliticosveracruz.com\/#\/schema\/logo\/image\/","url":"https:\/\/lospoliticosveracruz.com\/wp-content\/uploads\/2025\/12\/Logo-Nuevo-LOS-POLITICOS-1.jpg","contentUrl":"https:\/\/lospoliticosveracruz.com\/wp-content\/uploads\/2025\/12\/Logo-Nuevo-LOS-POLITICOS-1.jpg","width":260,"height":70,"caption":"Los pol\u00edticos Veracruz"},"image":{"@id":"https:\/\/lospoliticosveracruz.com\/#\/schema\/logo\/image\/"},"sameAs":["https:\/\/www.facebook.com\/people\/Notimemes-de-los-Polticos\/61565672886568\/","https:\/\/x.com\/LosPoliticosVer"]},{"@type":"Person","@id":"https:\/\/lospoliticosveracruz.com\/#\/schema\/person\/b8702bb0e538456e6efd07080bf2a4a2","name":"Lo viste en Los Pol\u00edticos","image":{"@type":"ImageObject","inLanguage":"es","@id":"https:\/\/secure.gravatar.com\/avatar\/3a8de04a2656d44082be478bd6c086daa447c4651605818287b9532d3d0bd435?s=96&d=mm&r=g","url":"https:\/\/secure.gravatar.com\/avatar\/3a8de04a2656d44082be478bd6c086daa447c4651605818287b9532d3d0bd435?s=96&d=mm&r=g","contentUrl":"https:\/\/secure.gravatar.com\/avatar\/3a8de04a2656d44082be478bd6c086daa447c4651605818287b9532d3d0bd435?s=96&d=mm&r=g","caption":"Lo viste en Los Pol\u00edticos"},"url":"https:\/\/lospoliticosveracruz.com\/?author=2"}]}},"_links":{"self":[{"href":"https:\/\/lospoliticosveracruz.com\/index.php?rest_route=\/wp\/v2\/posts\/96922","targetHints":{"allow":["GET"]}}],"collection":[{"href":"https:\/\/lospoliticosveracruz.com\/index.php?rest_route=\/wp\/v2\/posts"}],"about":[{"href":"https:\/\/lospoliticosveracruz.com\/index.php?rest_route=\/wp\/v2\/types\/post"}],"author":[{"embeddable":true,"href":"https:\/\/lospoliticosveracruz.com\/index.php?rest_route=\/wp\/v2\/users\/2"}],"replies":[{"embeddable":true,"href":"https:\/\/lospoliticosveracruz.com\/index.php?rest_route=%2Fwp%2Fv2%2Fcomments&post=96922"}],"version-history":[{"count":2,"href":"https:\/\/lospoliticosveracruz.com\/index.php?rest_route=\/wp\/v2\/posts\/96922\/revisions"}],"predecessor-version":[{"id":96945,"href":"https:\/\/lospoliticosveracruz.com\/index.php?rest_route=\/wp\/v2\/posts\/96922\/revisions\/96945"}],"wp:attachment":[{"href":"https:\/\/lospoliticosveracruz.com\/index.php?rest_route=%2Fwp%2Fv2%2Fmedia&parent=96922"}],"wp:term":[{"taxonomy":"category","embeddable":true,"href":"https:\/\/lospoliticosveracruz.com\/index.php?rest_route=%2Fwp%2Fv2%2Fcategories&post=96922"},{"taxonomy":"post_tag","embeddable":true,"href":"https:\/\/lospoliticosveracruz.com\/index.php?rest_route=%2Fwp%2Fv2%2Ftags&post=96922"}],"curies":[{"name":"wp","href":"https:\/\/api.w.org\/{rel}","templated":true}]}}