{"id":97318,"date":"2022-10-24T07:44:43","date_gmt":"2022-10-24T12:44:43","guid":{"rendered":"https:\/\/lospoliticosveracruz.com.mx\/?p=97318"},"modified":"2022-10-24T07:44:54","modified_gmt":"2022-10-24T12:44:54","slug":"top","status":"publish","type":"post","link":"https:\/\/lospoliticosveracruz.com\/?p=97318","title":{"rendered":"TOP"},"content":{"rendered":"\n<p><br><strong>Guadalupe H. Mar<br><\/strong><em>Mira Pol\u00edtica<\/em><\/p>\n\n\n\n<p>DOS DE CINCO \u2026 En el \u201cTop Five\u201d, o cinco principales carreteras con m\u00e1s robos a traileros y conductores en general, de acuerdo a las organizaciones empresariales de transporte de carga en el pa\u00eds, se encuentran los m\u00e1s de 170 kil\u00f3metros de la autopista C\u00f3rdoba- Puebla, listado al que est\u00e1 por incluirse el tramo de 234 kil\u00f3metros de la denominada La Tinaja \u2013 Cosoleacaque, esto porque en ambas operan asaltantes bien organizados, que han sentado sus reales en ambas v\u00edas de comunicaci\u00f3n.<\/p>\n\n\n\n<figure class=\"wp-block-embed is-type-video is-provider-youtube wp-block-embed-youtube wp-embed-aspect-16-9 wp-has-aspect-ratio\"><div class=\"wp-block-embed__wrapper\">\n<iframe loading=\"lazy\" title=\"Cluster Coworking\" width=\"696\" height=\"392\" src=\"https:\/\/www.youtube.com\/embed\/Nxe-vxf8GuY?feature=oembed\" frameborder=\"0\" allow=\"accelerometer; autoplay; clipboard-write; encrypted-media; gyroscope; picture-in-picture; web-share\" referrerpolicy=\"strict-origin-when-cross-origin\" allowfullscreen><\/iframe>\n<\/div><\/figure>\n\n\n\n<p><br>Son tan sonados los casos de asaltos en la autopista C\u00f3rdoba \u2013 Puebla, sobre todo a la altura de la zona que se conoce como \u201cCumbres de Maltrata\u201d, que los mandatarios morenistas de las entidades federativas que une este tramo carretero, Cuitl\u00e1huac Garc\u00eda Jim\u00e9nez y Luis Miguel Ger\u00f3nimo Barbosa Huerta, como pocas veces se ha visto, han tenido que ocuparse del tema, sobre todo luego de que hace algunos d\u00edas como se recordar\u00e1, en las \u201cbenditas redes sociales\u201d se denunci\u00f3 un supuesto asalto masivo, que se dice se cometi\u00f3 la noche del pasado mi\u00e9rcoles cinco de octubre.<br>Para ambos gobernantes el robo en despoblado no sucedi\u00f3, por la simple y sencilla raz\u00f3n de que nadie, absolutamente nadie, present\u00f3 una denuncia formal por el supuesto asalto carretero.<br>Pero volviendo al tema, lo cierto es que la autopista C\u00f3rdoba- Puebla, se ubica en el \u201cTop Five\u201d de carreteras con m\u00e1s robos a traileros y conductores en general.<br><strong>FOCO ROJ\u00cdSIMO \u2026<\/strong> El otro tramo carretero, este si totalmente veracruzano que podr\u00eda incluirse en ese \u201cTop Five\u201d por el n\u00famero de actos delictivos cometidos en su trayecto, es la autopista La Tinaja \u2013 Cosoleacaque, que se ha convertido en un foco rojo, casi bermell\u00f3n, pues all\u00ed opera una banda de asaltantes que ninguna corporaci\u00f3n de seguridad o prevenci\u00f3n del delito ha podido frenar.<br>Hace unos d\u00edas, por ejemplo, esos asaltantes carreteros detuvieron la marcha de un tr\u00e1iler cargado de cigarrillos, al cual saquearon y no conforme con ello, le prendieron fuego para que el hecho no pasara desapercibido.<br>Por otra parte, el pasado s\u00e1bado, estos asaltantes asesinaron a una maestra que junto con unas compa\u00f1eras viajaba en su autom\u00f3vil por esa autopista, pero no se detuvo cuando le marcaron el alto los delincuentes, quienes la persiguieron hasta alcanzarla para robarle y quitarle la vida.<br><strong>LA FORMA ES FONDO \u2026<\/strong> Si el relevo del licenciado en Derecho y Ciencias Sociales Hugo Guti\u00e9rrez Maldonado, en la Secretar\u00eda de Seguridad P\u00fablica del gobierno del estado de Veracruz, se hubiera dado en los amables t\u00e9rminos que se pregonan, pues este hubiera estado en la ceremonia de cambio de estafeta a favor de su subsecretario de Operaciones, el capit\u00e1n de nav\u00edo Cuauht\u00e9moc Z\u00fa\u00f1iga Bonilla, nativo por cierto de la Ciudad de M\u00e9xico.<br>Pero no. Guti\u00e9rrez Maldonado sali\u00f3 por la puerta de atr\u00e1s, sin darle las gracias a nadie y peor a\u00fan, sin tener oportunidad de demostrar que sali\u00f3 bien.<br>Es m\u00e1s, pareciera que hasta le redactaron su carta de renuncia de cinco p\u00e1rrafos, porque cuando se dimite por motivos personales, as\u00ed se expresa y punto, pero no, el ahora ex titular de la SSP aclara que no proceder\u00e1 \u201cen contra de la presente administraci\u00f3n\u201d, pues seg\u00fan \u00e9l escribi\u00f3: \u201crecib\u00ed el pago de mis respectivos salarios a los que tuve derecho, as\u00ed como que durante mi gesti\u00f3n no sufr\u00ed accidente o enfermedad alguna, por lo que no me reservo el derecho o acci\u00f3n alguna que reclamar\u201d.<br>La forma es fondo. Y esa renuncia tiene visos de despido.<br><strong>EXCELENTE MAESTRO \u2026<\/strong> Vaya nuestro reconocimiento al doctor Juan Ortiz Escamilla, quien fuera designado secretario acad\u00e9mico de la Universidad Veracruzana (UV) hace algunos d\u00edas.<br>Su designaci\u00f3n la hizo la Junta de Gobierno de la UV, para relevar a la doctora Elena Rustri\u00e1n Portilla, quien ocup\u00f3 la Secretar\u00eda Acad\u00e9mica poco m\u00e1s de un a\u00f1o.<br>El maestro Juan Ortiz Escamilla, es doctor en Historia por El Colegio de M\u00e9xico e investigador de la Universidad Veracruzana desde 1997, donde fungi\u00f3 como director del Instituto de Investigaciones Hist\u00f3rico-Sociales y es miembro del Sistema Nacional de Investigadores, nivel III.<br>Con la designaci\u00f3n del maestro Ortiz Escamilla como secretario acad\u00e9mico de la Universidad Veracruzana, se vislumbra un justo equilibrio en nuestra m\u00e1xima casa de estudios.<br>D\u00cdGALO SIN MIEDO \u2026 Al correo electr\u00f3nico guadalupehmar@yahoo.com<\/p>\n","protected":false},"excerpt":{"rendered":"<p>Guadalupe H. MarMira Pol\u00edtica DOS DE CINCO \u2026 En el \u201cTop Five\u201d, o cinco principales carreteras con m\u00e1s robos a traileros y conductores en general, de acuerdo a las organizaciones empresariales de transporte de carga en el pa\u00eds, se encuentran los m\u00e1s de 170 kil\u00f3metros de la autopista C\u00f3rdoba- Puebla, listado al que est\u00e1 por [&hellip;]<\/p>\n","protected":false},"author":2,"featured_media":0,"comment_status":"closed","ping_status":"closed","sticky":false,"template":"","format":"standard","meta":{"tdm_status":"","tdm_grid_status":"","footnotes":""},"categories":[70],"tags":[1563,34662,1606,13303,35833,35834,35832,35835],"class_list":{"0":"post-97318","1":"post","2":"type-post","3":"status-publish","4":"format-standard","6":"category-de-opinion","7":"tag-cuitlahuac-garcia-jimenez","8":"tag-cumbres-de-maltrata","9":"tag-guadalupe-h-mar","10":"tag-hugo-gutierrez-maldonado","11":"tag-la-tinaja-cosoleacaque-2","12":"tag-luis-miguel-geronimo-barbosa-huerta","13":"tag-robos-a-traileros","14":"tag-traileros"},"yoast_head":"<!-- This site is optimized with the Yoast SEO plugin v27.4 - https:\/\/yoast.com\/product\/yoast-seo-wordpress\/ -->\n<title>TOP - Los pol\u00edticos Veracruz<\/title>\n<meta name=\"robots\" content=\"index, follow, max-snippet:-1, max-image-preview:large, max-video-preview:-1\" \/>\n<link rel=\"canonical\" href=\"https:\/\/lospoliticosveracruz.com\/?p=97318\" \/>\n<meta property=\"og:locale\" content=\"es_ES\" \/>\n<meta property=\"og:type\" content=\"article\" \/>\n<meta property=\"og:title\" content=\"TOP - Los pol\u00edticos Veracruz\" \/>\n<meta property=\"og:description\" content=\"Guadalupe H. MarMira Pol\u00edtica DOS DE CINCO \u2026 En el \u201cTop Five\u201d, o cinco principales carreteras con m\u00e1s robos a traileros y conductores en general, de acuerdo a las organizaciones empresariales de transporte de carga en el pa\u00eds, se encuentran los m\u00e1s de 170 kil\u00f3metros de la autopista C\u00f3rdoba- Puebla, listado al que est\u00e1 por [&hellip;]\" \/>\n<meta property=\"og:url\" content=\"https:\/\/lospoliticosveracruz.com\/?p=97318\" \/>\n<meta property=\"og:site_name\" content=\"Los pol\u00edticos Veracruz\" \/>\n<meta property=\"article:publisher\" content=\"https:\/\/www.facebook.com\/people\/Notimemes-de-los-Polticos\/61565672886568\/\" \/>\n<meta property=\"article:published_time\" content=\"2022-10-24T12:44:43+00:00\" \/>\n<meta property=\"article:modified_time\" content=\"2022-10-24T12:44:54+00:00\" \/>\n<meta property=\"og:image\" content=\"https:\/\/lospoliticosveracruz.com\/wp-content\/uploads\/2016\/07\/Logo-Dor.jpg\" \/>\n\t<meta property=\"og:image:width\" content=\"200\" \/>\n\t<meta property=\"og:image:height\" content=\"200\" \/>\n\t<meta property=\"og:image:type\" content=\"image\/jpeg\" \/>\n<meta name=\"author\" content=\"Lo viste en Los Pol\u00edticos\" \/>\n<meta name=\"twitter:card\" content=\"summary_large_image\" \/>\n<meta name=\"twitter:creator\" content=\"@LosPoliticosVer\" \/>\n<meta name=\"twitter:site\" content=\"@LosPoliticosVer\" \/>\n<meta name=\"twitter:label1\" content=\"Escrito por\" \/>\n\t<meta name=\"twitter:data1\" content=\"Lo viste en Los Pol\u00edticos\" \/>\n\t<meta name=\"twitter:label2\" content=\"Tiempo de lectura\" \/>\n\t<meta name=\"twitter:data2\" content=\"4 minutos\" \/>\n<script type=\"application\/ld+json\" class=\"yoast-schema-graph\">{\"@context\":\"https:\\\/\\\/schema.org\",\"@graph\":[{\"@type\":\"Article\",\"@id\":\"https:\\\/\\\/lospoliticosveracruz.com\\\/?p=97318#article\",\"isPartOf\":{\"@id\":\"https:\\\/\\\/lospoliticosveracruz.com\\\/?p=97318\"},\"author\":{\"name\":\"Lo viste en Los Pol\u00edticos\",\"@id\":\"https:\\\/\\\/lospoliticosveracruz.com\\\/#\\\/schema\\\/person\\\/b8702bb0e538456e6efd07080bf2a4a2\"},\"headline\":\"TOP\",\"datePublished\":\"2022-10-24T12:44:43+00:00\",\"dateModified\":\"2022-10-24T12:44:54+00:00\",\"mainEntityOfPage\":{\"@id\":\"https:\\\/\\\/lospoliticosveracruz.com\\\/?p=97318\"},\"wordCount\":771,\"publisher\":{\"@id\":\"https:\\\/\\\/lospoliticosveracruz.com\\\/#organization\"},\"keywords\":[\"Cuitl\u00e1huac Garc\u00eda Jim\u00e9nez\",\"Cumbres de Maltrata\",\"Guadalupe H. Mar\",\"Hugo Guti\u00e9rrez Maldonado\",\"La Tinaja \u2013 Cosoleacaque\",\"Luis Miguel Ger\u00f3nimo Barbosa Huerta\",\"robos a traileros\",\"traileros\"],\"articleSection\":[\"De Opini\u00f3n\"],\"inLanguage\":\"es\"},{\"@type\":\"WebPage\",\"@id\":\"https:\\\/\\\/lospoliticosveracruz.com\\\/?p=97318\",\"url\":\"https:\\\/\\\/lospoliticosveracruz.com\\\/?p=97318\",\"name\":\"TOP - Los pol\u00edticos Veracruz\",\"isPartOf\":{\"@id\":\"https:\\\/\\\/lospoliticosveracruz.com\\\/#website\"},\"datePublished\":\"2022-10-24T12:44:43+00:00\",\"dateModified\":\"2022-10-24T12:44:54+00:00\",\"breadcrumb\":{\"@id\":\"https:\\\/\\\/lospoliticosveracruz.com\\\/?p=97318#breadcrumb\"},\"inLanguage\":\"es\",\"potentialAction\":[{\"@type\":\"ReadAction\",\"target\":[\"https:\\\/\\\/lospoliticosveracruz.com\\\/?p=97318\"]}]},{\"@type\":\"BreadcrumbList\",\"@id\":\"https:\\\/\\\/lospoliticosveracruz.com\\\/?p=97318#breadcrumb\",\"itemListElement\":[{\"@type\":\"ListItem\",\"position\":1,\"name\":\"Portada\",\"item\":\"https:\\\/\\\/lospoliticosveracruz.com\\\/\"},{\"@type\":\"ListItem\",\"position\":2,\"name\":\"TOP\"}]},{\"@type\":\"WebSite\",\"@id\":\"https:\\\/\\\/lospoliticosveracruz.com\\\/#website\",\"url\":\"https:\\\/\\\/lospoliticosveracruz.com\\\/\",\"name\":\"Los pol\u00edticos Veracruz\",\"description\":\"\",\"publisher\":{\"@id\":\"https:\\\/\\\/lospoliticosveracruz.com\\\/#organization\"},\"potentialAction\":[{\"@type\":\"SearchAction\",\"target\":{\"@type\":\"EntryPoint\",\"urlTemplate\":\"https:\\\/\\\/lospoliticosveracruz.com\\\/?s={search_term_string}\"},\"query-input\":{\"@type\":\"PropertyValueSpecification\",\"valueRequired\":true,\"valueName\":\"search_term_string\"}}],\"inLanguage\":\"es\"},{\"@type\":\"Organization\",\"@id\":\"https:\\\/\\\/lospoliticosveracruz.com\\\/#organization\",\"name\":\"Los pol\u00edticos Veracruz\",\"url\":\"https:\\\/\\\/lospoliticosveracruz.com\\\/\",\"logo\":{\"@type\":\"ImageObject\",\"inLanguage\":\"es\",\"@id\":\"https:\\\/\\\/lospoliticosveracruz.com\\\/#\\\/schema\\\/logo\\\/image\\\/\",\"url\":\"https:\\\/\\\/lospoliticosveracruz.com\\\/wp-content\\\/uploads\\\/2025\\\/12\\\/Logo-Nuevo-LOS-POLITICOS-1.jpg\",\"contentUrl\":\"https:\\\/\\\/lospoliticosveracruz.com\\\/wp-content\\\/uploads\\\/2025\\\/12\\\/Logo-Nuevo-LOS-POLITICOS-1.jpg\",\"width\":260,\"height\":70,\"caption\":\"Los pol\u00edticos Veracruz\"},\"image\":{\"@id\":\"https:\\\/\\\/lospoliticosveracruz.com\\\/#\\\/schema\\\/logo\\\/image\\\/\"},\"sameAs\":[\"https:\\\/\\\/www.facebook.com\\\/people\\\/Notimemes-de-los-Polticos\\\/61565672886568\\\/\",\"https:\\\/\\\/x.com\\\/LosPoliticosVer\"]},{\"@type\":\"Person\",\"@id\":\"https:\\\/\\\/lospoliticosveracruz.com\\\/#\\\/schema\\\/person\\\/b8702bb0e538456e6efd07080bf2a4a2\",\"name\":\"Lo viste en Los Pol\u00edticos\",\"image\":{\"@type\":\"ImageObject\",\"inLanguage\":\"es\",\"@id\":\"https:\\\/\\\/secure.gravatar.com\\\/avatar\\\/3a8de04a2656d44082be478bd6c086daa447c4651605818287b9532d3d0bd435?s=96&d=mm&r=g\",\"url\":\"https:\\\/\\\/secure.gravatar.com\\\/avatar\\\/3a8de04a2656d44082be478bd6c086daa447c4651605818287b9532d3d0bd435?s=96&d=mm&r=g\",\"contentUrl\":\"https:\\\/\\\/secure.gravatar.com\\\/avatar\\\/3a8de04a2656d44082be478bd6c086daa447c4651605818287b9532d3d0bd435?s=96&d=mm&r=g\",\"caption\":\"Lo viste en Los Pol\u00edticos\"},\"url\":\"https:\\\/\\\/lospoliticosveracruz.com\\\/?author=2\"}]}<\/script>\n<!-- \/ Yoast SEO plugin. -->","yoast_head_json":{"title":"TOP - Los pol\u00edticos Veracruz","robots":{"index":"index","follow":"follow","max-snippet":"max-snippet:-1","max-image-preview":"max-image-preview:large","max-video-preview":"max-video-preview:-1"},"canonical":"https:\/\/lospoliticosveracruz.com\/?p=97318","og_locale":"es_ES","og_type":"article","og_title":"TOP - Los pol\u00edticos Veracruz","og_description":"Guadalupe H. MarMira Pol\u00edtica DOS DE CINCO \u2026 En el \u201cTop Five\u201d, o cinco principales carreteras con m\u00e1s robos a traileros y conductores en general, de acuerdo a las organizaciones empresariales de transporte de carga en el pa\u00eds, se encuentran los m\u00e1s de 170 kil\u00f3metros de la autopista C\u00f3rdoba- Puebla, listado al que est\u00e1 por [&hellip;]","og_url":"https:\/\/lospoliticosveracruz.com\/?p=97318","og_site_name":"Los pol\u00edticos Veracruz","article_publisher":"https:\/\/www.facebook.com\/people\/Notimemes-de-los-Polticos\/61565672886568\/","article_published_time":"2022-10-24T12:44:43+00:00","article_modified_time":"2022-10-24T12:44:54+00:00","og_image":[{"width":200,"height":200,"url":"https:\/\/lospoliticosveracruz.com\/wp-content\/uploads\/2016\/07\/Logo-Dor.jpg","type":"image\/jpeg"}],"author":"Lo viste en Los Pol\u00edticos","twitter_card":"summary_large_image","twitter_creator":"@LosPoliticosVer","twitter_site":"@LosPoliticosVer","twitter_misc":{"Escrito por":"Lo viste en Los Pol\u00edticos","Tiempo de lectura":"4 minutos"},"schema":{"@context":"https:\/\/schema.org","@graph":[{"@type":"Article","@id":"https:\/\/lospoliticosveracruz.com\/?p=97318#article","isPartOf":{"@id":"https:\/\/lospoliticosveracruz.com\/?p=97318"},"author":{"name":"Lo viste en Los Pol\u00edticos","@id":"https:\/\/lospoliticosveracruz.com\/#\/schema\/person\/b8702bb0e538456e6efd07080bf2a4a2"},"headline":"TOP","datePublished":"2022-10-24T12:44:43+00:00","dateModified":"2022-10-24T12:44:54+00:00","mainEntityOfPage":{"@id":"https:\/\/lospoliticosveracruz.com\/?p=97318"},"wordCount":771,"publisher":{"@id":"https:\/\/lospoliticosveracruz.com\/#organization"},"keywords":["Cuitl\u00e1huac Garc\u00eda Jim\u00e9nez","Cumbres de Maltrata","Guadalupe H. Mar","Hugo Guti\u00e9rrez Maldonado","La Tinaja \u2013 Cosoleacaque","Luis Miguel Ger\u00f3nimo Barbosa Huerta","robos a traileros","traileros"],"articleSection":["De Opini\u00f3n"],"inLanguage":"es"},{"@type":"WebPage","@id":"https:\/\/lospoliticosveracruz.com\/?p=97318","url":"https:\/\/lospoliticosveracruz.com\/?p=97318","name":"TOP - Los pol\u00edticos Veracruz","isPartOf":{"@id":"https:\/\/lospoliticosveracruz.com\/#website"},"datePublished":"2022-10-24T12:44:43+00:00","dateModified":"2022-10-24T12:44:54+00:00","breadcrumb":{"@id":"https:\/\/lospoliticosveracruz.com\/?p=97318#breadcrumb"},"inLanguage":"es","potentialAction":[{"@type":"ReadAction","target":["https:\/\/lospoliticosveracruz.com\/?p=97318"]}]},{"@type":"BreadcrumbList","@id":"https:\/\/lospoliticosveracruz.com\/?p=97318#breadcrumb","itemListElement":[{"@type":"ListItem","position":1,"name":"Portada","item":"https:\/\/lospoliticosveracruz.com\/"},{"@type":"ListItem","position":2,"name":"TOP"}]},{"@type":"WebSite","@id":"https:\/\/lospoliticosveracruz.com\/#website","url":"https:\/\/lospoliticosveracruz.com\/","name":"Los pol\u00edticos Veracruz","description":"","publisher":{"@id":"https:\/\/lospoliticosveracruz.com\/#organization"},"potentialAction":[{"@type":"SearchAction","target":{"@type":"EntryPoint","urlTemplate":"https:\/\/lospoliticosveracruz.com\/?s={search_term_string}"},"query-input":{"@type":"PropertyValueSpecification","valueRequired":true,"valueName":"search_term_string"}}],"inLanguage":"es"},{"@type":"Organization","@id":"https:\/\/lospoliticosveracruz.com\/#organization","name":"Los pol\u00edticos Veracruz","url":"https:\/\/lospoliticosveracruz.com\/","logo":{"@type":"ImageObject","inLanguage":"es","@id":"https:\/\/lospoliticosveracruz.com\/#\/schema\/logo\/image\/","url":"https:\/\/lospoliticosveracruz.com\/wp-content\/uploads\/2025\/12\/Logo-Nuevo-LOS-POLITICOS-1.jpg","contentUrl":"https:\/\/lospoliticosveracruz.com\/wp-content\/uploads\/2025\/12\/Logo-Nuevo-LOS-POLITICOS-1.jpg","width":260,"height":70,"caption":"Los pol\u00edticos Veracruz"},"image":{"@id":"https:\/\/lospoliticosveracruz.com\/#\/schema\/logo\/image\/"},"sameAs":["https:\/\/www.facebook.com\/people\/Notimemes-de-los-Polticos\/61565672886568\/","https:\/\/x.com\/LosPoliticosVer"]},{"@type":"Person","@id":"https:\/\/lospoliticosveracruz.com\/#\/schema\/person\/b8702bb0e538456e6efd07080bf2a4a2","name":"Lo viste en Los Pol\u00edticos","image":{"@type":"ImageObject","inLanguage":"es","@id":"https:\/\/secure.gravatar.com\/avatar\/3a8de04a2656d44082be478bd6c086daa447c4651605818287b9532d3d0bd435?s=96&d=mm&r=g","url":"https:\/\/secure.gravatar.com\/avatar\/3a8de04a2656d44082be478bd6c086daa447c4651605818287b9532d3d0bd435?s=96&d=mm&r=g","contentUrl":"https:\/\/secure.gravatar.com\/avatar\/3a8de04a2656d44082be478bd6c086daa447c4651605818287b9532d3d0bd435?s=96&d=mm&r=g","caption":"Lo viste en Los Pol\u00edticos"},"url":"https:\/\/lospoliticosveracruz.com\/?author=2"}]}},"_links":{"self":[{"href":"https:\/\/lospoliticosveracruz.com\/index.php?rest_route=\/wp\/v2\/posts\/97318","targetHints":{"allow":["GET"]}}],"collection":[{"href":"https:\/\/lospoliticosveracruz.com\/index.php?rest_route=\/wp\/v2\/posts"}],"about":[{"href":"https:\/\/lospoliticosveracruz.com\/index.php?rest_route=\/wp\/v2\/types\/post"}],"author":[{"embeddable":true,"href":"https:\/\/lospoliticosveracruz.com\/index.php?rest_route=\/wp\/v2\/users\/2"}],"replies":[{"embeddable":true,"href":"https:\/\/lospoliticosveracruz.com\/index.php?rest_route=%2Fwp%2Fv2%2Fcomments&post=97318"}],"version-history":[{"count":1,"href":"https:\/\/lospoliticosveracruz.com\/index.php?rest_route=\/wp\/v2\/posts\/97318\/revisions"}],"predecessor-version":[{"id":97320,"href":"https:\/\/lospoliticosveracruz.com\/index.php?rest_route=\/wp\/v2\/posts\/97318\/revisions\/97320"}],"wp:attachment":[{"href":"https:\/\/lospoliticosveracruz.com\/index.php?rest_route=%2Fwp%2Fv2%2Fmedia&parent=97318"}],"wp:term":[{"taxonomy":"category","embeddable":true,"href":"https:\/\/lospoliticosveracruz.com\/index.php?rest_route=%2Fwp%2Fv2%2Fcategories&post=97318"},{"taxonomy":"post_tag","embeddable":true,"href":"https:\/\/lospoliticosveracruz.com\/index.php?rest_route=%2Fwp%2Fv2%2Ftags&post=97318"}],"curies":[{"name":"wp","href":"https:\/\/api.w.org\/{rel}","templated":true}]}}