{"id":97479,"date":"2022-10-26T10:34:12","date_gmt":"2022-10-26T15:34:12","guid":{"rendered":"https:\/\/lospoliticosveracruz.com.mx\/?p=97479"},"modified":"2022-10-26T10:34:21","modified_gmt":"2022-10-26T15:34:21","slug":"urge-entender-y-atender-las-finanzas-publicas","status":"publish","type":"post","link":"https:\/\/lospoliticosveracruz.com\/?p=97479","title":{"rendered":"URGE ENTENDER Y ATENDER LAS FINANZAS P\u00daBLICAS"},"content":{"rendered":"\n<p><strong>Rafael Arias Hern\u00e1ndez<br><\/strong><em>Mutatis mutandis<\/em><\/p>\n\n\n\n<p>El endeudamiento sigue, continua con renovadas y creativas formas, siempre a costa o por cuenta de la poblaci\u00f3n; ya no hay duda, que en este presente que nos toc\u00f3 vivir se forma, establece y fortalece el esclavismo financiero de presentes y pr\u00f3ximas generaciones.<br>Se sabe, que hay mecanismos para favorecer grandes corporaciones financieras que nunca pierden, y hasta se les rescata de p\u00e9rdidas, errores y fracasos. Mientras las generaciones de pobres aumentan en n\u00famero y en pobreza.<\/p>\n\n\n<div class=\"wp-block-image\">\n<figure class=\"alignleft size-large is-resized\"><a href=\"https:\/\/lospoliticosveracruz.com.mx\/wp-content\/uploads\/2021\/10\/WhatsApp-Image-2021-10-02-at-15.20.25.jpeg\"><img loading=\"lazy\" decoding=\"async\" src=\"https:\/\/lospoliticosveracruz.com.mx\/wp-content\/uploads\/2021\/10\/WhatsApp-Image-2021-10-02-at-15.20.25-724x1024.jpeg\" alt=\"\" class=\"wp-image-80177\" width=\"362\" height=\"512\" srcset=\"https:\/\/lospoliticosveracruz.com\/wp-content\/uploads\/2021\/10\/WhatsApp-Image-2021-10-02-at-15.20.25-724x1024.jpeg 724w, https:\/\/lospoliticosveracruz.com\/wp-content\/uploads\/2021\/10\/WhatsApp-Image-2021-10-02-at-15.20.25-212x300.jpeg 212w, https:\/\/lospoliticosveracruz.com\/wp-content\/uploads\/2021\/10\/WhatsApp-Image-2021-10-02-at-15.20.25-768x1086.jpeg 768w, https:\/\/lospoliticosveracruz.com\/wp-content\/uploads\/2021\/10\/WhatsApp-Image-2021-10-02-at-15.20.25.jpeg 905w\" sizes=\"auto, (max-width: 362px) 100vw, 362px\" \/><\/a><\/figure>\n<\/div>\n\n\n<p><br>Finanzas p\u00fablicas que, como su nombre lo indica, es sin duda, asunto de inter\u00e9s social. Tema importante del que pocos hablan y comentan, pero que a todos afecta de alguna forma. De ah\u00ed que es imprescindible promover y apoyar su conocimiento, an\u00e1lisis y debate.<br>Sobre todo, cuando se prueba y comprueba que las estructuras y el financiamiento gubernamental han sido afectados. De una y muchas formas, se sabe que los gobiernos est\u00e1n en serias y cada vez m\u00e1s dif\u00edciles situaciones.<br>A prop\u00f3sito del tema, recomendable la lectura de \u201cSolo AMLO nos salva\u201d. APUNTES SOBRE FINANZAS de Juan F. Aguilar de la Llave del 23de octubre de 2022. <strong><em><a href=\"https:\/\/farodigital.com.mx\/solo-amlo-nos-salva\/\">https:\/\/farodigital.com.mx\/solo-amlo-nos-salva\/<\/a><\/em><\/strong><br>Hoy por hoy, las finanzas en el centro del debate y el quehacer p\u00fablico; en todos los \u00e1mbitos y tipos de gobiernos abundan cambios y transformaciones urgentes de realizar; comprob\u00e1ndose que, en muchos casos, lo que abunda son respuestas basadas en improvisaciones, simulaciones, ocurrencias y \u201csoluciones milagrosas\u201d que, a fin de cuentas, en buena medida terminan en costosos errores o fracasos.<br>As\u00ed, en estricto sentido, hay pocas propuestas pertinentes y viables, responsables y sensatas, que deben identificarse y aprovecharse, con la actualizada y objetiva valoraci\u00f3n de dichas finanzas p\u00fablicas.<br>Una vez m\u00e1s, hay que insistir en darles toda la importancia que tienen. Asegurar de toda forma posible, los mejores resultados para su fortalecimiento y el de la econom\u00eda en general.<br>En simples palabras, se trata, antes que todo, de que hay que salvar presente y garantizar futuros. Corregir y componer, al mismo tiempo que innovar y mejorar.<br>Esto es, simplemente empezar por reconocer la realidad y aceptar que prevalecen grandes espacios sin orden ni control, o con una perversa o costosa forma de funcionar; y en especial, que subsisten innumerables decisiones bajo exagerada discrecionalidad o voluntarismo, sin efectiva y puntual transparencia, y rendici\u00f3n de cuentas; con poca o nula fiscalizaci\u00f3n verdadera; y con una ausente y necesaria evaluaci\u00f3n y contralor\u00eda social. Vital gobernar al gobierno; ante cambio constante, siempre es hora de la reingenier\u00eda de la administraci\u00f3n p\u00fablica.<br>De ah\u00ed que se debe siempre insistir, que la cuesti\u00f3n central, b\u00e1sica y elemental es, \u00bfc\u00f3mo distinguir un buen gobierno, de uno malo o peor? Saber, \u00bfqu\u00e9 hacen bien o mal, o que no hacen y tienen pendiente? \u00bfPor qu\u00e9 sostenerlos y padecerlos? \u00bfA qu\u00e9 costo y consecuencias?<br>Y desde luego, esto incluye el importante hecho de saber, c\u00f3mo y por qu\u00e9 sostener y defender uno bueno o regular.<br>Entender y reaccionar, pasando de las expresiones y dichos, a las acciones y los hechos. No quedarse solo en decir y denunciar. Ineludible gobernar al gobierno, para exigir y obtener buenos resultados; para no seguir en m\u00e1s de lo mismo o peor.<br>Transformaci\u00f3n para bien, verificable y medible. Empezar, por participar y evaluar siempre toda acci\u00f3n y omisi\u00f3n gubernamental. Distinguir objetiva y abiertamente buenos de malos, cumplidores de peores.<br>En todo caso, con o sin pandemia, o en crisis de cualquier tipo, es un derecho individual y social contar con gobiernos de buenos y mejores resultados; de principios, estructuras y funciones, orientados a garantizar y fortalecer bienestar social, crecimiento econ\u00f3mico sustentable y desarrollo integral. Determinante saber: \u00bfqu\u00e9 es representativo de buenos o de malos gobiernos?<br>Y tambi\u00e9n, hay que se\u00f1alar que en muchas formas resulta, c\u00ednico o desvergonzado, que algunos gobernantes presuman y se vanaglorien, del volumen de remesas que ingresan al pa\u00eds, porque en muchas formas los gobiernos son y han sido responsables, de no crear condiciones y oportunidades que proporciones empleo, ingreso y prestaciones a la poblaci\u00f3n; obligando a innumerables compatriotas, a partir y buscar c\u00f3mo sobrevivir.<br>En efecto, su sacrificio y el de separarse de sus familiares, genera un apoyo important\u00edsimo para millones y millones de hogares mexicanos, que sobreviven gracias a las remesas que puntualmente les env\u00edan.<br>M\u00e9xico es uno de los pa\u00edses que m\u00e1s pobres exporta; pues esos millones de migrantes, en la actualidad env\u00edan casi 60 mil millones de d\u00f3lares, al a\u00f1o. Constituyendo el programa de ayuda a los pobres m\u00e1s importante de M\u00e9xico, que no es gubernamental, sino de los pobres desatendidos y obligados a emigrar.<br>Podr\u00eda decirse que los pobres en M\u00e9xico son evidentemente m\u00e1s productivos que sus gobiernos y sus pol\u00edticas econ\u00f3micas y sociales. Hay que insistir que deben ser gobiernos al servicio de la sociedad y no al rev\u00e9s.<br>Imprescindible una evaluaci\u00f3n rigurosa del funcionamiento de los diversos \u00f3rdenes de gobierno, de sus estructuras, funciones y atribuciones; si no se gobierna al gobierno, entonces ser\u00e1 cuento de nunca acabar. Y lo que es peor se pondr\u00e1n en peligro logros y avances que, muchos o pocos, han costado demasiado obtener o alcanzar. Consolidar \u00e9xitos, debe partir de reconocer eficiencias y capacidades. Apoyar buenas acciones gubernamentales es una obligaci\u00f3n y ante las crisis, un imperativo.<br>Por eso, la evaluaci\u00f3n es vital para no apoyar malos gobiernos ni destinar valiosos y escasos recursos a administraciones caras e ineficientes y, en algunos casos, hasta corrompidas y penetradas por la delincuencia.<br>En fin, es prioritario e indispensable resolver el presente, eliminar o reducir males que aquejan y caracterizan, a las ineficientes administraciones p\u00fablicas, municipales, estatales y federal. Y, desde luego, apoyo y reconocimiento al buen trabajo y, en particular, al de verdaderas finanzas p\u00fablicas sanas y fuertes.<\/p>\n\n\n\n<p>-Academico.IIESESUV @RafaelAriasH,Facebook:VeracruzHoydeRafaelAriasH<\/p>\n","protected":false},"excerpt":{"rendered":"<p>Rafael Arias Hern\u00e1ndezMutatis mutandis El endeudamiento sigue, continua con renovadas y creativas formas, siempre a costa o por cuenta de la poblaci\u00f3n; ya no hay duda, que en este presente que nos toc\u00f3 vivir se forma, establece y fortalece el esclavismo financiero de presentes y pr\u00f3ximas generaciones.Se sabe, que hay mecanismos para favorecer grandes corporaciones [&hellip;]<\/p>\n","protected":false},"author":2,"featured_media":0,"comment_status":"closed","ping_status":"closed","sticky":false,"template":"","format":"standard","meta":{"tdm_status":"","tdm_grid_status":"","footnotes":""},"categories":[70],"tags":[13209,8032],"class_list":{"0":"post-97479","1":"post","2":"type-post","3":"status-publish","4":"format-standard","6":"category-de-opinion","7":"tag-finanzas-publicas","8":"tag-rafael-arias-hernandez"},"yoast_head":"<!-- This site is optimized with the Yoast SEO plugin v27.4 - https:\/\/yoast.com\/product\/yoast-seo-wordpress\/ -->\n<title>URGE ENTENDER Y ATENDER LAS FINANZAS P\u00daBLICAS - Los pol\u00edticos Veracruz<\/title>\n<meta name=\"robots\" content=\"index, follow, max-snippet:-1, max-image-preview:large, max-video-preview:-1\" \/>\n<link rel=\"canonical\" href=\"https:\/\/lospoliticosveracruz.com\/?p=97479\" \/>\n<meta property=\"og:locale\" content=\"es_ES\" \/>\n<meta property=\"og:type\" content=\"article\" \/>\n<meta property=\"og:title\" content=\"URGE ENTENDER Y ATENDER LAS FINANZAS P\u00daBLICAS - Los pol\u00edticos Veracruz\" \/>\n<meta property=\"og:description\" content=\"Rafael Arias Hern\u00e1ndezMutatis mutandis El endeudamiento sigue, continua con renovadas y creativas formas, siempre a costa o por cuenta de la poblaci\u00f3n; ya no hay duda, que en este presente que nos toc\u00f3 vivir se forma, establece y fortalece el esclavismo financiero de presentes y pr\u00f3ximas generaciones.Se sabe, que hay mecanismos para favorecer grandes corporaciones [&hellip;]\" \/>\n<meta property=\"og:url\" content=\"https:\/\/lospoliticosveracruz.com\/?p=97479\" \/>\n<meta property=\"og:site_name\" content=\"Los pol\u00edticos Veracruz\" \/>\n<meta property=\"article:publisher\" content=\"https:\/\/www.facebook.com\/people\/Notimemes-de-los-Polticos\/61565672886568\/\" \/>\n<meta property=\"article:published_time\" content=\"2022-10-26T15:34:12+00:00\" \/>\n<meta property=\"article:modified_time\" content=\"2022-10-26T15:34:21+00:00\" \/>\n<meta property=\"og:image\" content=\"https:\/\/lospoliticosveracruz.com.mx\/wp-content\/uploads\/2021\/10\/WhatsApp-Image-2021-10-02-at-15.20.25-724x1024.jpeg\" \/>\n<meta name=\"author\" content=\"Lo viste en Los Pol\u00edticos\" \/>\n<meta name=\"twitter:card\" content=\"summary_large_image\" \/>\n<meta name=\"twitter:creator\" content=\"@LosPoliticosVer\" \/>\n<meta name=\"twitter:site\" content=\"@LosPoliticosVer\" \/>\n<meta name=\"twitter:label1\" content=\"Escrito por\" \/>\n\t<meta name=\"twitter:data1\" content=\"Lo viste en Los Pol\u00edticos\" \/>\n\t<meta name=\"twitter:label2\" content=\"Tiempo de lectura\" \/>\n\t<meta name=\"twitter:data2\" content=\"5 minutos\" \/>\n<script type=\"application\/ld+json\" class=\"yoast-schema-graph\">{\"@context\":\"https:\\\/\\\/schema.org\",\"@graph\":[{\"@type\":\"Article\",\"@id\":\"https:\\\/\\\/lospoliticosveracruz.com\\\/?p=97479#article\",\"isPartOf\":{\"@id\":\"https:\\\/\\\/lospoliticosveracruz.com\\\/?p=97479\"},\"author\":{\"name\":\"Lo viste en Los Pol\u00edticos\",\"@id\":\"https:\\\/\\\/lospoliticosveracruz.com\\\/#\\\/schema\\\/person\\\/b8702bb0e538456e6efd07080bf2a4a2\"},\"headline\":\"URGE ENTENDER Y ATENDER LAS FINANZAS P\u00daBLICAS\",\"datePublished\":\"2022-10-26T15:34:12+00:00\",\"dateModified\":\"2022-10-26T15:34:21+00:00\",\"mainEntityOfPage\":{\"@id\":\"https:\\\/\\\/lospoliticosveracruz.com\\\/?p=97479\"},\"wordCount\":1026,\"publisher\":{\"@id\":\"https:\\\/\\\/lospoliticosveracruz.com\\\/#organization\"},\"image\":{\"@id\":\"https:\\\/\\\/lospoliticosveracruz.com\\\/?p=97479#primaryimage\"},\"thumbnailUrl\":\"https:\\\/\\\/lospoliticosveracruz.com.mx\\\/wp-content\\\/uploads\\\/2021\\\/10\\\/WhatsApp-Image-2021-10-02-at-15.20.25-724x1024.jpeg\",\"keywords\":[\"Finanzas P\u00fablicas\",\"Rafael Arias Hern\u00e1ndez\"],\"articleSection\":[\"De Opini\u00f3n\"],\"inLanguage\":\"es\"},{\"@type\":\"WebPage\",\"@id\":\"https:\\\/\\\/lospoliticosveracruz.com\\\/?p=97479\",\"url\":\"https:\\\/\\\/lospoliticosveracruz.com\\\/?p=97479\",\"name\":\"URGE ENTENDER Y ATENDER LAS FINANZAS P\u00daBLICAS - Los pol\u00edticos Veracruz\",\"isPartOf\":{\"@id\":\"https:\\\/\\\/lospoliticosveracruz.com\\\/#website\"},\"primaryImageOfPage\":{\"@id\":\"https:\\\/\\\/lospoliticosveracruz.com\\\/?p=97479#primaryimage\"},\"image\":{\"@id\":\"https:\\\/\\\/lospoliticosveracruz.com\\\/?p=97479#primaryimage\"},\"thumbnailUrl\":\"https:\\\/\\\/lospoliticosveracruz.com.mx\\\/wp-content\\\/uploads\\\/2021\\\/10\\\/WhatsApp-Image-2021-10-02-at-15.20.25-724x1024.jpeg\",\"datePublished\":\"2022-10-26T15:34:12+00:00\",\"dateModified\":\"2022-10-26T15:34:21+00:00\",\"breadcrumb\":{\"@id\":\"https:\\\/\\\/lospoliticosveracruz.com\\\/?p=97479#breadcrumb\"},\"inLanguage\":\"es\",\"potentialAction\":[{\"@type\":\"ReadAction\",\"target\":[\"https:\\\/\\\/lospoliticosveracruz.com\\\/?p=97479\"]}]},{\"@type\":\"ImageObject\",\"inLanguage\":\"es\",\"@id\":\"https:\\\/\\\/lospoliticosveracruz.com\\\/?p=97479#primaryimage\",\"url\":\"https:\\\/\\\/lospoliticosveracruz.com.mx\\\/wp-content\\\/uploads\\\/2021\\\/10\\\/WhatsApp-Image-2021-10-02-at-15.20.25-724x1024.jpeg\",\"contentUrl\":\"https:\\\/\\\/lospoliticosveracruz.com.mx\\\/wp-content\\\/uploads\\\/2021\\\/10\\\/WhatsApp-Image-2021-10-02-at-15.20.25-724x1024.jpeg\"},{\"@type\":\"BreadcrumbList\",\"@id\":\"https:\\\/\\\/lospoliticosveracruz.com\\\/?p=97479#breadcrumb\",\"itemListElement\":[{\"@type\":\"ListItem\",\"position\":1,\"name\":\"Portada\",\"item\":\"https:\\\/\\\/lospoliticosveracruz.com\\\/\"},{\"@type\":\"ListItem\",\"position\":2,\"name\":\"URGE ENTENDER Y ATENDER LAS FINANZAS P\u00daBLICAS\"}]},{\"@type\":\"WebSite\",\"@id\":\"https:\\\/\\\/lospoliticosveracruz.com\\\/#website\",\"url\":\"https:\\\/\\\/lospoliticosveracruz.com\\\/\",\"name\":\"Los pol\u00edticos Veracruz\",\"description\":\"\",\"publisher\":{\"@id\":\"https:\\\/\\\/lospoliticosveracruz.com\\\/#organization\"},\"potentialAction\":[{\"@type\":\"SearchAction\",\"target\":{\"@type\":\"EntryPoint\",\"urlTemplate\":\"https:\\\/\\\/lospoliticosveracruz.com\\\/?s={search_term_string}\"},\"query-input\":{\"@type\":\"PropertyValueSpecification\",\"valueRequired\":true,\"valueName\":\"search_term_string\"}}],\"inLanguage\":\"es\"},{\"@type\":\"Organization\",\"@id\":\"https:\\\/\\\/lospoliticosveracruz.com\\\/#organization\",\"name\":\"Los pol\u00edticos Veracruz\",\"url\":\"https:\\\/\\\/lospoliticosveracruz.com\\\/\",\"logo\":{\"@type\":\"ImageObject\",\"inLanguage\":\"es\",\"@id\":\"https:\\\/\\\/lospoliticosveracruz.com\\\/#\\\/schema\\\/logo\\\/image\\\/\",\"url\":\"https:\\\/\\\/lospoliticosveracruz.com\\\/wp-content\\\/uploads\\\/2025\\\/12\\\/Logo-Nuevo-LOS-POLITICOS-1.jpg\",\"contentUrl\":\"https:\\\/\\\/lospoliticosveracruz.com\\\/wp-content\\\/uploads\\\/2025\\\/12\\\/Logo-Nuevo-LOS-POLITICOS-1.jpg\",\"width\":260,\"height\":70,\"caption\":\"Los pol\u00edticos Veracruz\"},\"image\":{\"@id\":\"https:\\\/\\\/lospoliticosveracruz.com\\\/#\\\/schema\\\/logo\\\/image\\\/\"},\"sameAs\":[\"https:\\\/\\\/www.facebook.com\\\/people\\\/Notimemes-de-los-Polticos\\\/61565672886568\\\/\",\"https:\\\/\\\/x.com\\\/LosPoliticosVer\"]},{\"@type\":\"Person\",\"@id\":\"https:\\\/\\\/lospoliticosveracruz.com\\\/#\\\/schema\\\/person\\\/b8702bb0e538456e6efd07080bf2a4a2\",\"name\":\"Lo viste en Los Pol\u00edticos\",\"image\":{\"@type\":\"ImageObject\",\"inLanguage\":\"es\",\"@id\":\"https:\\\/\\\/secure.gravatar.com\\\/avatar\\\/3a8de04a2656d44082be478bd6c086daa447c4651605818287b9532d3d0bd435?s=96&d=mm&r=g\",\"url\":\"https:\\\/\\\/secure.gravatar.com\\\/avatar\\\/3a8de04a2656d44082be478bd6c086daa447c4651605818287b9532d3d0bd435?s=96&d=mm&r=g\",\"contentUrl\":\"https:\\\/\\\/secure.gravatar.com\\\/avatar\\\/3a8de04a2656d44082be478bd6c086daa447c4651605818287b9532d3d0bd435?s=96&d=mm&r=g\",\"caption\":\"Lo viste en Los Pol\u00edticos\"},\"url\":\"https:\\\/\\\/lospoliticosveracruz.com\\\/?author=2\"}]}<\/script>\n<!-- \/ Yoast SEO plugin. -->","yoast_head_json":{"title":"URGE ENTENDER Y ATENDER LAS FINANZAS P\u00daBLICAS - Los pol\u00edticos Veracruz","robots":{"index":"index","follow":"follow","max-snippet":"max-snippet:-1","max-image-preview":"max-image-preview:large","max-video-preview":"max-video-preview:-1"},"canonical":"https:\/\/lospoliticosveracruz.com\/?p=97479","og_locale":"es_ES","og_type":"article","og_title":"URGE ENTENDER Y ATENDER LAS FINANZAS P\u00daBLICAS - Los pol\u00edticos Veracruz","og_description":"Rafael Arias Hern\u00e1ndezMutatis mutandis El endeudamiento sigue, continua con renovadas y creativas formas, siempre a costa o por cuenta de la poblaci\u00f3n; ya no hay duda, que en este presente que nos toc\u00f3 vivir se forma, establece y fortalece el esclavismo financiero de presentes y pr\u00f3ximas generaciones.Se sabe, que hay mecanismos para favorecer grandes corporaciones [&hellip;]","og_url":"https:\/\/lospoliticosveracruz.com\/?p=97479","og_site_name":"Los pol\u00edticos Veracruz","article_publisher":"https:\/\/www.facebook.com\/people\/Notimemes-de-los-Polticos\/61565672886568\/","article_published_time":"2022-10-26T15:34:12+00:00","article_modified_time":"2022-10-26T15:34:21+00:00","og_image":[{"url":"https:\/\/lospoliticosveracruz.com.mx\/wp-content\/uploads\/2021\/10\/WhatsApp-Image-2021-10-02-at-15.20.25-724x1024.jpeg","type":"","width":"","height":""}],"author":"Lo viste en Los Pol\u00edticos","twitter_card":"summary_large_image","twitter_creator":"@LosPoliticosVer","twitter_site":"@LosPoliticosVer","twitter_misc":{"Escrito por":"Lo viste en Los Pol\u00edticos","Tiempo de lectura":"5 minutos"},"schema":{"@context":"https:\/\/schema.org","@graph":[{"@type":"Article","@id":"https:\/\/lospoliticosveracruz.com\/?p=97479#article","isPartOf":{"@id":"https:\/\/lospoliticosveracruz.com\/?p=97479"},"author":{"name":"Lo viste en Los Pol\u00edticos","@id":"https:\/\/lospoliticosveracruz.com\/#\/schema\/person\/b8702bb0e538456e6efd07080bf2a4a2"},"headline":"URGE ENTENDER Y ATENDER LAS FINANZAS P\u00daBLICAS","datePublished":"2022-10-26T15:34:12+00:00","dateModified":"2022-10-26T15:34:21+00:00","mainEntityOfPage":{"@id":"https:\/\/lospoliticosveracruz.com\/?p=97479"},"wordCount":1026,"publisher":{"@id":"https:\/\/lospoliticosveracruz.com\/#organization"},"image":{"@id":"https:\/\/lospoliticosveracruz.com\/?p=97479#primaryimage"},"thumbnailUrl":"https:\/\/lospoliticosveracruz.com.mx\/wp-content\/uploads\/2021\/10\/WhatsApp-Image-2021-10-02-at-15.20.25-724x1024.jpeg","keywords":["Finanzas P\u00fablicas","Rafael Arias Hern\u00e1ndez"],"articleSection":["De Opini\u00f3n"],"inLanguage":"es"},{"@type":"WebPage","@id":"https:\/\/lospoliticosveracruz.com\/?p=97479","url":"https:\/\/lospoliticosveracruz.com\/?p=97479","name":"URGE ENTENDER Y ATENDER LAS FINANZAS P\u00daBLICAS - Los pol\u00edticos Veracruz","isPartOf":{"@id":"https:\/\/lospoliticosveracruz.com\/#website"},"primaryImageOfPage":{"@id":"https:\/\/lospoliticosveracruz.com\/?p=97479#primaryimage"},"image":{"@id":"https:\/\/lospoliticosveracruz.com\/?p=97479#primaryimage"},"thumbnailUrl":"https:\/\/lospoliticosveracruz.com.mx\/wp-content\/uploads\/2021\/10\/WhatsApp-Image-2021-10-02-at-15.20.25-724x1024.jpeg","datePublished":"2022-10-26T15:34:12+00:00","dateModified":"2022-10-26T15:34:21+00:00","breadcrumb":{"@id":"https:\/\/lospoliticosveracruz.com\/?p=97479#breadcrumb"},"inLanguage":"es","potentialAction":[{"@type":"ReadAction","target":["https:\/\/lospoliticosveracruz.com\/?p=97479"]}]},{"@type":"ImageObject","inLanguage":"es","@id":"https:\/\/lospoliticosveracruz.com\/?p=97479#primaryimage","url":"https:\/\/lospoliticosveracruz.com.mx\/wp-content\/uploads\/2021\/10\/WhatsApp-Image-2021-10-02-at-15.20.25-724x1024.jpeg","contentUrl":"https:\/\/lospoliticosveracruz.com.mx\/wp-content\/uploads\/2021\/10\/WhatsApp-Image-2021-10-02-at-15.20.25-724x1024.jpeg"},{"@type":"BreadcrumbList","@id":"https:\/\/lospoliticosveracruz.com\/?p=97479#breadcrumb","itemListElement":[{"@type":"ListItem","position":1,"name":"Portada","item":"https:\/\/lospoliticosveracruz.com\/"},{"@type":"ListItem","position":2,"name":"URGE ENTENDER Y ATENDER LAS FINANZAS P\u00daBLICAS"}]},{"@type":"WebSite","@id":"https:\/\/lospoliticosveracruz.com\/#website","url":"https:\/\/lospoliticosveracruz.com\/","name":"Los pol\u00edticos Veracruz","description":"","publisher":{"@id":"https:\/\/lospoliticosveracruz.com\/#organization"},"potentialAction":[{"@type":"SearchAction","target":{"@type":"EntryPoint","urlTemplate":"https:\/\/lospoliticosveracruz.com\/?s={search_term_string}"},"query-input":{"@type":"PropertyValueSpecification","valueRequired":true,"valueName":"search_term_string"}}],"inLanguage":"es"},{"@type":"Organization","@id":"https:\/\/lospoliticosveracruz.com\/#organization","name":"Los pol\u00edticos Veracruz","url":"https:\/\/lospoliticosveracruz.com\/","logo":{"@type":"ImageObject","inLanguage":"es","@id":"https:\/\/lospoliticosveracruz.com\/#\/schema\/logo\/image\/","url":"https:\/\/lospoliticosveracruz.com\/wp-content\/uploads\/2025\/12\/Logo-Nuevo-LOS-POLITICOS-1.jpg","contentUrl":"https:\/\/lospoliticosveracruz.com\/wp-content\/uploads\/2025\/12\/Logo-Nuevo-LOS-POLITICOS-1.jpg","width":260,"height":70,"caption":"Los pol\u00edticos Veracruz"},"image":{"@id":"https:\/\/lospoliticosveracruz.com\/#\/schema\/logo\/image\/"},"sameAs":["https:\/\/www.facebook.com\/people\/Notimemes-de-los-Polticos\/61565672886568\/","https:\/\/x.com\/LosPoliticosVer"]},{"@type":"Person","@id":"https:\/\/lospoliticosveracruz.com\/#\/schema\/person\/b8702bb0e538456e6efd07080bf2a4a2","name":"Lo viste en Los Pol\u00edticos","image":{"@type":"ImageObject","inLanguage":"es","@id":"https:\/\/secure.gravatar.com\/avatar\/3a8de04a2656d44082be478bd6c086daa447c4651605818287b9532d3d0bd435?s=96&d=mm&r=g","url":"https:\/\/secure.gravatar.com\/avatar\/3a8de04a2656d44082be478bd6c086daa447c4651605818287b9532d3d0bd435?s=96&d=mm&r=g","contentUrl":"https:\/\/secure.gravatar.com\/avatar\/3a8de04a2656d44082be478bd6c086daa447c4651605818287b9532d3d0bd435?s=96&d=mm&r=g","caption":"Lo viste en Los Pol\u00edticos"},"url":"https:\/\/lospoliticosveracruz.com\/?author=2"}]}},"_links":{"self":[{"href":"https:\/\/lospoliticosveracruz.com\/index.php?rest_route=\/wp\/v2\/posts\/97479","targetHints":{"allow":["GET"]}}],"collection":[{"href":"https:\/\/lospoliticosveracruz.com\/index.php?rest_route=\/wp\/v2\/posts"}],"about":[{"href":"https:\/\/lospoliticosveracruz.com\/index.php?rest_route=\/wp\/v2\/types\/post"}],"author":[{"embeddable":true,"href":"https:\/\/lospoliticosveracruz.com\/index.php?rest_route=\/wp\/v2\/users\/2"}],"replies":[{"embeddable":true,"href":"https:\/\/lospoliticosveracruz.com\/index.php?rest_route=%2Fwp%2Fv2%2Fcomments&post=97479"}],"version-history":[{"count":1,"href":"https:\/\/lospoliticosveracruz.com\/index.php?rest_route=\/wp\/v2\/posts\/97479\/revisions"}],"predecessor-version":[{"id":97480,"href":"https:\/\/lospoliticosveracruz.com\/index.php?rest_route=\/wp\/v2\/posts\/97479\/revisions\/97480"}],"wp:attachment":[{"href":"https:\/\/lospoliticosveracruz.com\/index.php?rest_route=%2Fwp%2Fv2%2Fmedia&parent=97479"}],"wp:term":[{"taxonomy":"category","embeddable":true,"href":"https:\/\/lospoliticosveracruz.com\/index.php?rest_route=%2Fwp%2Fv2%2Fcategories&post=97479"},{"taxonomy":"post_tag","embeddable":true,"href":"https:\/\/lospoliticosveracruz.com\/index.php?rest_route=%2Fwp%2Fv2%2Ftags&post=97479"}],"curies":[{"name":"wp","href":"https:\/\/api.w.org\/{rel}","templated":true}]}}