{"id":97689,"date":"2022-10-31T08:24:53","date_gmt":"2022-10-31T14:24:53","guid":{"rendered":"https:\/\/lospoliticosveracruz.com.mx\/?p=97689"},"modified":"2022-10-31T08:24:58","modified_gmt":"2022-10-31T14:24:58","slug":"una-hora-de-vida-recuperada-3","status":"publish","type":"post","link":"https:\/\/lospoliticosveracruz.com\/?p=97689","title":{"rendered":"UNA HORA DE VIDA RECUPERADA"},"content":{"rendered":"\n<p><\/p>\n\n\n\n<p><strong>Sergio Gonz\u00e1lez Levet<\/strong><\/p>\n\n\n\n<p><em>Sin Tacto<\/em><\/p>\n\n\n\n<p>Durante 26 a\u00f1os, desde que fue instaurado en 1996 por el dudoso presidente Ernesto Zedillo, cada que se atrasaba o adelantaba el reloj por el horario de verano publiqu\u00e9 y volv\u00ed a publicar sendos textos en contra de la medida que seg\u00fan el gobierno de esa \u00e9poca y los siguientes que lo mantuvieron dejaba grandes beneficios al servicio de electricidad en el pa\u00eds.<\/p>\n\n\n\n<p>&nbsp;&nbsp;&nbsp;&nbsp; Dec\u00edan los asesores de Zedillo que el horario de verano serv\u00eda para que ahorr\u00e1ramos luz, para que el sistema de producci\u00f3n de energ\u00eda el\u00e9ctrica se viera liberado de presiones, para que los usuarios pag\u00e1ramos menos durante los meses de mayor luz solar, que no afectaba el ritmo circadiano de nuestros organismos y que colocaba al pa\u00eds en el concierto de los pa\u00edses desarrollados.<\/p>\n\n\n\n<p>&nbsp;&nbsp;&nbsp;&nbsp; Dec\u00edan, pero lo cierto es que durante estos 26 a\u00f1os -cinco de Ernesto Zedillo, seis de Vicente Fox, seis de Felipe Calder\u00f3n, seis de Enrique Pe\u00f1a Nieto y tres de Andr\u00e9s Manuel L\u00f3pez Obrador- los mexicanos nunca vimos que nuestro recibo de la CFE se redujera de manera sensible, o que nuestra biolog\u00eda se adaptara f\u00e1cilmente al adelanto de una hora por casi siete meses del a\u00f1o, o que la producci\u00f3n el\u00e9ctrica nacional mejorara de forma ostensible, o que la Comisi\u00f3n dejara de perder tanto dinero como lo hace ahora.<\/p>\n\n\n\n<p>&nbsp;&nbsp;&nbsp;&nbsp; M\u00e1s bien fuimos un pa\u00eds de somnolientos por la hora de vida perdida cada noche y una naci\u00f3n de usuarios que siguieron pagando caro la luz, aunque es nuestra -y ahora nacionalizada casi, monopolizada-, y una masa ciudadana que se quejaba constantemente por esta imposici\u00f3n que dur\u00f3 tantos a\u00f1os, tantas presidencias y tantos partidos.<\/p>\n\n\n\n<p>&nbsp;&nbsp;&nbsp;&nbsp; Recuerdo claramente que en el af\u00e1n de convencer al respetable de lo bueno de esa medida, la Comisi\u00f3n Federal de Electricidad dijo all\u00e1 por 1998 que hab\u00eda mandado a hacer un estudio con expertos de la UNAM y que hab\u00edan concluido que el adelanto de una hora no afectaba para nada a los seres humanos. Nunca se dio a conocer oficialmente el al estudio, pero la publicidad cada a\u00f1o machacaba que no era cierto lo que dec\u00edan millones de personas que se sent\u00edan mal con ese tiempo 60 minutos apresurado.<\/p>\n\n\n\n<p>&nbsp;&nbsp;&nbsp;&nbsp; Pero por fin lleg\u00f3 el d\u00eda.<\/p>\n\n\n\n<p>&nbsp;&nbsp;&nbsp;&nbsp; Ayer por \u00faltima vez, casi todos los mexicanos (con la sola excepci\u00f3n de los habitantes de Sonora, Quintana Roo y Chihuahua, que tienen sus propias razones) atrasamos nuestros relojes y volvimos a vivir a nuestras horas, en paz y con la conciencia tranquila de que no est\u00e1bamos tratando de enga\u00f1ar a nuestro organismo.<\/p>\n\n\n\n<p>&nbsp;&nbsp;&nbsp;&nbsp; Ha terminado el horario de verano, y todos estamos felices\u2026 \u00bfYa vio qu\u00e9 bonito se ve el d\u00eda que amanece cuando tiene que ser y que bien se ven nuestras caras por fin debidamente descansadas?<\/p>\n\n\n\n<p>&nbsp;&nbsp;&nbsp;&nbsp; Felicidades para todos nosotros.<\/p>\n\n\n\n<p><a href=\"mailto:sglevet@gmail.com\">sglevet@gmail.com<\/a><\/p>\n","protected":false},"excerpt":{"rendered":"<p>Sergio Gonz\u00e1lez Levet Sin Tacto Durante 26 a\u00f1os, desde que fue instaurado en 1996 por el dudoso presidente Ernesto Zedillo, cada que se atrasaba o adelantaba el reloj por el horario de verano publiqu\u00e9 y volv\u00ed a publicar sendos textos en contra de la medida que seg\u00fan el gobierno de esa \u00e9poca y los siguientes [&hellip;]<\/p>\n","protected":false},"author":2,"featured_media":0,"comment_status":"closed","ping_status":"closed","sticky":false,"template":"","format":"standard","meta":{"tdm_status":"","tdm_grid_status":"","footnotes":""},"categories":[70],"tags":[281,22008,1032,17294],"class_list":{"0":"post-97689","1":"post","2":"type-post","3":"status-publish","4":"format-standard","6":"category-de-opinion","7":"tag-enrique-pena-nieto","8":"tag-ernesto-zedillo-ponce-de-leon","9":"tag-felipe-calderon-hinojosa","10":"tag-horario-de-verano"},"yoast_head":"<!-- This site is optimized with the Yoast SEO plugin v27.4 - https:\/\/yoast.com\/product\/yoast-seo-wordpress\/ -->\n<title>UNA HORA DE VIDA RECUPERADA - Los pol\u00edticos Veracruz<\/title>\n<meta name=\"robots\" content=\"index, follow, max-snippet:-1, max-image-preview:large, max-video-preview:-1\" \/>\n<link rel=\"canonical\" href=\"https:\/\/lospoliticosveracruz.com\/?p=97689\" \/>\n<meta property=\"og:locale\" content=\"es_ES\" \/>\n<meta property=\"og:type\" content=\"article\" \/>\n<meta property=\"og:title\" content=\"UNA HORA DE VIDA RECUPERADA - Los pol\u00edticos Veracruz\" \/>\n<meta property=\"og:description\" content=\"Sergio Gonz\u00e1lez Levet Sin Tacto Durante 26 a\u00f1os, desde que fue instaurado en 1996 por el dudoso presidente Ernesto Zedillo, cada que se atrasaba o adelantaba el reloj por el horario de verano publiqu\u00e9 y volv\u00ed a publicar sendos textos en contra de la medida que seg\u00fan el gobierno de esa \u00e9poca y los siguientes [&hellip;]\" \/>\n<meta property=\"og:url\" content=\"https:\/\/lospoliticosveracruz.com\/?p=97689\" \/>\n<meta property=\"og:site_name\" content=\"Los pol\u00edticos Veracruz\" \/>\n<meta property=\"article:publisher\" content=\"https:\/\/www.facebook.com\/people\/Notimemes-de-los-Polticos\/61565672886568\/\" \/>\n<meta property=\"article:published_time\" content=\"2022-10-31T14:24:53+00:00\" \/>\n<meta property=\"article:modified_time\" content=\"2022-10-31T14:24:58+00:00\" \/>\n<meta property=\"og:image\" content=\"https:\/\/lospoliticosveracruz.com\/wp-content\/uploads\/2016\/07\/Logo-Dor.jpg\" \/>\n\t<meta property=\"og:image:width\" content=\"200\" \/>\n\t<meta property=\"og:image:height\" content=\"200\" \/>\n\t<meta property=\"og:image:type\" content=\"image\/jpeg\" \/>\n<meta name=\"author\" content=\"Lo viste en Los Pol\u00edticos\" \/>\n<meta name=\"twitter:card\" content=\"summary_large_image\" \/>\n<meta name=\"twitter:creator\" content=\"@LosPoliticosVer\" \/>\n<meta name=\"twitter:site\" content=\"@LosPoliticosVer\" \/>\n<meta name=\"twitter:label1\" content=\"Escrito por\" \/>\n\t<meta name=\"twitter:data1\" content=\"Lo viste en Los Pol\u00edticos\" \/>\n\t<meta name=\"twitter:label2\" content=\"Tiempo de lectura\" \/>\n\t<meta name=\"twitter:data2\" content=\"3 minutos\" \/>\n<script type=\"application\/ld+json\" class=\"yoast-schema-graph\">{\"@context\":\"https:\\\/\\\/schema.org\",\"@graph\":[{\"@type\":\"Article\",\"@id\":\"https:\\\/\\\/lospoliticosveracruz.com\\\/?p=97689#article\",\"isPartOf\":{\"@id\":\"https:\\\/\\\/lospoliticosveracruz.com\\\/?p=97689\"},\"author\":{\"name\":\"Lo viste en Los Pol\u00edticos\",\"@id\":\"https:\\\/\\\/lospoliticosveracruz.com\\\/#\\\/schema\\\/person\\\/b8702bb0e538456e6efd07080bf2a4a2\"},\"headline\":\"UNA HORA DE VIDA RECUPERADA\",\"datePublished\":\"2022-10-31T14:24:53+00:00\",\"dateModified\":\"2022-10-31T14:24:58+00:00\",\"mainEntityOfPage\":{\"@id\":\"https:\\\/\\\/lospoliticosveracruz.com\\\/?p=97689\"},\"wordCount\":540,\"publisher\":{\"@id\":\"https:\\\/\\\/lospoliticosveracruz.com\\\/#organization\"},\"keywords\":[\"Enrique Pe\u00f1a Nieto\",\"Ernesto Zedillo Ponce de Le\u00f3n\",\"Felipe Calder\u00f3n Hinojosa\",\"horario de verano\"],\"articleSection\":[\"De Opini\u00f3n\"],\"inLanguage\":\"es\"},{\"@type\":\"WebPage\",\"@id\":\"https:\\\/\\\/lospoliticosveracruz.com\\\/?p=97689\",\"url\":\"https:\\\/\\\/lospoliticosveracruz.com\\\/?p=97689\",\"name\":\"UNA HORA DE VIDA RECUPERADA - Los pol\u00edticos Veracruz\",\"isPartOf\":{\"@id\":\"https:\\\/\\\/lospoliticosveracruz.com\\\/#website\"},\"datePublished\":\"2022-10-31T14:24:53+00:00\",\"dateModified\":\"2022-10-31T14:24:58+00:00\",\"breadcrumb\":{\"@id\":\"https:\\\/\\\/lospoliticosveracruz.com\\\/?p=97689#breadcrumb\"},\"inLanguage\":\"es\",\"potentialAction\":[{\"@type\":\"ReadAction\",\"target\":[\"https:\\\/\\\/lospoliticosveracruz.com\\\/?p=97689\"]}]},{\"@type\":\"BreadcrumbList\",\"@id\":\"https:\\\/\\\/lospoliticosveracruz.com\\\/?p=97689#breadcrumb\",\"itemListElement\":[{\"@type\":\"ListItem\",\"position\":1,\"name\":\"Portada\",\"item\":\"https:\\\/\\\/lospoliticosveracruz.com\\\/\"},{\"@type\":\"ListItem\",\"position\":2,\"name\":\"UNA HORA DE VIDA RECUPERADA\"}]},{\"@type\":\"WebSite\",\"@id\":\"https:\\\/\\\/lospoliticosveracruz.com\\\/#website\",\"url\":\"https:\\\/\\\/lospoliticosveracruz.com\\\/\",\"name\":\"Los pol\u00edticos Veracruz\",\"description\":\"\",\"publisher\":{\"@id\":\"https:\\\/\\\/lospoliticosveracruz.com\\\/#organization\"},\"potentialAction\":[{\"@type\":\"SearchAction\",\"target\":{\"@type\":\"EntryPoint\",\"urlTemplate\":\"https:\\\/\\\/lospoliticosveracruz.com\\\/?s={search_term_string}\"},\"query-input\":{\"@type\":\"PropertyValueSpecification\",\"valueRequired\":true,\"valueName\":\"search_term_string\"}}],\"inLanguage\":\"es\"},{\"@type\":\"Organization\",\"@id\":\"https:\\\/\\\/lospoliticosveracruz.com\\\/#organization\",\"name\":\"Los pol\u00edticos Veracruz\",\"url\":\"https:\\\/\\\/lospoliticosveracruz.com\\\/\",\"logo\":{\"@type\":\"ImageObject\",\"inLanguage\":\"es\",\"@id\":\"https:\\\/\\\/lospoliticosveracruz.com\\\/#\\\/schema\\\/logo\\\/image\\\/\",\"url\":\"https:\\\/\\\/lospoliticosveracruz.com\\\/wp-content\\\/uploads\\\/2025\\\/12\\\/Logo-Nuevo-LOS-POLITICOS-1.jpg\",\"contentUrl\":\"https:\\\/\\\/lospoliticosveracruz.com\\\/wp-content\\\/uploads\\\/2025\\\/12\\\/Logo-Nuevo-LOS-POLITICOS-1.jpg\",\"width\":260,\"height\":70,\"caption\":\"Los pol\u00edticos Veracruz\"},\"image\":{\"@id\":\"https:\\\/\\\/lospoliticosveracruz.com\\\/#\\\/schema\\\/logo\\\/image\\\/\"},\"sameAs\":[\"https:\\\/\\\/www.facebook.com\\\/people\\\/Notimemes-de-los-Polticos\\\/61565672886568\\\/\",\"https:\\\/\\\/x.com\\\/LosPoliticosVer\"]},{\"@type\":\"Person\",\"@id\":\"https:\\\/\\\/lospoliticosveracruz.com\\\/#\\\/schema\\\/person\\\/b8702bb0e538456e6efd07080bf2a4a2\",\"name\":\"Lo viste en Los Pol\u00edticos\",\"image\":{\"@type\":\"ImageObject\",\"inLanguage\":\"es\",\"@id\":\"https:\\\/\\\/secure.gravatar.com\\\/avatar\\\/3a8de04a2656d44082be478bd6c086daa447c4651605818287b9532d3d0bd435?s=96&d=mm&r=g\",\"url\":\"https:\\\/\\\/secure.gravatar.com\\\/avatar\\\/3a8de04a2656d44082be478bd6c086daa447c4651605818287b9532d3d0bd435?s=96&d=mm&r=g\",\"contentUrl\":\"https:\\\/\\\/secure.gravatar.com\\\/avatar\\\/3a8de04a2656d44082be478bd6c086daa447c4651605818287b9532d3d0bd435?s=96&d=mm&r=g\",\"caption\":\"Lo viste en Los Pol\u00edticos\"},\"url\":\"https:\\\/\\\/lospoliticosveracruz.com\\\/?author=2\"}]}<\/script>\n<!-- \/ Yoast SEO plugin. -->","yoast_head_json":{"title":"UNA HORA DE VIDA RECUPERADA - Los pol\u00edticos Veracruz","robots":{"index":"index","follow":"follow","max-snippet":"max-snippet:-1","max-image-preview":"max-image-preview:large","max-video-preview":"max-video-preview:-1"},"canonical":"https:\/\/lospoliticosveracruz.com\/?p=97689","og_locale":"es_ES","og_type":"article","og_title":"UNA HORA DE VIDA RECUPERADA - Los pol\u00edticos Veracruz","og_description":"Sergio Gonz\u00e1lez Levet Sin Tacto Durante 26 a\u00f1os, desde que fue instaurado en 1996 por el dudoso presidente Ernesto Zedillo, cada que se atrasaba o adelantaba el reloj por el horario de verano publiqu\u00e9 y volv\u00ed a publicar sendos textos en contra de la medida que seg\u00fan el gobierno de esa \u00e9poca y los siguientes [&hellip;]","og_url":"https:\/\/lospoliticosveracruz.com\/?p=97689","og_site_name":"Los pol\u00edticos Veracruz","article_publisher":"https:\/\/www.facebook.com\/people\/Notimemes-de-los-Polticos\/61565672886568\/","article_published_time":"2022-10-31T14:24:53+00:00","article_modified_time":"2022-10-31T14:24:58+00:00","og_image":[{"width":200,"height":200,"url":"https:\/\/lospoliticosveracruz.com\/wp-content\/uploads\/2016\/07\/Logo-Dor.jpg","type":"image\/jpeg"}],"author":"Lo viste en Los Pol\u00edticos","twitter_card":"summary_large_image","twitter_creator":"@LosPoliticosVer","twitter_site":"@LosPoliticosVer","twitter_misc":{"Escrito por":"Lo viste en Los Pol\u00edticos","Tiempo de lectura":"3 minutos"},"schema":{"@context":"https:\/\/schema.org","@graph":[{"@type":"Article","@id":"https:\/\/lospoliticosveracruz.com\/?p=97689#article","isPartOf":{"@id":"https:\/\/lospoliticosveracruz.com\/?p=97689"},"author":{"name":"Lo viste en Los Pol\u00edticos","@id":"https:\/\/lospoliticosveracruz.com\/#\/schema\/person\/b8702bb0e538456e6efd07080bf2a4a2"},"headline":"UNA HORA DE VIDA RECUPERADA","datePublished":"2022-10-31T14:24:53+00:00","dateModified":"2022-10-31T14:24:58+00:00","mainEntityOfPage":{"@id":"https:\/\/lospoliticosveracruz.com\/?p=97689"},"wordCount":540,"publisher":{"@id":"https:\/\/lospoliticosveracruz.com\/#organization"},"keywords":["Enrique Pe\u00f1a Nieto","Ernesto Zedillo Ponce de Le\u00f3n","Felipe Calder\u00f3n Hinojosa","horario de verano"],"articleSection":["De Opini\u00f3n"],"inLanguage":"es"},{"@type":"WebPage","@id":"https:\/\/lospoliticosveracruz.com\/?p=97689","url":"https:\/\/lospoliticosveracruz.com\/?p=97689","name":"UNA HORA DE VIDA RECUPERADA - Los pol\u00edticos Veracruz","isPartOf":{"@id":"https:\/\/lospoliticosveracruz.com\/#website"},"datePublished":"2022-10-31T14:24:53+00:00","dateModified":"2022-10-31T14:24:58+00:00","breadcrumb":{"@id":"https:\/\/lospoliticosveracruz.com\/?p=97689#breadcrumb"},"inLanguage":"es","potentialAction":[{"@type":"ReadAction","target":["https:\/\/lospoliticosveracruz.com\/?p=97689"]}]},{"@type":"BreadcrumbList","@id":"https:\/\/lospoliticosveracruz.com\/?p=97689#breadcrumb","itemListElement":[{"@type":"ListItem","position":1,"name":"Portada","item":"https:\/\/lospoliticosveracruz.com\/"},{"@type":"ListItem","position":2,"name":"UNA HORA DE VIDA RECUPERADA"}]},{"@type":"WebSite","@id":"https:\/\/lospoliticosveracruz.com\/#website","url":"https:\/\/lospoliticosveracruz.com\/","name":"Los pol\u00edticos Veracruz","description":"","publisher":{"@id":"https:\/\/lospoliticosveracruz.com\/#organization"},"potentialAction":[{"@type":"SearchAction","target":{"@type":"EntryPoint","urlTemplate":"https:\/\/lospoliticosveracruz.com\/?s={search_term_string}"},"query-input":{"@type":"PropertyValueSpecification","valueRequired":true,"valueName":"search_term_string"}}],"inLanguage":"es"},{"@type":"Organization","@id":"https:\/\/lospoliticosveracruz.com\/#organization","name":"Los pol\u00edticos Veracruz","url":"https:\/\/lospoliticosveracruz.com\/","logo":{"@type":"ImageObject","inLanguage":"es","@id":"https:\/\/lospoliticosveracruz.com\/#\/schema\/logo\/image\/","url":"https:\/\/lospoliticosveracruz.com\/wp-content\/uploads\/2025\/12\/Logo-Nuevo-LOS-POLITICOS-1.jpg","contentUrl":"https:\/\/lospoliticosveracruz.com\/wp-content\/uploads\/2025\/12\/Logo-Nuevo-LOS-POLITICOS-1.jpg","width":260,"height":70,"caption":"Los pol\u00edticos Veracruz"},"image":{"@id":"https:\/\/lospoliticosveracruz.com\/#\/schema\/logo\/image\/"},"sameAs":["https:\/\/www.facebook.com\/people\/Notimemes-de-los-Polticos\/61565672886568\/","https:\/\/x.com\/LosPoliticosVer"]},{"@type":"Person","@id":"https:\/\/lospoliticosveracruz.com\/#\/schema\/person\/b8702bb0e538456e6efd07080bf2a4a2","name":"Lo viste en Los Pol\u00edticos","image":{"@type":"ImageObject","inLanguage":"es","@id":"https:\/\/secure.gravatar.com\/avatar\/3a8de04a2656d44082be478bd6c086daa447c4651605818287b9532d3d0bd435?s=96&d=mm&r=g","url":"https:\/\/secure.gravatar.com\/avatar\/3a8de04a2656d44082be478bd6c086daa447c4651605818287b9532d3d0bd435?s=96&d=mm&r=g","contentUrl":"https:\/\/secure.gravatar.com\/avatar\/3a8de04a2656d44082be478bd6c086daa447c4651605818287b9532d3d0bd435?s=96&d=mm&r=g","caption":"Lo viste en Los Pol\u00edticos"},"url":"https:\/\/lospoliticosveracruz.com\/?author=2"}]}},"_links":{"self":[{"href":"https:\/\/lospoliticosveracruz.com\/index.php?rest_route=\/wp\/v2\/posts\/97689","targetHints":{"allow":["GET"]}}],"collection":[{"href":"https:\/\/lospoliticosveracruz.com\/index.php?rest_route=\/wp\/v2\/posts"}],"about":[{"href":"https:\/\/lospoliticosveracruz.com\/index.php?rest_route=\/wp\/v2\/types\/post"}],"author":[{"embeddable":true,"href":"https:\/\/lospoliticosveracruz.com\/index.php?rest_route=\/wp\/v2\/users\/2"}],"replies":[{"embeddable":true,"href":"https:\/\/lospoliticosveracruz.com\/index.php?rest_route=%2Fwp%2Fv2%2Fcomments&post=97689"}],"version-history":[{"count":1,"href":"https:\/\/lospoliticosveracruz.com\/index.php?rest_route=\/wp\/v2\/posts\/97689\/revisions"}],"predecessor-version":[{"id":97690,"href":"https:\/\/lospoliticosveracruz.com\/index.php?rest_route=\/wp\/v2\/posts\/97689\/revisions\/97690"}],"wp:attachment":[{"href":"https:\/\/lospoliticosveracruz.com\/index.php?rest_route=%2Fwp%2Fv2%2Fmedia&parent=97689"}],"wp:term":[{"taxonomy":"category","embeddable":true,"href":"https:\/\/lospoliticosveracruz.com\/index.php?rest_route=%2Fwp%2Fv2%2Fcategories&post=97689"},{"taxonomy":"post_tag","embeddable":true,"href":"https:\/\/lospoliticosveracruz.com\/index.php?rest_route=%2Fwp%2Fv2%2Ftags&post=97689"}],"curies":[{"name":"wp","href":"https:\/\/api.w.org\/{rel}","templated":true}]}}