{"id":97856,"date":"2022-11-04T10:01:10","date_gmt":"2022-11-04T16:01:10","guid":{"rendered":"https:\/\/lospoliticosveracruz.com.mx\/?p=97856"},"modified":"2022-11-04T10:01:13","modified_gmt":"2022-11-04T16:01:13","slug":"mexico-listo-para-la-cop-27","status":"publish","type":"post","link":"https:\/\/lospoliticosveracruz.com\/?p=97856","title":{"rendered":"MEXICO LISTO PARA LA COP 27!"},"content":{"rendered":"\n<p><\/p>\n\n\n\n<p><\/p>\n\n\n\n<p><strong>Veracruz<\/strong><br>La Conferencia de las Naciones Unidas sobre el Cambio Clim\u00e1tico 2022, se llevar\u00e1 a cabo del 6 al 8 de noviembre en Sharm El Sheikh, Egipto y M\u00e9xico participar\u00e1 activamente en este foro internacional, confirm\u00f3 la Secretaria de Energ\u00eda federal, Roc\u00edo Nahle Garc\u00eda.<\/p>\n\n\n\n<p>Record\u00f3 que en el panorama internacional, son 20 las principales econom\u00edas del mundo que est\u00e1n obligadas a enfrentar los retos del cambio clim\u00e1tico e implementar acciones para frenar el calentamiento global por lo que pa\u00edses como el nuestro ya se est\u00e1n sumando a estas estrategias toda vez que la Cuarta Transformaci\u00f3n da prioridad al cuidado y preservaci\u00f3n del medio ambiente.<\/p>\n\n\n\n<p>\u201cEs as\u00ed que el Gobierno de M\u00e9xico por instrucciones del presidente, trabaja para fortalecer nuestro sector energ\u00e9tico nacional\u201d, subray\u00f3 la funcionaria federal.<\/p>\n\n\n\n<p>M\u00e9xico expondr\u00e1 las estrategias aplicadas y avances como por ejemplo los parques fotovoltaicos, bater\u00edas de litio, aumento de potencia en las hidroel\u00e9ctricas, disminuci\u00f3n en la quema de gas metano, infraestructura para eliminar el combust\u00f3leo, combustibles de ultra bajo azufre, reforestaci\u00f3n, electromovilidad, entre otros con lo que nuestro pa\u00eds busca redoblar esfuerzos para mitigar los efectos del cambio clim\u00e1tico.<\/p>\n\n\n\n<p>La COP27 es la pr\u00f3xima reuni\u00f3n del grupo de 198 pa\u00edses firmantes de la Convenci\u00f3n Marco de las Naciones Unidas sobre el Cambio Clim\u00e1tico.<\/p>\n\n\n\n<p>La ONU insta a las naciones industrializadas del mundo a \u00abpredicar con el ejemplo\u00bb adoptando \u00abmedidas audaces e inmediatas\u00bb.<\/p>\n\n\n\n<p>Los cinco temas clave de este foro mundial a los que hay que prestar atenci\u00f3n son la naturaleza, los alimentos, el agua, la descarbonizaci\u00f3n de la industria y la adaptaci\u00f3n al clima.<\/p>\n","protected":false},"excerpt":{"rendered":"<p>VeracruzLa Conferencia de las Naciones Unidas sobre el Cambio Clim\u00e1tico 2022, se llevar\u00e1 a cabo del 6 al 8 de noviembre en Sharm El Sheikh, Egipto y M\u00e9xico participar\u00e1 activamente en este foro internacional, confirm\u00f3 la Secretaria de Energ\u00eda federal, Roc\u00edo Nahle Garc\u00eda. Record\u00f3 que en el panorama internacional, son 20 las principales econom\u00edas del [&hellip;]<\/p>\n","protected":false},"author":2,"featured_media":0,"comment_status":"closed","ping_status":"closed","sticky":false,"template":"","format":"standard","meta":{"tdm_status":"","tdm_grid_status":"","footnotes":""},"categories":[1],"tags":[8057,35967,9982,18990],"class_list":{"0":"post-97856","1":"post","2":"type-post","3":"status-publish","4":"format-standard","6":"category-sin-categoria","7":"tag-calentamiento-global","8":"tag-cambio-climatico-2022","9":"tag-norma-rocio-nahle-garcia","10":"tag-sener"},"yoast_head":"<!-- This site is optimized with the Yoast SEO plugin v27.4 - https:\/\/yoast.com\/product\/yoast-seo-wordpress\/ -->\n<title>MEXICO LISTO PARA LA COP 27! - Los pol\u00edticos Veracruz<\/title>\n<meta name=\"robots\" content=\"index, follow, max-snippet:-1, max-image-preview:large, max-video-preview:-1\" \/>\n<link rel=\"canonical\" href=\"https:\/\/lospoliticosveracruz.com\/?p=97856\" \/>\n<meta property=\"og:locale\" content=\"es_ES\" \/>\n<meta property=\"og:type\" content=\"article\" \/>\n<meta property=\"og:title\" content=\"MEXICO LISTO PARA LA COP 27! - Los pol\u00edticos Veracruz\" \/>\n<meta property=\"og:description\" content=\"VeracruzLa Conferencia de las Naciones Unidas sobre el Cambio Clim\u00e1tico 2022, se llevar\u00e1 a cabo del 6 al 8 de noviembre en Sharm El Sheikh, Egipto y M\u00e9xico participar\u00e1 activamente en este foro internacional, confirm\u00f3 la Secretaria de Energ\u00eda federal, Roc\u00edo Nahle Garc\u00eda. Record\u00f3 que en el panorama internacional, son 20 las principales econom\u00edas del [&hellip;]\" \/>\n<meta property=\"og:url\" content=\"https:\/\/lospoliticosveracruz.com\/?p=97856\" \/>\n<meta property=\"og:site_name\" content=\"Los pol\u00edticos Veracruz\" \/>\n<meta property=\"article:publisher\" content=\"https:\/\/www.facebook.com\/people\/Notimemes-de-los-Polticos\/61565672886568\/\" \/>\n<meta property=\"article:published_time\" content=\"2022-11-04T16:01:10+00:00\" \/>\n<meta property=\"article:modified_time\" content=\"2022-11-04T16:01:13+00:00\" \/>\n<meta property=\"og:image\" content=\"https:\/\/lospoliticosveracruz.com\/wp-content\/uploads\/2016\/07\/Logo-Dor.jpg\" \/>\n\t<meta property=\"og:image:width\" content=\"200\" \/>\n\t<meta property=\"og:image:height\" content=\"200\" \/>\n\t<meta property=\"og:image:type\" content=\"image\/jpeg\" \/>\n<meta name=\"author\" content=\"Lo viste en Los Pol\u00edticos\" \/>\n<meta name=\"twitter:card\" content=\"summary_large_image\" \/>\n<meta name=\"twitter:creator\" content=\"@LosPoliticosVer\" \/>\n<meta name=\"twitter:site\" content=\"@LosPoliticosVer\" \/>\n<meta name=\"twitter:label1\" content=\"Escrito por\" \/>\n\t<meta name=\"twitter:data1\" content=\"Lo viste en Los Pol\u00edticos\" \/>\n\t<meta name=\"twitter:label2\" content=\"Tiempo de lectura\" \/>\n\t<meta name=\"twitter:data2\" content=\"1 minuto\" \/>\n<script type=\"application\/ld+json\" class=\"yoast-schema-graph\">{\"@context\":\"https:\\\/\\\/schema.org\",\"@graph\":[{\"@type\":\"Article\",\"@id\":\"https:\\\/\\\/lospoliticosveracruz.com\\\/?p=97856#article\",\"isPartOf\":{\"@id\":\"https:\\\/\\\/lospoliticosveracruz.com\\\/?p=97856\"},\"author\":{\"name\":\"Lo viste en Los Pol\u00edticos\",\"@id\":\"https:\\\/\\\/lospoliticosveracruz.com\\\/#\\\/schema\\\/person\\\/b8702bb0e538456e6efd07080bf2a4a2\"},\"headline\":\"MEXICO LISTO PARA LA COP 27!\",\"datePublished\":\"2022-11-04T16:01:10+00:00\",\"dateModified\":\"2022-11-04T16:01:13+00:00\",\"mainEntityOfPage\":{\"@id\":\"https:\\\/\\\/lospoliticosveracruz.com\\\/?p=97856\"},\"wordCount\":289,\"publisher\":{\"@id\":\"https:\\\/\\\/lospoliticosveracruz.com\\\/#organization\"},\"keywords\":[\"Calentamiento global\",\"Cambio Clim\u00e1tico 2022\",\"Norma Roc\u00edo Nahle Garc\u00eda\",\"Sener\"],\"inLanguage\":\"es\"},{\"@type\":\"WebPage\",\"@id\":\"https:\\\/\\\/lospoliticosveracruz.com\\\/?p=97856\",\"url\":\"https:\\\/\\\/lospoliticosveracruz.com\\\/?p=97856\",\"name\":\"MEXICO LISTO PARA LA COP 27! - Los pol\u00edticos Veracruz\",\"isPartOf\":{\"@id\":\"https:\\\/\\\/lospoliticosveracruz.com\\\/#website\"},\"datePublished\":\"2022-11-04T16:01:10+00:00\",\"dateModified\":\"2022-11-04T16:01:13+00:00\",\"breadcrumb\":{\"@id\":\"https:\\\/\\\/lospoliticosveracruz.com\\\/?p=97856#breadcrumb\"},\"inLanguage\":\"es\",\"potentialAction\":[{\"@type\":\"ReadAction\",\"target\":[\"https:\\\/\\\/lospoliticosveracruz.com\\\/?p=97856\"]}]},{\"@type\":\"BreadcrumbList\",\"@id\":\"https:\\\/\\\/lospoliticosveracruz.com\\\/?p=97856#breadcrumb\",\"itemListElement\":[{\"@type\":\"ListItem\",\"position\":1,\"name\":\"Portada\",\"item\":\"https:\\\/\\\/lospoliticosveracruz.com\\\/\"},{\"@type\":\"ListItem\",\"position\":2,\"name\":\"MEXICO LISTO PARA LA COP 27!\"}]},{\"@type\":\"WebSite\",\"@id\":\"https:\\\/\\\/lospoliticosveracruz.com\\\/#website\",\"url\":\"https:\\\/\\\/lospoliticosveracruz.com\\\/\",\"name\":\"Los pol\u00edticos Veracruz\",\"description\":\"\",\"publisher\":{\"@id\":\"https:\\\/\\\/lospoliticosveracruz.com\\\/#organization\"},\"potentialAction\":[{\"@type\":\"SearchAction\",\"target\":{\"@type\":\"EntryPoint\",\"urlTemplate\":\"https:\\\/\\\/lospoliticosveracruz.com\\\/?s={search_term_string}\"},\"query-input\":{\"@type\":\"PropertyValueSpecification\",\"valueRequired\":true,\"valueName\":\"search_term_string\"}}],\"inLanguage\":\"es\"},{\"@type\":\"Organization\",\"@id\":\"https:\\\/\\\/lospoliticosveracruz.com\\\/#organization\",\"name\":\"Los pol\u00edticos Veracruz\",\"url\":\"https:\\\/\\\/lospoliticosveracruz.com\\\/\",\"logo\":{\"@type\":\"ImageObject\",\"inLanguage\":\"es\",\"@id\":\"https:\\\/\\\/lospoliticosveracruz.com\\\/#\\\/schema\\\/logo\\\/image\\\/\",\"url\":\"https:\\\/\\\/lospoliticosveracruz.com\\\/wp-content\\\/uploads\\\/2025\\\/12\\\/Logo-Nuevo-LOS-POLITICOS-1.jpg\",\"contentUrl\":\"https:\\\/\\\/lospoliticosveracruz.com\\\/wp-content\\\/uploads\\\/2025\\\/12\\\/Logo-Nuevo-LOS-POLITICOS-1.jpg\",\"width\":260,\"height\":70,\"caption\":\"Los pol\u00edticos Veracruz\"},\"image\":{\"@id\":\"https:\\\/\\\/lospoliticosveracruz.com\\\/#\\\/schema\\\/logo\\\/image\\\/\"},\"sameAs\":[\"https:\\\/\\\/www.facebook.com\\\/people\\\/Notimemes-de-los-Polticos\\\/61565672886568\\\/\",\"https:\\\/\\\/x.com\\\/LosPoliticosVer\"]},{\"@type\":\"Person\",\"@id\":\"https:\\\/\\\/lospoliticosveracruz.com\\\/#\\\/schema\\\/person\\\/b8702bb0e538456e6efd07080bf2a4a2\",\"name\":\"Lo viste en Los Pol\u00edticos\",\"image\":{\"@type\":\"ImageObject\",\"inLanguage\":\"es\",\"@id\":\"https:\\\/\\\/secure.gravatar.com\\\/avatar\\\/3a8de04a2656d44082be478bd6c086daa447c4651605818287b9532d3d0bd435?s=96&d=mm&r=g\",\"url\":\"https:\\\/\\\/secure.gravatar.com\\\/avatar\\\/3a8de04a2656d44082be478bd6c086daa447c4651605818287b9532d3d0bd435?s=96&d=mm&r=g\",\"contentUrl\":\"https:\\\/\\\/secure.gravatar.com\\\/avatar\\\/3a8de04a2656d44082be478bd6c086daa447c4651605818287b9532d3d0bd435?s=96&d=mm&r=g\",\"caption\":\"Lo viste en Los Pol\u00edticos\"},\"url\":\"https:\\\/\\\/lospoliticosveracruz.com\\\/?author=2\"}]}<\/script>\n<!-- \/ Yoast SEO plugin. -->","yoast_head_json":{"title":"MEXICO LISTO PARA LA COP 27! - Los pol\u00edticos Veracruz","robots":{"index":"index","follow":"follow","max-snippet":"max-snippet:-1","max-image-preview":"max-image-preview:large","max-video-preview":"max-video-preview:-1"},"canonical":"https:\/\/lospoliticosveracruz.com\/?p=97856","og_locale":"es_ES","og_type":"article","og_title":"MEXICO LISTO PARA LA COP 27! - Los pol\u00edticos Veracruz","og_description":"VeracruzLa Conferencia de las Naciones Unidas sobre el Cambio Clim\u00e1tico 2022, se llevar\u00e1 a cabo del 6 al 8 de noviembre en Sharm El Sheikh, Egipto y M\u00e9xico participar\u00e1 activamente en este foro internacional, confirm\u00f3 la Secretaria de Energ\u00eda federal, Roc\u00edo Nahle Garc\u00eda. Record\u00f3 que en el panorama internacional, son 20 las principales econom\u00edas del [&hellip;]","og_url":"https:\/\/lospoliticosveracruz.com\/?p=97856","og_site_name":"Los pol\u00edticos Veracruz","article_publisher":"https:\/\/www.facebook.com\/people\/Notimemes-de-los-Polticos\/61565672886568\/","article_published_time":"2022-11-04T16:01:10+00:00","article_modified_time":"2022-11-04T16:01:13+00:00","og_image":[{"width":200,"height":200,"url":"https:\/\/lospoliticosveracruz.com\/wp-content\/uploads\/2016\/07\/Logo-Dor.jpg","type":"image\/jpeg"}],"author":"Lo viste en Los Pol\u00edticos","twitter_card":"summary_large_image","twitter_creator":"@LosPoliticosVer","twitter_site":"@LosPoliticosVer","twitter_misc":{"Escrito por":"Lo viste en Los Pol\u00edticos","Tiempo de lectura":"1 minuto"},"schema":{"@context":"https:\/\/schema.org","@graph":[{"@type":"Article","@id":"https:\/\/lospoliticosveracruz.com\/?p=97856#article","isPartOf":{"@id":"https:\/\/lospoliticosveracruz.com\/?p=97856"},"author":{"name":"Lo viste en Los Pol\u00edticos","@id":"https:\/\/lospoliticosveracruz.com\/#\/schema\/person\/b8702bb0e538456e6efd07080bf2a4a2"},"headline":"MEXICO LISTO PARA LA COP 27!","datePublished":"2022-11-04T16:01:10+00:00","dateModified":"2022-11-04T16:01:13+00:00","mainEntityOfPage":{"@id":"https:\/\/lospoliticosveracruz.com\/?p=97856"},"wordCount":289,"publisher":{"@id":"https:\/\/lospoliticosveracruz.com\/#organization"},"keywords":["Calentamiento global","Cambio Clim\u00e1tico 2022","Norma Roc\u00edo Nahle Garc\u00eda","Sener"],"inLanguage":"es"},{"@type":"WebPage","@id":"https:\/\/lospoliticosveracruz.com\/?p=97856","url":"https:\/\/lospoliticosveracruz.com\/?p=97856","name":"MEXICO LISTO PARA LA COP 27! - Los pol\u00edticos Veracruz","isPartOf":{"@id":"https:\/\/lospoliticosveracruz.com\/#website"},"datePublished":"2022-11-04T16:01:10+00:00","dateModified":"2022-11-04T16:01:13+00:00","breadcrumb":{"@id":"https:\/\/lospoliticosveracruz.com\/?p=97856#breadcrumb"},"inLanguage":"es","potentialAction":[{"@type":"ReadAction","target":["https:\/\/lospoliticosveracruz.com\/?p=97856"]}]},{"@type":"BreadcrumbList","@id":"https:\/\/lospoliticosveracruz.com\/?p=97856#breadcrumb","itemListElement":[{"@type":"ListItem","position":1,"name":"Portada","item":"https:\/\/lospoliticosveracruz.com\/"},{"@type":"ListItem","position":2,"name":"MEXICO LISTO PARA LA COP 27!"}]},{"@type":"WebSite","@id":"https:\/\/lospoliticosveracruz.com\/#website","url":"https:\/\/lospoliticosveracruz.com\/","name":"Los pol\u00edticos Veracruz","description":"","publisher":{"@id":"https:\/\/lospoliticosveracruz.com\/#organization"},"potentialAction":[{"@type":"SearchAction","target":{"@type":"EntryPoint","urlTemplate":"https:\/\/lospoliticosveracruz.com\/?s={search_term_string}"},"query-input":{"@type":"PropertyValueSpecification","valueRequired":true,"valueName":"search_term_string"}}],"inLanguage":"es"},{"@type":"Organization","@id":"https:\/\/lospoliticosveracruz.com\/#organization","name":"Los pol\u00edticos Veracruz","url":"https:\/\/lospoliticosveracruz.com\/","logo":{"@type":"ImageObject","inLanguage":"es","@id":"https:\/\/lospoliticosveracruz.com\/#\/schema\/logo\/image\/","url":"https:\/\/lospoliticosveracruz.com\/wp-content\/uploads\/2025\/12\/Logo-Nuevo-LOS-POLITICOS-1.jpg","contentUrl":"https:\/\/lospoliticosveracruz.com\/wp-content\/uploads\/2025\/12\/Logo-Nuevo-LOS-POLITICOS-1.jpg","width":260,"height":70,"caption":"Los pol\u00edticos Veracruz"},"image":{"@id":"https:\/\/lospoliticosveracruz.com\/#\/schema\/logo\/image\/"},"sameAs":["https:\/\/www.facebook.com\/people\/Notimemes-de-los-Polticos\/61565672886568\/","https:\/\/x.com\/LosPoliticosVer"]},{"@type":"Person","@id":"https:\/\/lospoliticosveracruz.com\/#\/schema\/person\/b8702bb0e538456e6efd07080bf2a4a2","name":"Lo viste en Los Pol\u00edticos","image":{"@type":"ImageObject","inLanguage":"es","@id":"https:\/\/secure.gravatar.com\/avatar\/3a8de04a2656d44082be478bd6c086daa447c4651605818287b9532d3d0bd435?s=96&d=mm&r=g","url":"https:\/\/secure.gravatar.com\/avatar\/3a8de04a2656d44082be478bd6c086daa447c4651605818287b9532d3d0bd435?s=96&d=mm&r=g","contentUrl":"https:\/\/secure.gravatar.com\/avatar\/3a8de04a2656d44082be478bd6c086daa447c4651605818287b9532d3d0bd435?s=96&d=mm&r=g","caption":"Lo viste en Los Pol\u00edticos"},"url":"https:\/\/lospoliticosveracruz.com\/?author=2"}]}},"_links":{"self":[{"href":"https:\/\/lospoliticosveracruz.com\/index.php?rest_route=\/wp\/v2\/posts\/97856","targetHints":{"allow":["GET"]}}],"collection":[{"href":"https:\/\/lospoliticosveracruz.com\/index.php?rest_route=\/wp\/v2\/posts"}],"about":[{"href":"https:\/\/lospoliticosveracruz.com\/index.php?rest_route=\/wp\/v2\/types\/post"}],"author":[{"embeddable":true,"href":"https:\/\/lospoliticosveracruz.com\/index.php?rest_route=\/wp\/v2\/users\/2"}],"replies":[{"embeddable":true,"href":"https:\/\/lospoliticosveracruz.com\/index.php?rest_route=%2Fwp%2Fv2%2Fcomments&post=97856"}],"version-history":[{"count":1,"href":"https:\/\/lospoliticosveracruz.com\/index.php?rest_route=\/wp\/v2\/posts\/97856\/revisions"}],"predecessor-version":[{"id":97858,"href":"https:\/\/lospoliticosveracruz.com\/index.php?rest_route=\/wp\/v2\/posts\/97856\/revisions\/97858"}],"wp:attachment":[{"href":"https:\/\/lospoliticosveracruz.com\/index.php?rest_route=%2Fwp%2Fv2%2Fmedia&parent=97856"}],"wp:term":[{"taxonomy":"category","embeddable":true,"href":"https:\/\/lospoliticosveracruz.com\/index.php?rest_route=%2Fwp%2Fv2%2Fcategories&post=97856"},{"taxonomy":"post_tag","embeddable":true,"href":"https:\/\/lospoliticosveracruz.com\/index.php?rest_route=%2Fwp%2Fv2%2Ftags&post=97856"}],"curies":[{"name":"wp","href":"https:\/\/api.w.org\/{rel}","templated":true}]}}