{"id":97874,"date":"2022-11-04T18:05:15","date_gmt":"2022-11-05T00:05:15","guid":{"rendered":"https:\/\/lospoliticosveracruz.com.mx\/?p=97874"},"modified":"2022-11-04T18:05:19","modified_gmt":"2022-11-05T00:05:19","slug":"seccion-56-del-snte-amordazada","status":"publish","type":"post","link":"https:\/\/lospoliticosveracruz.com\/?p=97874","title":{"rendered":"SECCI\u00d3N 56 DEL SNTE, AMORDAZADA!"},"content":{"rendered":"\n<ul class=\"wp-block-list\"><li><\/li><\/ul>\n\n\n\n<p><strong>Enrique Yasser Pompeyo<\/strong><br><em>Xalapa<\/em><\/p>\n\n\n\n<p>Ante la falta de los pagos salariales pendientes a la base magisterial en Veracruz, la maestra Miriam L\u00f3pez Cruz acus\u00f3 que los dirigentes de la Secci\u00f3n 56 del Sindicato Nacional de Trabajadores de la Educaci\u00f3n (SNTE) los han defraudado al no luchar por los derechos de sus agremiados.<\/p>\n\n\n\n<p>Por ello, lanz\u00f3 un exhorto para que sus representantes asuman sus obligaciones y responsabilidades con el gremio.<\/p>\n\n\n\n<p>\u00abDesde mi centro de trabajo exhorto a la dirigencia estatal de la Secci\u00f3n 56 a exigir el pago que se nos debe por parte de gobierno del estado. Me sumo al clamor de las mayor\u00edas del magisterio estatal, no nos han pagado el aumento salarial que anunci\u00f3 el presidente de la Rep\u00fablica, de manera escalonada\u00bb.<\/p>\n\n\n\n<p>En ese sentido, se\u00f1al\u00f3 directamente a quienes encabezan el sindicato en la entidad veracruzana. \u00abMe atrevo a hablar de la falta de dirigencia estatal del SNTE que tenemos aqu\u00ed en Veracruz\u00bb.<\/p>\n\n\n\n<p>Miriam L\u00f3pez Cruz explic\u00f3 que se refiere al Sindicato Nacional de Trabajadores de la Educaci\u00f3n, porque las negociaciones relacionadas con los salarios la realizan las autoridades federales con esa organizaci\u00f3n magisterial a nivel nacional y estatal.<\/p>\n\n\n\n<p>\u00abEs la dirigencia estatal de la Secci\u00f3n 56 del SNTE la que nos representa y la que est\u00e1 obligada por ley y facultada para exigir la negociaci\u00f3n y el pago del aumento salarial a los maestros estatales\u00bb.<\/p>\n\n\n\n<p>En entrevista, la docente indic\u00f3 hace poco se realiz\u00f3 un proceso interno para renovar la dirigencia estatal, por lo que estos no deben defraudar a quienes les dieron su voto de confianza.<\/p>\n\n\n\n<p>\u00abA no defraudar a las bases magisteriales que los eligieron, acabamos de pasar una elecci\u00f3n al interior del SNTE, la Secci\u00f3n 56; 11 mil compa\u00f1eros eligieron esta dirigencia estatal, los cuales se sienten ahora defraudados por una dirigencia amordazada por la autoridad educativa, por una dirigencia hincada, una dirigencia entregada\u00bb.<\/p>\n\n\n\n<p>Miriam L\u00f3pez Cruz se\u00f1al\u00f3 que al estar pendientes estos pagos generan un da\u00f1o a los bolsillos de aproximadamente 51 mil trabajadores de la educaci\u00f3n.<\/p>\n\n\n\n<p>\u00abAdem\u00e1s de 51 mil, de la Secci\u00f3n 56 arriba de 25 mil compa\u00f1eros que no se nos ha pagado lo que es el aumento salarial escalonado que anunci\u00f3 el presidente de la Rep\u00fablica\u00bb.<\/p>\n\n\n\n<p>Miriam L\u00f3pez Cruz indic\u00f3 que esta situaci\u00f3n provoca mucha incertidumbre ante la falta de pago del magisterio estatal, pero, sobre todo, mucha decepci\u00f3n de la dirigencia estatal reci\u00e9n electa de la Secci\u00f3n 56 del SNTE.<\/p>\n\n\n\n<p>La profesora manifest\u00f3 que no se refiere a otros sindicatos, porque son minoritarios, adem\u00e1s de que no es con ellos con los que se hace la negociaci\u00f3n salarial.<\/p>\n\n\n\n<p>\u00abNosotros seguimos en la lucha, exhorto a mis compa\u00f1eros y compa\u00f1eras de todo el estado de Veracruz, pero en particular de la Secci\u00f3n 56 del SNTE a que no nos quedemos callados\u00bb.<\/p>\n\n\n\n<p>Adem\u00e1s, lament\u00f3 que sea una pena que los docentes se manifiesten de nueva cuenta en las calles y en las escuelas.<\/p>\n\n\n\n<p>\u00abPor la falta de una representaci\u00f3n sindical verdadera, de un sindicato de lucha, que todos queremos, por el que peleamos y luchamos\u00bb.<\/p>\n\n\n\n<p>Finalmente, agreg\u00f3 que se necesita un sindicato verdadero que luche por las bases magisteriales, pues record\u00f3 que quincena tras quincena depositan sus cuotas sindicales.<\/p>\n\n\n\n<p><\/p>\n","protected":false},"excerpt":{"rendered":"<p>Enrique Yasser PompeyoXalapa Ante la falta de los pagos salariales pendientes a la base magisterial en Veracruz, la maestra Miriam L\u00f3pez Cruz acus\u00f3 que los dirigentes de la Secci\u00f3n 56 del Sindicato Nacional de Trabajadores de la Educaci\u00f3n (SNTE) los han defraudado al no luchar por los derechos de sus agremiados. Por ello, lanz\u00f3 un [&hellip;]<\/p>\n","protected":false},"author":2,"featured_media":0,"comment_status":"closed","ping_status":"closed","sticky":false,"template":"","format":"standard","meta":{"tdm_status":"","tdm_grid_status":"","footnotes":""},"categories":[6446],"tags":[26468,35973],"class_list":{"0":"post-97874","1":"post","2":"type-post","3":"status-publish","4":"format-standard","6":"category-la-nota","7":"tag-miriam-lopez-cruz","8":"tag-seccion-56-del-snte-2"},"yoast_head":"<!-- This site is optimized with the Yoast SEO plugin v27.4 - https:\/\/yoast.com\/product\/yoast-seo-wordpress\/ -->\n<title>SECCI\u00d3N 56 DEL SNTE, AMORDAZADA! - Los pol\u00edticos Veracruz<\/title>\n<meta name=\"robots\" content=\"index, follow, max-snippet:-1, max-image-preview:large, max-video-preview:-1\" \/>\n<link rel=\"canonical\" href=\"https:\/\/lospoliticosveracruz.com\/?p=97874\" \/>\n<meta property=\"og:locale\" content=\"es_ES\" \/>\n<meta property=\"og:type\" content=\"article\" \/>\n<meta property=\"og:title\" content=\"SECCI\u00d3N 56 DEL SNTE, AMORDAZADA! - Los pol\u00edticos Veracruz\" \/>\n<meta property=\"og:description\" content=\"Enrique Yasser PompeyoXalapa Ante la falta de los pagos salariales pendientes a la base magisterial en Veracruz, la maestra Miriam L\u00f3pez Cruz acus\u00f3 que los dirigentes de la Secci\u00f3n 56 del Sindicato Nacional de Trabajadores de la Educaci\u00f3n (SNTE) los han defraudado al no luchar por los derechos de sus agremiados. Por ello, lanz\u00f3 un [&hellip;]\" \/>\n<meta property=\"og:url\" content=\"https:\/\/lospoliticosveracruz.com\/?p=97874\" \/>\n<meta property=\"og:site_name\" content=\"Los pol\u00edticos Veracruz\" \/>\n<meta property=\"article:publisher\" content=\"https:\/\/www.facebook.com\/people\/Notimemes-de-los-Polticos\/61565672886568\/\" \/>\n<meta property=\"article:published_time\" content=\"2022-11-05T00:05:15+00:00\" \/>\n<meta property=\"article:modified_time\" content=\"2022-11-05T00:05:19+00:00\" \/>\n<meta property=\"og:image\" content=\"https:\/\/lospoliticosveracruz.com\/wp-content\/uploads\/2016\/07\/Logo-Dor.jpg\" \/>\n\t<meta property=\"og:image:width\" content=\"200\" \/>\n\t<meta property=\"og:image:height\" content=\"200\" \/>\n\t<meta property=\"og:image:type\" content=\"image\/jpeg\" \/>\n<meta name=\"author\" content=\"Lo viste en Los Pol\u00edticos\" \/>\n<meta name=\"twitter:card\" content=\"summary_large_image\" \/>\n<meta name=\"twitter:creator\" content=\"@LosPoliticosVer\" \/>\n<meta name=\"twitter:site\" content=\"@LosPoliticosVer\" \/>\n<meta name=\"twitter:label1\" content=\"Escrito por\" \/>\n\t<meta name=\"twitter:data1\" content=\"Lo viste en Los Pol\u00edticos\" \/>\n\t<meta name=\"twitter:label2\" content=\"Tiempo de lectura\" \/>\n\t<meta name=\"twitter:data2\" content=\"3 minutos\" \/>\n<script type=\"application\/ld+json\" class=\"yoast-schema-graph\">{\"@context\":\"https:\\\/\\\/schema.org\",\"@graph\":[{\"@type\":\"Article\",\"@id\":\"https:\\\/\\\/lospoliticosveracruz.com\\\/?p=97874#article\",\"isPartOf\":{\"@id\":\"https:\\\/\\\/lospoliticosveracruz.com\\\/?p=97874\"},\"author\":{\"name\":\"Lo viste en Los Pol\u00edticos\",\"@id\":\"https:\\\/\\\/lospoliticosveracruz.com\\\/#\\\/schema\\\/person\\\/b8702bb0e538456e6efd07080bf2a4a2\"},\"headline\":\"SECCI\u00d3N 56 DEL SNTE, AMORDAZADA!\",\"datePublished\":\"2022-11-05T00:05:15+00:00\",\"dateModified\":\"2022-11-05T00:05:19+00:00\",\"mainEntityOfPage\":{\"@id\":\"https:\\\/\\\/lospoliticosveracruz.com\\\/?p=97874\"},\"wordCount\":558,\"publisher\":{\"@id\":\"https:\\\/\\\/lospoliticosveracruz.com\\\/#organization\"},\"keywords\":[\"Miriam L\u00f3pez Cruz\",\"SECCI\u00d3N 56 DEL SNTE\"],\"articleSection\":[\"La Nota\"],\"inLanguage\":\"es\"},{\"@type\":\"WebPage\",\"@id\":\"https:\\\/\\\/lospoliticosveracruz.com\\\/?p=97874\",\"url\":\"https:\\\/\\\/lospoliticosveracruz.com\\\/?p=97874\",\"name\":\"SECCI\u00d3N 56 DEL SNTE, AMORDAZADA! - Los pol\u00edticos Veracruz\",\"isPartOf\":{\"@id\":\"https:\\\/\\\/lospoliticosveracruz.com\\\/#website\"},\"datePublished\":\"2022-11-05T00:05:15+00:00\",\"dateModified\":\"2022-11-05T00:05:19+00:00\",\"breadcrumb\":{\"@id\":\"https:\\\/\\\/lospoliticosveracruz.com\\\/?p=97874#breadcrumb\"},\"inLanguage\":\"es\",\"potentialAction\":[{\"@type\":\"ReadAction\",\"target\":[\"https:\\\/\\\/lospoliticosveracruz.com\\\/?p=97874\"]}]},{\"@type\":\"BreadcrumbList\",\"@id\":\"https:\\\/\\\/lospoliticosveracruz.com\\\/?p=97874#breadcrumb\",\"itemListElement\":[{\"@type\":\"ListItem\",\"position\":1,\"name\":\"Portada\",\"item\":\"https:\\\/\\\/lospoliticosveracruz.com\\\/\"},{\"@type\":\"ListItem\",\"position\":2,\"name\":\"SECCI\u00d3N 56 DEL SNTE, AMORDAZADA!\"}]},{\"@type\":\"WebSite\",\"@id\":\"https:\\\/\\\/lospoliticosveracruz.com\\\/#website\",\"url\":\"https:\\\/\\\/lospoliticosveracruz.com\\\/\",\"name\":\"Los pol\u00edticos Veracruz\",\"description\":\"\",\"publisher\":{\"@id\":\"https:\\\/\\\/lospoliticosveracruz.com\\\/#organization\"},\"potentialAction\":[{\"@type\":\"SearchAction\",\"target\":{\"@type\":\"EntryPoint\",\"urlTemplate\":\"https:\\\/\\\/lospoliticosveracruz.com\\\/?s={search_term_string}\"},\"query-input\":{\"@type\":\"PropertyValueSpecification\",\"valueRequired\":true,\"valueName\":\"search_term_string\"}}],\"inLanguage\":\"es\"},{\"@type\":\"Organization\",\"@id\":\"https:\\\/\\\/lospoliticosveracruz.com\\\/#organization\",\"name\":\"Los pol\u00edticos Veracruz\",\"url\":\"https:\\\/\\\/lospoliticosveracruz.com\\\/\",\"logo\":{\"@type\":\"ImageObject\",\"inLanguage\":\"es\",\"@id\":\"https:\\\/\\\/lospoliticosveracruz.com\\\/#\\\/schema\\\/logo\\\/image\\\/\",\"url\":\"https:\\\/\\\/lospoliticosveracruz.com\\\/wp-content\\\/uploads\\\/2025\\\/12\\\/Logo-Nuevo-LOS-POLITICOS-1.jpg\",\"contentUrl\":\"https:\\\/\\\/lospoliticosveracruz.com\\\/wp-content\\\/uploads\\\/2025\\\/12\\\/Logo-Nuevo-LOS-POLITICOS-1.jpg\",\"width\":260,\"height\":70,\"caption\":\"Los pol\u00edticos Veracruz\"},\"image\":{\"@id\":\"https:\\\/\\\/lospoliticosveracruz.com\\\/#\\\/schema\\\/logo\\\/image\\\/\"},\"sameAs\":[\"https:\\\/\\\/www.facebook.com\\\/people\\\/Notimemes-de-los-Polticos\\\/61565672886568\\\/\",\"https:\\\/\\\/x.com\\\/LosPoliticosVer\"]},{\"@type\":\"Person\",\"@id\":\"https:\\\/\\\/lospoliticosveracruz.com\\\/#\\\/schema\\\/person\\\/b8702bb0e538456e6efd07080bf2a4a2\",\"name\":\"Lo viste en Los Pol\u00edticos\",\"image\":{\"@type\":\"ImageObject\",\"inLanguage\":\"es\",\"@id\":\"https:\\\/\\\/secure.gravatar.com\\\/avatar\\\/3a8de04a2656d44082be478bd6c086daa447c4651605818287b9532d3d0bd435?s=96&d=mm&r=g\",\"url\":\"https:\\\/\\\/secure.gravatar.com\\\/avatar\\\/3a8de04a2656d44082be478bd6c086daa447c4651605818287b9532d3d0bd435?s=96&d=mm&r=g\",\"contentUrl\":\"https:\\\/\\\/secure.gravatar.com\\\/avatar\\\/3a8de04a2656d44082be478bd6c086daa447c4651605818287b9532d3d0bd435?s=96&d=mm&r=g\",\"caption\":\"Lo viste en Los Pol\u00edticos\"},\"url\":\"https:\\\/\\\/lospoliticosveracruz.com\\\/?author=2\"}]}<\/script>\n<!-- \/ Yoast SEO plugin. -->","yoast_head_json":{"title":"SECCI\u00d3N 56 DEL SNTE, AMORDAZADA! - Los pol\u00edticos Veracruz","robots":{"index":"index","follow":"follow","max-snippet":"max-snippet:-1","max-image-preview":"max-image-preview:large","max-video-preview":"max-video-preview:-1"},"canonical":"https:\/\/lospoliticosveracruz.com\/?p=97874","og_locale":"es_ES","og_type":"article","og_title":"SECCI\u00d3N 56 DEL SNTE, AMORDAZADA! - Los pol\u00edticos Veracruz","og_description":"Enrique Yasser PompeyoXalapa Ante la falta de los pagos salariales pendientes a la base magisterial en Veracruz, la maestra Miriam L\u00f3pez Cruz acus\u00f3 que los dirigentes de la Secci\u00f3n 56 del Sindicato Nacional de Trabajadores de la Educaci\u00f3n (SNTE) los han defraudado al no luchar por los derechos de sus agremiados. Por ello, lanz\u00f3 un [&hellip;]","og_url":"https:\/\/lospoliticosveracruz.com\/?p=97874","og_site_name":"Los pol\u00edticos Veracruz","article_publisher":"https:\/\/www.facebook.com\/people\/Notimemes-de-los-Polticos\/61565672886568\/","article_published_time":"2022-11-05T00:05:15+00:00","article_modified_time":"2022-11-05T00:05:19+00:00","og_image":[{"width":200,"height":200,"url":"https:\/\/lospoliticosveracruz.com\/wp-content\/uploads\/2016\/07\/Logo-Dor.jpg","type":"image\/jpeg"}],"author":"Lo viste en Los Pol\u00edticos","twitter_card":"summary_large_image","twitter_creator":"@LosPoliticosVer","twitter_site":"@LosPoliticosVer","twitter_misc":{"Escrito por":"Lo viste en Los Pol\u00edticos","Tiempo de lectura":"3 minutos"},"schema":{"@context":"https:\/\/schema.org","@graph":[{"@type":"Article","@id":"https:\/\/lospoliticosveracruz.com\/?p=97874#article","isPartOf":{"@id":"https:\/\/lospoliticosveracruz.com\/?p=97874"},"author":{"name":"Lo viste en Los Pol\u00edticos","@id":"https:\/\/lospoliticosveracruz.com\/#\/schema\/person\/b8702bb0e538456e6efd07080bf2a4a2"},"headline":"SECCI\u00d3N 56 DEL SNTE, AMORDAZADA!","datePublished":"2022-11-05T00:05:15+00:00","dateModified":"2022-11-05T00:05:19+00:00","mainEntityOfPage":{"@id":"https:\/\/lospoliticosveracruz.com\/?p=97874"},"wordCount":558,"publisher":{"@id":"https:\/\/lospoliticosveracruz.com\/#organization"},"keywords":["Miriam L\u00f3pez Cruz","SECCI\u00d3N 56 DEL SNTE"],"articleSection":["La Nota"],"inLanguage":"es"},{"@type":"WebPage","@id":"https:\/\/lospoliticosveracruz.com\/?p=97874","url":"https:\/\/lospoliticosveracruz.com\/?p=97874","name":"SECCI\u00d3N 56 DEL SNTE, AMORDAZADA! - Los pol\u00edticos Veracruz","isPartOf":{"@id":"https:\/\/lospoliticosveracruz.com\/#website"},"datePublished":"2022-11-05T00:05:15+00:00","dateModified":"2022-11-05T00:05:19+00:00","breadcrumb":{"@id":"https:\/\/lospoliticosveracruz.com\/?p=97874#breadcrumb"},"inLanguage":"es","potentialAction":[{"@type":"ReadAction","target":["https:\/\/lospoliticosveracruz.com\/?p=97874"]}]},{"@type":"BreadcrumbList","@id":"https:\/\/lospoliticosveracruz.com\/?p=97874#breadcrumb","itemListElement":[{"@type":"ListItem","position":1,"name":"Portada","item":"https:\/\/lospoliticosveracruz.com\/"},{"@type":"ListItem","position":2,"name":"SECCI\u00d3N 56 DEL SNTE, AMORDAZADA!"}]},{"@type":"WebSite","@id":"https:\/\/lospoliticosveracruz.com\/#website","url":"https:\/\/lospoliticosveracruz.com\/","name":"Los pol\u00edticos Veracruz","description":"","publisher":{"@id":"https:\/\/lospoliticosveracruz.com\/#organization"},"potentialAction":[{"@type":"SearchAction","target":{"@type":"EntryPoint","urlTemplate":"https:\/\/lospoliticosveracruz.com\/?s={search_term_string}"},"query-input":{"@type":"PropertyValueSpecification","valueRequired":true,"valueName":"search_term_string"}}],"inLanguage":"es"},{"@type":"Organization","@id":"https:\/\/lospoliticosveracruz.com\/#organization","name":"Los pol\u00edticos Veracruz","url":"https:\/\/lospoliticosveracruz.com\/","logo":{"@type":"ImageObject","inLanguage":"es","@id":"https:\/\/lospoliticosveracruz.com\/#\/schema\/logo\/image\/","url":"https:\/\/lospoliticosveracruz.com\/wp-content\/uploads\/2025\/12\/Logo-Nuevo-LOS-POLITICOS-1.jpg","contentUrl":"https:\/\/lospoliticosveracruz.com\/wp-content\/uploads\/2025\/12\/Logo-Nuevo-LOS-POLITICOS-1.jpg","width":260,"height":70,"caption":"Los pol\u00edticos Veracruz"},"image":{"@id":"https:\/\/lospoliticosveracruz.com\/#\/schema\/logo\/image\/"},"sameAs":["https:\/\/www.facebook.com\/people\/Notimemes-de-los-Polticos\/61565672886568\/","https:\/\/x.com\/LosPoliticosVer"]},{"@type":"Person","@id":"https:\/\/lospoliticosveracruz.com\/#\/schema\/person\/b8702bb0e538456e6efd07080bf2a4a2","name":"Lo viste en Los Pol\u00edticos","image":{"@type":"ImageObject","inLanguage":"es","@id":"https:\/\/secure.gravatar.com\/avatar\/3a8de04a2656d44082be478bd6c086daa447c4651605818287b9532d3d0bd435?s=96&d=mm&r=g","url":"https:\/\/secure.gravatar.com\/avatar\/3a8de04a2656d44082be478bd6c086daa447c4651605818287b9532d3d0bd435?s=96&d=mm&r=g","contentUrl":"https:\/\/secure.gravatar.com\/avatar\/3a8de04a2656d44082be478bd6c086daa447c4651605818287b9532d3d0bd435?s=96&d=mm&r=g","caption":"Lo viste en Los Pol\u00edticos"},"url":"https:\/\/lospoliticosveracruz.com\/?author=2"}]}},"_links":{"self":[{"href":"https:\/\/lospoliticosveracruz.com\/index.php?rest_route=\/wp\/v2\/posts\/97874","targetHints":{"allow":["GET"]}}],"collection":[{"href":"https:\/\/lospoliticosveracruz.com\/index.php?rest_route=\/wp\/v2\/posts"}],"about":[{"href":"https:\/\/lospoliticosveracruz.com\/index.php?rest_route=\/wp\/v2\/types\/post"}],"author":[{"embeddable":true,"href":"https:\/\/lospoliticosveracruz.com\/index.php?rest_route=\/wp\/v2\/users\/2"}],"replies":[{"embeddable":true,"href":"https:\/\/lospoliticosveracruz.com\/index.php?rest_route=%2Fwp%2Fv2%2Fcomments&post=97874"}],"version-history":[{"count":1,"href":"https:\/\/lospoliticosveracruz.com\/index.php?rest_route=\/wp\/v2\/posts\/97874\/revisions"}],"predecessor-version":[{"id":97876,"href":"https:\/\/lospoliticosveracruz.com\/index.php?rest_route=\/wp\/v2\/posts\/97874\/revisions\/97876"}],"wp:attachment":[{"href":"https:\/\/lospoliticosveracruz.com\/index.php?rest_route=%2Fwp%2Fv2%2Fmedia&parent=97874"}],"wp:term":[{"taxonomy":"category","embeddable":true,"href":"https:\/\/lospoliticosveracruz.com\/index.php?rest_route=%2Fwp%2Fv2%2Fcategories&post=97874"},{"taxonomy":"post_tag","embeddable":true,"href":"https:\/\/lospoliticosveracruz.com\/index.php?rest_route=%2Fwp%2Fv2%2Ftags&post=97874"}],"curies":[{"name":"wp","href":"https:\/\/api.w.org\/{rel}","templated":true}]}}