{"id":97891,"date":"2022-11-05T07:47:41","date_gmt":"2022-11-05T13:47:41","guid":{"rendered":"https:\/\/lospoliticosveracruz.com.mx\/?p=97891"},"modified":"2022-11-05T07:51:09","modified_gmt":"2022-11-05T13:51:09","slug":"que-siempre-si-se-nos-va-cuitlahuac","status":"publish","type":"post","link":"https:\/\/lospoliticosveracruz.com\/?p=97891","title":{"rendered":"QUE SIEMPRE S\u00cd SE NOS VA CUITL\u00c1HUAC"},"content":{"rendered":"\n<p><strong>Bernardo Guti\u00e9rrez Parra&nbsp;<\/strong><\/p>\n\n\n\n<p><em>Desde el Caf\u00e9<\/em>&nbsp;<\/p>\n\n\n\n<p>Quienes andan corriendo a Cuitl\u00e1huac Garc\u00eda de la gubernatura casi desde el comienzo de su administraci\u00f3n, aseguran que el ingeniero mec\u00e1nico electricista \u201cahora s\u00ed se va\u201d. Y basan su tesis en declaraciones del propio gobernador con motivo de su Cuatro Informe.&nbsp;<br><\/p>\n\n\n<div class=\"wp-block-image\">\n<figure class=\"alignleft size-medium\"><a href=\"https:\/\/lospoliticosveracruz.com.mx\/wp-content\/uploads\/2021\/10\/WhatsApp-Image-2021-10-02-at-15.20.25.jpeg\"><img loading=\"lazy\" decoding=\"async\" width=\"212\" height=\"300\" src=\"https:\/\/lospoliticosveracruz.com.mx\/wp-content\/uploads\/2021\/10\/WhatsApp-Image-2021-10-02-at-15.20.25-212x300.jpeg\" alt=\"\" class=\"wp-image-80177\" srcset=\"https:\/\/lospoliticosveracruz.com\/wp-content\/uploads\/2021\/10\/WhatsApp-Image-2021-10-02-at-15.20.25-212x300.jpeg 212w, https:\/\/lospoliticosveracruz.com\/wp-content\/uploads\/2021\/10\/WhatsApp-Image-2021-10-02-at-15.20.25-724x1024.jpeg 724w, https:\/\/lospoliticosveracruz.com\/wp-content\/uploads\/2021\/10\/WhatsApp-Image-2021-10-02-at-15.20.25-768x1086.jpeg 768w, https:\/\/lospoliticosveracruz.com\/wp-content\/uploads\/2021\/10\/WhatsApp-Image-2021-10-02-at-15.20.25.jpeg 905w\" sizes=\"auto, (max-width: 212px) 100vw, 212px\" \/><\/a><\/figure>\n<\/div>\n\n\n<p>Cuitl\u00e1huac anunci\u00f3 que el Informe lo dar\u00e1 el 16 de este mes en P\u00e1nuco \u201cen un lugar muy grande, pero sin invitados especiales\u2026 Ya tenemos el lugar, va a ser in\u00e9dito\u201d.&nbsp;<\/p>\n\n\n\n<p>\u00bfLugar muy grande? S\u00f3lo que sea la Unidad Deportiva, el parque principal del municipio o alguno de sus vastos potreros.&nbsp;<\/p>\n\n\n\n<p>Si lee su mensaje en cualquiera de esos sitios ser\u00e1 un acto in\u00e9dito porque no se tiene registro que en la Unidad Deportiva, el parque principal y menos en los potreros panuquenses, gobernador alguno haya rendido un Informe de labores.&nbsp; &nbsp;<\/p>\n\n\n\n<p>La idea es llenar el recinto seleccionado con miles de acarreados para homenajear al gobernador que se nos va porque se integrar\u00e1 en los meses por venir, a la campa\u00f1a de Claudia Sheinbaum rumbo a la presidencia de la Rep\u00fablica.&nbsp;<\/p>\n\n\n\n<p>Al menos as\u00ed me la contaron.&nbsp;<\/p>\n\n\n\n<p>En lo personal lector no creo semejante cuento. Si hay alguien a quien Claudia quiere ver pero a a\u00f1os luz de distancia, es a Cuitl\u00e1huac Garc\u00eda.&nbsp;<\/p>\n\n\n\n<p>\u00bfPero por qu\u00e9 si son tan cuates? Cuates s\u00f3lo para la foto.&nbsp;&nbsp;<\/p>\n\n\n\n<p>Es cierto que cuando se encuentran se sonr\u00eden y se apapachan; es cierto que Cuitl\u00e1huac no pierde oportunidad de subir a sus redes sus fotos con la Jefa de Gobierno capitalino. Es verdad que en p\u00fablico la se\u00f1ora se expresa muy bien del gobernador veracruzano. Pero de eso a aceptarlo siquiera como carga maletas durante su campa\u00f1a \u201cni loca que estuviera\u201d, dicen que dijo.&nbsp;<\/p>\n\n\n\n<p>Aunque la mujer no se manda sola y sabe que si de Palacio Nacional se lo imponen, no le va a quedar de otra que apechugar.&nbsp;<\/p>\n\n\n\n<p>El rumor sobre la inminente salida del gobernador volvi\u00f3 a tomar fuerza porque al parecer la futura candidata de Morena a sucederlo en el cargo, Roc\u00edo Nahle, no le tiene confianza; tampoco a los cuitlahuistas. \u201cRoc\u00edo tiene presente que si sigue Cuitl\u00e1huac en la gubernatura se convertir\u00e1 en un lastre para su campa\u00f1a. Tambi\u00e9n desconf\u00eda de su gabinete, principalmente de Eric Cisneros al que mi patrona hizo gente pero le ha pagado muy mal\u201d, me dijo un cercano a la zacatecana.&nbsp;&nbsp;<\/p>\n\n\n\n<p>Esto s\u00ed es m\u00e1s cre\u00edble.&nbsp;<\/p>\n\n\n\n<p>Si uno de los peores gobernadores que tiene el pa\u00eds como lo es Cuitl\u00e1huac sigue en el cargo, incidir\u00e1 negativamente en la campa\u00f1a de Roc\u00edo. Y es que los adversarios del gobernador (que los tiene por racimos), le echar\u00e1n en cara a la zacatecana todos los desatinos del mandatario estatal lo que provocar\u00e1 que haga una campa\u00f1a a la defensiva.<\/p>\n\n\n\n<p>En resumen; si a lo que no ha hecho por Veracruz ni como senadora ni como secretar\u00eda de Energ\u00eda se le agrega el lastre de Cuitl\u00e1huac, la se\u00f1ora tiene garantizada la derrota.&nbsp;<\/p>\n\n\n\n<p>\u00bfY qui\u00e9n ser\u00eda el sustituto de Cuitl\u00e1huac? El caballito de batalla de L\u00f3pez Obrador: Ricardo Ahued Bardahuil, el flamante alcalde de Xalapa.&nbsp;<\/p>\n\n\n\n<p>\u00bfY a quien podr\u00edan en la alcald\u00eda en sustituci\u00f3n de Ricardo? Ah\u00ed es donde la marrana va a torcer el rabo porque, al menos en Morena, no cuentan con un suplente con el empaque y la honestidad de Ricardo que como paradoja, no es militante de ese partido.&nbsp;<\/p>\n\n\n\n<p>Una cosa es segura, si Cuitl\u00e1huac sigue en la gubernatura hasta el 2024 har\u00e1 perder a Roc\u00edo. Y si lo mandan a la CDMX a la campa\u00f1a de Claudia, har\u00e1 perder a la Jefa de Gobierno. Es decir, tan p\u00e9simo para la una como para la otra.&nbsp;<\/p>\n\n\n\n<p>Lo mejor para Morena en Veracruz, la CDMX y para el propio Cuitl\u00e1huac, es que L\u00f3pez Obrador lo mande a su casa o lo ponga en alguna oficinita de Palacio de Nacional. Si lo deja en la gubernatura la va a regar, pero si se lo manda a Claudia la va a desparramar. Si es que en efecto lo piensa hacer.&nbsp; &nbsp; &nbsp;<\/p>\n\n\n\n<p>Vaya dilema para Andr\u00e9s Manuel con un sujeto que ha resultado una nulidad casi total, pero que tiene la fortuna de pertenecer a la banda de pol\u00edticos \u201chonestos y decentes\u201d, virtudes que a excepci\u00f3n del tabasque\u00f1o, muy pocos ven.&nbsp;<\/p>\n\n\n\n<p>\u00bfSer\u00e1 que en efecto lo remuevan?&nbsp;<\/p>\n\n\n\n<p>Eso no lo sabremos hasta que suceda.&nbsp;<\/p>\n\n\n\n<p>bernardogup@hotmail.com<\/p>\n","protected":false},"excerpt":{"rendered":"<p>Bernardo Guti\u00e9rrez Parra&nbsp; Desde el Caf\u00e9&nbsp; Quienes andan corriendo a Cuitl\u00e1huac Garc\u00eda de la gubernatura casi desde el comienzo de su administraci\u00f3n, aseguran que el ingeniero mec\u00e1nico electricista \u201cahora s\u00ed se va\u201d. Y basan su tesis en declaraciones del propio gobernador con motivo de su Cuatro Informe.&nbsp; Cuitl\u00e1huac anunci\u00f3 que el Informe lo dar\u00e1 el [&hellip;]<\/p>\n","protected":false},"author":2,"featured_media":0,"comment_status":"closed","ping_status":"closed","sticky":false,"template":"","format":"standard","meta":{"tdm_status":"","tdm_grid_status":"","footnotes":""},"categories":[70],"tags":[618,34206,35980,1563,1026,2812,4386,195],"class_list":{"0":"post-97891","1":"post","2":"type-post","3":"status-publish","4":"format-standard","6":"category-de-opinion","7":"tag-andres-manuel-lopez-obrador","8":"tag-bernardo-gutierrez-parra","9":"tag-cuatro-informe","10":"tag-cuitlahuac-garcia-jimenez","11":"tag-morena","12":"tag-ricardo-ahued-bardahuil","13":"tag-rocio-nahle-garcia","14":"tag-veracruz"},"yoast_head":"<!-- This site is optimized with the Yoast SEO plugin v27.4 - https:\/\/yoast.com\/product\/yoast-seo-wordpress\/ -->\n<title>QUE SIEMPRE S\u00cd SE NOS VA CUITL\u00c1HUAC - Los pol\u00edticos Veracruz<\/title>\n<meta name=\"robots\" content=\"index, follow, max-snippet:-1, max-image-preview:large, max-video-preview:-1\" \/>\n<link rel=\"canonical\" href=\"https:\/\/lospoliticosveracruz.com\/?p=97891\" \/>\n<meta property=\"og:locale\" content=\"es_ES\" \/>\n<meta property=\"og:type\" content=\"article\" \/>\n<meta property=\"og:title\" content=\"QUE SIEMPRE S\u00cd SE NOS VA CUITL\u00c1HUAC - Los pol\u00edticos Veracruz\" \/>\n<meta property=\"og:description\" content=\"Bernardo Guti\u00e9rrez Parra&nbsp; Desde el Caf\u00e9&nbsp; Quienes andan corriendo a Cuitl\u00e1huac Garc\u00eda de la gubernatura casi desde el comienzo de su administraci\u00f3n, aseguran que el ingeniero mec\u00e1nico electricista \u201cahora s\u00ed se va\u201d. Y basan su tesis en declaraciones del propio gobernador con motivo de su Cuatro Informe.&nbsp; Cuitl\u00e1huac anunci\u00f3 que el Informe lo dar\u00e1 el [&hellip;]\" \/>\n<meta property=\"og:url\" content=\"https:\/\/lospoliticosveracruz.com\/?p=97891\" \/>\n<meta property=\"og:site_name\" content=\"Los pol\u00edticos Veracruz\" \/>\n<meta property=\"article:publisher\" content=\"https:\/\/www.facebook.com\/people\/Notimemes-de-los-Polticos\/61565672886568\/\" \/>\n<meta property=\"article:published_time\" content=\"2022-11-05T13:47:41+00:00\" \/>\n<meta property=\"article:modified_time\" content=\"2022-11-05T13:51:09+00:00\" \/>\n<meta property=\"og:image\" content=\"https:\/\/lospoliticosveracruz.com.mx\/wp-content\/uploads\/2021\/10\/WhatsApp-Image-2021-10-02-at-15.20.25-212x300.jpeg\" \/>\n<meta name=\"author\" content=\"Lo viste en Los Pol\u00edticos\" \/>\n<meta name=\"twitter:card\" content=\"summary_large_image\" \/>\n<meta name=\"twitter:creator\" content=\"@LosPoliticosVer\" \/>\n<meta name=\"twitter:site\" content=\"@LosPoliticosVer\" \/>\n<meta name=\"twitter:label1\" content=\"Escrito por\" \/>\n\t<meta name=\"twitter:data1\" content=\"Lo viste en Los Pol\u00edticos\" \/>\n\t<meta name=\"twitter:label2\" content=\"Tiempo de lectura\" \/>\n\t<meta name=\"twitter:data2\" content=\"4 minutos\" \/>\n<script type=\"application\/ld+json\" class=\"yoast-schema-graph\">{\"@context\":\"https:\\\/\\\/schema.org\",\"@graph\":[{\"@type\":\"Article\",\"@id\":\"https:\\\/\\\/lospoliticosveracruz.com\\\/?p=97891#article\",\"isPartOf\":{\"@id\":\"https:\\\/\\\/lospoliticosveracruz.com\\\/?p=97891\"},\"author\":{\"name\":\"Lo viste en Los Pol\u00edticos\",\"@id\":\"https:\\\/\\\/lospoliticosveracruz.com\\\/#\\\/schema\\\/person\\\/b8702bb0e538456e6efd07080bf2a4a2\"},\"headline\":\"QUE SIEMPRE S\u00cd SE NOS VA CUITL\u00c1HUAC\",\"datePublished\":\"2022-11-05T13:47:41+00:00\",\"dateModified\":\"2022-11-05T13:51:09+00:00\",\"mainEntityOfPage\":{\"@id\":\"https:\\\/\\\/lospoliticosveracruz.com\\\/?p=97891\"},\"wordCount\":812,\"publisher\":{\"@id\":\"https:\\\/\\\/lospoliticosveracruz.com\\\/#organization\"},\"image\":{\"@id\":\"https:\\\/\\\/lospoliticosveracruz.com\\\/?p=97891#primaryimage\"},\"thumbnailUrl\":\"https:\\\/\\\/lospoliticosveracruz.com.mx\\\/wp-content\\\/uploads\\\/2021\\\/10\\\/WhatsApp-Image-2021-10-02-at-15.20.25-212x300.jpeg\",\"keywords\":[\"Andr\u00e9s Manuel L\u00f3pez Obrador\",\"Bernardo Guti\u00e9rrez Parra\",\"Cuatro Informe\",\"Cuitl\u00e1huac Garc\u00eda Jim\u00e9nez\",\"Morena\",\"Ricardo Ahued Bardahuil\",\"Roc\u00edo Nahle Garc\u00eda\",\"Veracruz\"],\"articleSection\":[\"De Opini\u00f3n\"],\"inLanguage\":\"es\"},{\"@type\":\"WebPage\",\"@id\":\"https:\\\/\\\/lospoliticosveracruz.com\\\/?p=97891\",\"url\":\"https:\\\/\\\/lospoliticosveracruz.com\\\/?p=97891\",\"name\":\"QUE SIEMPRE S\u00cd SE NOS VA CUITL\u00c1HUAC - Los pol\u00edticos Veracruz\",\"isPartOf\":{\"@id\":\"https:\\\/\\\/lospoliticosveracruz.com\\\/#website\"},\"primaryImageOfPage\":{\"@id\":\"https:\\\/\\\/lospoliticosveracruz.com\\\/?p=97891#primaryimage\"},\"image\":{\"@id\":\"https:\\\/\\\/lospoliticosveracruz.com\\\/?p=97891#primaryimage\"},\"thumbnailUrl\":\"https:\\\/\\\/lospoliticosveracruz.com.mx\\\/wp-content\\\/uploads\\\/2021\\\/10\\\/WhatsApp-Image-2021-10-02-at-15.20.25-212x300.jpeg\",\"datePublished\":\"2022-11-05T13:47:41+00:00\",\"dateModified\":\"2022-11-05T13:51:09+00:00\",\"breadcrumb\":{\"@id\":\"https:\\\/\\\/lospoliticosveracruz.com\\\/?p=97891#breadcrumb\"},\"inLanguage\":\"es\",\"potentialAction\":[{\"@type\":\"ReadAction\",\"target\":[\"https:\\\/\\\/lospoliticosveracruz.com\\\/?p=97891\"]}]},{\"@type\":\"ImageObject\",\"inLanguage\":\"es\",\"@id\":\"https:\\\/\\\/lospoliticosveracruz.com\\\/?p=97891#primaryimage\",\"url\":\"https:\\\/\\\/lospoliticosveracruz.com.mx\\\/wp-content\\\/uploads\\\/2021\\\/10\\\/WhatsApp-Image-2021-10-02-at-15.20.25-212x300.jpeg\",\"contentUrl\":\"https:\\\/\\\/lospoliticosveracruz.com.mx\\\/wp-content\\\/uploads\\\/2021\\\/10\\\/WhatsApp-Image-2021-10-02-at-15.20.25-212x300.jpeg\"},{\"@type\":\"BreadcrumbList\",\"@id\":\"https:\\\/\\\/lospoliticosveracruz.com\\\/?p=97891#breadcrumb\",\"itemListElement\":[{\"@type\":\"ListItem\",\"position\":1,\"name\":\"Portada\",\"item\":\"https:\\\/\\\/lospoliticosveracruz.com\\\/\"},{\"@type\":\"ListItem\",\"position\":2,\"name\":\"QUE SIEMPRE S\u00cd SE NOS VA CUITL\u00c1HUAC\"}]},{\"@type\":\"WebSite\",\"@id\":\"https:\\\/\\\/lospoliticosveracruz.com\\\/#website\",\"url\":\"https:\\\/\\\/lospoliticosveracruz.com\\\/\",\"name\":\"Los pol\u00edticos Veracruz\",\"description\":\"\",\"publisher\":{\"@id\":\"https:\\\/\\\/lospoliticosveracruz.com\\\/#organization\"},\"potentialAction\":[{\"@type\":\"SearchAction\",\"target\":{\"@type\":\"EntryPoint\",\"urlTemplate\":\"https:\\\/\\\/lospoliticosveracruz.com\\\/?s={search_term_string}\"},\"query-input\":{\"@type\":\"PropertyValueSpecification\",\"valueRequired\":true,\"valueName\":\"search_term_string\"}}],\"inLanguage\":\"es\"},{\"@type\":\"Organization\",\"@id\":\"https:\\\/\\\/lospoliticosveracruz.com\\\/#organization\",\"name\":\"Los pol\u00edticos Veracruz\",\"url\":\"https:\\\/\\\/lospoliticosveracruz.com\\\/\",\"logo\":{\"@type\":\"ImageObject\",\"inLanguage\":\"es\",\"@id\":\"https:\\\/\\\/lospoliticosveracruz.com\\\/#\\\/schema\\\/logo\\\/image\\\/\",\"url\":\"https:\\\/\\\/lospoliticosveracruz.com\\\/wp-content\\\/uploads\\\/2025\\\/12\\\/Logo-Nuevo-LOS-POLITICOS-1.jpg\",\"contentUrl\":\"https:\\\/\\\/lospoliticosveracruz.com\\\/wp-content\\\/uploads\\\/2025\\\/12\\\/Logo-Nuevo-LOS-POLITICOS-1.jpg\",\"width\":260,\"height\":70,\"caption\":\"Los pol\u00edticos Veracruz\"},\"image\":{\"@id\":\"https:\\\/\\\/lospoliticosveracruz.com\\\/#\\\/schema\\\/logo\\\/image\\\/\"},\"sameAs\":[\"https:\\\/\\\/www.facebook.com\\\/people\\\/Notimemes-de-los-Polticos\\\/61565672886568\\\/\",\"https:\\\/\\\/x.com\\\/LosPoliticosVer\"]},{\"@type\":\"Person\",\"@id\":\"https:\\\/\\\/lospoliticosveracruz.com\\\/#\\\/schema\\\/person\\\/b8702bb0e538456e6efd07080bf2a4a2\",\"name\":\"Lo viste en Los Pol\u00edticos\",\"image\":{\"@type\":\"ImageObject\",\"inLanguage\":\"es\",\"@id\":\"https:\\\/\\\/secure.gravatar.com\\\/avatar\\\/3a8de04a2656d44082be478bd6c086daa447c4651605818287b9532d3d0bd435?s=96&d=mm&r=g\",\"url\":\"https:\\\/\\\/secure.gravatar.com\\\/avatar\\\/3a8de04a2656d44082be478bd6c086daa447c4651605818287b9532d3d0bd435?s=96&d=mm&r=g\",\"contentUrl\":\"https:\\\/\\\/secure.gravatar.com\\\/avatar\\\/3a8de04a2656d44082be478bd6c086daa447c4651605818287b9532d3d0bd435?s=96&d=mm&r=g\",\"caption\":\"Lo viste en Los Pol\u00edticos\"},\"url\":\"https:\\\/\\\/lospoliticosveracruz.com\\\/?author=2\"}]}<\/script>\n<!-- \/ Yoast SEO plugin. -->","yoast_head_json":{"title":"QUE SIEMPRE S\u00cd SE NOS VA CUITL\u00c1HUAC - Los pol\u00edticos Veracruz","robots":{"index":"index","follow":"follow","max-snippet":"max-snippet:-1","max-image-preview":"max-image-preview:large","max-video-preview":"max-video-preview:-1"},"canonical":"https:\/\/lospoliticosveracruz.com\/?p=97891","og_locale":"es_ES","og_type":"article","og_title":"QUE SIEMPRE S\u00cd SE NOS VA CUITL\u00c1HUAC - Los pol\u00edticos Veracruz","og_description":"Bernardo Guti\u00e9rrez Parra&nbsp; Desde el Caf\u00e9&nbsp; Quienes andan corriendo a Cuitl\u00e1huac Garc\u00eda de la gubernatura casi desde el comienzo de su administraci\u00f3n, aseguran que el ingeniero mec\u00e1nico electricista \u201cahora s\u00ed se va\u201d. Y basan su tesis en declaraciones del propio gobernador con motivo de su Cuatro Informe.&nbsp; Cuitl\u00e1huac anunci\u00f3 que el Informe lo dar\u00e1 el [&hellip;]","og_url":"https:\/\/lospoliticosveracruz.com\/?p=97891","og_site_name":"Los pol\u00edticos Veracruz","article_publisher":"https:\/\/www.facebook.com\/people\/Notimemes-de-los-Polticos\/61565672886568\/","article_published_time":"2022-11-05T13:47:41+00:00","article_modified_time":"2022-11-05T13:51:09+00:00","og_image":[{"url":"https:\/\/lospoliticosveracruz.com.mx\/wp-content\/uploads\/2021\/10\/WhatsApp-Image-2021-10-02-at-15.20.25-212x300.jpeg","type":"","width":"","height":""}],"author":"Lo viste en Los Pol\u00edticos","twitter_card":"summary_large_image","twitter_creator":"@LosPoliticosVer","twitter_site":"@LosPoliticosVer","twitter_misc":{"Escrito por":"Lo viste en Los Pol\u00edticos","Tiempo de lectura":"4 minutos"},"schema":{"@context":"https:\/\/schema.org","@graph":[{"@type":"Article","@id":"https:\/\/lospoliticosveracruz.com\/?p=97891#article","isPartOf":{"@id":"https:\/\/lospoliticosveracruz.com\/?p=97891"},"author":{"name":"Lo viste en Los Pol\u00edticos","@id":"https:\/\/lospoliticosveracruz.com\/#\/schema\/person\/b8702bb0e538456e6efd07080bf2a4a2"},"headline":"QUE SIEMPRE S\u00cd SE NOS VA CUITL\u00c1HUAC","datePublished":"2022-11-05T13:47:41+00:00","dateModified":"2022-11-05T13:51:09+00:00","mainEntityOfPage":{"@id":"https:\/\/lospoliticosveracruz.com\/?p=97891"},"wordCount":812,"publisher":{"@id":"https:\/\/lospoliticosveracruz.com\/#organization"},"image":{"@id":"https:\/\/lospoliticosveracruz.com\/?p=97891#primaryimage"},"thumbnailUrl":"https:\/\/lospoliticosveracruz.com.mx\/wp-content\/uploads\/2021\/10\/WhatsApp-Image-2021-10-02-at-15.20.25-212x300.jpeg","keywords":["Andr\u00e9s Manuel L\u00f3pez Obrador","Bernardo Guti\u00e9rrez Parra","Cuatro Informe","Cuitl\u00e1huac Garc\u00eda Jim\u00e9nez","Morena","Ricardo Ahued Bardahuil","Roc\u00edo Nahle Garc\u00eda","Veracruz"],"articleSection":["De Opini\u00f3n"],"inLanguage":"es"},{"@type":"WebPage","@id":"https:\/\/lospoliticosveracruz.com\/?p=97891","url":"https:\/\/lospoliticosveracruz.com\/?p=97891","name":"QUE SIEMPRE S\u00cd SE NOS VA CUITL\u00c1HUAC - Los pol\u00edticos Veracruz","isPartOf":{"@id":"https:\/\/lospoliticosveracruz.com\/#website"},"primaryImageOfPage":{"@id":"https:\/\/lospoliticosveracruz.com\/?p=97891#primaryimage"},"image":{"@id":"https:\/\/lospoliticosveracruz.com\/?p=97891#primaryimage"},"thumbnailUrl":"https:\/\/lospoliticosveracruz.com.mx\/wp-content\/uploads\/2021\/10\/WhatsApp-Image-2021-10-02-at-15.20.25-212x300.jpeg","datePublished":"2022-11-05T13:47:41+00:00","dateModified":"2022-11-05T13:51:09+00:00","breadcrumb":{"@id":"https:\/\/lospoliticosveracruz.com\/?p=97891#breadcrumb"},"inLanguage":"es","potentialAction":[{"@type":"ReadAction","target":["https:\/\/lospoliticosveracruz.com\/?p=97891"]}]},{"@type":"ImageObject","inLanguage":"es","@id":"https:\/\/lospoliticosveracruz.com\/?p=97891#primaryimage","url":"https:\/\/lospoliticosveracruz.com.mx\/wp-content\/uploads\/2021\/10\/WhatsApp-Image-2021-10-02-at-15.20.25-212x300.jpeg","contentUrl":"https:\/\/lospoliticosveracruz.com.mx\/wp-content\/uploads\/2021\/10\/WhatsApp-Image-2021-10-02-at-15.20.25-212x300.jpeg"},{"@type":"BreadcrumbList","@id":"https:\/\/lospoliticosveracruz.com\/?p=97891#breadcrumb","itemListElement":[{"@type":"ListItem","position":1,"name":"Portada","item":"https:\/\/lospoliticosveracruz.com\/"},{"@type":"ListItem","position":2,"name":"QUE SIEMPRE S\u00cd SE NOS VA CUITL\u00c1HUAC"}]},{"@type":"WebSite","@id":"https:\/\/lospoliticosveracruz.com\/#website","url":"https:\/\/lospoliticosveracruz.com\/","name":"Los pol\u00edticos Veracruz","description":"","publisher":{"@id":"https:\/\/lospoliticosveracruz.com\/#organization"},"potentialAction":[{"@type":"SearchAction","target":{"@type":"EntryPoint","urlTemplate":"https:\/\/lospoliticosveracruz.com\/?s={search_term_string}"},"query-input":{"@type":"PropertyValueSpecification","valueRequired":true,"valueName":"search_term_string"}}],"inLanguage":"es"},{"@type":"Organization","@id":"https:\/\/lospoliticosveracruz.com\/#organization","name":"Los pol\u00edticos Veracruz","url":"https:\/\/lospoliticosveracruz.com\/","logo":{"@type":"ImageObject","inLanguage":"es","@id":"https:\/\/lospoliticosveracruz.com\/#\/schema\/logo\/image\/","url":"https:\/\/lospoliticosveracruz.com\/wp-content\/uploads\/2025\/12\/Logo-Nuevo-LOS-POLITICOS-1.jpg","contentUrl":"https:\/\/lospoliticosveracruz.com\/wp-content\/uploads\/2025\/12\/Logo-Nuevo-LOS-POLITICOS-1.jpg","width":260,"height":70,"caption":"Los pol\u00edticos Veracruz"},"image":{"@id":"https:\/\/lospoliticosveracruz.com\/#\/schema\/logo\/image\/"},"sameAs":["https:\/\/www.facebook.com\/people\/Notimemes-de-los-Polticos\/61565672886568\/","https:\/\/x.com\/LosPoliticosVer"]},{"@type":"Person","@id":"https:\/\/lospoliticosveracruz.com\/#\/schema\/person\/b8702bb0e538456e6efd07080bf2a4a2","name":"Lo viste en Los Pol\u00edticos","image":{"@type":"ImageObject","inLanguage":"es","@id":"https:\/\/secure.gravatar.com\/avatar\/3a8de04a2656d44082be478bd6c086daa447c4651605818287b9532d3d0bd435?s=96&d=mm&r=g","url":"https:\/\/secure.gravatar.com\/avatar\/3a8de04a2656d44082be478bd6c086daa447c4651605818287b9532d3d0bd435?s=96&d=mm&r=g","contentUrl":"https:\/\/secure.gravatar.com\/avatar\/3a8de04a2656d44082be478bd6c086daa447c4651605818287b9532d3d0bd435?s=96&d=mm&r=g","caption":"Lo viste en Los Pol\u00edticos"},"url":"https:\/\/lospoliticosveracruz.com\/?author=2"}]}},"_links":{"self":[{"href":"https:\/\/lospoliticosveracruz.com\/index.php?rest_route=\/wp\/v2\/posts\/97891","targetHints":{"allow":["GET"]}}],"collection":[{"href":"https:\/\/lospoliticosveracruz.com\/index.php?rest_route=\/wp\/v2\/posts"}],"about":[{"href":"https:\/\/lospoliticosveracruz.com\/index.php?rest_route=\/wp\/v2\/types\/post"}],"author":[{"embeddable":true,"href":"https:\/\/lospoliticosveracruz.com\/index.php?rest_route=\/wp\/v2\/users\/2"}],"replies":[{"embeddable":true,"href":"https:\/\/lospoliticosveracruz.com\/index.php?rest_route=%2Fwp%2Fv2%2Fcomments&post=97891"}],"version-history":[{"count":2,"href":"https:\/\/lospoliticosveracruz.com\/index.php?rest_route=\/wp\/v2\/posts\/97891\/revisions"}],"predecessor-version":[{"id":97893,"href":"https:\/\/lospoliticosveracruz.com\/index.php?rest_route=\/wp\/v2\/posts\/97891\/revisions\/97893"}],"wp:attachment":[{"href":"https:\/\/lospoliticosveracruz.com\/index.php?rest_route=%2Fwp%2Fv2%2Fmedia&parent=97891"}],"wp:term":[{"taxonomy":"category","embeddable":true,"href":"https:\/\/lospoliticosveracruz.com\/index.php?rest_route=%2Fwp%2Fv2%2Fcategories&post=97891"},{"taxonomy":"post_tag","embeddable":true,"href":"https:\/\/lospoliticosveracruz.com\/index.php?rest_route=%2Fwp%2Fv2%2Ftags&post=97891"}],"curies":[{"name":"wp","href":"https:\/\/api.w.org\/{rel}","templated":true}]}}