{"id":97925,"date":"2022-11-06T16:02:21","date_gmt":"2022-11-06T22:02:21","guid":{"rendered":"https:\/\/lospoliticosveracruz.com.mx\/?p=97925"},"modified":"2022-11-07T08:12:11","modified_gmt":"2022-11-07T14:12:11","slug":"mago-corro-la-sexta","status":"publish","type":"post","link":"https:\/\/lospoliticosveracruz.com\/?p=97925","title":{"rendered":"MAGO CORRO, LA SEXTA"},"content":{"rendered":"\n<p><br><strong>Brenda Caballero<\/strong><br><em>N\u00fameros Rojos<\/em><\/p>\n\n\n\n<p>Tiene al menos dos lecturas el ascenso de Margarita Corro Mendoza el pasado s\u00e1bado a la Presidencia de la Mesa Directiva de la LXVI Legislatura, para el segundo a\u00f1o legislativo que terminar\u00e1 el 4 de noviembre de 2023:<\/p>\n\n\n\n<figure class=\"wp-block-image size-full\"><a href=\"https:\/\/lospoliticosveracruz.com.mx\/wp-content\/uploads\/2022\/05\/Seguro-Julio-Cerecedo.jpg\"><img decoding=\"async\" src=\"https:\/\/lospoliticosveracruz.com.mx\/wp-content\/uploads\/2022\/05\/Seguro-Julio-Cerecedo.jpg\" alt=\"\" class=\"wp-image-90414\"\/><\/a><\/figure>\n\n\n\n<p><br>La primera, tiene relaci\u00f3n con la lucha por la igualdad sustantiva entre hombres y mujeres, con la Paridad en Todo y su publicaci\u00f3n en el Diario Oficial de la Federaci\u00f3n el 6 de junio de 2019 donde se manifest\u00f3 que los Congresos deber\u00edan integrarse por el 50 por ciento de mujeres y 50 por ciento varones. Pero tambi\u00e9n en que la misma acci\u00f3n deber\u00eda aplicarse a la conformaci\u00f3n de la Mesa Directiva, tiene que haber Paridad, para que las diputadas de los Congresos ocuparan puestos de toma de decisiones en la vida pol\u00edtica de la entidad.<br>La segunda lectura consistir\u00eda en un acto de justicia al interior de Morena, porque entre algunos diputados de \u00e9sta y la anterior Legislatura, consideran que a Mago, \u201cya se la deb\u00edan\u201d. \u00bfPor qu\u00e9?<br>Bueno, pues en la LXV Legislatura, cuando llega la marea morena o m\u00e1s bien, el Tsunami moreno, por su aplastante mayor\u00eda, se corri\u00f3 el rumor de dos perfiles para que asumieran los poderes legislativos en el Congreso local: Amado Cruz Malpica, en la Junta de Coordinaci\u00f3n Pol\u00edtica; y Margarita Corro Mendoza, en la presidencia de la Mesa Directiva, cumpliendo por supuesto con la Paridad en la Legislatura y la Paridad en sus \u00f3rganos internos para la toma de decisiones.<br>Sin embargo, no fue as\u00ed, a pesar de que ambos eran representativos de Morena; figuras del sur y la cuenca; siempre considerados de oposici\u00f3n y de izquierda; ambos amlo\u00edstas y fundadores de Morena en Veracruz; siempre al lado de su l\u00edder moral Andr\u00e9s Manuel L\u00f3pez Obrador \u00a1desde hace muuuchos a\u00f1os!<br>Pero los pron\u00f3sticos fallaron, y ninguno de los dos lleg\u00f3 a estas posiciones del poder legislativo y s\u00ed Juan Javier G\u00f3mez Cazar\u00edn y Jos\u00e9 Manuel Pozos Castro. En el primer caso, ante la marea morena que lleg\u00f3 al Congreso, los panistas esperaban el ascenso de Amado Cruz Malpica, porque de cierto modo ya conoc\u00edan la forma y modo de hacer pol\u00edtica del sure\u00f1o. Dijera el dicho: \u201cM\u00e1s vale viejo conocido, que malo por conocer\u201d. En el segundo caso, los m\u00e1s sorprendidos fueron los morenos porque no entend\u00edan c\u00f3mo un pol\u00edtico que hab\u00eda cambiado r\u00e1pidamente de camiseta, pasado por el PRI y por el PAN, ocupara un espacio que ellos consideraban exclusivo para los que por a\u00f1os, luchaban por el cambio\u2026 ah! Y luego de Pozos, se la dieron a Rub\u00e9n R\u00edos Uribe!<br>Por eso, ahora que lleg\u00f3 Mago a la Presidencia, se dice que \u201cse la deb\u00edan\u201d.<br>Aunque otra versi\u00f3n circul\u00f3 con fuerza: \u00bfPosici\u00f3n del Secretario de Gobierno, Eric Cisneros Burgos? Hay quienes vinculan a Mago Corro con el secretario de Gobierno, imagino por una mera cuesti\u00f3n geopol\u00edtica\u2026 ambos, son de la Cuenca. Pero la versi\u00f3n tom\u00f3 fuerza cuando en d\u00edas pasados, para ser precisa en las celebraciones del D\u00eda de Muertos, hizo su aparici\u00f3n por el Congreso local Eric Cisneros Burgos, para hacerla hasta de jurado principal en el Concurso de Altares a los Fieles Difuntos que all\u00ed colocaron.<br>Realmente ser\u00eda ruin, indignante e injusto pensar en esta \u00faltima versi\u00f3n, m\u00e1s cuando Mago se ha labrado mediante trabajo, su camino pol\u00edtico; ella tiene a\u00f1os de experiencia, adem\u00e1s de tablas pol\u00edticas para llegar solita a la Presidencia, sin ayuda de nadie. Por a\u00f1os ha nadado a contracorriente y se ha fajado en su lucha desde la oposici\u00f3n. Ella con la mano en la cintura puede levantarse y pararse en tribuna para defender con argumentos, alejados de la ofensa y con un buen manejo del discurso, al igual que la mayor\u00eda de las mujeres que han estado en la Presidencia de la Mesa Directiva y que han hecho un estupendo trabajo. Con Mago recordamos a las 5 Presidentas anteriores: La primera, Carolina Gudi\u00f1o Corro (LXI Legislatura); Anil\u00fa Ingram Vallines y Octavia Ortega Arteaga (LXIII Legislatura); Mariely Manterola Sainz (LXIV Legislatura) quien tuvo como Vicepresidenta a Dulce Mar\u00eda Garc\u00eda L\u00f3pez, y como Secretaria, a Regina V\u00e1zquez Saut; y en esta LXVI Legislatura, a Cecilia Guevara Guembe.<br>Dijera la feminista Martha Tagle: \u201cNo basta con estar en el Poder, sino tenerlo\u201d.<\/p>\n\n\n\n<p>Twiter: @NumerosRojos_BC<br>caballero_brenda@hotmail.com<\/p>\n","protected":false},"excerpt":{"rendered":"<p>Brenda CaballeroN\u00fameros Rojos Tiene al menos dos lecturas el ascenso de Margarita Corro Mendoza el pasado s\u00e1bado a la Presidencia de la Mesa Directiva de la LXVI Legislatura, para el segundo a\u00f1o legislativo que terminar\u00e1 el 4 de noviembre de 2023: La primera, tiene relaci\u00f3n con la lucha por la igualdad sustantiva entre hombres y [&hellip;]<\/p>\n","protected":false},"author":2,"featured_media":51686,"comment_status":"closed","ping_status":"closed","sticky":false,"template":"","format":"standard","meta":{"tdm_status":"","tdm_grid_status":"","footnotes":""},"categories":[70],"tags":[1872,3952,31097,13187,5020,1026,1443,266,251,195],"class_list":{"0":"post-97925","1":"post","2":"type-post","3":"status-publish","4":"format-standard","5":"has-post-thumbnail","7":"category-de-opinion","8":"tag-anilu-ingram-vallines","9":"tag-carolina-gudino-corro","10":"tag-cecilia-guevara-guembe","11":"tag-margarita-corro-mendoza","12":"tag-mariely-manterola-sainz","13":"tag-morena","14":"tag-octavia-ortega-arteaga","15":"tag-pan","16":"tag-pri","17":"tag-veracruz"},"yoast_head":"<!-- This site is optimized with the Yoast SEO plugin v27.4 - https:\/\/yoast.com\/product\/yoast-seo-wordpress\/ -->\n<title>MAGO CORRO, LA SEXTA - Los pol\u00edticos Veracruz<\/title>\n<meta name=\"robots\" content=\"index, follow, max-snippet:-1, max-image-preview:large, max-video-preview:-1\" \/>\n<link rel=\"canonical\" href=\"https:\/\/lospoliticosveracruz.com\/?p=97925\" \/>\n<meta property=\"og:locale\" content=\"es_ES\" \/>\n<meta property=\"og:type\" content=\"article\" \/>\n<meta property=\"og:title\" content=\"MAGO CORRO, LA SEXTA - Los pol\u00edticos Veracruz\" \/>\n<meta property=\"og:description\" content=\"Brenda CaballeroN\u00fameros Rojos Tiene al menos dos lecturas el ascenso de Margarita Corro Mendoza el pasado s\u00e1bado a la Presidencia de la Mesa Directiva de la LXVI Legislatura, para el segundo a\u00f1o legislativo que terminar\u00e1 el 4 de noviembre de 2023: La primera, tiene relaci\u00f3n con la lucha por la igualdad sustantiva entre hombres y [&hellip;]\" \/>\n<meta property=\"og:url\" content=\"https:\/\/lospoliticosveracruz.com\/?p=97925\" \/>\n<meta property=\"og:site_name\" content=\"Los pol\u00edticos Veracruz\" \/>\n<meta property=\"article:publisher\" content=\"https:\/\/www.facebook.com\/people\/Notimemes-de-los-Polticos\/61565672886568\/\" \/>\n<meta property=\"article:published_time\" content=\"2022-11-06T22:02:21+00:00\" \/>\n<meta property=\"article:modified_time\" content=\"2022-11-07T14:12:11+00:00\" \/>\n<meta property=\"og:image\" content=\"https:\/\/lospoliticosveracruz.com\/wp-content\/uploads\/2019\/12\/Margarita-Corro.jpeg\" \/>\n\t<meta property=\"og:image:width\" content=\"600\" \/>\n\t<meta property=\"og:image:height\" content=\"400\" \/>\n\t<meta property=\"og:image:type\" content=\"image\/jpeg\" \/>\n<meta name=\"author\" content=\"Lo viste en Los Pol\u00edticos\" \/>\n<meta name=\"twitter:card\" content=\"summary_large_image\" \/>\n<meta name=\"twitter:creator\" content=\"@LosPoliticosVer\" \/>\n<meta name=\"twitter:site\" content=\"@LosPoliticosVer\" \/>\n<meta name=\"twitter:label1\" content=\"Escrito por\" \/>\n\t<meta name=\"twitter:data1\" content=\"Lo viste en Los Pol\u00edticos\" \/>\n\t<meta name=\"twitter:label2\" content=\"Tiempo de lectura\" \/>\n\t<meta name=\"twitter:data2\" content=\"4 minutos\" \/>\n<script type=\"application\/ld+json\" class=\"yoast-schema-graph\">{\"@context\":\"https:\\\/\\\/schema.org\",\"@graph\":[{\"@type\":\"Article\",\"@id\":\"https:\\\/\\\/lospoliticosveracruz.com\\\/?p=97925#article\",\"isPartOf\":{\"@id\":\"https:\\\/\\\/lospoliticosveracruz.com\\\/?p=97925\"},\"author\":{\"name\":\"Lo viste en Los Pol\u00edticos\",\"@id\":\"https:\\\/\\\/lospoliticosveracruz.com\\\/#\\\/schema\\\/person\\\/b8702bb0e538456e6efd07080bf2a4a2\"},\"headline\":\"MAGO CORRO, LA SEXTA\",\"datePublished\":\"2022-11-06T22:02:21+00:00\",\"dateModified\":\"2022-11-07T14:12:11+00:00\",\"mainEntityOfPage\":{\"@id\":\"https:\\\/\\\/lospoliticosveracruz.com\\\/?p=97925\"},\"wordCount\":775,\"publisher\":{\"@id\":\"https:\\\/\\\/lospoliticosveracruz.com\\\/#organization\"},\"image\":{\"@id\":\"https:\\\/\\\/lospoliticosveracruz.com\\\/?p=97925#primaryimage\"},\"thumbnailUrl\":\"https:\\\/\\\/lospoliticosveracruz.com\\\/wp-content\\\/uploads\\\/2019\\\/12\\\/Margarita-Corro.jpeg\",\"keywords\":[\"Anil\u00fa Ingram Vallines\",\"Carolina Gudi\u00f1o Corro\",\"Cecilia Guevara Guembe\",\"Margarita Corro Mendoza\",\"Mariely Manterola Sainz\",\"Morena\",\"Octavia Ortega Arteaga\",\"PAN\",\"PRI\",\"Veracruz\"],\"articleSection\":[\"De Opini\u00f3n\"],\"inLanguage\":\"es\"},{\"@type\":\"WebPage\",\"@id\":\"https:\\\/\\\/lospoliticosveracruz.com\\\/?p=97925\",\"url\":\"https:\\\/\\\/lospoliticosveracruz.com\\\/?p=97925\",\"name\":\"MAGO CORRO, LA SEXTA - Los pol\u00edticos Veracruz\",\"isPartOf\":{\"@id\":\"https:\\\/\\\/lospoliticosveracruz.com\\\/#website\"},\"primaryImageOfPage\":{\"@id\":\"https:\\\/\\\/lospoliticosveracruz.com\\\/?p=97925#primaryimage\"},\"image\":{\"@id\":\"https:\\\/\\\/lospoliticosveracruz.com\\\/?p=97925#primaryimage\"},\"thumbnailUrl\":\"https:\\\/\\\/lospoliticosveracruz.com\\\/wp-content\\\/uploads\\\/2019\\\/12\\\/Margarita-Corro.jpeg\",\"datePublished\":\"2022-11-06T22:02:21+00:00\",\"dateModified\":\"2022-11-07T14:12:11+00:00\",\"breadcrumb\":{\"@id\":\"https:\\\/\\\/lospoliticosveracruz.com\\\/?p=97925#breadcrumb\"},\"inLanguage\":\"es\",\"potentialAction\":[{\"@type\":\"ReadAction\",\"target\":[\"https:\\\/\\\/lospoliticosveracruz.com\\\/?p=97925\"]}]},{\"@type\":\"ImageObject\",\"inLanguage\":\"es\",\"@id\":\"https:\\\/\\\/lospoliticosveracruz.com\\\/?p=97925#primaryimage\",\"url\":\"https:\\\/\\\/lospoliticosveracruz.com\\\/wp-content\\\/uploads\\\/2019\\\/12\\\/Margarita-Corro.jpeg\",\"contentUrl\":\"https:\\\/\\\/lospoliticosveracruz.com\\\/wp-content\\\/uploads\\\/2019\\\/12\\\/Margarita-Corro.jpeg\",\"width\":600,\"height\":400},{\"@type\":\"BreadcrumbList\",\"@id\":\"https:\\\/\\\/lospoliticosveracruz.com\\\/?p=97925#breadcrumb\",\"itemListElement\":[{\"@type\":\"ListItem\",\"position\":1,\"name\":\"Portada\",\"item\":\"https:\\\/\\\/lospoliticosveracruz.com\\\/\"},{\"@type\":\"ListItem\",\"position\":2,\"name\":\"MAGO CORRO, LA SEXTA\"}]},{\"@type\":\"WebSite\",\"@id\":\"https:\\\/\\\/lospoliticosveracruz.com\\\/#website\",\"url\":\"https:\\\/\\\/lospoliticosveracruz.com\\\/\",\"name\":\"Los pol\u00edticos Veracruz\",\"description\":\"\",\"publisher\":{\"@id\":\"https:\\\/\\\/lospoliticosveracruz.com\\\/#organization\"},\"potentialAction\":[{\"@type\":\"SearchAction\",\"target\":{\"@type\":\"EntryPoint\",\"urlTemplate\":\"https:\\\/\\\/lospoliticosveracruz.com\\\/?s={search_term_string}\"},\"query-input\":{\"@type\":\"PropertyValueSpecification\",\"valueRequired\":true,\"valueName\":\"search_term_string\"}}],\"inLanguage\":\"es\"},{\"@type\":\"Organization\",\"@id\":\"https:\\\/\\\/lospoliticosveracruz.com\\\/#organization\",\"name\":\"Los pol\u00edticos Veracruz\",\"url\":\"https:\\\/\\\/lospoliticosveracruz.com\\\/\",\"logo\":{\"@type\":\"ImageObject\",\"inLanguage\":\"es\",\"@id\":\"https:\\\/\\\/lospoliticosveracruz.com\\\/#\\\/schema\\\/logo\\\/image\\\/\",\"url\":\"https:\\\/\\\/lospoliticosveracruz.com\\\/wp-content\\\/uploads\\\/2025\\\/12\\\/Logo-Nuevo-LOS-POLITICOS-1.jpg\",\"contentUrl\":\"https:\\\/\\\/lospoliticosveracruz.com\\\/wp-content\\\/uploads\\\/2025\\\/12\\\/Logo-Nuevo-LOS-POLITICOS-1.jpg\",\"width\":260,\"height\":70,\"caption\":\"Los pol\u00edticos Veracruz\"},\"image\":{\"@id\":\"https:\\\/\\\/lospoliticosveracruz.com\\\/#\\\/schema\\\/logo\\\/image\\\/\"},\"sameAs\":[\"https:\\\/\\\/www.facebook.com\\\/people\\\/Notimemes-de-los-Polticos\\\/61565672886568\\\/\",\"https:\\\/\\\/x.com\\\/LosPoliticosVer\"]},{\"@type\":\"Person\",\"@id\":\"https:\\\/\\\/lospoliticosveracruz.com\\\/#\\\/schema\\\/person\\\/b8702bb0e538456e6efd07080bf2a4a2\",\"name\":\"Lo viste en Los Pol\u00edticos\",\"image\":{\"@type\":\"ImageObject\",\"inLanguage\":\"es\",\"@id\":\"https:\\\/\\\/secure.gravatar.com\\\/avatar\\\/3a8de04a2656d44082be478bd6c086daa447c4651605818287b9532d3d0bd435?s=96&d=mm&r=g\",\"url\":\"https:\\\/\\\/secure.gravatar.com\\\/avatar\\\/3a8de04a2656d44082be478bd6c086daa447c4651605818287b9532d3d0bd435?s=96&d=mm&r=g\",\"contentUrl\":\"https:\\\/\\\/secure.gravatar.com\\\/avatar\\\/3a8de04a2656d44082be478bd6c086daa447c4651605818287b9532d3d0bd435?s=96&d=mm&r=g\",\"caption\":\"Lo viste en Los Pol\u00edticos\"},\"url\":\"https:\\\/\\\/lospoliticosveracruz.com\\\/?author=2\"}]}<\/script>\n<!-- \/ Yoast SEO plugin. -->","yoast_head_json":{"title":"MAGO CORRO, LA SEXTA - Los pol\u00edticos Veracruz","robots":{"index":"index","follow":"follow","max-snippet":"max-snippet:-1","max-image-preview":"max-image-preview:large","max-video-preview":"max-video-preview:-1"},"canonical":"https:\/\/lospoliticosveracruz.com\/?p=97925","og_locale":"es_ES","og_type":"article","og_title":"MAGO CORRO, LA SEXTA - Los pol\u00edticos Veracruz","og_description":"Brenda CaballeroN\u00fameros Rojos Tiene al menos dos lecturas el ascenso de Margarita Corro Mendoza el pasado s\u00e1bado a la Presidencia de la Mesa Directiva de la LXVI Legislatura, para el segundo a\u00f1o legislativo que terminar\u00e1 el 4 de noviembre de 2023: La primera, tiene relaci\u00f3n con la lucha por la igualdad sustantiva entre hombres y [&hellip;]","og_url":"https:\/\/lospoliticosveracruz.com\/?p=97925","og_site_name":"Los pol\u00edticos Veracruz","article_publisher":"https:\/\/www.facebook.com\/people\/Notimemes-de-los-Polticos\/61565672886568\/","article_published_time":"2022-11-06T22:02:21+00:00","article_modified_time":"2022-11-07T14:12:11+00:00","og_image":[{"width":600,"height":400,"url":"https:\/\/lospoliticosveracruz.com\/wp-content\/uploads\/2019\/12\/Margarita-Corro.jpeg","type":"image\/jpeg"}],"author":"Lo viste en Los Pol\u00edticos","twitter_card":"summary_large_image","twitter_creator":"@LosPoliticosVer","twitter_site":"@LosPoliticosVer","twitter_misc":{"Escrito por":"Lo viste en Los Pol\u00edticos","Tiempo de lectura":"4 minutos"},"schema":{"@context":"https:\/\/schema.org","@graph":[{"@type":"Article","@id":"https:\/\/lospoliticosveracruz.com\/?p=97925#article","isPartOf":{"@id":"https:\/\/lospoliticosveracruz.com\/?p=97925"},"author":{"name":"Lo viste en Los Pol\u00edticos","@id":"https:\/\/lospoliticosveracruz.com\/#\/schema\/person\/b8702bb0e538456e6efd07080bf2a4a2"},"headline":"MAGO CORRO, LA SEXTA","datePublished":"2022-11-06T22:02:21+00:00","dateModified":"2022-11-07T14:12:11+00:00","mainEntityOfPage":{"@id":"https:\/\/lospoliticosveracruz.com\/?p=97925"},"wordCount":775,"publisher":{"@id":"https:\/\/lospoliticosveracruz.com\/#organization"},"image":{"@id":"https:\/\/lospoliticosveracruz.com\/?p=97925#primaryimage"},"thumbnailUrl":"https:\/\/lospoliticosveracruz.com\/wp-content\/uploads\/2019\/12\/Margarita-Corro.jpeg","keywords":["Anil\u00fa Ingram Vallines","Carolina Gudi\u00f1o Corro","Cecilia Guevara Guembe","Margarita Corro Mendoza","Mariely Manterola Sainz","Morena","Octavia Ortega Arteaga","PAN","PRI","Veracruz"],"articleSection":["De Opini\u00f3n"],"inLanguage":"es"},{"@type":"WebPage","@id":"https:\/\/lospoliticosveracruz.com\/?p=97925","url":"https:\/\/lospoliticosveracruz.com\/?p=97925","name":"MAGO CORRO, LA SEXTA - Los pol\u00edticos Veracruz","isPartOf":{"@id":"https:\/\/lospoliticosveracruz.com\/#website"},"primaryImageOfPage":{"@id":"https:\/\/lospoliticosveracruz.com\/?p=97925#primaryimage"},"image":{"@id":"https:\/\/lospoliticosveracruz.com\/?p=97925#primaryimage"},"thumbnailUrl":"https:\/\/lospoliticosveracruz.com\/wp-content\/uploads\/2019\/12\/Margarita-Corro.jpeg","datePublished":"2022-11-06T22:02:21+00:00","dateModified":"2022-11-07T14:12:11+00:00","breadcrumb":{"@id":"https:\/\/lospoliticosveracruz.com\/?p=97925#breadcrumb"},"inLanguage":"es","potentialAction":[{"@type":"ReadAction","target":["https:\/\/lospoliticosveracruz.com\/?p=97925"]}]},{"@type":"ImageObject","inLanguage":"es","@id":"https:\/\/lospoliticosveracruz.com\/?p=97925#primaryimage","url":"https:\/\/lospoliticosveracruz.com\/wp-content\/uploads\/2019\/12\/Margarita-Corro.jpeg","contentUrl":"https:\/\/lospoliticosveracruz.com\/wp-content\/uploads\/2019\/12\/Margarita-Corro.jpeg","width":600,"height":400},{"@type":"BreadcrumbList","@id":"https:\/\/lospoliticosveracruz.com\/?p=97925#breadcrumb","itemListElement":[{"@type":"ListItem","position":1,"name":"Portada","item":"https:\/\/lospoliticosveracruz.com\/"},{"@type":"ListItem","position":2,"name":"MAGO CORRO, LA SEXTA"}]},{"@type":"WebSite","@id":"https:\/\/lospoliticosveracruz.com\/#website","url":"https:\/\/lospoliticosveracruz.com\/","name":"Los pol\u00edticos Veracruz","description":"","publisher":{"@id":"https:\/\/lospoliticosveracruz.com\/#organization"},"potentialAction":[{"@type":"SearchAction","target":{"@type":"EntryPoint","urlTemplate":"https:\/\/lospoliticosveracruz.com\/?s={search_term_string}"},"query-input":{"@type":"PropertyValueSpecification","valueRequired":true,"valueName":"search_term_string"}}],"inLanguage":"es"},{"@type":"Organization","@id":"https:\/\/lospoliticosveracruz.com\/#organization","name":"Los pol\u00edticos Veracruz","url":"https:\/\/lospoliticosveracruz.com\/","logo":{"@type":"ImageObject","inLanguage":"es","@id":"https:\/\/lospoliticosveracruz.com\/#\/schema\/logo\/image\/","url":"https:\/\/lospoliticosveracruz.com\/wp-content\/uploads\/2025\/12\/Logo-Nuevo-LOS-POLITICOS-1.jpg","contentUrl":"https:\/\/lospoliticosveracruz.com\/wp-content\/uploads\/2025\/12\/Logo-Nuevo-LOS-POLITICOS-1.jpg","width":260,"height":70,"caption":"Los pol\u00edticos Veracruz"},"image":{"@id":"https:\/\/lospoliticosveracruz.com\/#\/schema\/logo\/image\/"},"sameAs":["https:\/\/www.facebook.com\/people\/Notimemes-de-los-Polticos\/61565672886568\/","https:\/\/x.com\/LosPoliticosVer"]},{"@type":"Person","@id":"https:\/\/lospoliticosveracruz.com\/#\/schema\/person\/b8702bb0e538456e6efd07080bf2a4a2","name":"Lo viste en Los Pol\u00edticos","image":{"@type":"ImageObject","inLanguage":"es","@id":"https:\/\/secure.gravatar.com\/avatar\/3a8de04a2656d44082be478bd6c086daa447c4651605818287b9532d3d0bd435?s=96&d=mm&r=g","url":"https:\/\/secure.gravatar.com\/avatar\/3a8de04a2656d44082be478bd6c086daa447c4651605818287b9532d3d0bd435?s=96&d=mm&r=g","contentUrl":"https:\/\/secure.gravatar.com\/avatar\/3a8de04a2656d44082be478bd6c086daa447c4651605818287b9532d3d0bd435?s=96&d=mm&r=g","caption":"Lo viste en Los Pol\u00edticos"},"url":"https:\/\/lospoliticosveracruz.com\/?author=2"}]}},"_links":{"self":[{"href":"https:\/\/lospoliticosveracruz.com\/index.php?rest_route=\/wp\/v2\/posts\/97925","targetHints":{"allow":["GET"]}}],"collection":[{"href":"https:\/\/lospoliticosveracruz.com\/index.php?rest_route=\/wp\/v2\/posts"}],"about":[{"href":"https:\/\/lospoliticosveracruz.com\/index.php?rest_route=\/wp\/v2\/types\/post"}],"author":[{"embeddable":true,"href":"https:\/\/lospoliticosveracruz.com\/index.php?rest_route=\/wp\/v2\/users\/2"}],"replies":[{"embeddable":true,"href":"https:\/\/lospoliticosveracruz.com\/index.php?rest_route=%2Fwp%2Fv2%2Fcomments&post=97925"}],"version-history":[{"count":3,"href":"https:\/\/lospoliticosveracruz.com\/index.php?rest_route=\/wp\/v2\/posts\/97925\/revisions"}],"predecessor-version":[{"id":97941,"href":"https:\/\/lospoliticosveracruz.com\/index.php?rest_route=\/wp\/v2\/posts\/97925\/revisions\/97941"}],"wp:featuredmedia":[{"embeddable":true,"href":"https:\/\/lospoliticosveracruz.com\/index.php?rest_route=\/wp\/v2\/media\/51686"}],"wp:attachment":[{"href":"https:\/\/lospoliticosveracruz.com\/index.php?rest_route=%2Fwp%2Fv2%2Fmedia&parent=97925"}],"wp:term":[{"taxonomy":"category","embeddable":true,"href":"https:\/\/lospoliticosveracruz.com\/index.php?rest_route=%2Fwp%2Fv2%2Fcategories&post=97925"},{"taxonomy":"post_tag","embeddable":true,"href":"https:\/\/lospoliticosveracruz.com\/index.php?rest_route=%2Fwp%2Fv2%2Ftags&post=97925"}],"curies":[{"name":"wp","href":"https:\/\/api.w.org\/{rel}","templated":true}]}}