{"id":97935,"date":"2022-11-07T07:43:06","date_gmt":"2022-11-07T13:43:06","guid":{"rendered":"https:\/\/lospoliticosveracruz.com.mx\/?p=97935"},"modified":"2022-11-07T07:43:14","modified_gmt":"2022-11-07T13:43:14","slug":"con-la-derrota-casi-segura-en-el-bolsillo","status":"publish","type":"post","link":"https:\/\/lospoliticosveracruz.com\/?p=97935","title":{"rendered":"CON LA DERROTA CASI SEGURA EN EL BOLSILLO"},"content":{"rendered":"\n<p><strong>Bernardo Guti\u00e9rrez Parra<br><\/strong><em>Desde el Caf\u00e9<\/em><\/p>\n\n\n\n<p><br>A pesar de que Cuitl\u00e1huac Garc\u00eda dijo la semana anterior que \u201cno habr\u00e1 invitados especiales\u201d a su Cuarto Informe que dar\u00e1 en P\u00e1nuco, tendr\u00e1 una invitada de s\u00faper lujo: la jefa de gobierno de la Ciudad de M\u00e9xico Claudia Sheinbaum, quien ya confirm\u00f3 su asistencia.<\/p>\n\n\n\n<p>Con lo anterior arrecia el rumor de que Cuitl\u00e1huac ahora s\u00ed se va. \u201cDespu\u00e9s del Informe su siguiente paso ser\u00e1 pedir permiso al Congreso para separarse del cargo y v\u00e1monos. Se ir\u00e1 a apoyar la campa\u00f1a de Claudia a la presidencia de la Rep\u00fablica\u201d, es el comentario general.<\/p>\n\n\n<div class=\"wp-block-image\">\n<figure class=\"alignleft size-full is-resized\"><a href=\"https:\/\/lospoliticosveracruz.com.mx\/wp-content\/uploads\/2021\/10\/Zacauilt.jpg\"><img loading=\"lazy\" decoding=\"async\" src=\"https:\/\/lospoliticosveracruz.com.mx\/wp-content\/uploads\/2021\/10\/Zacauilt.jpg\" alt=\"\" class=\"wp-image-80558\" width=\"175\" height=\"350\"\/><\/a><\/figure>\n<\/div>\n\n\n<p>El fin de semana coment\u00e9 que si bien todo es ji ji ji y ja ja ja entre Cuitl\u00e1huac y la jefa de gobierno, Claudia no lo quiere ni como carga maletas en su campa\u00f1a, pero acatar\u00e1 sin objeci\u00f3n las \u00f3rdenes de Palacio Nacional y una de ellas es que escuche al devaluado gobernador el pr\u00f3ximo 16 de este mes.<\/p>\n\n\n\n<p>Tambi\u00e9n coment\u00e9 que el candidato natural para suceder a Cuitl\u00e1huac es el alcalde de Xalapa Ricardo Ahued, que a pesar de no ser militante de Morena es el caballito de batalla de L\u00f3pez Obrador en Veracruz por honesto, honrado y trabajador. Cosa que no pueden decir la mayor\u00eda de morenos y morenas veracruzanos.<\/p>\n\n\n\n<p>Este domingo, despu\u00e9s de que se supo que Claudia vendr\u00e1 al Informe y arreci\u00f3 el rumor sobre la salida de Cuitl\u00e1huac, recib\u00ed un par de llamadas de personas cercanas al Secretario de Gobierno, Eric Patrocinio Cisneros, que me aseguraron que el gobernador sustituto ser\u00e1 su jefe.<\/p>\n\n\n\n<p>Confieso lector que apenas pude contenerme al tenerlos del otro lado de la l\u00ednea, pero cuando colgu\u00e9 mi celular solt\u00e9 la carcajada.<\/p>\n\n\n\n<p>Si el presidente le pregunta a Cuitl\u00e1huac a qui\u00e9n quiere en su lugar, dir\u00e1 que al titular de la SEV Zenyazen Escobar. Pero si lo que se desea es que Veracruz siga siendo bien administrado, el gobernador sustituto podr\u00eda ser el secretario de Finanzas, Jos\u00e9 Luis Lima Franco, que ha realizado una excelente labor manejando los fondos p\u00fablicos.<\/p>\n\n\n\n<p>Otro que se menciona es el diputado federal Sergio Guti\u00e9rrez Luna. Pero vamos por partes.<\/p>\n\n\n\n<p>Si el gobernador es Ricardo Ahued, sus primeras providencias ser\u00e1n mandar al diablo al Secretario de Gobierno Eric Cisneros y es muy probable que tambi\u00e9n haga lo mismo con el reci\u00e9n nombrado en la Secretar\u00eda de Seguridad P\u00fablica, Cuauht\u00e9moc Z\u00fa\u00f1iga. Con esto, dar\u00e1 un manotazo de autoridad sobre la mesa que aplaudir\u00e1n los veracruzanos, y aplacar\u00e1 a los morenos \u201cpuros\u201d que no lo quieren porque nunca lo vieron tomando edificios p\u00fablicos, bloqueando carreteras ni pintarrajeando paredes.<\/p>\n\n\n\n<p>Si el elegido es Zenyazen refrendar\u00e1 en Finanzas a Jos\u00e9 Luis Lima Franco. Y lo mismo har\u00e1 Lima Franco con Zenyazen si es elegido gobernador sustituto.<\/p>\n\n\n\n<p>Sergio Guti\u00e9rrez ser\u00e1 gobernador por dos a\u00f1os s\u00f3lo si intercede por \u00e9l su buen amigo el secretario de Gobernaci\u00f3n Ad\u00e1n Augusto L\u00f3pez. Y una de sus primeras providencias con Eric Cisneros no ser\u00e1 correrlo, sino meterlo en prisi\u00f3n.<\/p>\n\n\n\n<p>Quien pondr\u00e1 el grito en el cielo con Sergio como gobernador ser\u00e1 Roc\u00edo Nahle, la favorita de Andr\u00e9s Manuel para el 2024 que no puede ver ni en pintura al minatitleco.<\/p>\n\n\n\n<p>Cuando fue presidente del Congreso Federal, Sergio Guti\u00e9rrez se gast\u00f3 las perlas de la Virgen place\u00e1ndose por toda la entidad y opacando a Roc\u00edo. \u00c9sta pidi\u00f3 ayuda a Cuitl\u00e1huac y a Eric para contrarrestar la creciente popularidad del legislador. Los dos obedecieron, pero lo \u00fanico que lograron fue que la popularidad de Sergio creciera.<\/p>\n\n\n\n<p>Quien se le fue a la yugular incluso con ofensas fue Eric, de ah\u00ed que Sergio se la tenga guardada y se la cobre muy cara si llega a la gubernatura.<\/p>\n\n\n\n<p>A menos que Andr\u00e9s Manuel se saque otra carta de la manga, de entre los cuatro saldr\u00e1 el gobernador sustituto si es que en verdad Cuitl\u00e1huac Garc\u00eda se va de Veracruz.<\/p>\n\n\n\n<p>Si esto sucede lo sentir\u00e9 por Claudia Sheinbaum que antip\u00e1tica como es, desprovista de carisma y don de gentes, rechazada por m\u00e1s de la mitad de los chilangos; mal vista por los empresarios; por las mujeres maltratadas a las que no escucha; por los estudiantes a los que ignora, por la clase media a la que repudia, por los pobres a los que no ve y llevando en su equipo de campa\u00f1a a Cuitl\u00e1huac, tiene casi segura la derrota en su bolsillo.<\/p>\n\n\n\n<p>bernardogup@hotmail.com<\/p>\n","protected":false},"excerpt":{"rendered":"<p>Bernardo Guti\u00e9rrez ParraDesde el Caf\u00e9 A pesar de que Cuitl\u00e1huac Garc\u00eda dijo la semana anterior que \u201cno habr\u00e1 invitados especiales\u201d a su Cuarto Informe que dar\u00e1 en P\u00e1nuco, tendr\u00e1 una invitada de s\u00faper lujo: la jefa de gobierno de la Ciudad de M\u00e9xico Claudia Sheinbaum, quien ya confirm\u00f3 su asistencia. Con lo anterior arrecia el [&hellip;]<\/p>\n","protected":false},"author":2,"featured_media":0,"comment_status":"closed","ping_status":"closed","sticky":false,"template":"","format":"standard","meta":{"tdm_status":"","tdm_grid_status":"","footnotes":""},"categories":[70],"tags":[34206,9627,35984,1563,12686,13713,1026,876,177,16147,195],"class_list":{"0":"post-97935","1":"post","2":"type-post","3":"status-publish","4":"format-standard","6":"category-de-opinion","7":"tag-bernardo-gutierrez-parra","8":"tag-claudia-sheinbaum","9":"tag-cuauhtemoc-zuniga","10":"tag-cuitlahuac-garcia-jimenez","11":"tag-eric-cisneros","12":"tag-jose-luis-lima-franco","13":"tag-morena","14":"tag-ricardo-ahued","15":"tag-seguridad-publica","16":"tag-sergio-gutierrez-luna","17":"tag-veracruz"},"yoast_head":"<!-- This site is optimized with the Yoast SEO plugin v27.4 - https:\/\/yoast.com\/product\/yoast-seo-wordpress\/ -->\n<title>CON LA DERROTA CASI SEGURA EN EL BOLSILLO - Los pol\u00edticos Veracruz<\/title>\n<meta name=\"robots\" content=\"index, follow, max-snippet:-1, max-image-preview:large, max-video-preview:-1\" \/>\n<link rel=\"canonical\" href=\"https:\/\/lospoliticosveracruz.com\/?p=97935\" \/>\n<meta property=\"og:locale\" content=\"es_ES\" \/>\n<meta property=\"og:type\" content=\"article\" \/>\n<meta property=\"og:title\" content=\"CON LA DERROTA CASI SEGURA EN EL BOLSILLO - Los pol\u00edticos Veracruz\" \/>\n<meta property=\"og:description\" content=\"Bernardo Guti\u00e9rrez ParraDesde el Caf\u00e9 A pesar de que Cuitl\u00e1huac Garc\u00eda dijo la semana anterior que \u201cno habr\u00e1 invitados especiales\u201d a su Cuarto Informe que dar\u00e1 en P\u00e1nuco, tendr\u00e1 una invitada de s\u00faper lujo: la jefa de gobierno de la Ciudad de M\u00e9xico Claudia Sheinbaum, quien ya confirm\u00f3 su asistencia. Con lo anterior arrecia el [&hellip;]\" \/>\n<meta property=\"og:url\" content=\"https:\/\/lospoliticosveracruz.com\/?p=97935\" \/>\n<meta property=\"og:site_name\" content=\"Los pol\u00edticos Veracruz\" \/>\n<meta property=\"article:publisher\" content=\"https:\/\/www.facebook.com\/people\/Notimemes-de-los-Polticos\/61565672886568\/\" \/>\n<meta property=\"article:published_time\" content=\"2022-11-07T13:43:06+00:00\" \/>\n<meta property=\"article:modified_time\" content=\"2022-11-07T13:43:14+00:00\" \/>\n<meta property=\"og:image\" content=\"https:\/\/lospoliticosveracruz.com.mx\/wp-content\/uploads\/2021\/10\/Zacauilt.jpg\" \/>\n<meta name=\"author\" content=\"Lo viste en Los Pol\u00edticos\" \/>\n<meta name=\"twitter:card\" content=\"summary_large_image\" \/>\n<meta name=\"twitter:creator\" content=\"@LosPoliticosVer\" \/>\n<meta name=\"twitter:site\" content=\"@LosPoliticosVer\" \/>\n<meta name=\"twitter:label1\" content=\"Escrito por\" \/>\n\t<meta name=\"twitter:data1\" content=\"Lo viste en Los Pol\u00edticos\" \/>\n\t<meta name=\"twitter:label2\" content=\"Tiempo de lectura\" \/>\n\t<meta name=\"twitter:data2\" content=\"4 minutos\" \/>\n<script type=\"application\/ld+json\" class=\"yoast-schema-graph\">{\"@context\":\"https:\\\/\\\/schema.org\",\"@graph\":[{\"@type\":\"Article\",\"@id\":\"https:\\\/\\\/lospoliticosveracruz.com\\\/?p=97935#article\",\"isPartOf\":{\"@id\":\"https:\\\/\\\/lospoliticosveracruz.com\\\/?p=97935\"},\"author\":{\"name\":\"Lo viste en Los Pol\u00edticos\",\"@id\":\"https:\\\/\\\/lospoliticosveracruz.com\\\/#\\\/schema\\\/person\\\/b8702bb0e538456e6efd07080bf2a4a2\"},\"headline\":\"CON LA DERROTA CASI SEGURA EN EL BOLSILLO\",\"datePublished\":\"2022-11-07T13:43:06+00:00\",\"dateModified\":\"2022-11-07T13:43:14+00:00\",\"mainEntityOfPage\":{\"@id\":\"https:\\\/\\\/lospoliticosveracruz.com\\\/?p=97935\"},\"wordCount\":787,\"publisher\":{\"@id\":\"https:\\\/\\\/lospoliticosveracruz.com\\\/#organization\"},\"image\":{\"@id\":\"https:\\\/\\\/lospoliticosveracruz.com\\\/?p=97935#primaryimage\"},\"thumbnailUrl\":\"https:\\\/\\\/lospoliticosveracruz.com.mx\\\/wp-content\\\/uploads\\\/2021\\\/10\\\/Zacauilt.jpg\",\"keywords\":[\"Bernardo Guti\u00e9rrez Parra\",\"Claudia Sheinbaum\",\"Cuauht\u00e9moc Z\u00fa\u00f1iga\",\"Cuitl\u00e1huac Garc\u00eda Jim\u00e9nez\",\"Eric Cisneros\",\"Jos\u00e9 Luis Lima Franco\",\"Morena\",\"Ricardo Ahued\",\"Seguridad P\u00fablica\",\"Sergio Guti\u00e9rrez Luna\",\"Veracruz\"],\"articleSection\":[\"De Opini\u00f3n\"],\"inLanguage\":\"es\"},{\"@type\":\"WebPage\",\"@id\":\"https:\\\/\\\/lospoliticosveracruz.com\\\/?p=97935\",\"url\":\"https:\\\/\\\/lospoliticosveracruz.com\\\/?p=97935\",\"name\":\"CON LA DERROTA CASI SEGURA EN EL BOLSILLO - Los pol\u00edticos Veracruz\",\"isPartOf\":{\"@id\":\"https:\\\/\\\/lospoliticosveracruz.com\\\/#website\"},\"primaryImageOfPage\":{\"@id\":\"https:\\\/\\\/lospoliticosveracruz.com\\\/?p=97935#primaryimage\"},\"image\":{\"@id\":\"https:\\\/\\\/lospoliticosveracruz.com\\\/?p=97935#primaryimage\"},\"thumbnailUrl\":\"https:\\\/\\\/lospoliticosveracruz.com.mx\\\/wp-content\\\/uploads\\\/2021\\\/10\\\/Zacauilt.jpg\",\"datePublished\":\"2022-11-07T13:43:06+00:00\",\"dateModified\":\"2022-11-07T13:43:14+00:00\",\"breadcrumb\":{\"@id\":\"https:\\\/\\\/lospoliticosveracruz.com\\\/?p=97935#breadcrumb\"},\"inLanguage\":\"es\",\"potentialAction\":[{\"@type\":\"ReadAction\",\"target\":[\"https:\\\/\\\/lospoliticosveracruz.com\\\/?p=97935\"]}]},{\"@type\":\"ImageObject\",\"inLanguage\":\"es\",\"@id\":\"https:\\\/\\\/lospoliticosveracruz.com\\\/?p=97935#primaryimage\",\"url\":\"https:\\\/\\\/lospoliticosveracruz.com.mx\\\/wp-content\\\/uploads\\\/2021\\\/10\\\/Zacauilt.jpg\",\"contentUrl\":\"https:\\\/\\\/lospoliticosveracruz.com.mx\\\/wp-content\\\/uploads\\\/2021\\\/10\\\/Zacauilt.jpg\"},{\"@type\":\"BreadcrumbList\",\"@id\":\"https:\\\/\\\/lospoliticosveracruz.com\\\/?p=97935#breadcrumb\",\"itemListElement\":[{\"@type\":\"ListItem\",\"position\":1,\"name\":\"Portada\",\"item\":\"https:\\\/\\\/lospoliticosveracruz.com\\\/\"},{\"@type\":\"ListItem\",\"position\":2,\"name\":\"CON LA DERROTA CASI SEGURA EN EL BOLSILLO\"}]},{\"@type\":\"WebSite\",\"@id\":\"https:\\\/\\\/lospoliticosveracruz.com\\\/#website\",\"url\":\"https:\\\/\\\/lospoliticosveracruz.com\\\/\",\"name\":\"Los pol\u00edticos Veracruz\",\"description\":\"\",\"publisher\":{\"@id\":\"https:\\\/\\\/lospoliticosveracruz.com\\\/#organization\"},\"potentialAction\":[{\"@type\":\"SearchAction\",\"target\":{\"@type\":\"EntryPoint\",\"urlTemplate\":\"https:\\\/\\\/lospoliticosveracruz.com\\\/?s={search_term_string}\"},\"query-input\":{\"@type\":\"PropertyValueSpecification\",\"valueRequired\":true,\"valueName\":\"search_term_string\"}}],\"inLanguage\":\"es\"},{\"@type\":\"Organization\",\"@id\":\"https:\\\/\\\/lospoliticosveracruz.com\\\/#organization\",\"name\":\"Los pol\u00edticos Veracruz\",\"url\":\"https:\\\/\\\/lospoliticosveracruz.com\\\/\",\"logo\":{\"@type\":\"ImageObject\",\"inLanguage\":\"es\",\"@id\":\"https:\\\/\\\/lospoliticosveracruz.com\\\/#\\\/schema\\\/logo\\\/image\\\/\",\"url\":\"https:\\\/\\\/lospoliticosveracruz.com\\\/wp-content\\\/uploads\\\/2025\\\/12\\\/Logo-Nuevo-LOS-POLITICOS-1.jpg\",\"contentUrl\":\"https:\\\/\\\/lospoliticosveracruz.com\\\/wp-content\\\/uploads\\\/2025\\\/12\\\/Logo-Nuevo-LOS-POLITICOS-1.jpg\",\"width\":260,\"height\":70,\"caption\":\"Los pol\u00edticos Veracruz\"},\"image\":{\"@id\":\"https:\\\/\\\/lospoliticosveracruz.com\\\/#\\\/schema\\\/logo\\\/image\\\/\"},\"sameAs\":[\"https:\\\/\\\/www.facebook.com\\\/people\\\/Notimemes-de-los-Polticos\\\/61565672886568\\\/\",\"https:\\\/\\\/x.com\\\/LosPoliticosVer\"]},{\"@type\":\"Person\",\"@id\":\"https:\\\/\\\/lospoliticosveracruz.com\\\/#\\\/schema\\\/person\\\/b8702bb0e538456e6efd07080bf2a4a2\",\"name\":\"Lo viste en Los Pol\u00edticos\",\"image\":{\"@type\":\"ImageObject\",\"inLanguage\":\"es\",\"@id\":\"https:\\\/\\\/secure.gravatar.com\\\/avatar\\\/3a8de04a2656d44082be478bd6c086daa447c4651605818287b9532d3d0bd435?s=96&d=mm&r=g\",\"url\":\"https:\\\/\\\/secure.gravatar.com\\\/avatar\\\/3a8de04a2656d44082be478bd6c086daa447c4651605818287b9532d3d0bd435?s=96&d=mm&r=g\",\"contentUrl\":\"https:\\\/\\\/secure.gravatar.com\\\/avatar\\\/3a8de04a2656d44082be478bd6c086daa447c4651605818287b9532d3d0bd435?s=96&d=mm&r=g\",\"caption\":\"Lo viste en Los Pol\u00edticos\"},\"url\":\"https:\\\/\\\/lospoliticosveracruz.com\\\/?author=2\"}]}<\/script>\n<!-- \/ Yoast SEO plugin. -->","yoast_head_json":{"title":"CON LA DERROTA CASI SEGURA EN EL BOLSILLO - Los pol\u00edticos Veracruz","robots":{"index":"index","follow":"follow","max-snippet":"max-snippet:-1","max-image-preview":"max-image-preview:large","max-video-preview":"max-video-preview:-1"},"canonical":"https:\/\/lospoliticosveracruz.com\/?p=97935","og_locale":"es_ES","og_type":"article","og_title":"CON LA DERROTA CASI SEGURA EN EL BOLSILLO - Los pol\u00edticos Veracruz","og_description":"Bernardo Guti\u00e9rrez ParraDesde el Caf\u00e9 A pesar de que Cuitl\u00e1huac Garc\u00eda dijo la semana anterior que \u201cno habr\u00e1 invitados especiales\u201d a su Cuarto Informe que dar\u00e1 en P\u00e1nuco, tendr\u00e1 una invitada de s\u00faper lujo: la jefa de gobierno de la Ciudad de M\u00e9xico Claudia Sheinbaum, quien ya confirm\u00f3 su asistencia. Con lo anterior arrecia el [&hellip;]","og_url":"https:\/\/lospoliticosveracruz.com\/?p=97935","og_site_name":"Los pol\u00edticos Veracruz","article_publisher":"https:\/\/www.facebook.com\/people\/Notimemes-de-los-Polticos\/61565672886568\/","article_published_time":"2022-11-07T13:43:06+00:00","article_modified_time":"2022-11-07T13:43:14+00:00","og_image":[{"url":"https:\/\/lospoliticosveracruz.com.mx\/wp-content\/uploads\/2021\/10\/Zacauilt.jpg","type":"","width":"","height":""}],"author":"Lo viste en Los Pol\u00edticos","twitter_card":"summary_large_image","twitter_creator":"@LosPoliticosVer","twitter_site":"@LosPoliticosVer","twitter_misc":{"Escrito por":"Lo viste en Los Pol\u00edticos","Tiempo de lectura":"4 minutos"},"schema":{"@context":"https:\/\/schema.org","@graph":[{"@type":"Article","@id":"https:\/\/lospoliticosveracruz.com\/?p=97935#article","isPartOf":{"@id":"https:\/\/lospoliticosveracruz.com\/?p=97935"},"author":{"name":"Lo viste en Los Pol\u00edticos","@id":"https:\/\/lospoliticosveracruz.com\/#\/schema\/person\/b8702bb0e538456e6efd07080bf2a4a2"},"headline":"CON LA DERROTA CASI SEGURA EN EL BOLSILLO","datePublished":"2022-11-07T13:43:06+00:00","dateModified":"2022-11-07T13:43:14+00:00","mainEntityOfPage":{"@id":"https:\/\/lospoliticosveracruz.com\/?p=97935"},"wordCount":787,"publisher":{"@id":"https:\/\/lospoliticosveracruz.com\/#organization"},"image":{"@id":"https:\/\/lospoliticosveracruz.com\/?p=97935#primaryimage"},"thumbnailUrl":"https:\/\/lospoliticosveracruz.com.mx\/wp-content\/uploads\/2021\/10\/Zacauilt.jpg","keywords":["Bernardo Guti\u00e9rrez Parra","Claudia Sheinbaum","Cuauht\u00e9moc Z\u00fa\u00f1iga","Cuitl\u00e1huac Garc\u00eda Jim\u00e9nez","Eric Cisneros","Jos\u00e9 Luis Lima Franco","Morena","Ricardo Ahued","Seguridad P\u00fablica","Sergio Guti\u00e9rrez Luna","Veracruz"],"articleSection":["De Opini\u00f3n"],"inLanguage":"es"},{"@type":"WebPage","@id":"https:\/\/lospoliticosveracruz.com\/?p=97935","url":"https:\/\/lospoliticosveracruz.com\/?p=97935","name":"CON LA DERROTA CASI SEGURA EN EL BOLSILLO - Los pol\u00edticos Veracruz","isPartOf":{"@id":"https:\/\/lospoliticosveracruz.com\/#website"},"primaryImageOfPage":{"@id":"https:\/\/lospoliticosveracruz.com\/?p=97935#primaryimage"},"image":{"@id":"https:\/\/lospoliticosveracruz.com\/?p=97935#primaryimage"},"thumbnailUrl":"https:\/\/lospoliticosveracruz.com.mx\/wp-content\/uploads\/2021\/10\/Zacauilt.jpg","datePublished":"2022-11-07T13:43:06+00:00","dateModified":"2022-11-07T13:43:14+00:00","breadcrumb":{"@id":"https:\/\/lospoliticosveracruz.com\/?p=97935#breadcrumb"},"inLanguage":"es","potentialAction":[{"@type":"ReadAction","target":["https:\/\/lospoliticosveracruz.com\/?p=97935"]}]},{"@type":"ImageObject","inLanguage":"es","@id":"https:\/\/lospoliticosveracruz.com\/?p=97935#primaryimage","url":"https:\/\/lospoliticosveracruz.com.mx\/wp-content\/uploads\/2021\/10\/Zacauilt.jpg","contentUrl":"https:\/\/lospoliticosveracruz.com.mx\/wp-content\/uploads\/2021\/10\/Zacauilt.jpg"},{"@type":"BreadcrumbList","@id":"https:\/\/lospoliticosveracruz.com\/?p=97935#breadcrumb","itemListElement":[{"@type":"ListItem","position":1,"name":"Portada","item":"https:\/\/lospoliticosveracruz.com\/"},{"@type":"ListItem","position":2,"name":"CON LA DERROTA CASI SEGURA EN EL BOLSILLO"}]},{"@type":"WebSite","@id":"https:\/\/lospoliticosveracruz.com\/#website","url":"https:\/\/lospoliticosveracruz.com\/","name":"Los pol\u00edticos Veracruz","description":"","publisher":{"@id":"https:\/\/lospoliticosveracruz.com\/#organization"},"potentialAction":[{"@type":"SearchAction","target":{"@type":"EntryPoint","urlTemplate":"https:\/\/lospoliticosveracruz.com\/?s={search_term_string}"},"query-input":{"@type":"PropertyValueSpecification","valueRequired":true,"valueName":"search_term_string"}}],"inLanguage":"es"},{"@type":"Organization","@id":"https:\/\/lospoliticosveracruz.com\/#organization","name":"Los pol\u00edticos Veracruz","url":"https:\/\/lospoliticosveracruz.com\/","logo":{"@type":"ImageObject","inLanguage":"es","@id":"https:\/\/lospoliticosveracruz.com\/#\/schema\/logo\/image\/","url":"https:\/\/lospoliticosveracruz.com\/wp-content\/uploads\/2025\/12\/Logo-Nuevo-LOS-POLITICOS-1.jpg","contentUrl":"https:\/\/lospoliticosveracruz.com\/wp-content\/uploads\/2025\/12\/Logo-Nuevo-LOS-POLITICOS-1.jpg","width":260,"height":70,"caption":"Los pol\u00edticos Veracruz"},"image":{"@id":"https:\/\/lospoliticosveracruz.com\/#\/schema\/logo\/image\/"},"sameAs":["https:\/\/www.facebook.com\/people\/Notimemes-de-los-Polticos\/61565672886568\/","https:\/\/x.com\/LosPoliticosVer"]},{"@type":"Person","@id":"https:\/\/lospoliticosveracruz.com\/#\/schema\/person\/b8702bb0e538456e6efd07080bf2a4a2","name":"Lo viste en Los Pol\u00edticos","image":{"@type":"ImageObject","inLanguage":"es","@id":"https:\/\/secure.gravatar.com\/avatar\/3a8de04a2656d44082be478bd6c086daa447c4651605818287b9532d3d0bd435?s=96&d=mm&r=g","url":"https:\/\/secure.gravatar.com\/avatar\/3a8de04a2656d44082be478bd6c086daa447c4651605818287b9532d3d0bd435?s=96&d=mm&r=g","contentUrl":"https:\/\/secure.gravatar.com\/avatar\/3a8de04a2656d44082be478bd6c086daa447c4651605818287b9532d3d0bd435?s=96&d=mm&r=g","caption":"Lo viste en Los Pol\u00edticos"},"url":"https:\/\/lospoliticosveracruz.com\/?author=2"}]}},"_links":{"self":[{"href":"https:\/\/lospoliticosveracruz.com\/index.php?rest_route=\/wp\/v2\/posts\/97935","targetHints":{"allow":["GET"]}}],"collection":[{"href":"https:\/\/lospoliticosveracruz.com\/index.php?rest_route=\/wp\/v2\/posts"}],"about":[{"href":"https:\/\/lospoliticosveracruz.com\/index.php?rest_route=\/wp\/v2\/types\/post"}],"author":[{"embeddable":true,"href":"https:\/\/lospoliticosveracruz.com\/index.php?rest_route=\/wp\/v2\/users\/2"}],"replies":[{"embeddable":true,"href":"https:\/\/lospoliticosveracruz.com\/index.php?rest_route=%2Fwp%2Fv2%2Fcomments&post=97935"}],"version-history":[{"count":1,"href":"https:\/\/lospoliticosveracruz.com\/index.php?rest_route=\/wp\/v2\/posts\/97935\/revisions"}],"predecessor-version":[{"id":97936,"href":"https:\/\/lospoliticosveracruz.com\/index.php?rest_route=\/wp\/v2\/posts\/97935\/revisions\/97936"}],"wp:attachment":[{"href":"https:\/\/lospoliticosveracruz.com\/index.php?rest_route=%2Fwp%2Fv2%2Fmedia&parent=97935"}],"wp:term":[{"taxonomy":"category","embeddable":true,"href":"https:\/\/lospoliticosveracruz.com\/index.php?rest_route=%2Fwp%2Fv2%2Fcategories&post=97935"},{"taxonomy":"post_tag","embeddable":true,"href":"https:\/\/lospoliticosveracruz.com\/index.php?rest_route=%2Fwp%2Fv2%2Ftags&post=97935"}],"curies":[{"name":"wp","href":"https:\/\/api.w.org\/{rel}","templated":true}]}}