{"id":98229,"date":"2022-11-11T07:35:52","date_gmt":"2022-11-11T13:35:52","guid":{"rendered":"https:\/\/lospoliticosveracruz.com.mx\/?p=98229"},"modified":"2022-11-11T07:44:58","modified_gmt":"2022-11-11T13:44:58","slug":"credibilidad-2","status":"publish","type":"post","link":"https:\/\/lospoliticosveracruz.com\/?p=98229","title":{"rendered":"CREDIBILIDAD"},"content":{"rendered":"\n<p><strong>Guadalupe H. Mar<br><\/strong><em>Mira Pol\u00edtica<\/em><\/p>\n\n\n\n<p><strong>IMPORTANTE VALOR <\/strong>\u2026 Dice bien la conseja popular que la credibilidad es como la virginidad, pues una vez perdida ya no se puede recuperar, de ah\u00ed que su valor sea tan importante no solo para las personas, sino para las instituciones y, por ende, para los gobiernos en general.<\/p>\n\n\n\n<figure class=\"wp-block-embed is-type-video is-provider-youtube wp-block-embed-youtube wp-embed-aspect-16-9 wp-has-aspect-ratio\"><div class=\"wp-block-embed__wrapper\">\n<iframe loading=\"lazy\" title=\"Cluster Coworking\" width=\"696\" height=\"392\" src=\"https:\/\/www.youtube.com\/embed\/Nxe-vxf8GuY?feature=oembed\" frameborder=\"0\" allow=\"accelerometer; autoplay; clipboard-write; encrypted-media; gyroscope; picture-in-picture; web-share\" referrerpolicy=\"strict-origin-when-cross-origin\" allowfullscreen><\/iframe>\n<\/div><\/figure>\n\n\n\n<p><br>El mantener la credibilidad no es solo cuesti\u00f3n de palabras, sino de hechos, por eso su complejidad.<br>Esto viene a cuento amables lectoras y lectores, porque el jueves pasado salieron a manifestarse p\u00fablicamente a calles del centro de la ciudad de Xalapa, maestros de diversas agrupaciones sindicales para exigirle a los gobiernos estatal y federal que los pagos pendientes de incremento salarial que han prometido se pagar\u00e1n sin falta a m\u00e1s tardar el pr\u00f3ximo 15 de diciembre, ya casi en vacaciones, se adelante para este martes en la primera quincena del mes de noviembre.<br>Llama la atenci\u00f3n y he ah\u00ed el tema de esta colaboraci\u00f3n, es que los manifestantes que se plantaron incluso el jueves pasado en las puertas del inmueble sede del gobierno estatal veracruzano, realizaron su manifestaci\u00f3n portando pancartas con reclamos a las autoridades sin la venia, autorizaci\u00f3n o visto bueno de sus dirigentes sindicales.<br>Vaya, se manifestaron pese a que los representantes del ramo educativo y el mismo titular de esa entelequia llamada gobierno del estado de Veracruz hab\u00edan anunciado que ser\u00eda el 15 de diciembre cuando recibir\u00edan su pago, por lo que ped\u00edan a los dirigentes de los sindicatos magisteriales que desactivaran sus protestas y aceptaran la promesa gubernamental.<br>Sin embargo, los maestros de varios de esos sindicatos no hicieron caso a sus dirigentes, ni a los representantes del gobierno estatal, por la simple y sencilla raz\u00f3n de que ya no les tienen confianza o credibilidad.<br>Desconfianza que se incrementa por declaraciones del mandatario estatal veracruzano, el ingeniero mec\u00e1nico electricista Cuitl\u00e1huac Garc\u00eda Jim\u00e9nez, quien asegura y as\u00ed lo reproducen los medios de comunicaci\u00f3n, que los maestros inconformes y que protestan, \u201co no est\u00e1n informados o los mal informan\u201d, refiri\u00e9ndose a los dirigentes sindicales de este sector.<br>Claro, ya hay organizaciones sindicales que han aceptado suspender sus protestas, dando un voto de confianza a las autoridades del sector en el gobierno estatal veracruzano, que insisten y recontra insisten en que a m\u00e1s tardar el 15 de diciembre recibir\u00e1n el incremento salarial con retroactivo.<br>Sin embargo, manifestantes entrevistados el jueves pasado por representantes de los medios de comunicaci\u00f3n en la capital del estado de Veracruz, coincidieron en que no creen en la promesa de pago para este 15 de diciembre, o sea dentro de un mes y d\u00edas, pues lo mismo sucedi\u00f3 el a\u00f1o pasado en que los trajeron dando vueltas con el pago de la promoci\u00f3n horizontal.<br>Habr\u00e1 que esperar amables lectoras y lectores qu\u00e9 sucede en los pr\u00f3ximos d\u00edas, pues la credibilidad, ese valor tan importante, est\u00e1 en juego en este caso.<br><strong>EL IPE ALERTA<\/strong> \u2026 Circula en la plataforma Whatsapp un mensaje del Instituto de Pensiones del Estado, que a su vez distribuyen los dirigentes de organizaciones sindicales, alertando a sus agremiados y derechohabiencia del IPE sobre un supuesto comunicado en el que piden se anote el nombre del pensionado y comunicarse urgentemente al n\u00famero telef\u00f3nico: 556 7518298 extensi\u00f3n 1001, que los contactar\u00e1 directamente al departamento de pensiones con relaci\u00f3n a su pago mensual.<br>En su advertencia el IPE da a conocer que no env\u00eda ese tipo de mensajes a la derechohabiencia, pues siempre y si fuera el caso, se utilizan las l\u00edneas oficiales de comunicaci\u00f3n.<br>Se indica que el n\u00famero telef\u00f3nico del que est\u00e1n mandando estos falsos requerimientos del IPE es el siguiente: 563809 4103, desde el que mandan mensajes de texto. Que conste.<br><strong>CUITLAHUISTAS A TUXPAN <\/strong>\u2026 Este domingo 13 de noviembre, d\u00eda del cumplea\u00f1os 69 del presidente de la rep\u00fablica Andr\u00e9s Manuel L\u00f3pez Obrador y de la marcha semi nacional en defensa del Instituto Nacional Electoral (INE), estar\u00e1 en la ciudad de Tuxpan de Rodr\u00edguez Cano, la gobernadora de la Ciudad de M\u00e9xico Claudia Sheinbaum Pardo quien dictar\u00e1 la conferencia \u201cPol\u00edticas exitosas de gobierno\u201d, en la unidad deportiva \u201cEnrique Valdez Constantino\u201d. Lugar no propio para una conferencia magistral, a decir de los acad\u00e9micos.<br><strong>D\u00cdGALO SIN MIEDO<\/strong> \u2026 Al correo electr\u00f3nico guadalupehmar@yahoo.com<\/p>\n","protected":false},"excerpt":{"rendered":"<p>Guadalupe H. MarMira Pol\u00edtica IMPORTANTE VALOR \u2026 Dice bien la conseja popular que la credibilidad es como la virginidad, pues una vez perdida ya no se puede recuperar, de ah\u00ed que su valor sea tan importante no solo para las personas, sino para las instituciones y, por ende, para los gobiernos en general. El mantener [&hellip;]<\/p>\n","protected":false},"author":2,"featured_media":0,"comment_status":"closed","ping_status":"closed","sticky":false,"template":"","format":"standard","meta":{"tdm_status":"","tdm_grid_status":"","footnotes":""},"categories":[70],"tags":[618,1606,21108,4248,3718,1026,195],"class_list":{"0":"post-98229","1":"post","2":"type-post","3":"status-publish","4":"format-standard","6":"category-de-opinion","7":"tag-andres-manuel-lopez-obrador","8":"tag-guadalupe-h-mar","9":"tag-instituto-de-pensiones-del-estado","10":"tag-ipe","11":"tag-maestros","12":"tag-morena","13":"tag-veracruz"},"yoast_head":"<!-- This site is optimized with the Yoast SEO plugin v27.4 - https:\/\/yoast.com\/product\/yoast-seo-wordpress\/ -->\n<title>CREDIBILIDAD - Los pol\u00edticos Veracruz<\/title>\n<meta name=\"robots\" content=\"index, follow, max-snippet:-1, max-image-preview:large, max-video-preview:-1\" \/>\n<link rel=\"canonical\" href=\"https:\/\/lospoliticosveracruz.com\/?p=98229\" \/>\n<meta property=\"og:locale\" content=\"es_ES\" \/>\n<meta property=\"og:type\" content=\"article\" \/>\n<meta property=\"og:title\" content=\"CREDIBILIDAD - Los pol\u00edticos Veracruz\" \/>\n<meta property=\"og:description\" content=\"Guadalupe H. MarMira Pol\u00edtica IMPORTANTE VALOR \u2026 Dice bien la conseja popular que la credibilidad es como la virginidad, pues una vez perdida ya no se puede recuperar, de ah\u00ed que su valor sea tan importante no solo para las personas, sino para las instituciones y, por ende, para los gobiernos en general. El mantener [&hellip;]\" \/>\n<meta property=\"og:url\" content=\"https:\/\/lospoliticosveracruz.com\/?p=98229\" \/>\n<meta property=\"og:site_name\" content=\"Los pol\u00edticos Veracruz\" \/>\n<meta property=\"article:publisher\" content=\"https:\/\/www.facebook.com\/people\/Notimemes-de-los-Polticos\/61565672886568\/\" \/>\n<meta property=\"article:published_time\" content=\"2022-11-11T13:35:52+00:00\" \/>\n<meta property=\"article:modified_time\" content=\"2022-11-11T13:44:58+00:00\" \/>\n<meta property=\"og:image\" content=\"https:\/\/lospoliticosveracruz.com\/wp-content\/uploads\/2016\/07\/Logo-Dor.jpg\" \/>\n\t<meta property=\"og:image:width\" content=\"200\" \/>\n\t<meta property=\"og:image:height\" content=\"200\" \/>\n\t<meta property=\"og:image:type\" content=\"image\/jpeg\" \/>\n<meta name=\"author\" content=\"Lo viste en Los Pol\u00edticos\" \/>\n<meta name=\"twitter:card\" content=\"summary_large_image\" \/>\n<meta name=\"twitter:creator\" content=\"@LosPoliticosVer\" \/>\n<meta name=\"twitter:site\" content=\"@LosPoliticosVer\" \/>\n<meta name=\"twitter:label1\" content=\"Escrito por\" \/>\n\t<meta name=\"twitter:data1\" content=\"Lo viste en Los Pol\u00edticos\" \/>\n\t<meta name=\"twitter:label2\" content=\"Tiempo de lectura\" \/>\n\t<meta name=\"twitter:data2\" content=\"4 minutos\" \/>\n<script type=\"application\/ld+json\" class=\"yoast-schema-graph\">{\"@context\":\"https:\\\/\\\/schema.org\",\"@graph\":[{\"@type\":\"Article\",\"@id\":\"https:\\\/\\\/lospoliticosveracruz.com\\\/?p=98229#article\",\"isPartOf\":{\"@id\":\"https:\\\/\\\/lospoliticosveracruz.com\\\/?p=98229\"},\"author\":{\"name\":\"Lo viste en Los Pol\u00edticos\",\"@id\":\"https:\\\/\\\/lospoliticosveracruz.com\\\/#\\\/schema\\\/person\\\/b8702bb0e538456e6efd07080bf2a4a2\"},\"headline\":\"CREDIBILIDAD\",\"datePublished\":\"2022-11-11T13:35:52+00:00\",\"dateModified\":\"2022-11-11T13:44:58+00:00\",\"mainEntityOfPage\":{\"@id\":\"https:\\\/\\\/lospoliticosveracruz.com\\\/?p=98229\"},\"wordCount\":747,\"publisher\":{\"@id\":\"https:\\\/\\\/lospoliticosveracruz.com\\\/#organization\"},\"keywords\":[\"Andr\u00e9s Manuel L\u00f3pez Obrador\",\"Guadalupe H. Mar\",\"Instituto de Pensiones del Estado\",\"IPE\",\"maestros\",\"Morena\",\"Veracruz\"],\"articleSection\":[\"De Opini\u00f3n\"],\"inLanguage\":\"es\"},{\"@type\":\"WebPage\",\"@id\":\"https:\\\/\\\/lospoliticosveracruz.com\\\/?p=98229\",\"url\":\"https:\\\/\\\/lospoliticosveracruz.com\\\/?p=98229\",\"name\":\"CREDIBILIDAD - Los pol\u00edticos Veracruz\",\"isPartOf\":{\"@id\":\"https:\\\/\\\/lospoliticosveracruz.com\\\/#website\"},\"datePublished\":\"2022-11-11T13:35:52+00:00\",\"dateModified\":\"2022-11-11T13:44:58+00:00\",\"breadcrumb\":{\"@id\":\"https:\\\/\\\/lospoliticosveracruz.com\\\/?p=98229#breadcrumb\"},\"inLanguage\":\"es\",\"potentialAction\":[{\"@type\":\"ReadAction\",\"target\":[\"https:\\\/\\\/lospoliticosveracruz.com\\\/?p=98229\"]}]},{\"@type\":\"BreadcrumbList\",\"@id\":\"https:\\\/\\\/lospoliticosveracruz.com\\\/?p=98229#breadcrumb\",\"itemListElement\":[{\"@type\":\"ListItem\",\"position\":1,\"name\":\"Portada\",\"item\":\"https:\\\/\\\/lospoliticosveracruz.com\\\/\"},{\"@type\":\"ListItem\",\"position\":2,\"name\":\"CREDIBILIDAD\"}]},{\"@type\":\"WebSite\",\"@id\":\"https:\\\/\\\/lospoliticosveracruz.com\\\/#website\",\"url\":\"https:\\\/\\\/lospoliticosveracruz.com\\\/\",\"name\":\"Los pol\u00edticos Veracruz\",\"description\":\"\",\"publisher\":{\"@id\":\"https:\\\/\\\/lospoliticosveracruz.com\\\/#organization\"},\"potentialAction\":[{\"@type\":\"SearchAction\",\"target\":{\"@type\":\"EntryPoint\",\"urlTemplate\":\"https:\\\/\\\/lospoliticosveracruz.com\\\/?s={search_term_string}\"},\"query-input\":{\"@type\":\"PropertyValueSpecification\",\"valueRequired\":true,\"valueName\":\"search_term_string\"}}],\"inLanguage\":\"es\"},{\"@type\":\"Organization\",\"@id\":\"https:\\\/\\\/lospoliticosveracruz.com\\\/#organization\",\"name\":\"Los pol\u00edticos Veracruz\",\"url\":\"https:\\\/\\\/lospoliticosveracruz.com\\\/\",\"logo\":{\"@type\":\"ImageObject\",\"inLanguage\":\"es\",\"@id\":\"https:\\\/\\\/lospoliticosveracruz.com\\\/#\\\/schema\\\/logo\\\/image\\\/\",\"url\":\"https:\\\/\\\/lospoliticosveracruz.com\\\/wp-content\\\/uploads\\\/2025\\\/12\\\/Logo-Nuevo-LOS-POLITICOS-1.jpg\",\"contentUrl\":\"https:\\\/\\\/lospoliticosveracruz.com\\\/wp-content\\\/uploads\\\/2025\\\/12\\\/Logo-Nuevo-LOS-POLITICOS-1.jpg\",\"width\":260,\"height\":70,\"caption\":\"Los pol\u00edticos Veracruz\"},\"image\":{\"@id\":\"https:\\\/\\\/lospoliticosveracruz.com\\\/#\\\/schema\\\/logo\\\/image\\\/\"},\"sameAs\":[\"https:\\\/\\\/www.facebook.com\\\/people\\\/Notimemes-de-los-Polticos\\\/61565672886568\\\/\",\"https:\\\/\\\/x.com\\\/LosPoliticosVer\"]},{\"@type\":\"Person\",\"@id\":\"https:\\\/\\\/lospoliticosveracruz.com\\\/#\\\/schema\\\/person\\\/b8702bb0e538456e6efd07080bf2a4a2\",\"name\":\"Lo viste en Los Pol\u00edticos\",\"image\":{\"@type\":\"ImageObject\",\"inLanguage\":\"es\",\"@id\":\"https:\\\/\\\/secure.gravatar.com\\\/avatar\\\/3a8de04a2656d44082be478bd6c086daa447c4651605818287b9532d3d0bd435?s=96&d=mm&r=g\",\"url\":\"https:\\\/\\\/secure.gravatar.com\\\/avatar\\\/3a8de04a2656d44082be478bd6c086daa447c4651605818287b9532d3d0bd435?s=96&d=mm&r=g\",\"contentUrl\":\"https:\\\/\\\/secure.gravatar.com\\\/avatar\\\/3a8de04a2656d44082be478bd6c086daa447c4651605818287b9532d3d0bd435?s=96&d=mm&r=g\",\"caption\":\"Lo viste en Los Pol\u00edticos\"},\"url\":\"https:\\\/\\\/lospoliticosveracruz.com\\\/?author=2\"}]}<\/script>\n<!-- \/ Yoast SEO plugin. -->","yoast_head_json":{"title":"CREDIBILIDAD - Los pol\u00edticos Veracruz","robots":{"index":"index","follow":"follow","max-snippet":"max-snippet:-1","max-image-preview":"max-image-preview:large","max-video-preview":"max-video-preview:-1"},"canonical":"https:\/\/lospoliticosveracruz.com\/?p=98229","og_locale":"es_ES","og_type":"article","og_title":"CREDIBILIDAD - Los pol\u00edticos Veracruz","og_description":"Guadalupe H. MarMira Pol\u00edtica IMPORTANTE VALOR \u2026 Dice bien la conseja popular que la credibilidad es como la virginidad, pues una vez perdida ya no se puede recuperar, de ah\u00ed que su valor sea tan importante no solo para las personas, sino para las instituciones y, por ende, para los gobiernos en general. El mantener [&hellip;]","og_url":"https:\/\/lospoliticosveracruz.com\/?p=98229","og_site_name":"Los pol\u00edticos Veracruz","article_publisher":"https:\/\/www.facebook.com\/people\/Notimemes-de-los-Polticos\/61565672886568\/","article_published_time":"2022-11-11T13:35:52+00:00","article_modified_time":"2022-11-11T13:44:58+00:00","og_image":[{"width":200,"height":200,"url":"https:\/\/lospoliticosveracruz.com\/wp-content\/uploads\/2016\/07\/Logo-Dor.jpg","type":"image\/jpeg"}],"author":"Lo viste en Los Pol\u00edticos","twitter_card":"summary_large_image","twitter_creator":"@LosPoliticosVer","twitter_site":"@LosPoliticosVer","twitter_misc":{"Escrito por":"Lo viste en Los Pol\u00edticos","Tiempo de lectura":"4 minutos"},"schema":{"@context":"https:\/\/schema.org","@graph":[{"@type":"Article","@id":"https:\/\/lospoliticosveracruz.com\/?p=98229#article","isPartOf":{"@id":"https:\/\/lospoliticosveracruz.com\/?p=98229"},"author":{"name":"Lo viste en Los Pol\u00edticos","@id":"https:\/\/lospoliticosveracruz.com\/#\/schema\/person\/b8702bb0e538456e6efd07080bf2a4a2"},"headline":"CREDIBILIDAD","datePublished":"2022-11-11T13:35:52+00:00","dateModified":"2022-11-11T13:44:58+00:00","mainEntityOfPage":{"@id":"https:\/\/lospoliticosveracruz.com\/?p=98229"},"wordCount":747,"publisher":{"@id":"https:\/\/lospoliticosveracruz.com\/#organization"},"keywords":["Andr\u00e9s Manuel L\u00f3pez Obrador","Guadalupe H. Mar","Instituto de Pensiones del Estado","IPE","maestros","Morena","Veracruz"],"articleSection":["De Opini\u00f3n"],"inLanguage":"es"},{"@type":"WebPage","@id":"https:\/\/lospoliticosveracruz.com\/?p=98229","url":"https:\/\/lospoliticosveracruz.com\/?p=98229","name":"CREDIBILIDAD - Los pol\u00edticos Veracruz","isPartOf":{"@id":"https:\/\/lospoliticosveracruz.com\/#website"},"datePublished":"2022-11-11T13:35:52+00:00","dateModified":"2022-11-11T13:44:58+00:00","breadcrumb":{"@id":"https:\/\/lospoliticosveracruz.com\/?p=98229#breadcrumb"},"inLanguage":"es","potentialAction":[{"@type":"ReadAction","target":["https:\/\/lospoliticosveracruz.com\/?p=98229"]}]},{"@type":"BreadcrumbList","@id":"https:\/\/lospoliticosveracruz.com\/?p=98229#breadcrumb","itemListElement":[{"@type":"ListItem","position":1,"name":"Portada","item":"https:\/\/lospoliticosveracruz.com\/"},{"@type":"ListItem","position":2,"name":"CREDIBILIDAD"}]},{"@type":"WebSite","@id":"https:\/\/lospoliticosveracruz.com\/#website","url":"https:\/\/lospoliticosveracruz.com\/","name":"Los pol\u00edticos Veracruz","description":"","publisher":{"@id":"https:\/\/lospoliticosveracruz.com\/#organization"},"potentialAction":[{"@type":"SearchAction","target":{"@type":"EntryPoint","urlTemplate":"https:\/\/lospoliticosveracruz.com\/?s={search_term_string}"},"query-input":{"@type":"PropertyValueSpecification","valueRequired":true,"valueName":"search_term_string"}}],"inLanguage":"es"},{"@type":"Organization","@id":"https:\/\/lospoliticosveracruz.com\/#organization","name":"Los pol\u00edticos Veracruz","url":"https:\/\/lospoliticosveracruz.com\/","logo":{"@type":"ImageObject","inLanguage":"es","@id":"https:\/\/lospoliticosveracruz.com\/#\/schema\/logo\/image\/","url":"https:\/\/lospoliticosveracruz.com\/wp-content\/uploads\/2025\/12\/Logo-Nuevo-LOS-POLITICOS-1.jpg","contentUrl":"https:\/\/lospoliticosveracruz.com\/wp-content\/uploads\/2025\/12\/Logo-Nuevo-LOS-POLITICOS-1.jpg","width":260,"height":70,"caption":"Los pol\u00edticos Veracruz"},"image":{"@id":"https:\/\/lospoliticosveracruz.com\/#\/schema\/logo\/image\/"},"sameAs":["https:\/\/www.facebook.com\/people\/Notimemes-de-los-Polticos\/61565672886568\/","https:\/\/x.com\/LosPoliticosVer"]},{"@type":"Person","@id":"https:\/\/lospoliticosveracruz.com\/#\/schema\/person\/b8702bb0e538456e6efd07080bf2a4a2","name":"Lo viste en Los Pol\u00edticos","image":{"@type":"ImageObject","inLanguage":"es","@id":"https:\/\/secure.gravatar.com\/avatar\/3a8de04a2656d44082be478bd6c086daa447c4651605818287b9532d3d0bd435?s=96&d=mm&r=g","url":"https:\/\/secure.gravatar.com\/avatar\/3a8de04a2656d44082be478bd6c086daa447c4651605818287b9532d3d0bd435?s=96&d=mm&r=g","contentUrl":"https:\/\/secure.gravatar.com\/avatar\/3a8de04a2656d44082be478bd6c086daa447c4651605818287b9532d3d0bd435?s=96&d=mm&r=g","caption":"Lo viste en Los Pol\u00edticos"},"url":"https:\/\/lospoliticosveracruz.com\/?author=2"}]}},"_links":{"self":[{"href":"https:\/\/lospoliticosveracruz.com\/index.php?rest_route=\/wp\/v2\/posts\/98229","targetHints":{"allow":["GET"]}}],"collection":[{"href":"https:\/\/lospoliticosveracruz.com\/index.php?rest_route=\/wp\/v2\/posts"}],"about":[{"href":"https:\/\/lospoliticosveracruz.com\/index.php?rest_route=\/wp\/v2\/types\/post"}],"author":[{"embeddable":true,"href":"https:\/\/lospoliticosveracruz.com\/index.php?rest_route=\/wp\/v2\/users\/2"}],"replies":[{"embeddable":true,"href":"https:\/\/lospoliticosveracruz.com\/index.php?rest_route=%2Fwp%2Fv2%2Fcomments&post=98229"}],"version-history":[{"count":1,"href":"https:\/\/lospoliticosveracruz.com\/index.php?rest_route=\/wp\/v2\/posts\/98229\/revisions"}],"predecessor-version":[{"id":98231,"href":"https:\/\/lospoliticosveracruz.com\/index.php?rest_route=\/wp\/v2\/posts\/98229\/revisions\/98231"}],"wp:attachment":[{"href":"https:\/\/lospoliticosveracruz.com\/index.php?rest_route=%2Fwp%2Fv2%2Fmedia&parent=98229"}],"wp:term":[{"taxonomy":"category","embeddable":true,"href":"https:\/\/lospoliticosveracruz.com\/index.php?rest_route=%2Fwp%2Fv2%2Fcategories&post=98229"},{"taxonomy":"post_tag","embeddable":true,"href":"https:\/\/lospoliticosveracruz.com\/index.php?rest_route=%2Fwp%2Fv2%2Ftags&post=98229"}],"curies":[{"name":"wp","href":"https:\/\/api.w.org\/{rel}","templated":true}]}}