{"id":98799,"date":"2022-11-22T07:33:32","date_gmt":"2022-11-22T13:33:32","guid":{"rendered":"https:\/\/lospoliticosveracruz.com.mx\/?p=98799"},"modified":"2022-11-22T07:33:39","modified_gmt":"2022-11-22T13:33:39","slug":"las-chicanadas-de-duarte","status":"publish","type":"post","link":"https:\/\/lospoliticosveracruz.com\/?p=98799","title":{"rendered":"LAS CHICANADAS DE DUARTE&nbsp;"},"content":{"rendered":"\n<p><strong>Bernardo Guti\u00e9rrez Parra\u00a0<\/strong><\/p>\n\n\n\n<p><em>Desde el Caf\u00e9<\/em><\/p>\n\n\n\n<p>Pongamos las cosas en su justa dimensi\u00f3n. Javier Duarte va a pasar a la historia como el saqueador m\u00e1s grande que ha tenido Veracruz en los \u00faltimos a\u00f1os. Aun siendo gobernador la Auditor\u00eda Superior de la Federaci\u00f3n document\u00f3 decenas de delitos y present\u00f3 denuncias penales por irregularidades durante su gesti\u00f3n.\u00a0<br><\/p>\n\n\n<div class=\"wp-block-image\">\n<figure class=\"alignleft size-medium\"><a href=\"https:\/\/lospoliticosveracruz.com.mx\/wp-content\/uploads\/2021\/10\/WhatsApp-Image-2021-10-02-at-15.20.25.jpeg\"><img loading=\"lazy\" decoding=\"async\" width=\"212\" height=\"300\" src=\"https:\/\/lospoliticosveracruz.com.mx\/wp-content\/uploads\/2021\/10\/WhatsApp-Image-2021-10-02-at-15.20.25-212x300.jpeg\" alt=\"\" class=\"wp-image-80177\" srcset=\"https:\/\/lospoliticosveracruz.com\/wp-content\/uploads\/2021\/10\/WhatsApp-Image-2021-10-02-at-15.20.25-212x300.jpeg 212w, https:\/\/lospoliticosveracruz.com\/wp-content\/uploads\/2021\/10\/WhatsApp-Image-2021-10-02-at-15.20.25-724x1024.jpeg 724w, https:\/\/lospoliticosveracruz.com\/wp-content\/uploads\/2021\/10\/WhatsApp-Image-2021-10-02-at-15.20.25-768x1086.jpeg 768w, https:\/\/lospoliticosveracruz.com\/wp-content\/uploads\/2021\/10\/WhatsApp-Image-2021-10-02-at-15.20.25.jpeg 905w\" sizes=\"auto, (max-width: 212px) 100vw, 212px\" \/><\/a><\/figure>\n<\/div>\n\n\n<p>Se le acus\u00f3 entre otras cosas de peculado, malversaci\u00f3n de fondos y robo al erario por miles de millones de pesos. Agregado a lo anterior, el portal de noticias Animal Pol\u00edtico document\u00f3 el uso de una red de empresas fantasma para desviar recursos p\u00fablicos. \u201cSi lo agarran no saldr\u00e1 del bote\u201d era la opini\u00f3n casi un\u00e1nime.&nbsp;&nbsp;<\/p>\n\n\n\n<p>Pero cuando andaba a salto de mata un pol\u00edtico tuxpe\u00f1o profetiz\u00f3: \u201cJavier la supo hacer porque rob\u00f3 miles de millones, huy\u00f3, lo van a detener, se acoger\u00e1 al criterio de oportunidad, devolver\u00e1 una piscacha de lo que se rob\u00f3, le har\u00e1n un juicio abreviado y lo condenar\u00e1n m\u00e1ximo a diez a\u00f1os, con lo que saldr\u00e1 libre al cumplir la mitad de su condena\u201d.&nbsp;<\/p>\n\n\n\n<p>Y a excepci\u00f3n de que sigue en prisi\u00f3n, lo dem\u00e1s se cumpli\u00f3 con prof\u00e9tica precisi\u00f3n.<\/p>\n\n\n\n<p>\u00bfQu\u00e9 gan\u00f3 Duarte con un juicio abreviado? Much\u00edsimo; de entrada se ahorr\u00f3 un tardado y tedioso juicio oral que lo hubiera condenado m\u00ednimo, a 25 a\u00f1os de prisi\u00f3n. El juicio abreviado lo puso tras las rejas por nueve a\u00f1os y le orden\u00f3 pagar 58 mil pesos de multa.<\/p>\n\n\n\n<p>Si bien devolvi\u00f3 varios ranchos, parcelas, terrenos y departamentos, le qued\u00f3 dinero de los 1,650 millones de pesos obtenidos con recursos de procedencia il\u00edcita y asociaci\u00f3n delictuosa, delitos de los que fue el autor material, seg\u00fan el juez de la causa.&nbsp;<\/p>\n\n\n\n<p>\u00bfEs todo lo que se rob\u00f3? No, es apenas una parte.&nbsp;<\/p>\n\n\n\n<p>Y algo inexplicable; el fallo no lo inhabilit\u00f3 para volver a ocupar cargos p\u00fablicos, por lo que si se le pega su gana puede ser nuevamente candidato a gobernador y otra vez gobernador. Pero\u2026<\/p>\n\n\n\n<p>La semana anterior la Fiscal\u00eda General de Veracruz interpuso una demanda en su contra por desaparici\u00f3n forzada de un elemento de la Secretar\u00eda de Seguridad P\u00fablica.&nbsp;<\/p>\n\n\n\n<p>En entrevista con Manuel Feregrino, Duarte calific\u00f3 de \u201cchicanada\u201d judicial la denuncia ya que ten\u00eda programada una audiencia para el 23 de noviembre que le dar\u00eda la oportunidad de presentar su beneficio preliberacional, y con esta medida ya no puede obtener ese beneficio.&nbsp;<\/p>\n\n\n\n<p>Pero aclar\u00f3: \u201cEn esta audiencia se me vincula a proceso no por desaparici\u00f3n forzada. Subrayo, no por ordenar o haber participado en la desaparici\u00f3n forzada de persona alguna, sino por haber entorpecido en una investigaci\u00f3n ministerial. Incluso durante la audiencia le pregunt\u00e9 de manera directa a la fiscal si se me se\u00f1alaba de haber cometido ese delito (desaparici\u00f3n forzada), y ella respondi\u00f3 claramente que no\u201d.<\/p>\n\n\n\n<p>De acuerdo con mi paisano y amigo profeta, es probable que dentro de poco Javier Duarte recobre su libertad porque su acusador; Gilberto N, ex director de Servicios Periciales, demostr\u00f3 que la acusaci\u00f3n le fue sacada mediante tortura. Y quienes fueron acusados de participar en esa desaparici\u00f3n est\u00e1n libres, por lo que Javier debe seguir el mismo camino.&nbsp;<\/p>\n\n\n\n<p>\u201cPero aparte de esa, lo acusan de decenas de desapariciones\u201d le dije. \u201cS\u00ed \u00bfy las pruebas? \u00c9stas deben ser s\u00f3lidas y no de o\u00eddas. No se te olvide que ni la actual fiscal ni el anterior Jorge Winckler, saben hacer carpetas de investigaci\u00f3n; de ah\u00ed se han agarrado los abogados para que los jueces pongan en libertad a sus defendidos\u201d.&nbsp;<\/p>\n\n\n\n<p>Y subray\u00f3: \u201cTe aclaro, no estoy defendiendo a Javier Duarte. Todos sabemos que es un bandido que rob\u00f3 millones de pesos, pero no hay pruebas s\u00f3lidas que lo se\u00f1alen como autor de ese multimillonario atraco. El tipo la supo hacer\u201d.&nbsp;<\/p>\n\n\n\n<p>Conclusi\u00f3n, lector; si la FGE le hizo una chicanada a Javier, \u00e9ste se chicane\u00f3 a los veracruzanos porque los millones que tanto \u00e9l como sus secuaces se birlaron se perdieron de manera irremediable. Apenas regres\u00f3 un tanto as\u00ed de ese dineral y como le dijo a Feregrino, saldr\u00e1 libre m\u00e1s temprano que tarde.&nbsp;<\/p>\n\n\n\n<p>Y en cuando a los desaparecidos, se necesitar\u00e1n autoridades judiciales m\u00e1s honestas, competentes y responsables para dar con ellos y encerrar a los culpables de su desaparici\u00f3n. Pero para que esto se logre pasar\u00e1n muchos a\u00f1os.&nbsp;<\/p>\n\n\n\n<p>Qu\u00e9 impotencia, caray.&nbsp;&nbsp;<\/p>\n\n\n\n<p><strong>Valientes mensajes\u00a0<\/strong><\/p>\n\n\n\n<p>El domingo 13, el mero d\u00eda de la marcha contra la Reforma Electoral, el Arzobispo de Xalapa, Jorge Carlos Patr\u00f3n Wong, alert\u00f3 a su grey sobre los falsos profetas. \u201cNos ofrecen respuestas f\u00e1ciles y r\u00e1pidas dividi\u00e9ndonos, son personas que nos enga\u00f1an porque nos alejan del amor, de la caridad, de la paciencia, del trabajo para los dem\u00e1s. Quien viene a dividir a los mexicanos nos enga\u00f1a, somos hijos del mismo Dios y de Mar\u00eda de Guadalupe, que no nos divida nadie, por ninguna raz\u00f3n, fuera los falsos profetas\u2026\u201d.&nbsp;&nbsp;<\/p>\n\n\n\n<p>Esto le peg\u00f3 en el est\u00f3mago a Andr\u00e9s Manuel L\u00f3pez Obrador que al d\u00eda siguiente en su ma\u00f1anera, puso a la Arquidi\u00f3cesis de Xalapa en la lista de quienes asistieron a la marcha en la Ciudad de M\u00e9xico (lo que no fue cierto) y dijo que los iba a acusar con el Papa Francisco.&nbsp;<\/p>\n\n\n\n<p>Pero el Arzobispo Patr\u00f3n Wong no se intimid\u00f3. Sabedor de que no s\u00f3lo el Poder Ejecutivo anda mal sino tambi\u00e9n el Poder Judicial, este domingo dijo: \u201cComo lo vamos a hacer en todas las partes de M\u00e9xico, vamos a orar nosotros por el sistema judicial, por el Poder Judicial. Hoy en M\u00e9xico necesitamos una justicia verdadera, una justicia que sea para todos, sin corrupci\u00f3n, favores, sin preferencias a algunos\u201d.<\/p>\n\n\n\n<p>Gran verdad; la justicia en el pa\u00eds, pero concretamente en Veracruz es vomitiva: abusos de autoridad, detenciones arbitrarias, desapariciones forzadas, fabricaci\u00f3n de delitos y por consiguiente de culpables y un largo etc\u00e9tera. Eso lo saben muy bien los encargados de procurar la justicia en la entidad y nada hacen por mejorarla.&nbsp;<\/p>\n\n\n\n<p>Quien s\u00ed asisti\u00f3 a la marcha pero en Xalapa, fue el padre Jos\u00e9 Manuel Suazo, vocero de la Arquidi\u00f3cesis, que este fin de semana escribi\u00f3 en su comunicado dominical:&nbsp;<\/p>\n\n\n\n<p>\u201cVivimos en un mundo donde predominan muchas formas de ego\u00edsmo, de violencia, sed de ganancia, b\u00fasqueda de \u00e9xito y de poder. Muchas veces quienes alcanzan el poder terminan sirvi\u00e9ndose de \u00e9l en beneficio propio y se olvidan de los dem\u00e1s. Renuncian a valores \u00e9ticos y corrompen sus conciencias aunque lo que hagan sea irracional, antinatural y atente contra el bien com\u00fan. Lamentablemente el abuso del poder es una cosa cotidiana que no se ha podido erradicar. Esta forma de ejercerlo va acompa\u00f1ada de corrupci\u00f3n e impunidad\u201d.&nbsp;<\/p>\n\n\n\n<p>Valientes mensajes sobre los que hay que reflexionar profundamente.&nbsp;<\/p>\n\n\n\n<p>bernardogup@hotmail.com<\/p>\n","protected":false},"excerpt":{"rendered":"<p>Bernardo Guti\u00e9rrez Parra\u00a0 Desde el Caf\u00e9 Pongamos las cosas en su justa dimensi\u00f3n. Javier Duarte va a pasar a la historia como el saqueador m\u00e1s grande que ha tenido Veracruz en los \u00faltimos a\u00f1os. Aun siendo gobernador la Auditor\u00eda Superior de la Federaci\u00f3n document\u00f3 decenas de delitos y present\u00f3 denuncias penales por irregularidades durante su [&hellip;]<\/p>\n","protected":false},"author":2,"featured_media":0,"comment_status":"closed","ping_status":"closed","sticky":false,"template":"","format":"standard","meta":{"tdm_status":"","tdm_grid_status":"","footnotes":""},"categories":[70],"tags":[1917,34206,11684,260,36252],"class_list":{"0":"post-98799","1":"post","2":"type-post","3":"status-publish","4":"format-standard","6":"category-de-opinion","7":"tag-auditoria-superior-de-la-federacion","8":"tag-bernardo-gutierrez-parra","9":"tag-fiscalia-general-de-veracruz","10":"tag-javier-duarte-de-ochoa","11":"tag-marcha-contra-la-reforma-electoral"},"yoast_head":"<!-- This site is optimized with the Yoast SEO plugin v27.4 - https:\/\/yoast.com\/product\/yoast-seo-wordpress\/ -->\n<title>LAS CHICANADAS DE DUARTE&nbsp; - Los pol\u00edticos Veracruz<\/title>\n<meta name=\"robots\" content=\"index, follow, max-snippet:-1, max-image-preview:large, max-video-preview:-1\" \/>\n<link rel=\"canonical\" href=\"https:\/\/lospoliticosveracruz.com\/?p=98799\" \/>\n<meta property=\"og:locale\" content=\"es_ES\" \/>\n<meta property=\"og:type\" content=\"article\" \/>\n<meta property=\"og:title\" content=\"LAS CHICANADAS DE DUARTE&nbsp; - Los pol\u00edticos Veracruz\" \/>\n<meta property=\"og:description\" content=\"Bernardo Guti\u00e9rrez Parra\u00a0 Desde el Caf\u00e9 Pongamos las cosas en su justa dimensi\u00f3n. Javier Duarte va a pasar a la historia como el saqueador m\u00e1s grande que ha tenido Veracruz en los \u00faltimos a\u00f1os. Aun siendo gobernador la Auditor\u00eda Superior de la Federaci\u00f3n document\u00f3 decenas de delitos y present\u00f3 denuncias penales por irregularidades durante su [&hellip;]\" \/>\n<meta property=\"og:url\" content=\"https:\/\/lospoliticosveracruz.com\/?p=98799\" \/>\n<meta property=\"og:site_name\" content=\"Los pol\u00edticos Veracruz\" \/>\n<meta property=\"article:publisher\" content=\"https:\/\/www.facebook.com\/people\/Notimemes-de-los-Polticos\/61565672886568\/\" \/>\n<meta property=\"article:published_time\" content=\"2022-11-22T13:33:32+00:00\" \/>\n<meta property=\"article:modified_time\" content=\"2022-11-22T13:33:39+00:00\" \/>\n<meta property=\"og:image\" content=\"https:\/\/lospoliticosveracruz.com.mx\/wp-content\/uploads\/2021\/10\/WhatsApp-Image-2021-10-02-at-15.20.25-212x300.jpeg\" \/>\n<meta name=\"author\" content=\"Lo viste en Los Pol\u00edticos\" \/>\n<meta name=\"twitter:card\" content=\"summary_large_image\" \/>\n<meta name=\"twitter:creator\" content=\"@LosPoliticosVer\" \/>\n<meta name=\"twitter:site\" content=\"@LosPoliticosVer\" \/>\n<meta name=\"twitter:label1\" content=\"Escrito por\" \/>\n\t<meta name=\"twitter:data1\" content=\"Lo viste en Los Pol\u00edticos\" \/>\n\t<meta name=\"twitter:label2\" content=\"Tiempo de lectura\" \/>\n\t<meta name=\"twitter:data2\" content=\"6 minutos\" \/>\n<script type=\"application\/ld+json\" class=\"yoast-schema-graph\">{\"@context\":\"https:\\\/\\\/schema.org\",\"@graph\":[{\"@type\":\"Article\",\"@id\":\"https:\\\/\\\/lospoliticosveracruz.com\\\/?p=98799#article\",\"isPartOf\":{\"@id\":\"https:\\\/\\\/lospoliticosveracruz.com\\\/?p=98799\"},\"author\":{\"name\":\"Lo viste en Los Pol\u00edticos\",\"@id\":\"https:\\\/\\\/lospoliticosveracruz.com\\\/#\\\/schema\\\/person\\\/b8702bb0e538456e6efd07080bf2a4a2\"},\"headline\":\"LAS CHICANADAS DE DUARTE&nbsp;\",\"datePublished\":\"2022-11-22T13:33:32+00:00\",\"dateModified\":\"2022-11-22T13:33:39+00:00\",\"mainEntityOfPage\":{\"@id\":\"https:\\\/\\\/lospoliticosveracruz.com\\\/?p=98799\"},\"wordCount\":1212,\"publisher\":{\"@id\":\"https:\\\/\\\/lospoliticosveracruz.com\\\/#organization\"},\"image\":{\"@id\":\"https:\\\/\\\/lospoliticosveracruz.com\\\/?p=98799#primaryimage\"},\"thumbnailUrl\":\"https:\\\/\\\/lospoliticosveracruz.com.mx\\\/wp-content\\\/uploads\\\/2021\\\/10\\\/WhatsApp-Image-2021-10-02-at-15.20.25-212x300.jpeg\",\"keywords\":[\"Auditor\u00eda Superior de la Federaci\u00f3n\",\"Bernardo Guti\u00e9rrez Parra\",\"Fiscal\u00eda General de Veracruz\",\"Javier Duarte de Ochoa\",\"marcha contra la Reforma Electoral\"],\"articleSection\":[\"De Opini\u00f3n\"],\"inLanguage\":\"es\"},{\"@type\":\"WebPage\",\"@id\":\"https:\\\/\\\/lospoliticosveracruz.com\\\/?p=98799\",\"url\":\"https:\\\/\\\/lospoliticosveracruz.com\\\/?p=98799\",\"name\":\"LAS CHICANADAS DE DUARTE&nbsp; - Los pol\u00edticos Veracruz\",\"isPartOf\":{\"@id\":\"https:\\\/\\\/lospoliticosveracruz.com\\\/#website\"},\"primaryImageOfPage\":{\"@id\":\"https:\\\/\\\/lospoliticosveracruz.com\\\/?p=98799#primaryimage\"},\"image\":{\"@id\":\"https:\\\/\\\/lospoliticosveracruz.com\\\/?p=98799#primaryimage\"},\"thumbnailUrl\":\"https:\\\/\\\/lospoliticosveracruz.com.mx\\\/wp-content\\\/uploads\\\/2021\\\/10\\\/WhatsApp-Image-2021-10-02-at-15.20.25-212x300.jpeg\",\"datePublished\":\"2022-11-22T13:33:32+00:00\",\"dateModified\":\"2022-11-22T13:33:39+00:00\",\"breadcrumb\":{\"@id\":\"https:\\\/\\\/lospoliticosveracruz.com\\\/?p=98799#breadcrumb\"},\"inLanguage\":\"es\",\"potentialAction\":[{\"@type\":\"ReadAction\",\"target\":[\"https:\\\/\\\/lospoliticosveracruz.com\\\/?p=98799\"]}]},{\"@type\":\"ImageObject\",\"inLanguage\":\"es\",\"@id\":\"https:\\\/\\\/lospoliticosveracruz.com\\\/?p=98799#primaryimage\",\"url\":\"https:\\\/\\\/lospoliticosveracruz.com.mx\\\/wp-content\\\/uploads\\\/2021\\\/10\\\/WhatsApp-Image-2021-10-02-at-15.20.25-212x300.jpeg\",\"contentUrl\":\"https:\\\/\\\/lospoliticosveracruz.com.mx\\\/wp-content\\\/uploads\\\/2021\\\/10\\\/WhatsApp-Image-2021-10-02-at-15.20.25-212x300.jpeg\"},{\"@type\":\"BreadcrumbList\",\"@id\":\"https:\\\/\\\/lospoliticosveracruz.com\\\/?p=98799#breadcrumb\",\"itemListElement\":[{\"@type\":\"ListItem\",\"position\":1,\"name\":\"Portada\",\"item\":\"https:\\\/\\\/lospoliticosveracruz.com\\\/\"},{\"@type\":\"ListItem\",\"position\":2,\"name\":\"LAS CHICANADAS DE DUARTE&nbsp;\"}]},{\"@type\":\"WebSite\",\"@id\":\"https:\\\/\\\/lospoliticosveracruz.com\\\/#website\",\"url\":\"https:\\\/\\\/lospoliticosveracruz.com\\\/\",\"name\":\"Los pol\u00edticos Veracruz\",\"description\":\"\",\"publisher\":{\"@id\":\"https:\\\/\\\/lospoliticosveracruz.com\\\/#organization\"},\"potentialAction\":[{\"@type\":\"SearchAction\",\"target\":{\"@type\":\"EntryPoint\",\"urlTemplate\":\"https:\\\/\\\/lospoliticosveracruz.com\\\/?s={search_term_string}\"},\"query-input\":{\"@type\":\"PropertyValueSpecification\",\"valueRequired\":true,\"valueName\":\"search_term_string\"}}],\"inLanguage\":\"es\"},{\"@type\":\"Organization\",\"@id\":\"https:\\\/\\\/lospoliticosveracruz.com\\\/#organization\",\"name\":\"Los pol\u00edticos Veracruz\",\"url\":\"https:\\\/\\\/lospoliticosveracruz.com\\\/\",\"logo\":{\"@type\":\"ImageObject\",\"inLanguage\":\"es\",\"@id\":\"https:\\\/\\\/lospoliticosveracruz.com\\\/#\\\/schema\\\/logo\\\/image\\\/\",\"url\":\"https:\\\/\\\/lospoliticosveracruz.com\\\/wp-content\\\/uploads\\\/2025\\\/12\\\/Logo-Nuevo-LOS-POLITICOS-1.jpg\",\"contentUrl\":\"https:\\\/\\\/lospoliticosveracruz.com\\\/wp-content\\\/uploads\\\/2025\\\/12\\\/Logo-Nuevo-LOS-POLITICOS-1.jpg\",\"width\":260,\"height\":70,\"caption\":\"Los pol\u00edticos Veracruz\"},\"image\":{\"@id\":\"https:\\\/\\\/lospoliticosveracruz.com\\\/#\\\/schema\\\/logo\\\/image\\\/\"},\"sameAs\":[\"https:\\\/\\\/www.facebook.com\\\/people\\\/Notimemes-de-los-Polticos\\\/61565672886568\\\/\",\"https:\\\/\\\/x.com\\\/LosPoliticosVer\"]},{\"@type\":\"Person\",\"@id\":\"https:\\\/\\\/lospoliticosveracruz.com\\\/#\\\/schema\\\/person\\\/b8702bb0e538456e6efd07080bf2a4a2\",\"name\":\"Lo viste en Los Pol\u00edticos\",\"image\":{\"@type\":\"ImageObject\",\"inLanguage\":\"es\",\"@id\":\"https:\\\/\\\/secure.gravatar.com\\\/avatar\\\/3a8de04a2656d44082be478bd6c086daa447c4651605818287b9532d3d0bd435?s=96&d=mm&r=g\",\"url\":\"https:\\\/\\\/secure.gravatar.com\\\/avatar\\\/3a8de04a2656d44082be478bd6c086daa447c4651605818287b9532d3d0bd435?s=96&d=mm&r=g\",\"contentUrl\":\"https:\\\/\\\/secure.gravatar.com\\\/avatar\\\/3a8de04a2656d44082be478bd6c086daa447c4651605818287b9532d3d0bd435?s=96&d=mm&r=g\",\"caption\":\"Lo viste en Los Pol\u00edticos\"},\"url\":\"https:\\\/\\\/lospoliticosveracruz.com\\\/?author=2\"}]}<\/script>\n<!-- \/ Yoast SEO plugin. -->","yoast_head_json":{"title":"LAS CHICANADAS DE DUARTE&nbsp; - Los pol\u00edticos Veracruz","robots":{"index":"index","follow":"follow","max-snippet":"max-snippet:-1","max-image-preview":"max-image-preview:large","max-video-preview":"max-video-preview:-1"},"canonical":"https:\/\/lospoliticosveracruz.com\/?p=98799","og_locale":"es_ES","og_type":"article","og_title":"LAS CHICANADAS DE DUARTE&nbsp; - Los pol\u00edticos Veracruz","og_description":"Bernardo Guti\u00e9rrez Parra\u00a0 Desde el Caf\u00e9 Pongamos las cosas en su justa dimensi\u00f3n. Javier Duarte va a pasar a la historia como el saqueador m\u00e1s grande que ha tenido Veracruz en los \u00faltimos a\u00f1os. Aun siendo gobernador la Auditor\u00eda Superior de la Federaci\u00f3n document\u00f3 decenas de delitos y present\u00f3 denuncias penales por irregularidades durante su [&hellip;]","og_url":"https:\/\/lospoliticosveracruz.com\/?p=98799","og_site_name":"Los pol\u00edticos Veracruz","article_publisher":"https:\/\/www.facebook.com\/people\/Notimemes-de-los-Polticos\/61565672886568\/","article_published_time":"2022-11-22T13:33:32+00:00","article_modified_time":"2022-11-22T13:33:39+00:00","og_image":[{"url":"https:\/\/lospoliticosveracruz.com.mx\/wp-content\/uploads\/2021\/10\/WhatsApp-Image-2021-10-02-at-15.20.25-212x300.jpeg","type":"","width":"","height":""}],"author":"Lo viste en Los Pol\u00edticos","twitter_card":"summary_large_image","twitter_creator":"@LosPoliticosVer","twitter_site":"@LosPoliticosVer","twitter_misc":{"Escrito por":"Lo viste en Los Pol\u00edticos","Tiempo de lectura":"6 minutos"},"schema":{"@context":"https:\/\/schema.org","@graph":[{"@type":"Article","@id":"https:\/\/lospoliticosveracruz.com\/?p=98799#article","isPartOf":{"@id":"https:\/\/lospoliticosveracruz.com\/?p=98799"},"author":{"name":"Lo viste en Los Pol\u00edticos","@id":"https:\/\/lospoliticosveracruz.com\/#\/schema\/person\/b8702bb0e538456e6efd07080bf2a4a2"},"headline":"LAS CHICANADAS DE DUARTE&nbsp;","datePublished":"2022-11-22T13:33:32+00:00","dateModified":"2022-11-22T13:33:39+00:00","mainEntityOfPage":{"@id":"https:\/\/lospoliticosveracruz.com\/?p=98799"},"wordCount":1212,"publisher":{"@id":"https:\/\/lospoliticosveracruz.com\/#organization"},"image":{"@id":"https:\/\/lospoliticosveracruz.com\/?p=98799#primaryimage"},"thumbnailUrl":"https:\/\/lospoliticosveracruz.com.mx\/wp-content\/uploads\/2021\/10\/WhatsApp-Image-2021-10-02-at-15.20.25-212x300.jpeg","keywords":["Auditor\u00eda Superior de la Federaci\u00f3n","Bernardo Guti\u00e9rrez Parra","Fiscal\u00eda General de Veracruz","Javier Duarte de Ochoa","marcha contra la Reforma Electoral"],"articleSection":["De Opini\u00f3n"],"inLanguage":"es"},{"@type":"WebPage","@id":"https:\/\/lospoliticosveracruz.com\/?p=98799","url":"https:\/\/lospoliticosveracruz.com\/?p=98799","name":"LAS CHICANADAS DE DUARTE&nbsp; - Los pol\u00edticos Veracruz","isPartOf":{"@id":"https:\/\/lospoliticosveracruz.com\/#website"},"primaryImageOfPage":{"@id":"https:\/\/lospoliticosveracruz.com\/?p=98799#primaryimage"},"image":{"@id":"https:\/\/lospoliticosveracruz.com\/?p=98799#primaryimage"},"thumbnailUrl":"https:\/\/lospoliticosveracruz.com.mx\/wp-content\/uploads\/2021\/10\/WhatsApp-Image-2021-10-02-at-15.20.25-212x300.jpeg","datePublished":"2022-11-22T13:33:32+00:00","dateModified":"2022-11-22T13:33:39+00:00","breadcrumb":{"@id":"https:\/\/lospoliticosveracruz.com\/?p=98799#breadcrumb"},"inLanguage":"es","potentialAction":[{"@type":"ReadAction","target":["https:\/\/lospoliticosveracruz.com\/?p=98799"]}]},{"@type":"ImageObject","inLanguage":"es","@id":"https:\/\/lospoliticosveracruz.com\/?p=98799#primaryimage","url":"https:\/\/lospoliticosveracruz.com.mx\/wp-content\/uploads\/2021\/10\/WhatsApp-Image-2021-10-02-at-15.20.25-212x300.jpeg","contentUrl":"https:\/\/lospoliticosveracruz.com.mx\/wp-content\/uploads\/2021\/10\/WhatsApp-Image-2021-10-02-at-15.20.25-212x300.jpeg"},{"@type":"BreadcrumbList","@id":"https:\/\/lospoliticosveracruz.com\/?p=98799#breadcrumb","itemListElement":[{"@type":"ListItem","position":1,"name":"Portada","item":"https:\/\/lospoliticosveracruz.com\/"},{"@type":"ListItem","position":2,"name":"LAS CHICANADAS DE DUARTE&nbsp;"}]},{"@type":"WebSite","@id":"https:\/\/lospoliticosveracruz.com\/#website","url":"https:\/\/lospoliticosveracruz.com\/","name":"Los pol\u00edticos Veracruz","description":"","publisher":{"@id":"https:\/\/lospoliticosveracruz.com\/#organization"},"potentialAction":[{"@type":"SearchAction","target":{"@type":"EntryPoint","urlTemplate":"https:\/\/lospoliticosveracruz.com\/?s={search_term_string}"},"query-input":{"@type":"PropertyValueSpecification","valueRequired":true,"valueName":"search_term_string"}}],"inLanguage":"es"},{"@type":"Organization","@id":"https:\/\/lospoliticosveracruz.com\/#organization","name":"Los pol\u00edticos Veracruz","url":"https:\/\/lospoliticosveracruz.com\/","logo":{"@type":"ImageObject","inLanguage":"es","@id":"https:\/\/lospoliticosveracruz.com\/#\/schema\/logo\/image\/","url":"https:\/\/lospoliticosveracruz.com\/wp-content\/uploads\/2025\/12\/Logo-Nuevo-LOS-POLITICOS-1.jpg","contentUrl":"https:\/\/lospoliticosveracruz.com\/wp-content\/uploads\/2025\/12\/Logo-Nuevo-LOS-POLITICOS-1.jpg","width":260,"height":70,"caption":"Los pol\u00edticos Veracruz"},"image":{"@id":"https:\/\/lospoliticosveracruz.com\/#\/schema\/logo\/image\/"},"sameAs":["https:\/\/www.facebook.com\/people\/Notimemes-de-los-Polticos\/61565672886568\/","https:\/\/x.com\/LosPoliticosVer"]},{"@type":"Person","@id":"https:\/\/lospoliticosveracruz.com\/#\/schema\/person\/b8702bb0e538456e6efd07080bf2a4a2","name":"Lo viste en Los Pol\u00edticos","image":{"@type":"ImageObject","inLanguage":"es","@id":"https:\/\/secure.gravatar.com\/avatar\/3a8de04a2656d44082be478bd6c086daa447c4651605818287b9532d3d0bd435?s=96&d=mm&r=g","url":"https:\/\/secure.gravatar.com\/avatar\/3a8de04a2656d44082be478bd6c086daa447c4651605818287b9532d3d0bd435?s=96&d=mm&r=g","contentUrl":"https:\/\/secure.gravatar.com\/avatar\/3a8de04a2656d44082be478bd6c086daa447c4651605818287b9532d3d0bd435?s=96&d=mm&r=g","caption":"Lo viste en Los Pol\u00edticos"},"url":"https:\/\/lospoliticosveracruz.com\/?author=2"}]}},"_links":{"self":[{"href":"https:\/\/lospoliticosveracruz.com\/index.php?rest_route=\/wp\/v2\/posts\/98799","targetHints":{"allow":["GET"]}}],"collection":[{"href":"https:\/\/lospoliticosveracruz.com\/index.php?rest_route=\/wp\/v2\/posts"}],"about":[{"href":"https:\/\/lospoliticosveracruz.com\/index.php?rest_route=\/wp\/v2\/types\/post"}],"author":[{"embeddable":true,"href":"https:\/\/lospoliticosveracruz.com\/index.php?rest_route=\/wp\/v2\/users\/2"}],"replies":[{"embeddable":true,"href":"https:\/\/lospoliticosveracruz.com\/index.php?rest_route=%2Fwp%2Fv2%2Fcomments&post=98799"}],"version-history":[{"count":1,"href":"https:\/\/lospoliticosveracruz.com\/index.php?rest_route=\/wp\/v2\/posts\/98799\/revisions"}],"predecessor-version":[{"id":98800,"href":"https:\/\/lospoliticosveracruz.com\/index.php?rest_route=\/wp\/v2\/posts\/98799\/revisions\/98800"}],"wp:attachment":[{"href":"https:\/\/lospoliticosveracruz.com\/index.php?rest_route=%2Fwp%2Fv2%2Fmedia&parent=98799"}],"wp:term":[{"taxonomy":"category","embeddable":true,"href":"https:\/\/lospoliticosveracruz.com\/index.php?rest_route=%2Fwp%2Fv2%2Fcategories&post=98799"},{"taxonomy":"post_tag","embeddable":true,"href":"https:\/\/lospoliticosveracruz.com\/index.php?rest_route=%2Fwp%2Fv2%2Ftags&post=98799"}],"curies":[{"name":"wp","href":"https:\/\/api.w.org\/{rel}","templated":true}]}}