{"id":99127,"date":"2022-11-28T07:49:36","date_gmt":"2022-11-28T13:49:36","guid":{"rendered":"https:\/\/lospoliticosveracruz.com.mx\/?p=99127"},"modified":"2022-11-28T07:49:42","modified_gmt":"2022-11-28T13:49:42","slug":"la-marcha-de-amlo-y-veracruz","status":"publish","type":"post","link":"https:\/\/lospoliticosveracruz.com\/?p=99127","title":{"rendered":"LA MARCHA DE AMLO Y VERACRUZ"},"content":{"rendered":"\n<p><strong>Ricardo Ch\u00faa<\/strong><\/p>\n\n\n\n<p><em>Sale y Vale<\/em><\/p>\n\n\n\n<p>Si algo bueno se puede decir del gobernador, Cuitl\u00e1huac Garc\u00eda Jim\u00e9nez, de su participaci\u00f3n de la ahora llamada \u00abLa Marcha de AMLO\u00bb de ayer domingo en CDMX&#8230; Es que \u00e9l CUMPLI\u00d3 con creces al Presidente, Andr\u00e9s Manuel L\u00f3pez Obrador&#8230; Se fue hasta dormir desde el s\u00e1bado a la capital del pa\u00eds y se dice que le llev\u00f3 el m\u00e1s grande contingente de todos los estados y gobernadores que participaron en este evento..\u00a0\u00a0Alrededor de 526 autobuses de Veracruz&#8230; Le \u00abech\u00f3 toda la carne al asador\u00bb&#8230;<\/p>\n\n\n<div class=\"wp-block-image\">\n<figure class=\"alignleft size-medium\"><a href=\"https:\/\/lospoliticosveracruz.com.mx\/wp-content\/uploads\/2021\/10\/WhatsApp-Image-2021-10-02-at-15.20.25.jpeg\"><img loading=\"lazy\" decoding=\"async\" width=\"212\" height=\"300\" src=\"https:\/\/lospoliticosveracruz.com.mx\/wp-content\/uploads\/2021\/10\/WhatsApp-Image-2021-10-02-at-15.20.25-212x300.jpeg\" alt=\"\" class=\"wp-image-80177\" srcset=\"https:\/\/lospoliticosveracruz.com\/wp-content\/uploads\/2021\/10\/WhatsApp-Image-2021-10-02-at-15.20.25-212x300.jpeg 212w, https:\/\/lospoliticosveracruz.com\/wp-content\/uploads\/2021\/10\/WhatsApp-Image-2021-10-02-at-15.20.25-724x1024.jpeg 724w, https:\/\/lospoliticosveracruz.com\/wp-content\/uploads\/2021\/10\/WhatsApp-Image-2021-10-02-at-15.20.25-768x1086.jpeg 768w, https:\/\/lospoliticosveracruz.com\/wp-content\/uploads\/2021\/10\/WhatsApp-Image-2021-10-02-at-15.20.25.jpeg 905w\" sizes=\"auto, (max-width: 212px) 100vw, 212px\" \/><\/a><\/figure>\n<\/div>\n\n\n<p>As\u00ed que \u00abhaiga como haiga sido\u00bb, as\u00ed sea con puros \u00abvoluntarios\u00bb de n\u00f3minas estatales y programas sociales.. Se rumora que llevaron m\u00e1s de 31 mil personas a La marcha&#8230; M\u00e1s otros 30 mil que llegaron por su propia cuenta a CDMX&#8230; Eso demuestra que Cuitl\u00e1huac Garc\u00eda le ES S\u00d3LO LEAL al Presidente de M\u00e9xico.. Y que est\u00e1 dispuesto hacer lo que sea para cumplir la voluntad de su jefe&#8230; LE ES LEAL.. Y aprovecho tambi\u00e9n para que esto sea un relanzamiento de Claudia Sheinbaum como precandidata Presidencial por MORENA.. CUITL\u00c1HUAC CUMPLI\u00d3..&nbsp;&nbsp;<\/p>\n\n\n\n<p>Pero lo adverso de esta marcha&#8230; Es que pese a los esfuerzos de los gobernantes de la 4T est\u00e1 fue \u00abreaccionaria y muy menor\u00bb a la que present\u00f3 la de \u00abDefensa del INE\u00bb&#8230; A pesar de que Cuitl\u00e1huac , Sheinbaum o Ad\u00e1n Augusto digan lo contrario.. Este evento fue un \u00abarrebato\u00bb muy costoso para Andr\u00e9s Manuel L\u00f3pez Obrador.. QUED\u00d3 \u00abTOCADO\u00bb&#8230; Ya que \u00e9l no pudo llenar el z\u00f3calo de CDMX.. Adem\u00e1s qued\u00f3 evidenciado la coacci\u00f3n para que las personas asistieran a la marcha de ayer&#8230;&nbsp;<\/p>\n\n\n\n<p>Qued\u00f3 tambi\u00e9n demostrado la manipulaci\u00f3n de personas&#8230; Incluso el condicionamiento y amenazas&#8230; As\u00ed como el \u00abaparato\u00bb de Estado pagando y bloqueando a los autobuses&#8230; Nadie se lo exigi\u00f3, \u00e9l lo dijo y como el 99 por ciento de sus promesas no las ha cumplido&#8230; Pues ya la ciudadan\u00eda no le va a aceptar todo lo que diga&#8230; L\u00f3pez Obrador y sus gobernadores como Cuitl\u00e1huac Garc\u00eda, se pusieron de frente con quienes NO ERAN sus enemigos&#8230;. Y todo por esta marcha&#8230;<\/p>\n\n\n\n<p>Es m\u00e1s incluso algunos dudaban de su intenci\u00f3n de desaparecer el INE.. Pero lo acept\u00f3 y los contraatac\u00f3 con esta marcha de ayer&#8230; Ahora enred\u00f3 a los gobernadores en esta \u00ablucha\u00bb pol\u00edtica con sus opositores en sus estados.. Y al menos, Cuitl\u00e1huac ya se est\u00e1 inmerso en esa \u00abpelotera\u00bb donde seguramente no saldr\u00e1 bien librado.. As\u00ed que puede quedar comprometido su gobierno y sus funcionarios estatales&#8230; Que ya lo tienen da\u00f1ado con tanto se\u00f1alamiento y denuncias&#8230;<\/p>\n\n\n\n<p>Ya que lo que realmente, despu\u00e9s de ayer, lo que debe preocuparle al gobernador de Veracruz es el tema de la sucesi\u00f3n estatal en 2024 para MORENA&#8230; Ya que as\u00ed como van las cosas, su proyecto se puede ver \u00abtruncado\u00bb, y la continuidad es cada vez m\u00e1s dif\u00edcil..&nbsp;&nbsp;Debe esperar tambi\u00e9n si la nominada dentro de su partido es Claudia Sheinbaum&#8230; Ya que si es alg\u00fan otro como Marcelo Ebrard o Ad\u00e1n Augusto L\u00f3pez Hern\u00e1ndez&#8230; La realidad a partir del 2024 para \u00e9l, puede ser otra&#8230; Si no logra otro cargo de elecci\u00f3n popular&#8230;&nbsp;<\/p>\n\n\n\n<p>Adem\u00e1s tendr\u00e1 que esperar tambi\u00e9n como gobernador&#8230; Que la oposici\u00f3n en el pa\u00eds, no lance de candidato a Ricardo Monreal&#8230; Ya que si zacatecano GANA la Presidencia de M\u00e9xico en 2024 postulado por la alianza opositora&#8230; HUYYYYYYY&#8230; La suerte del gobernador jarocho puede ser otra.. Ya que su relaci\u00f3n con el zacatecano no es del todo buena&#8230; M\u00e1s bien es tirana y hay cosas que no tienen \u00abPERD\u00d3N Y OLVIDO\u00bb&#8230; Por eso, el tema que le debe preocupar desde ayer es la sucesi\u00f3n estatal&#8230;. \u00abEl horno no est\u00e1 para bollos\u00bb&#8230;&nbsp;<\/p>\n\n\n\n<p>Lo de Monreal puede ser algo muy grave para \u00e9l y su futuro pol\u00edtico&#8230; Sobre todo si con todo y Claudia o Ad\u00e1n Augusto no gana MORENA la elecci\u00f3n Presidencial.. El asunto se pone m\u00e1s que grave.. El tema no es menor.. M\u00e1s si la \u00abfractura\u00bb de su partido tambi\u00e9n se puede dar en el estado con el tema de la sucesi\u00f3n estatal.. Ya que hay muchos al interior y al exterior que la quieren por MORENA y s\u00f3lo tendr\u00e1 la oportunidad uno de ellos&#8230; Ah\u00ed puede venir esa debacle&#8230;&nbsp;<\/p>\n\n\n\n<p>As\u00ed que Cuitl\u00e1huac Garc\u00eda algo tendr\u00e1 que hacer en su gobierno para empezar a mejorar su imagen p\u00fablica ante la ciudadan\u00eda.. Que lo tiene entre los \u00faltimos lugares de los 32 gobernadores que hay en el pa\u00eds&#8230; Los sondeos de opini\u00f3n as\u00ed lo se\u00f1alan&#8230; No hay una empresa encuestadora seria que lo ponga entre los primeros 10 mandatarios estatales m\u00e1s aceptados del pa\u00eds&#8230; Con esos n\u00fameros, pone en peligro su sucesi\u00f3n estatal&#8230; Y perder su estado para un gobernador&#8230; Te ven como \u00abapestado\u00bb pol\u00edtico&#8230; De \u00e9l depende&#8230; AMEN&#8230;&nbsp;<\/p>\n\n\n\n<p>LA MARCHA EN EL PUERTO&#8230; Se dice que ayer en \u00abla Marcha de AMLO\u00bb en Veracruz puerto&#8230; S\u00f3lo participaron alrededor de 2 mil 500 personas&#8230; Fueron regidores y exregidores adem\u00e1s de simpatizantes de MORENA&#8230; Pero para una marcha tan planeada e importante para la imagen p\u00fablica de este partido en la ciudad&#8230; El que s\u00f3lo fueran esa cantidad de personas&#8230;. Deja como \u00ablectura\u00bb pol\u00edtica que el PAN-PRI y PRD que son los que tienen el control pol\u00edtico del puerto.. Se rehicieron y as\u00ed ser\u00e1 dif\u00edcil que MORENA gane el 2024 el puerto&#8230;<\/p>\n\n\n\n<p>Algo tendr\u00e1n que hacer en Veracruz puerto si quieren ser competencia en 2024 y m\u00e1s en 2025&#8230; El crecimiento que tuvieron con Ricardo Exsome en 2021, pues, en manos de un a\u00f1o se perdi\u00f3&#8230; La marcha es la fiel prueba&#8230; Hubieran juntado 15 a mil a 20 mil personas&#8230; La cosa ser\u00eda distinta&#8230; La sociedad se basa en la percepci\u00f3n y en pol\u00edtica m\u00e1s&#8230; El desencanto del gobierno federal y estatal les \u00abpeg\u00f3\u00bb duro en el puerto.. Ya Ricardo Exsome ni participa, que era su mejor activo pol\u00edtico.. As\u00ed dif\u00edcil que le ganen a la alianza opositora en dos a\u00f1os.. AMEN<\/p>\n","protected":false},"excerpt":{"rendered":"<p>Ricardo Ch\u00faa Sale y Vale Si algo bueno se puede decir del gobernador, Cuitl\u00e1huac Garc\u00eda Jim\u00e9nez, de su participaci\u00f3n de la ahora llamada \u00abLa Marcha de AMLO\u00bb de ayer domingo en CDMX&#8230; Es que \u00e9l CUMPLI\u00d3 con creces al Presidente, Andr\u00e9s Manuel L\u00f3pez Obrador&#8230; Se fue hasta dormir desde el s\u00e1bado a la capital del [&hellip;]<\/p>\n","protected":false},"author":2,"featured_media":0,"comment_status":"closed","ping_status":"closed","sticky":false,"template":"","format":"standard","meta":{"tdm_status":"","tdm_grid_status":"","footnotes":""},"categories":[70],"tags":[9627,1563,36393,1026,3578,195],"class_list":{"0":"post-99127","1":"post","2":"type-post","3":"status-publish","4":"format-standard","6":"category-de-opinion","7":"tag-claudia-sheinbaum","8":"tag-cuitlahuac-garcia-jimenez","9":"tag-la-marcha-de-amlo","10":"tag-morena","11":"tag-rocio-nahle","12":"tag-veracruz"},"yoast_head":"<!-- This site is optimized with the Yoast SEO plugin v27.4 - https:\/\/yoast.com\/product\/yoast-seo-wordpress\/ -->\n<title>LA MARCHA DE AMLO Y VERACRUZ - Los pol\u00edticos Veracruz<\/title>\n<meta name=\"robots\" content=\"index, follow, max-snippet:-1, max-image-preview:large, max-video-preview:-1\" \/>\n<link rel=\"canonical\" href=\"https:\/\/lospoliticosveracruz.com\/?p=99127\" \/>\n<meta property=\"og:locale\" content=\"es_ES\" \/>\n<meta property=\"og:type\" content=\"article\" \/>\n<meta property=\"og:title\" content=\"LA MARCHA DE AMLO Y VERACRUZ - Los pol\u00edticos Veracruz\" \/>\n<meta property=\"og:description\" content=\"Ricardo Ch\u00faa Sale y Vale Si algo bueno se puede decir del gobernador, Cuitl\u00e1huac Garc\u00eda Jim\u00e9nez, de su participaci\u00f3n de la ahora llamada \u00abLa Marcha de AMLO\u00bb de ayer domingo en CDMX&#8230; Es que \u00e9l CUMPLI\u00d3 con creces al Presidente, Andr\u00e9s Manuel L\u00f3pez Obrador&#8230; Se fue hasta dormir desde el s\u00e1bado a la capital del [&hellip;]\" \/>\n<meta property=\"og:url\" content=\"https:\/\/lospoliticosveracruz.com\/?p=99127\" \/>\n<meta property=\"og:site_name\" content=\"Los pol\u00edticos Veracruz\" \/>\n<meta property=\"article:publisher\" content=\"https:\/\/www.facebook.com\/people\/Notimemes-de-los-Polticos\/61565672886568\/\" \/>\n<meta property=\"article:published_time\" content=\"2022-11-28T13:49:36+00:00\" \/>\n<meta property=\"article:modified_time\" content=\"2022-11-28T13:49:42+00:00\" \/>\n<meta property=\"og:image\" content=\"https:\/\/lospoliticosveracruz.com.mx\/wp-content\/uploads\/2021\/10\/WhatsApp-Image-2021-10-02-at-15.20.25-212x300.jpeg\" \/>\n<meta name=\"author\" content=\"Lo viste en Los Pol\u00edticos\" \/>\n<meta name=\"twitter:card\" content=\"summary_large_image\" \/>\n<meta name=\"twitter:creator\" content=\"@LosPoliticosVer\" \/>\n<meta name=\"twitter:site\" content=\"@LosPoliticosVer\" \/>\n<meta name=\"twitter:label1\" content=\"Escrito por\" \/>\n\t<meta name=\"twitter:data1\" content=\"Lo viste en Los Pol\u00edticos\" \/>\n\t<meta name=\"twitter:label2\" content=\"Tiempo de lectura\" \/>\n\t<meta name=\"twitter:data2\" content=\"5 minutos\" \/>\n<script type=\"application\/ld+json\" class=\"yoast-schema-graph\">{\"@context\":\"https:\\\/\\\/schema.org\",\"@graph\":[{\"@type\":\"Article\",\"@id\":\"https:\\\/\\\/lospoliticosveracruz.com\\\/?p=99127#article\",\"isPartOf\":{\"@id\":\"https:\\\/\\\/lospoliticosveracruz.com\\\/?p=99127\"},\"author\":{\"name\":\"Lo viste en Los Pol\u00edticos\",\"@id\":\"https:\\\/\\\/lospoliticosveracruz.com\\\/#\\\/schema\\\/person\\\/b8702bb0e538456e6efd07080bf2a4a2\"},\"headline\":\"LA MARCHA DE AMLO Y VERACRUZ\",\"datePublished\":\"2022-11-28T13:49:36+00:00\",\"dateModified\":\"2022-11-28T13:49:42+00:00\",\"mainEntityOfPage\":{\"@id\":\"https:\\\/\\\/lospoliticosveracruz.com\\\/?p=99127\"},\"wordCount\":1068,\"publisher\":{\"@id\":\"https:\\\/\\\/lospoliticosveracruz.com\\\/#organization\"},\"image\":{\"@id\":\"https:\\\/\\\/lospoliticosveracruz.com\\\/?p=99127#primaryimage\"},\"thumbnailUrl\":\"https:\\\/\\\/lospoliticosveracruz.com.mx\\\/wp-content\\\/uploads\\\/2021\\\/10\\\/WhatsApp-Image-2021-10-02-at-15.20.25-212x300.jpeg\",\"keywords\":[\"Claudia Sheinbaum\",\"Cuitl\u00e1huac Garc\u00eda Jim\u00e9nez\",\"La Marcha de AMLO\",\"Morena\",\"Roc\u00edo Nahle\",\"Veracruz\"],\"articleSection\":[\"De Opini\u00f3n\"],\"inLanguage\":\"es\"},{\"@type\":\"WebPage\",\"@id\":\"https:\\\/\\\/lospoliticosveracruz.com\\\/?p=99127\",\"url\":\"https:\\\/\\\/lospoliticosveracruz.com\\\/?p=99127\",\"name\":\"LA MARCHA DE AMLO Y VERACRUZ - Los pol\u00edticos Veracruz\",\"isPartOf\":{\"@id\":\"https:\\\/\\\/lospoliticosveracruz.com\\\/#website\"},\"primaryImageOfPage\":{\"@id\":\"https:\\\/\\\/lospoliticosveracruz.com\\\/?p=99127#primaryimage\"},\"image\":{\"@id\":\"https:\\\/\\\/lospoliticosveracruz.com\\\/?p=99127#primaryimage\"},\"thumbnailUrl\":\"https:\\\/\\\/lospoliticosveracruz.com.mx\\\/wp-content\\\/uploads\\\/2021\\\/10\\\/WhatsApp-Image-2021-10-02-at-15.20.25-212x300.jpeg\",\"datePublished\":\"2022-11-28T13:49:36+00:00\",\"dateModified\":\"2022-11-28T13:49:42+00:00\",\"breadcrumb\":{\"@id\":\"https:\\\/\\\/lospoliticosveracruz.com\\\/?p=99127#breadcrumb\"},\"inLanguage\":\"es\",\"potentialAction\":[{\"@type\":\"ReadAction\",\"target\":[\"https:\\\/\\\/lospoliticosveracruz.com\\\/?p=99127\"]}]},{\"@type\":\"ImageObject\",\"inLanguage\":\"es\",\"@id\":\"https:\\\/\\\/lospoliticosveracruz.com\\\/?p=99127#primaryimage\",\"url\":\"https:\\\/\\\/lospoliticosveracruz.com.mx\\\/wp-content\\\/uploads\\\/2021\\\/10\\\/WhatsApp-Image-2021-10-02-at-15.20.25-212x300.jpeg\",\"contentUrl\":\"https:\\\/\\\/lospoliticosveracruz.com.mx\\\/wp-content\\\/uploads\\\/2021\\\/10\\\/WhatsApp-Image-2021-10-02-at-15.20.25-212x300.jpeg\"},{\"@type\":\"BreadcrumbList\",\"@id\":\"https:\\\/\\\/lospoliticosveracruz.com\\\/?p=99127#breadcrumb\",\"itemListElement\":[{\"@type\":\"ListItem\",\"position\":1,\"name\":\"Portada\",\"item\":\"https:\\\/\\\/lospoliticosveracruz.com\\\/\"},{\"@type\":\"ListItem\",\"position\":2,\"name\":\"LA MARCHA DE AMLO Y VERACRUZ\"}]},{\"@type\":\"WebSite\",\"@id\":\"https:\\\/\\\/lospoliticosveracruz.com\\\/#website\",\"url\":\"https:\\\/\\\/lospoliticosveracruz.com\\\/\",\"name\":\"Los pol\u00edticos Veracruz\",\"description\":\"\",\"publisher\":{\"@id\":\"https:\\\/\\\/lospoliticosveracruz.com\\\/#organization\"},\"potentialAction\":[{\"@type\":\"SearchAction\",\"target\":{\"@type\":\"EntryPoint\",\"urlTemplate\":\"https:\\\/\\\/lospoliticosveracruz.com\\\/?s={search_term_string}\"},\"query-input\":{\"@type\":\"PropertyValueSpecification\",\"valueRequired\":true,\"valueName\":\"search_term_string\"}}],\"inLanguage\":\"es\"},{\"@type\":\"Organization\",\"@id\":\"https:\\\/\\\/lospoliticosveracruz.com\\\/#organization\",\"name\":\"Los pol\u00edticos Veracruz\",\"url\":\"https:\\\/\\\/lospoliticosveracruz.com\\\/\",\"logo\":{\"@type\":\"ImageObject\",\"inLanguage\":\"es\",\"@id\":\"https:\\\/\\\/lospoliticosveracruz.com\\\/#\\\/schema\\\/logo\\\/image\\\/\",\"url\":\"https:\\\/\\\/lospoliticosveracruz.com\\\/wp-content\\\/uploads\\\/2025\\\/12\\\/Logo-Nuevo-LOS-POLITICOS-1.jpg\",\"contentUrl\":\"https:\\\/\\\/lospoliticosveracruz.com\\\/wp-content\\\/uploads\\\/2025\\\/12\\\/Logo-Nuevo-LOS-POLITICOS-1.jpg\",\"width\":260,\"height\":70,\"caption\":\"Los pol\u00edticos Veracruz\"},\"image\":{\"@id\":\"https:\\\/\\\/lospoliticosveracruz.com\\\/#\\\/schema\\\/logo\\\/image\\\/\"},\"sameAs\":[\"https:\\\/\\\/www.facebook.com\\\/people\\\/Notimemes-de-los-Polticos\\\/61565672886568\\\/\",\"https:\\\/\\\/x.com\\\/LosPoliticosVer\"]},{\"@type\":\"Person\",\"@id\":\"https:\\\/\\\/lospoliticosveracruz.com\\\/#\\\/schema\\\/person\\\/b8702bb0e538456e6efd07080bf2a4a2\",\"name\":\"Lo viste en Los Pol\u00edticos\",\"image\":{\"@type\":\"ImageObject\",\"inLanguage\":\"es\",\"@id\":\"https:\\\/\\\/secure.gravatar.com\\\/avatar\\\/3a8de04a2656d44082be478bd6c086daa447c4651605818287b9532d3d0bd435?s=96&d=mm&r=g\",\"url\":\"https:\\\/\\\/secure.gravatar.com\\\/avatar\\\/3a8de04a2656d44082be478bd6c086daa447c4651605818287b9532d3d0bd435?s=96&d=mm&r=g\",\"contentUrl\":\"https:\\\/\\\/secure.gravatar.com\\\/avatar\\\/3a8de04a2656d44082be478bd6c086daa447c4651605818287b9532d3d0bd435?s=96&d=mm&r=g\",\"caption\":\"Lo viste en Los Pol\u00edticos\"},\"url\":\"https:\\\/\\\/lospoliticosveracruz.com\\\/?author=2\"}]}<\/script>\n<!-- \/ Yoast SEO plugin. -->","yoast_head_json":{"title":"LA MARCHA DE AMLO Y VERACRUZ - Los pol\u00edticos Veracruz","robots":{"index":"index","follow":"follow","max-snippet":"max-snippet:-1","max-image-preview":"max-image-preview:large","max-video-preview":"max-video-preview:-1"},"canonical":"https:\/\/lospoliticosveracruz.com\/?p=99127","og_locale":"es_ES","og_type":"article","og_title":"LA MARCHA DE AMLO Y VERACRUZ - Los pol\u00edticos Veracruz","og_description":"Ricardo Ch\u00faa Sale y Vale Si algo bueno se puede decir del gobernador, Cuitl\u00e1huac Garc\u00eda Jim\u00e9nez, de su participaci\u00f3n de la ahora llamada \u00abLa Marcha de AMLO\u00bb de ayer domingo en CDMX&#8230; Es que \u00e9l CUMPLI\u00d3 con creces al Presidente, Andr\u00e9s Manuel L\u00f3pez Obrador&#8230; Se fue hasta dormir desde el s\u00e1bado a la capital del [&hellip;]","og_url":"https:\/\/lospoliticosveracruz.com\/?p=99127","og_site_name":"Los pol\u00edticos Veracruz","article_publisher":"https:\/\/www.facebook.com\/people\/Notimemes-de-los-Polticos\/61565672886568\/","article_published_time":"2022-11-28T13:49:36+00:00","article_modified_time":"2022-11-28T13:49:42+00:00","og_image":[{"url":"https:\/\/lospoliticosveracruz.com.mx\/wp-content\/uploads\/2021\/10\/WhatsApp-Image-2021-10-02-at-15.20.25-212x300.jpeg","type":"","width":"","height":""}],"author":"Lo viste en Los Pol\u00edticos","twitter_card":"summary_large_image","twitter_creator":"@LosPoliticosVer","twitter_site":"@LosPoliticosVer","twitter_misc":{"Escrito por":"Lo viste en Los Pol\u00edticos","Tiempo de lectura":"5 minutos"},"schema":{"@context":"https:\/\/schema.org","@graph":[{"@type":"Article","@id":"https:\/\/lospoliticosveracruz.com\/?p=99127#article","isPartOf":{"@id":"https:\/\/lospoliticosveracruz.com\/?p=99127"},"author":{"name":"Lo viste en Los Pol\u00edticos","@id":"https:\/\/lospoliticosveracruz.com\/#\/schema\/person\/b8702bb0e538456e6efd07080bf2a4a2"},"headline":"LA MARCHA DE AMLO Y VERACRUZ","datePublished":"2022-11-28T13:49:36+00:00","dateModified":"2022-11-28T13:49:42+00:00","mainEntityOfPage":{"@id":"https:\/\/lospoliticosveracruz.com\/?p=99127"},"wordCount":1068,"publisher":{"@id":"https:\/\/lospoliticosveracruz.com\/#organization"},"image":{"@id":"https:\/\/lospoliticosveracruz.com\/?p=99127#primaryimage"},"thumbnailUrl":"https:\/\/lospoliticosveracruz.com.mx\/wp-content\/uploads\/2021\/10\/WhatsApp-Image-2021-10-02-at-15.20.25-212x300.jpeg","keywords":["Claudia Sheinbaum","Cuitl\u00e1huac Garc\u00eda Jim\u00e9nez","La Marcha de AMLO","Morena","Roc\u00edo Nahle","Veracruz"],"articleSection":["De Opini\u00f3n"],"inLanguage":"es"},{"@type":"WebPage","@id":"https:\/\/lospoliticosveracruz.com\/?p=99127","url":"https:\/\/lospoliticosveracruz.com\/?p=99127","name":"LA MARCHA DE AMLO Y VERACRUZ - Los pol\u00edticos Veracruz","isPartOf":{"@id":"https:\/\/lospoliticosveracruz.com\/#website"},"primaryImageOfPage":{"@id":"https:\/\/lospoliticosveracruz.com\/?p=99127#primaryimage"},"image":{"@id":"https:\/\/lospoliticosveracruz.com\/?p=99127#primaryimage"},"thumbnailUrl":"https:\/\/lospoliticosveracruz.com.mx\/wp-content\/uploads\/2021\/10\/WhatsApp-Image-2021-10-02-at-15.20.25-212x300.jpeg","datePublished":"2022-11-28T13:49:36+00:00","dateModified":"2022-11-28T13:49:42+00:00","breadcrumb":{"@id":"https:\/\/lospoliticosveracruz.com\/?p=99127#breadcrumb"},"inLanguage":"es","potentialAction":[{"@type":"ReadAction","target":["https:\/\/lospoliticosveracruz.com\/?p=99127"]}]},{"@type":"ImageObject","inLanguage":"es","@id":"https:\/\/lospoliticosveracruz.com\/?p=99127#primaryimage","url":"https:\/\/lospoliticosveracruz.com.mx\/wp-content\/uploads\/2021\/10\/WhatsApp-Image-2021-10-02-at-15.20.25-212x300.jpeg","contentUrl":"https:\/\/lospoliticosveracruz.com.mx\/wp-content\/uploads\/2021\/10\/WhatsApp-Image-2021-10-02-at-15.20.25-212x300.jpeg"},{"@type":"BreadcrumbList","@id":"https:\/\/lospoliticosveracruz.com\/?p=99127#breadcrumb","itemListElement":[{"@type":"ListItem","position":1,"name":"Portada","item":"https:\/\/lospoliticosveracruz.com\/"},{"@type":"ListItem","position":2,"name":"LA MARCHA DE AMLO Y VERACRUZ"}]},{"@type":"WebSite","@id":"https:\/\/lospoliticosveracruz.com\/#website","url":"https:\/\/lospoliticosveracruz.com\/","name":"Los pol\u00edticos Veracruz","description":"","publisher":{"@id":"https:\/\/lospoliticosveracruz.com\/#organization"},"potentialAction":[{"@type":"SearchAction","target":{"@type":"EntryPoint","urlTemplate":"https:\/\/lospoliticosveracruz.com\/?s={search_term_string}"},"query-input":{"@type":"PropertyValueSpecification","valueRequired":true,"valueName":"search_term_string"}}],"inLanguage":"es"},{"@type":"Organization","@id":"https:\/\/lospoliticosveracruz.com\/#organization","name":"Los pol\u00edticos Veracruz","url":"https:\/\/lospoliticosveracruz.com\/","logo":{"@type":"ImageObject","inLanguage":"es","@id":"https:\/\/lospoliticosveracruz.com\/#\/schema\/logo\/image\/","url":"https:\/\/lospoliticosveracruz.com\/wp-content\/uploads\/2025\/12\/Logo-Nuevo-LOS-POLITICOS-1.jpg","contentUrl":"https:\/\/lospoliticosveracruz.com\/wp-content\/uploads\/2025\/12\/Logo-Nuevo-LOS-POLITICOS-1.jpg","width":260,"height":70,"caption":"Los pol\u00edticos Veracruz"},"image":{"@id":"https:\/\/lospoliticosveracruz.com\/#\/schema\/logo\/image\/"},"sameAs":["https:\/\/www.facebook.com\/people\/Notimemes-de-los-Polticos\/61565672886568\/","https:\/\/x.com\/LosPoliticosVer"]},{"@type":"Person","@id":"https:\/\/lospoliticosveracruz.com\/#\/schema\/person\/b8702bb0e538456e6efd07080bf2a4a2","name":"Lo viste en Los Pol\u00edticos","image":{"@type":"ImageObject","inLanguage":"es","@id":"https:\/\/secure.gravatar.com\/avatar\/3a8de04a2656d44082be478bd6c086daa447c4651605818287b9532d3d0bd435?s=96&d=mm&r=g","url":"https:\/\/secure.gravatar.com\/avatar\/3a8de04a2656d44082be478bd6c086daa447c4651605818287b9532d3d0bd435?s=96&d=mm&r=g","contentUrl":"https:\/\/secure.gravatar.com\/avatar\/3a8de04a2656d44082be478bd6c086daa447c4651605818287b9532d3d0bd435?s=96&d=mm&r=g","caption":"Lo viste en Los Pol\u00edticos"},"url":"https:\/\/lospoliticosveracruz.com\/?author=2"}]}},"_links":{"self":[{"href":"https:\/\/lospoliticosveracruz.com\/index.php?rest_route=\/wp\/v2\/posts\/99127","targetHints":{"allow":["GET"]}}],"collection":[{"href":"https:\/\/lospoliticosveracruz.com\/index.php?rest_route=\/wp\/v2\/posts"}],"about":[{"href":"https:\/\/lospoliticosveracruz.com\/index.php?rest_route=\/wp\/v2\/types\/post"}],"author":[{"embeddable":true,"href":"https:\/\/lospoliticosveracruz.com\/index.php?rest_route=\/wp\/v2\/users\/2"}],"replies":[{"embeddable":true,"href":"https:\/\/lospoliticosveracruz.com\/index.php?rest_route=%2Fwp%2Fv2%2Fcomments&post=99127"}],"version-history":[{"count":1,"href":"https:\/\/lospoliticosveracruz.com\/index.php?rest_route=\/wp\/v2\/posts\/99127\/revisions"}],"predecessor-version":[{"id":99128,"href":"https:\/\/lospoliticosveracruz.com\/index.php?rest_route=\/wp\/v2\/posts\/99127\/revisions\/99128"}],"wp:attachment":[{"href":"https:\/\/lospoliticosveracruz.com\/index.php?rest_route=%2Fwp%2Fv2%2Fmedia&parent=99127"}],"wp:term":[{"taxonomy":"category","embeddable":true,"href":"https:\/\/lospoliticosveracruz.com\/index.php?rest_route=%2Fwp%2Fv2%2Fcategories&post=99127"},{"taxonomy":"post_tag","embeddable":true,"href":"https:\/\/lospoliticosveracruz.com\/index.php?rest_route=%2Fwp%2Fv2%2Ftags&post=99127"}],"curies":[{"name":"wp","href":"https:\/\/api.w.org\/{rel}","templated":true}]}}