{"id":99129,"date":"2022-11-28T08:29:19","date_gmt":"2022-11-28T14:29:19","guid":{"rendered":"https:\/\/lospoliticosveracruz.com.mx\/?p=99129"},"modified":"2022-11-28T08:29:26","modified_gmt":"2022-11-28T14:29:26","slug":"checo-armo-la-grande","status":"publish","type":"post","link":"https:\/\/lospoliticosveracruz.com\/?p=99129","title":{"rendered":"CHECO ARM\u00d3 LA GRANDE"},"content":{"rendered":"\n<p><strong>Omar Z\u00fa\u00f1iga<\/strong><br><em>De Primera Mano<\/em><\/p>\n\n\n\n<p>Si en su tierra son pendejos, en la ajena qu\u00e9 ser\u00e1n<br>Proverbio popular<\/p>\n\n\n\n<p>Este s\u00e1bado 26 de noviembre, el diputado minatitleco Sergio Guti\u00e9rrez Luna, convoc\u00f3 a un band\u00f3n en Ciudad Cardel y ni los grandes operadores (aj\u00e1) del Palacio de Enr\u00edquez pudieron hacerle mella, dir\u00eda el \u00ednclito: est\u00e1n locos no pendejos, y trat\u00e1ndose de la estructura que apoya a Ad\u00e1n Augusto, pues\u2026<br>El tema es que el movimiento que coordina Checo en Veracruz en favor del secretario de Gobernaci\u00f3n para la grande en 2024, congreg\u00f3 a personajes realmente importantes en sus zonas como las hermanas, Fabiola y Regina V\u00e1zquez Saut, en la regi\u00f3n de Acayucan, o empresarios exitosos que con el puro apellido pone los pelos de punta como el tabacalero Alejandro Turrent de la m\u00e1s que prestigiada productora de puros \u201cCasa Turrent\u201d; el productor y exportador de pi\u00f1a, Luis Alonso Aguirre, y el doctor Carlos Garc\u00eda M\u00e9ndez, rector de la Universidad de Xalapa.<br>Est\u00e1n ah\u00ed tambi\u00e9n Ver\u00f3nica Aguilera Tapia, de reconocida eficacia administrativa, as\u00ed como los legisladores federales M\u00f3nica Herrera Villavicencio y Valent\u00edn Reyes L\u00f3pez o la diputada local, Jessica Ram\u00edrez Cisneros y el ex legislador Eulalio R\u00edos Fararoni.<br>En Cardel, destaca el dirigente del Grupo Social Activo, Francisco Javier Ayala; tambi\u00e9n est\u00e1 Ernesto Encinas Rodr\u00edguez, hermano del subsecretario de Gobernaci\u00f3n, Alejandro Encinas.<br>Presentes estuvieron el ex diputado local, Rodrigo Garc\u00eda, hijo del excontralor Ricardo Garc\u00eda Guzm\u00e1n, de P\u00e1nuco; el ex alcalde de Poza Rica, Alfredo G\u00e1ndara, as\u00ed como las regidoras Mar\u00eda Luisa Mart\u00ednez Ram\u00edrez, de C\u00f3rdoba y Marianela Monroy Flores, de Tuxpan; Maribel Mart\u00ednez Loyo, de Atoyac, as\u00ed como el edil xalape\u00f1o, Diego Florescano.<br>Entre los dirigentes gremiales se suma al Movimiento, el l\u00edder de los pescadores de Tamiahua, Agust\u00edn Reyes; el dirigente ganadero y exalcalde de Las Choapas, Juan Diego Ayala Ortiz y el l\u00edder ca\u00f1ero, F\u00e9lix Cerda Barrios as\u00ed como Sa\u00fal Wade, integrante del liderazgo petrolero del sur veracruzano.<br>Del puerto de Veracruz resalta la incorporaci\u00f3n de Adriana Hinojosa Baxin, sobrina del dirigente Nino Baxin; Erika Blanco, fuerte luchadora; Aldo V\u00e1zquez, ex dirigente partidista; adem\u00e1s de Merced G\u00e1rate Gonz\u00e1lez, fundadora de Morena.<br>Se encuentran fundadores y militantes del Morena como Marcial M\u00e1rquez en Papantla; Renato Trevi\u00f1o L\u00f3pez en Mart\u00ednez de la Torre; Cirilo Ordu\u00f1a Camacho en Misantla y Ver\u00f3nica Carrillo Ortega en Emiliano Zapata, as\u00ed como Miguel Sedas Castro, en Huatusco.<br>Adem\u00e1s de Ramiro Jared Reyes Peral, en Camerino Z. Mendoza; Abel Ram\u00edrez Ortiz en Acayucan y Salvador Cueto Sosa, en Coatzacoalcos; el s\u00edndico de Minatitl\u00e1n, Francisco Andrade Molina, entre muchos otros. Uuuufffff.<br>Qu\u00e9 habr\u00e1n sentido en Palacio de Gobierno, sobre todo cuando al un\u00edsono empezaron a corear el grito de \u201cSergio gobernador, Sergio gobernador\u201d, es pregunta.<\/p>\n\n\n\n<hr class=\"wp-block-separator has-alpha-channel-opacity\"\/>\n\n\n\n<p>El coordinador estatal de Movimiento Ciudadano Sergio Gil Rull\u00e1n, como buen jarocho, no tiene pelos en la lengua y le dice al pan, pan y al vino, vino, sin eufemismos.<br>El ejercicio que recientemente tuvimos el Grupo de los 10 con Gil da cuenta de ello: Andr\u00e9s Manuel L\u00f3pez Obrador no es un presidente, es un l\u00edder social, al que el gobernador Cuitl\u00e1huac Garc\u00eda le manda \u201csu domingo\u201d de los subejercicios presupuestales, es decir, que ese dinero, que es de todos los veracruzanos se lo est\u00e1n robando, as\u00ed con todas sus letras y aunque usted -que amablemente me lee- o yo podr\u00edamos suponerlo, nadie se atreve a decirlo, le puso el cascabel al gato, pues.<br>Explica que el partido naranja le dijo al gobernador que hab\u00eda 40 mil millones de pesos en deuda, porque es lo que est\u00e1 registrado ante la Secretar\u00eda de Hacienda, y este buen hombre sali\u00f3 al otro d\u00eda a decir que \u201cno se va a enganchar\u201d, y al otro d\u00eda, sale a dar una rueda de prensa exclusivamente para los datos de la deuda, desmentir tajantemente esta informaci\u00f3n, diciendo que no son 40 mil millones de deuda, que son 45 mil millones (\u00a1\u00a1\u00bf\u00bfWTF??!!), y eso s\u00f3lo en bancos.<br>Por si fuera poco, Gil explica que el secretario de Finanzas y Planeaci\u00f3n Jos\u00e9 Luis Lima Franco sale a decir algunas cosas que contrastan con la propia declaraci\u00f3n que da el gobernador, y habla de una deuda \u201cque es incalculable porque nadie la sabe, la de los proveedores y contratos que llegan como a 50 y tantos mil millones\u201d.<br>Adem\u00e1s, hay un subejercicio registrado el a\u00f1o pasado (este a\u00f1o a\u00fan no se puede contabilizar) de 14 mil 600 millones de pesos \u201cdinero de nosotros, de todos los veracruzanos, que lo dejaron de gastar a prop\u00f3sito para mand\u00e1rselo al presidente de la Rep\u00fablica y pagar las obras fara\u00f3nicas (Tren Maya, refiner\u00eda Dos Bocas).<br>Dice Gil Rull\u00e1n que \u201csi el gobierno de Veracruz, que es aliado del Peje, porque el Peje viene y le levanta la mano al gobernador, si realmente es cuate, tranquilamente le puede devolver sus 14 mil 600 millones, para que se lo gaste en lo que necesita Veracruz. Pero no lo hacen porque es una pr\u00e1ctica; es un gran gobernador porque le manda su domingo\u201d.<br>Es decir, es un gran contrasentido, pues piden prestado para pagar y luego regresan parte de ese dinero a quien verdaderamente gan\u00f3 la elecci\u00f3n de 2018 en Veracruz: Andr\u00e9s Manuel.<br>Por estas razones, el destino que se le viene a Cuitl\u00e1huac es incierto y se vaticina negro, como el interior de las celdas de un reclusorio; cuando su gobierno termine en dos a\u00f1os, nadie va a meter las manos por \u00e9l, ni amigo y mucho menos su enemigo, tic tac\u2026<br>En cuanto a una posible alianza o coalici\u00f3n Gil Rull\u00e1n es igualmente claro: primero el proyecto, luego el hombre y para eso tendr\u00e1n convenci\u00f3n para modificar sus documentos b\u00e1sicos los pr\u00f3ximos d\u00edas 4 y 5 de diciembre y perfilar un programa de Gobierno; si bien reconoce que en Dante Delgado hay un activo muy importante de MC, y no s\u00f3lo en Veracruz, primero se pondr\u00e1n a trabajar en lo que han estado haciendo: fortalecerse internamente, pues se necesitan para una elecci\u00f3n estatal 37 mil representantes para cubrir todas las casillas y reconoce que no los tienen.<br>Por eso aclara que primero habr\u00e1n de fortalecerse y despu\u00e9s ya se ver\u00e1, pues adem\u00e1s dice que alianza con qui\u00e9n, pues por ejemplo \u201cel PRI lleg\u00f3 s\u00f3lo para aliarse con el poder y hoy tiene m\u00e1s embajadas que gubernaturas\u201d<br>En resumen, al d\u00eda de hoy, ni solo, ni acompa\u00f1ado, sino todo lo contrario.<\/p>\n\n\n\n<hr class=\"wp-block-separator has-alpha-channel-opacity\"\/>\n\n\n\n<p>Por cierto, muy musical, tocando el g\u00fciro, ataviado de jarocho a lo don Fernando (que no le queda pues se nota inc\u00f3modo), se le vio a Rafael Fararoni Mortera en la Copa Mundial de Futbol que se desarrolla en Qatar; el exalcalde de San Andr\u00e9s Tuxtla, es pap\u00e1 de Rafita Fararoni, el joven que busca a toda costa hacerse notar en la Comisi\u00f3n de Vigilancia del Congreso Local y nom\u00e1s no puede.<br>Lo que s\u00ed se nota, es que en la familia Fararoni no hay miserias, pues un viajecito hacia aquellas latitudes cuesta un poco m\u00e1s que el salario m\u00ednimo y no lo digo por ardor, pues si tiene el dinero, para eso es, para gastarlo como mejor le plazca, s\u00f3lo es una anotaci\u00f3n al calce.<br>Y adem\u00e1s dicen las malas lenguas que la familia Fararoni, incluido el peque diputado, no viven en su distrito San Andr\u00e9s pues es peligroso, sino en el exclusivo fraccionamiento El Dorado en la riviera veracruzana, ese donde cada casita tiene un muellecito para aparcar la panga, pero como eso no me consta, mejor no lo digo.<\/p>\n\n\n\n<p>\u00a1Qu\u00e9 barbaridad!<br>deprimera.mano2020@gmail.com<\/p>\n","protected":false},"excerpt":{"rendered":"<p>Omar Z\u00fa\u00f1igaDe Primera Mano Si en su tierra son pendejos, en la ajena qu\u00e9 ser\u00e1nProverbio popular Este s\u00e1bado 26 de noviembre, el diputado minatitleco Sergio Guti\u00e9rrez Luna, convoc\u00f3 a un band\u00f3n en Ciudad Cardel y ni los grandes operadores (aj\u00e1) del Palacio de Enr\u00edquez pudieron hacerle mella, dir\u00eda el \u00ednclito: est\u00e1n locos no pendejos, y [&hellip;]<\/p>\n","protected":false},"author":2,"featured_media":0,"comment_status":"closed","ping_status":"closed","sticky":false,"template":"","format":"standard","meta":{"tdm_status":"","tdm_grid_status":"","footnotes":""},"categories":[70],"tags":[1026,28705,31573,16147,195],"class_list":{"0":"post-99129","1":"post","2":"type-post","3":"status-publish","4":"format-standard","6":"category-de-opinion","7":"tag-morena","8":"tag-omar-zuniga","9":"tag-rafa-fararoni-magana","10":"tag-sergio-gutierrez-luna","11":"tag-veracruz"},"yoast_head":"<!-- This site is optimized with the Yoast SEO plugin v27.4 - https:\/\/yoast.com\/product\/yoast-seo-wordpress\/ -->\n<title>CHECO ARM\u00d3 LA GRANDE - Los pol\u00edticos Veracruz<\/title>\n<meta name=\"robots\" content=\"index, follow, max-snippet:-1, max-image-preview:large, max-video-preview:-1\" \/>\n<link rel=\"canonical\" href=\"https:\/\/lospoliticosveracruz.com\/?p=99129\" \/>\n<meta property=\"og:locale\" content=\"es_ES\" \/>\n<meta property=\"og:type\" content=\"article\" \/>\n<meta property=\"og:title\" content=\"CHECO ARM\u00d3 LA GRANDE - Los pol\u00edticos Veracruz\" \/>\n<meta property=\"og:description\" content=\"Omar Z\u00fa\u00f1igaDe Primera Mano Si en su tierra son pendejos, en la ajena qu\u00e9 ser\u00e1nProverbio popular Este s\u00e1bado 26 de noviembre, el diputado minatitleco Sergio Guti\u00e9rrez Luna, convoc\u00f3 a un band\u00f3n en Ciudad Cardel y ni los grandes operadores (aj\u00e1) del Palacio de Enr\u00edquez pudieron hacerle mella, dir\u00eda el \u00ednclito: est\u00e1n locos no pendejos, y [&hellip;]\" \/>\n<meta property=\"og:url\" content=\"https:\/\/lospoliticosveracruz.com\/?p=99129\" \/>\n<meta property=\"og:site_name\" content=\"Los pol\u00edticos Veracruz\" \/>\n<meta property=\"article:publisher\" content=\"https:\/\/www.facebook.com\/people\/Notimemes-de-los-Polticos\/61565672886568\/\" \/>\n<meta property=\"article:published_time\" content=\"2022-11-28T14:29:19+00:00\" \/>\n<meta property=\"article:modified_time\" content=\"2022-11-28T14:29:26+00:00\" \/>\n<meta property=\"og:image\" content=\"https:\/\/lospoliticosveracruz.com\/wp-content\/uploads\/2016\/07\/Logo-Dor.jpg\" \/>\n\t<meta property=\"og:image:width\" content=\"200\" \/>\n\t<meta property=\"og:image:height\" content=\"200\" \/>\n\t<meta property=\"og:image:type\" content=\"image\/jpeg\" \/>\n<meta name=\"author\" content=\"Lo viste en Los Pol\u00edticos\" \/>\n<meta name=\"twitter:card\" content=\"summary_large_image\" \/>\n<meta name=\"twitter:creator\" content=\"@LosPoliticosVer\" \/>\n<meta name=\"twitter:site\" content=\"@LosPoliticosVer\" \/>\n<meta name=\"twitter:label1\" content=\"Escrito por\" \/>\n\t<meta name=\"twitter:data1\" content=\"Lo viste en Los Pol\u00edticos\" \/>\n\t<meta name=\"twitter:label2\" content=\"Tiempo de lectura\" \/>\n\t<meta name=\"twitter:data2\" content=\"7 minutos\" \/>\n<script type=\"application\/ld+json\" class=\"yoast-schema-graph\">{\"@context\":\"https:\\\/\\\/schema.org\",\"@graph\":[{\"@type\":\"Article\",\"@id\":\"https:\\\/\\\/lospoliticosveracruz.com\\\/?p=99129#article\",\"isPartOf\":{\"@id\":\"https:\\\/\\\/lospoliticosveracruz.com\\\/?p=99129\"},\"author\":{\"name\":\"Lo viste en Los Pol\u00edticos\",\"@id\":\"https:\\\/\\\/lospoliticosveracruz.com\\\/#\\\/schema\\\/person\\\/b8702bb0e538456e6efd07080bf2a4a2\"},\"headline\":\"CHECO ARM\u00d3 LA GRANDE\",\"datePublished\":\"2022-11-28T14:29:19+00:00\",\"dateModified\":\"2022-11-28T14:29:26+00:00\",\"mainEntityOfPage\":{\"@id\":\"https:\\\/\\\/lospoliticosveracruz.com\\\/?p=99129\"},\"wordCount\":1352,\"publisher\":{\"@id\":\"https:\\\/\\\/lospoliticosveracruz.com\\\/#organization\"},\"keywords\":[\"Morena\",\"Omar Z\u00fa\u00f1iga\",\"Rafa Fararoni Maga\u00f1a\",\"Sergio Guti\u00e9rrez Luna\",\"Veracruz\"],\"articleSection\":[\"De Opini\u00f3n\"],\"inLanguage\":\"es\"},{\"@type\":\"WebPage\",\"@id\":\"https:\\\/\\\/lospoliticosveracruz.com\\\/?p=99129\",\"url\":\"https:\\\/\\\/lospoliticosveracruz.com\\\/?p=99129\",\"name\":\"CHECO ARM\u00d3 LA GRANDE - Los pol\u00edticos Veracruz\",\"isPartOf\":{\"@id\":\"https:\\\/\\\/lospoliticosveracruz.com\\\/#website\"},\"datePublished\":\"2022-11-28T14:29:19+00:00\",\"dateModified\":\"2022-11-28T14:29:26+00:00\",\"breadcrumb\":{\"@id\":\"https:\\\/\\\/lospoliticosveracruz.com\\\/?p=99129#breadcrumb\"},\"inLanguage\":\"es\",\"potentialAction\":[{\"@type\":\"ReadAction\",\"target\":[\"https:\\\/\\\/lospoliticosveracruz.com\\\/?p=99129\"]}]},{\"@type\":\"BreadcrumbList\",\"@id\":\"https:\\\/\\\/lospoliticosveracruz.com\\\/?p=99129#breadcrumb\",\"itemListElement\":[{\"@type\":\"ListItem\",\"position\":1,\"name\":\"Portada\",\"item\":\"https:\\\/\\\/lospoliticosveracruz.com\\\/\"},{\"@type\":\"ListItem\",\"position\":2,\"name\":\"CHECO ARM\u00d3 LA GRANDE\"}]},{\"@type\":\"WebSite\",\"@id\":\"https:\\\/\\\/lospoliticosveracruz.com\\\/#website\",\"url\":\"https:\\\/\\\/lospoliticosveracruz.com\\\/\",\"name\":\"Los pol\u00edticos Veracruz\",\"description\":\"\",\"publisher\":{\"@id\":\"https:\\\/\\\/lospoliticosveracruz.com\\\/#organization\"},\"potentialAction\":[{\"@type\":\"SearchAction\",\"target\":{\"@type\":\"EntryPoint\",\"urlTemplate\":\"https:\\\/\\\/lospoliticosveracruz.com\\\/?s={search_term_string}\"},\"query-input\":{\"@type\":\"PropertyValueSpecification\",\"valueRequired\":true,\"valueName\":\"search_term_string\"}}],\"inLanguage\":\"es\"},{\"@type\":\"Organization\",\"@id\":\"https:\\\/\\\/lospoliticosveracruz.com\\\/#organization\",\"name\":\"Los pol\u00edticos Veracruz\",\"url\":\"https:\\\/\\\/lospoliticosveracruz.com\\\/\",\"logo\":{\"@type\":\"ImageObject\",\"inLanguage\":\"es\",\"@id\":\"https:\\\/\\\/lospoliticosveracruz.com\\\/#\\\/schema\\\/logo\\\/image\\\/\",\"url\":\"https:\\\/\\\/lospoliticosveracruz.com\\\/wp-content\\\/uploads\\\/2025\\\/12\\\/Logo-Nuevo-LOS-POLITICOS-1.jpg\",\"contentUrl\":\"https:\\\/\\\/lospoliticosveracruz.com\\\/wp-content\\\/uploads\\\/2025\\\/12\\\/Logo-Nuevo-LOS-POLITICOS-1.jpg\",\"width\":260,\"height\":70,\"caption\":\"Los pol\u00edticos Veracruz\"},\"image\":{\"@id\":\"https:\\\/\\\/lospoliticosveracruz.com\\\/#\\\/schema\\\/logo\\\/image\\\/\"},\"sameAs\":[\"https:\\\/\\\/www.facebook.com\\\/people\\\/Notimemes-de-los-Polticos\\\/61565672886568\\\/\",\"https:\\\/\\\/x.com\\\/LosPoliticosVer\"]},{\"@type\":\"Person\",\"@id\":\"https:\\\/\\\/lospoliticosveracruz.com\\\/#\\\/schema\\\/person\\\/b8702bb0e538456e6efd07080bf2a4a2\",\"name\":\"Lo viste en Los Pol\u00edticos\",\"image\":{\"@type\":\"ImageObject\",\"inLanguage\":\"es\",\"@id\":\"https:\\\/\\\/secure.gravatar.com\\\/avatar\\\/3a8de04a2656d44082be478bd6c086daa447c4651605818287b9532d3d0bd435?s=96&d=mm&r=g\",\"url\":\"https:\\\/\\\/secure.gravatar.com\\\/avatar\\\/3a8de04a2656d44082be478bd6c086daa447c4651605818287b9532d3d0bd435?s=96&d=mm&r=g\",\"contentUrl\":\"https:\\\/\\\/secure.gravatar.com\\\/avatar\\\/3a8de04a2656d44082be478bd6c086daa447c4651605818287b9532d3d0bd435?s=96&d=mm&r=g\",\"caption\":\"Lo viste en Los Pol\u00edticos\"},\"url\":\"https:\\\/\\\/lospoliticosveracruz.com\\\/?author=2\"}]}<\/script>\n<!-- \/ Yoast SEO plugin. -->","yoast_head_json":{"title":"CHECO ARM\u00d3 LA GRANDE - Los pol\u00edticos Veracruz","robots":{"index":"index","follow":"follow","max-snippet":"max-snippet:-1","max-image-preview":"max-image-preview:large","max-video-preview":"max-video-preview:-1"},"canonical":"https:\/\/lospoliticosveracruz.com\/?p=99129","og_locale":"es_ES","og_type":"article","og_title":"CHECO ARM\u00d3 LA GRANDE - Los pol\u00edticos Veracruz","og_description":"Omar Z\u00fa\u00f1igaDe Primera Mano Si en su tierra son pendejos, en la ajena qu\u00e9 ser\u00e1nProverbio popular Este s\u00e1bado 26 de noviembre, el diputado minatitleco Sergio Guti\u00e9rrez Luna, convoc\u00f3 a un band\u00f3n en Ciudad Cardel y ni los grandes operadores (aj\u00e1) del Palacio de Enr\u00edquez pudieron hacerle mella, dir\u00eda el \u00ednclito: est\u00e1n locos no pendejos, y [&hellip;]","og_url":"https:\/\/lospoliticosveracruz.com\/?p=99129","og_site_name":"Los pol\u00edticos Veracruz","article_publisher":"https:\/\/www.facebook.com\/people\/Notimemes-de-los-Polticos\/61565672886568\/","article_published_time":"2022-11-28T14:29:19+00:00","article_modified_time":"2022-11-28T14:29:26+00:00","og_image":[{"width":200,"height":200,"url":"https:\/\/lospoliticosveracruz.com\/wp-content\/uploads\/2016\/07\/Logo-Dor.jpg","type":"image\/jpeg"}],"author":"Lo viste en Los Pol\u00edticos","twitter_card":"summary_large_image","twitter_creator":"@LosPoliticosVer","twitter_site":"@LosPoliticosVer","twitter_misc":{"Escrito por":"Lo viste en Los Pol\u00edticos","Tiempo de lectura":"7 minutos"},"schema":{"@context":"https:\/\/schema.org","@graph":[{"@type":"Article","@id":"https:\/\/lospoliticosveracruz.com\/?p=99129#article","isPartOf":{"@id":"https:\/\/lospoliticosveracruz.com\/?p=99129"},"author":{"name":"Lo viste en Los Pol\u00edticos","@id":"https:\/\/lospoliticosveracruz.com\/#\/schema\/person\/b8702bb0e538456e6efd07080bf2a4a2"},"headline":"CHECO ARM\u00d3 LA GRANDE","datePublished":"2022-11-28T14:29:19+00:00","dateModified":"2022-11-28T14:29:26+00:00","mainEntityOfPage":{"@id":"https:\/\/lospoliticosveracruz.com\/?p=99129"},"wordCount":1352,"publisher":{"@id":"https:\/\/lospoliticosveracruz.com\/#organization"},"keywords":["Morena","Omar Z\u00fa\u00f1iga","Rafa Fararoni Maga\u00f1a","Sergio Guti\u00e9rrez Luna","Veracruz"],"articleSection":["De Opini\u00f3n"],"inLanguage":"es"},{"@type":"WebPage","@id":"https:\/\/lospoliticosveracruz.com\/?p=99129","url":"https:\/\/lospoliticosveracruz.com\/?p=99129","name":"CHECO ARM\u00d3 LA GRANDE - Los pol\u00edticos Veracruz","isPartOf":{"@id":"https:\/\/lospoliticosveracruz.com\/#website"},"datePublished":"2022-11-28T14:29:19+00:00","dateModified":"2022-11-28T14:29:26+00:00","breadcrumb":{"@id":"https:\/\/lospoliticosveracruz.com\/?p=99129#breadcrumb"},"inLanguage":"es","potentialAction":[{"@type":"ReadAction","target":["https:\/\/lospoliticosveracruz.com\/?p=99129"]}]},{"@type":"BreadcrumbList","@id":"https:\/\/lospoliticosveracruz.com\/?p=99129#breadcrumb","itemListElement":[{"@type":"ListItem","position":1,"name":"Portada","item":"https:\/\/lospoliticosveracruz.com\/"},{"@type":"ListItem","position":2,"name":"CHECO ARM\u00d3 LA GRANDE"}]},{"@type":"WebSite","@id":"https:\/\/lospoliticosveracruz.com\/#website","url":"https:\/\/lospoliticosveracruz.com\/","name":"Los pol\u00edticos Veracruz","description":"","publisher":{"@id":"https:\/\/lospoliticosveracruz.com\/#organization"},"potentialAction":[{"@type":"SearchAction","target":{"@type":"EntryPoint","urlTemplate":"https:\/\/lospoliticosveracruz.com\/?s={search_term_string}"},"query-input":{"@type":"PropertyValueSpecification","valueRequired":true,"valueName":"search_term_string"}}],"inLanguage":"es"},{"@type":"Organization","@id":"https:\/\/lospoliticosveracruz.com\/#organization","name":"Los pol\u00edticos Veracruz","url":"https:\/\/lospoliticosveracruz.com\/","logo":{"@type":"ImageObject","inLanguage":"es","@id":"https:\/\/lospoliticosveracruz.com\/#\/schema\/logo\/image\/","url":"https:\/\/lospoliticosveracruz.com\/wp-content\/uploads\/2025\/12\/Logo-Nuevo-LOS-POLITICOS-1.jpg","contentUrl":"https:\/\/lospoliticosveracruz.com\/wp-content\/uploads\/2025\/12\/Logo-Nuevo-LOS-POLITICOS-1.jpg","width":260,"height":70,"caption":"Los pol\u00edticos Veracruz"},"image":{"@id":"https:\/\/lospoliticosveracruz.com\/#\/schema\/logo\/image\/"},"sameAs":["https:\/\/www.facebook.com\/people\/Notimemes-de-los-Polticos\/61565672886568\/","https:\/\/x.com\/LosPoliticosVer"]},{"@type":"Person","@id":"https:\/\/lospoliticosveracruz.com\/#\/schema\/person\/b8702bb0e538456e6efd07080bf2a4a2","name":"Lo viste en Los Pol\u00edticos","image":{"@type":"ImageObject","inLanguage":"es","@id":"https:\/\/secure.gravatar.com\/avatar\/3a8de04a2656d44082be478bd6c086daa447c4651605818287b9532d3d0bd435?s=96&d=mm&r=g","url":"https:\/\/secure.gravatar.com\/avatar\/3a8de04a2656d44082be478bd6c086daa447c4651605818287b9532d3d0bd435?s=96&d=mm&r=g","contentUrl":"https:\/\/secure.gravatar.com\/avatar\/3a8de04a2656d44082be478bd6c086daa447c4651605818287b9532d3d0bd435?s=96&d=mm&r=g","caption":"Lo viste en Los Pol\u00edticos"},"url":"https:\/\/lospoliticosveracruz.com\/?author=2"}]}},"_links":{"self":[{"href":"https:\/\/lospoliticosveracruz.com\/index.php?rest_route=\/wp\/v2\/posts\/99129","targetHints":{"allow":["GET"]}}],"collection":[{"href":"https:\/\/lospoliticosveracruz.com\/index.php?rest_route=\/wp\/v2\/posts"}],"about":[{"href":"https:\/\/lospoliticosveracruz.com\/index.php?rest_route=\/wp\/v2\/types\/post"}],"author":[{"embeddable":true,"href":"https:\/\/lospoliticosveracruz.com\/index.php?rest_route=\/wp\/v2\/users\/2"}],"replies":[{"embeddable":true,"href":"https:\/\/lospoliticosveracruz.com\/index.php?rest_route=%2Fwp%2Fv2%2Fcomments&post=99129"}],"version-history":[{"count":1,"href":"https:\/\/lospoliticosveracruz.com\/index.php?rest_route=\/wp\/v2\/posts\/99129\/revisions"}],"predecessor-version":[{"id":99131,"href":"https:\/\/lospoliticosveracruz.com\/index.php?rest_route=\/wp\/v2\/posts\/99129\/revisions\/99131"}],"wp:attachment":[{"href":"https:\/\/lospoliticosveracruz.com\/index.php?rest_route=%2Fwp%2Fv2%2Fmedia&parent=99129"}],"wp:term":[{"taxonomy":"category","embeddable":true,"href":"https:\/\/lospoliticosveracruz.com\/index.php?rest_route=%2Fwp%2Fv2%2Fcategories&post=99129"},{"taxonomy":"post_tag","embeddable":true,"href":"https:\/\/lospoliticosveracruz.com\/index.php?rest_route=%2Fwp%2Fv2%2Ftags&post=99129"}],"curies":[{"name":"wp","href":"https:\/\/api.w.org\/{rel}","templated":true}]}}