{"id":99170,"date":"2022-11-29T07:13:39","date_gmt":"2022-11-29T13:13:39","guid":{"rendered":"https:\/\/lospoliticosveracruz.com.mx\/?p=99170"},"modified":"2022-11-29T07:13:43","modified_gmt":"2022-11-29T13:13:43","slug":"secretarias-de-la-4t-cuevas-de-hostigadores-y-violadores","status":"publish","type":"post","link":"https:\/\/lospoliticosveracruz.com\/?p=99170","title":{"rendered":"SECRETAR\u00cdAS DE LA 4T, CUEVAS DE HOSTIGADORES Y VIOLADORES"},"content":{"rendered":"\n<p><strong>Bernardo Guti\u00e9rrez Parra\u00a0<\/strong><\/p>\n\n\n\n<p><em>Desde el Caf\u00e9\u00a0<\/em><\/p>\n\n\n\n<p>Esta vez lector no me ocupar\u00e9 de la comparecencia en el Congreso local de Iv\u00e1n Francisco Mart\u00ednez Olvera, titular de Turismo; s\u00f3lo dir\u00e9 que dijo sandez y media y las dijo en cascada. Por ejemplo, afirm\u00f3 que este a\u00f1o se gener\u00f3 una derrama econ\u00f3mica superior a los 18 mil millones de pesos en el sector de servicios y Veracruz tuvo una afluencia superior a los 10 millones de visitantes.\u00a0<br><\/p>\n\n\n\n<figure class=\"wp-block-image size-full\"><a href=\"https:\/\/lospoliticosveracruz.com.mx\/wp-content\/uploads\/2022\/05\/Seguro-Julio-Cerecedo.jpg\"><img decoding=\"async\" src=\"https:\/\/lospoliticosveracruz.com.mx\/wp-content\/uploads\/2022\/05\/Seguro-Julio-Cerecedo.jpg\" alt=\"\" class=\"wp-image-90414\"\/><\/a><\/figure>\n\n\n\n<p>Si existen esos 18 mil millones ser\u00e1 en su imaginaci\u00f3n y en cuanto a los 10 millones de visitantes, solo que est\u00e9 contando a los migrantes que han pasado por la entidad huyendo del INM, la Guardia Nacional y los delincuentes.&nbsp;<\/p>\n\n\n\n<p>En lo que s\u00ed me quiero detener, es en la comparecencia del titular de la Sedesol estatal Guillermo Fern\u00e1ndez S\u00e1nchez, pero no en sus n\u00fameros alegres sino en algo m\u00e1s grave.&nbsp;<\/p>\n\n\n\n<p>Fern\u00e1ndez S\u00e1nchez se preparaba para un d\u00eda de campo en la serie de preguntas y respuestas cuando la diputada del PRI Arianna \u00c1ngeles Aguirre, le dijo que hab\u00eda casos de abusos contra las trabajadoras de esa dependencia a lo que el funcionario contest\u00f3. \u201cTenemos una unidad de g\u00e9nero en donde si alguna de las mujeres integrantes de la secretar\u00eda se siente afectada, hostigada, la primera ventanilla es precisamente en la unidad de g\u00e9nero\u201d.<\/p>\n\n\n\n<p>La diputada le entreg\u00f3 un sobre con el expediente de un alto funcionario que est\u00e1 denunciado por hostigamiento sexual, violencia laboral, violencia pol\u00edtica en raz\u00f3n de g\u00e9nero y violencia institucional.&nbsp;<\/p>\n\n\n\n<p>\u201cLe encargo que abra ese sobre y me diga si conoce a ese servidor p\u00fablico que ha sido denunciado efectivamente ante el \u00f3rgano de control interno donde no ha pasado absolutamente nada. Tambi\u00e9n ha sido denunciado ante la Comisi\u00f3n Estatal de Derechos Humanos y ante la Fiscal\u00eda General del Estado\u201d dijo la legisladora.&nbsp;<\/p>\n\n\n\n<p>Pero el funcionario, m\u00e1s blanco que una s\u00e1bana, dej\u00f3 el sobre por un lado. \u201cTiene p\u00e1nico porque quiz\u00e1 ah\u00ed est\u00e1 su nombre\u201d me dijo un colega. Pero no. Todo indica que el presunto hostigador pertenece a la Direcci\u00f3n General de Pol\u00edticas de Desarrollo Regional de la Sedesol Estatal.<\/p>\n\n\n\n<p>La diputada dijo a don Guillermo: \u201cSe\u00f1or secretario, si las mujeres violentadas fueran de su familia; su mam\u00e1, su hermana, su esposa o su hija \u00bfqu\u00e9 har\u00eda? \u00bfCu\u00e1l ser\u00eda su postura? \u00bfTendr\u00eda usted la misma omisi\u00f3n, indiferencia o ignorancia institucional?\u201d y don Guillermo trag\u00f3 gordo.&nbsp;<\/p>\n\n\n\n<p>Arianna continu\u00f3: \u201cQu\u00e9 pena que siga defraudando as\u00ed la confianza del titular del Poder Ejecutivo depositada en usted y que sus subalternos defrauden la suya. Qu\u00e9 indignante que no haya congruencia entre el decir y el hacer. \u00bfConsidera que un servidor p\u00fablico que violenta a las mujeres de esta manera debe continuar al frente de una responsabilidad p\u00fablica?, porque es evidente que no se acata el Protocolo para la Prevenci\u00f3n, Atenci\u00f3n, y Sanci\u00f3n del Hostigamiento y Acoso Sexual. Tampoco se cumple la estrategia de Cero Tolerancia a la Violencia contra Mujeres y Ni\u00f1as, que puso en marcha el se\u00f1or gobernador el 25 de enero de 2019\u201d.&nbsp;<\/p>\n\n\n\n<p>Guillermo Fern\u00e1ndez estaba transparente y con la frente perlada de sudor. \u201cNo soy omiso diputada, estoy consciente de lo que ha sucedido\u2026 me reservo el derecho de abrir el sobre en este momento, lo considerar\u00e9 como informaci\u00f3n\u2026 como ventanilla que somos en la Sedesol de atender cualquier requerimiento\u2026 me doy por enterado y lo tendremos que analizar y ver\u201d, respondi\u00f3.<\/p>\n\n\n\n<p>Y vino el revire de Arianna: \u201cUsted dice que no ha sido omiso; \u00bfsabe usted secretario lo que est\u00e1 pasando intramuros en su dependencia? \u00bfPlatica con su personal, con los directores, subdirectores y jefes de oficina? \u00bfSabe de los asuntos que atiende la jefa de la Unidad de G\u00e9nero y el \u00f3rgano integral interno del control donde se presentan casos de violencia contra las mujeres?\u201d<\/p>\n\n\n\n<p>Para ese momento el funcionario como que quer\u00eda sacar la banderita blanca. Y es que s\u00ed, se dio por enterado, pero no har\u00e1 nada.&nbsp;<\/p>\n\n\n\n<p>Veracruz es uno de los estados donde m\u00e1s se denuncia a los funcionarios que hostigan a las trabajadoras y donde menos se hace caso a las v\u00edctimas.&nbsp;<\/p>\n\n\n\n<p>En casi todas las secretar\u00edas existen se\u00f1alamientos de mujeres que han sido hostigadas sexualmente, humilladas y sobajadas por sus superiores y no pasa absolutamente nada. \u201cSon cuevas de hostigadores y violadores que al no recibir castigo siguen cometiendo atropellos\u201d, me dijo una activista.&nbsp;<\/p>\n\n\n\n<p>Sin ir muy lejos, el titular de programas de gobierno federal, Manuel Huerta Ladr\u00f3n de Guevara, tiene denuncias por violaci\u00f3n sexual y el tipo no s\u00f3lo sigue firme en su puesto, sino que puede ser candidato a gobernador y eventualmente gobernador de la entidad.&nbsp;<\/p>\n\n\n\n<p>Si por algo se ha caracterizado el gobierno de la 4T al menos en Veracruz, es por su desprecio a las mujeres. Desprecio que ha generado 695 feminicidios s\u00f3lo de enero a septiembre de este a\u00f1o.<\/p>\n\n\n\n<p>Si un pat\u00e1n como el secretario de Gobierno Eric Cisneros, agrede verbalmente durante su comparecencia a una diputada, \u00bfqu\u00e9 se pueden esperar las mujeres que trabajan en las dependencias p\u00fablicas?&nbsp;<\/p>\n\n\n\n<p>Por lo pronto, queda para el registro la denuncia p\u00fablica de la legisladora Arianna \u00c1ngeles, porque la denuncia penal est\u00e1 arrumbada por ah\u00ed.&nbsp;<\/p>\n\n\n\n<p>\u00bfCu\u00e1ntas denuncias como \u00e9sta tendr\u00e1n que escucharse en el recinto del Congreso local para que las autoridades se decidan a actuar?&nbsp;<\/p>\n\n\n\n<p>F\u00e1cil la pregunta, imposible la respuesta.&nbsp;<\/p>\n\n\n\n<p><strong>Confirma Zenyazen pago de incremento a maestros\u00a0<\/strong><\/p>\n\n\n\n<p>Uno de los grupos m\u00e1s nutridos que llev\u00f3 Veracruz a la marcha del pasado domingo, fue el de los maestros encabezados por el titular de la SEV, Zenyazen Escobar Garc\u00eda.&nbsp;<\/p>\n\n\n\n<p>Al frente de miles de docentes que hicieron acto de presencia para refrendar su respaldo al presidente L\u00f3pez Obrador, Zenyazen dijo: \u201cAs\u00ed como en el 2015 el presidente firm\u00f3 el acuerdo para echar abajo la mal llamada reforma educativa en la ciudad de C\u00f3rdoba, hoy estamos aqu\u00ed apoy\u00e1ndolo como siempre\u201d. Record\u00f3 que tambi\u00e9n el gobierno federal realiz\u00f3 un rescate financiero para que Veracruz pueda pagar el pr\u00f3ximo 15 de diciembre el incremento del 1, 2 y 3 por ciento a los trabajadores estatales.<\/p>\n\n\n\n<p>Indic\u00f3 que continuar\u00e1 trabajando para el magisterio y por la educaci\u00f3n, con el apoyo y la fortaleza los maestros veracruzanos y confi\u00f3 en que se lograr\u00e1 una reforma al Instituto Nacional Electoral, que redundar\u00e1 en un ahorro sustancial que continuar\u00e1 beneficiando a la poblaci\u00f3n mexicana por medio de apoyos asistenciales.<\/p>\n\n\n\n<p>bernardogup@hotmail.com<\/p>\n","protected":false},"excerpt":{"rendered":"<p>Bernardo Guti\u00e9rrez Parra\u00a0 Desde el Caf\u00e9\u00a0 Esta vez lector no me ocupar\u00e9 de la comparecencia en el Congreso local de Iv\u00e1n Francisco Mart\u00ednez Olvera, titular de Turismo; s\u00f3lo dir\u00e9 que dijo sandez y media y las dijo en cascada. Por ejemplo, afirm\u00f3 que este a\u00f1o se gener\u00f3 una derrama econ\u00f3mica superior a los 18 mil [&hellip;]<\/p>\n","protected":false},"author":2,"featured_media":0,"comment_status":"closed","ping_status":"closed","sticky":false,"template":"","format":"standard","meta":{"tdm_status":"","tdm_grid_status":"","footnotes":""},"categories":[70],"tags":[15116,12752,32941,1850,715,12372],"class_list":{"0":"post-99170","1":"post","2":"type-post","3":"status-publish","4":"format-standard","6":"category-de-opinion","7":"tag-guillermo-fernandez-sanchez","8":"tag-hostigamiento-sexual","9":"tag-ivan-francisco-martinez-olvera","10":"tag-manuel-huerta-ladron-de-guevara","11":"tag-sedesol","12":"tag-zenyazen-escobar-garcia"},"yoast_head":"<!-- This site is optimized with the Yoast SEO plugin v27.4 - https:\/\/yoast.com\/product\/yoast-seo-wordpress\/ -->\n<title>SECRETAR\u00cdAS DE LA 4T, CUEVAS DE HOSTIGADORES Y VIOLADORES - Los pol\u00edticos Veracruz<\/title>\n<meta name=\"robots\" content=\"index, follow, max-snippet:-1, max-image-preview:large, max-video-preview:-1\" \/>\n<link rel=\"canonical\" href=\"https:\/\/lospoliticosveracruz.com\/?p=99170\" \/>\n<meta property=\"og:locale\" content=\"es_ES\" \/>\n<meta property=\"og:type\" content=\"article\" \/>\n<meta property=\"og:title\" content=\"SECRETAR\u00cdAS DE LA 4T, CUEVAS DE HOSTIGADORES Y VIOLADORES - Los pol\u00edticos Veracruz\" \/>\n<meta property=\"og:description\" content=\"Bernardo Guti\u00e9rrez Parra\u00a0 Desde el Caf\u00e9\u00a0 Esta vez lector no me ocupar\u00e9 de la comparecencia en el Congreso local de Iv\u00e1n Francisco Mart\u00ednez Olvera, titular de Turismo; s\u00f3lo dir\u00e9 que dijo sandez y media y las dijo en cascada. Por ejemplo, afirm\u00f3 que este a\u00f1o se gener\u00f3 una derrama econ\u00f3mica superior a los 18 mil [&hellip;]\" \/>\n<meta property=\"og:url\" content=\"https:\/\/lospoliticosveracruz.com\/?p=99170\" \/>\n<meta property=\"og:site_name\" content=\"Los pol\u00edticos Veracruz\" \/>\n<meta property=\"article:publisher\" content=\"https:\/\/www.facebook.com\/people\/Notimemes-de-los-Polticos\/61565672886568\/\" \/>\n<meta property=\"article:published_time\" content=\"2022-11-29T13:13:39+00:00\" \/>\n<meta property=\"article:modified_time\" content=\"2022-11-29T13:13:43+00:00\" \/>\n<meta property=\"og:image\" content=\"https:\/\/lospoliticosveracruz.com.mx\/wp-content\/uploads\/2022\/05\/Seguro-Julio-Cerecedo.jpg\" \/>\n<meta name=\"author\" content=\"Lo viste en Los Pol\u00edticos\" \/>\n<meta name=\"twitter:card\" content=\"summary_large_image\" \/>\n<meta name=\"twitter:creator\" content=\"@LosPoliticosVer\" \/>\n<meta name=\"twitter:site\" content=\"@LosPoliticosVer\" \/>\n<meta name=\"twitter:label1\" content=\"Escrito por\" \/>\n\t<meta name=\"twitter:data1\" content=\"Lo viste en Los Pol\u00edticos\" \/>\n\t<meta name=\"twitter:label2\" content=\"Tiempo de lectura\" \/>\n\t<meta name=\"twitter:data2\" content=\"6 minutos\" \/>\n<script type=\"application\/ld+json\" class=\"yoast-schema-graph\">{\"@context\":\"https:\\\/\\\/schema.org\",\"@graph\":[{\"@type\":\"Article\",\"@id\":\"https:\\\/\\\/lospoliticosveracruz.com\\\/?p=99170#article\",\"isPartOf\":{\"@id\":\"https:\\\/\\\/lospoliticosveracruz.com\\\/?p=99170\"},\"author\":{\"name\":\"Lo viste en Los Pol\u00edticos\",\"@id\":\"https:\\\/\\\/lospoliticosveracruz.com\\\/#\\\/schema\\\/person\\\/b8702bb0e538456e6efd07080bf2a4a2\"},\"headline\":\"SECRETAR\u00cdAS DE LA 4T, CUEVAS DE HOSTIGADORES Y VIOLADORES\",\"datePublished\":\"2022-11-29T13:13:39+00:00\",\"dateModified\":\"2022-11-29T13:13:43+00:00\",\"mainEntityOfPage\":{\"@id\":\"https:\\\/\\\/lospoliticosveracruz.com\\\/?p=99170\"},\"wordCount\":1138,\"publisher\":{\"@id\":\"https:\\\/\\\/lospoliticosveracruz.com\\\/#organization\"},\"image\":{\"@id\":\"https:\\\/\\\/lospoliticosveracruz.com\\\/?p=99170#primaryimage\"},\"thumbnailUrl\":\"https:\\\/\\\/lospoliticosveracruz.com.mx\\\/wp-content\\\/uploads\\\/2022\\\/05\\\/Seguro-Julio-Cerecedo.jpg\",\"keywords\":[\"Guillermo Fern\u00e1ndez S\u00e1nchez\",\"hostigamiento sexual\",\"Iv\u00e1n Francisco Mart\u00ednez Olvera\",\"Manuel Huerta Ladr\u00f3n de Guevara\",\"Sedesol\",\"Zenyazen Escobar Garc\u00eda\"],\"articleSection\":[\"De Opini\u00f3n\"],\"inLanguage\":\"es\"},{\"@type\":\"WebPage\",\"@id\":\"https:\\\/\\\/lospoliticosveracruz.com\\\/?p=99170\",\"url\":\"https:\\\/\\\/lospoliticosveracruz.com\\\/?p=99170\",\"name\":\"SECRETAR\u00cdAS DE LA 4T, CUEVAS DE HOSTIGADORES Y VIOLADORES - Los pol\u00edticos Veracruz\",\"isPartOf\":{\"@id\":\"https:\\\/\\\/lospoliticosveracruz.com\\\/#website\"},\"primaryImageOfPage\":{\"@id\":\"https:\\\/\\\/lospoliticosveracruz.com\\\/?p=99170#primaryimage\"},\"image\":{\"@id\":\"https:\\\/\\\/lospoliticosveracruz.com\\\/?p=99170#primaryimage\"},\"thumbnailUrl\":\"https:\\\/\\\/lospoliticosveracruz.com.mx\\\/wp-content\\\/uploads\\\/2022\\\/05\\\/Seguro-Julio-Cerecedo.jpg\",\"datePublished\":\"2022-11-29T13:13:39+00:00\",\"dateModified\":\"2022-11-29T13:13:43+00:00\",\"breadcrumb\":{\"@id\":\"https:\\\/\\\/lospoliticosveracruz.com\\\/?p=99170#breadcrumb\"},\"inLanguage\":\"es\",\"potentialAction\":[{\"@type\":\"ReadAction\",\"target\":[\"https:\\\/\\\/lospoliticosveracruz.com\\\/?p=99170\"]}]},{\"@type\":\"ImageObject\",\"inLanguage\":\"es\",\"@id\":\"https:\\\/\\\/lospoliticosveracruz.com\\\/?p=99170#primaryimage\",\"url\":\"https:\\\/\\\/lospoliticosveracruz.com.mx\\\/wp-content\\\/uploads\\\/2022\\\/05\\\/Seguro-Julio-Cerecedo.jpg\",\"contentUrl\":\"https:\\\/\\\/lospoliticosveracruz.com.mx\\\/wp-content\\\/uploads\\\/2022\\\/05\\\/Seguro-Julio-Cerecedo.jpg\"},{\"@type\":\"BreadcrumbList\",\"@id\":\"https:\\\/\\\/lospoliticosveracruz.com\\\/?p=99170#breadcrumb\",\"itemListElement\":[{\"@type\":\"ListItem\",\"position\":1,\"name\":\"Portada\",\"item\":\"https:\\\/\\\/lospoliticosveracruz.com\\\/\"},{\"@type\":\"ListItem\",\"position\":2,\"name\":\"SECRETAR\u00cdAS DE LA 4T, CUEVAS DE HOSTIGADORES Y VIOLADORES\"}]},{\"@type\":\"WebSite\",\"@id\":\"https:\\\/\\\/lospoliticosveracruz.com\\\/#website\",\"url\":\"https:\\\/\\\/lospoliticosveracruz.com\\\/\",\"name\":\"Los pol\u00edticos Veracruz\",\"description\":\"\",\"publisher\":{\"@id\":\"https:\\\/\\\/lospoliticosveracruz.com\\\/#organization\"},\"potentialAction\":[{\"@type\":\"SearchAction\",\"target\":{\"@type\":\"EntryPoint\",\"urlTemplate\":\"https:\\\/\\\/lospoliticosveracruz.com\\\/?s={search_term_string}\"},\"query-input\":{\"@type\":\"PropertyValueSpecification\",\"valueRequired\":true,\"valueName\":\"search_term_string\"}}],\"inLanguage\":\"es\"},{\"@type\":\"Organization\",\"@id\":\"https:\\\/\\\/lospoliticosveracruz.com\\\/#organization\",\"name\":\"Los pol\u00edticos Veracruz\",\"url\":\"https:\\\/\\\/lospoliticosveracruz.com\\\/\",\"logo\":{\"@type\":\"ImageObject\",\"inLanguage\":\"es\",\"@id\":\"https:\\\/\\\/lospoliticosveracruz.com\\\/#\\\/schema\\\/logo\\\/image\\\/\",\"url\":\"https:\\\/\\\/lospoliticosveracruz.com\\\/wp-content\\\/uploads\\\/2025\\\/12\\\/Logo-Nuevo-LOS-POLITICOS-1.jpg\",\"contentUrl\":\"https:\\\/\\\/lospoliticosveracruz.com\\\/wp-content\\\/uploads\\\/2025\\\/12\\\/Logo-Nuevo-LOS-POLITICOS-1.jpg\",\"width\":260,\"height\":70,\"caption\":\"Los pol\u00edticos Veracruz\"},\"image\":{\"@id\":\"https:\\\/\\\/lospoliticosveracruz.com\\\/#\\\/schema\\\/logo\\\/image\\\/\"},\"sameAs\":[\"https:\\\/\\\/www.facebook.com\\\/people\\\/Notimemes-de-los-Polticos\\\/61565672886568\\\/\",\"https:\\\/\\\/x.com\\\/LosPoliticosVer\"]},{\"@type\":\"Person\",\"@id\":\"https:\\\/\\\/lospoliticosveracruz.com\\\/#\\\/schema\\\/person\\\/b8702bb0e538456e6efd07080bf2a4a2\",\"name\":\"Lo viste en Los Pol\u00edticos\",\"image\":{\"@type\":\"ImageObject\",\"inLanguage\":\"es\",\"@id\":\"https:\\\/\\\/secure.gravatar.com\\\/avatar\\\/3a8de04a2656d44082be478bd6c086daa447c4651605818287b9532d3d0bd435?s=96&d=mm&r=g\",\"url\":\"https:\\\/\\\/secure.gravatar.com\\\/avatar\\\/3a8de04a2656d44082be478bd6c086daa447c4651605818287b9532d3d0bd435?s=96&d=mm&r=g\",\"contentUrl\":\"https:\\\/\\\/secure.gravatar.com\\\/avatar\\\/3a8de04a2656d44082be478bd6c086daa447c4651605818287b9532d3d0bd435?s=96&d=mm&r=g\",\"caption\":\"Lo viste en Los Pol\u00edticos\"},\"url\":\"https:\\\/\\\/lospoliticosveracruz.com\\\/?author=2\"}]}<\/script>\n<!-- \/ Yoast SEO plugin. -->","yoast_head_json":{"title":"SECRETAR\u00cdAS DE LA 4T, CUEVAS DE HOSTIGADORES Y VIOLADORES - Los pol\u00edticos Veracruz","robots":{"index":"index","follow":"follow","max-snippet":"max-snippet:-1","max-image-preview":"max-image-preview:large","max-video-preview":"max-video-preview:-1"},"canonical":"https:\/\/lospoliticosveracruz.com\/?p=99170","og_locale":"es_ES","og_type":"article","og_title":"SECRETAR\u00cdAS DE LA 4T, CUEVAS DE HOSTIGADORES Y VIOLADORES - Los pol\u00edticos Veracruz","og_description":"Bernardo Guti\u00e9rrez Parra\u00a0 Desde el Caf\u00e9\u00a0 Esta vez lector no me ocupar\u00e9 de la comparecencia en el Congreso local de Iv\u00e1n Francisco Mart\u00ednez Olvera, titular de Turismo; s\u00f3lo dir\u00e9 que dijo sandez y media y las dijo en cascada. Por ejemplo, afirm\u00f3 que este a\u00f1o se gener\u00f3 una derrama econ\u00f3mica superior a los 18 mil [&hellip;]","og_url":"https:\/\/lospoliticosveracruz.com\/?p=99170","og_site_name":"Los pol\u00edticos Veracruz","article_publisher":"https:\/\/www.facebook.com\/people\/Notimemes-de-los-Polticos\/61565672886568\/","article_published_time":"2022-11-29T13:13:39+00:00","article_modified_time":"2022-11-29T13:13:43+00:00","og_image":[{"url":"https:\/\/lospoliticosveracruz.com.mx\/wp-content\/uploads\/2022\/05\/Seguro-Julio-Cerecedo.jpg","type":"","width":"","height":""}],"author":"Lo viste en Los Pol\u00edticos","twitter_card":"summary_large_image","twitter_creator":"@LosPoliticosVer","twitter_site":"@LosPoliticosVer","twitter_misc":{"Escrito por":"Lo viste en Los Pol\u00edticos","Tiempo de lectura":"6 minutos"},"schema":{"@context":"https:\/\/schema.org","@graph":[{"@type":"Article","@id":"https:\/\/lospoliticosveracruz.com\/?p=99170#article","isPartOf":{"@id":"https:\/\/lospoliticosveracruz.com\/?p=99170"},"author":{"name":"Lo viste en Los Pol\u00edticos","@id":"https:\/\/lospoliticosveracruz.com\/#\/schema\/person\/b8702bb0e538456e6efd07080bf2a4a2"},"headline":"SECRETAR\u00cdAS DE LA 4T, CUEVAS DE HOSTIGADORES Y VIOLADORES","datePublished":"2022-11-29T13:13:39+00:00","dateModified":"2022-11-29T13:13:43+00:00","mainEntityOfPage":{"@id":"https:\/\/lospoliticosveracruz.com\/?p=99170"},"wordCount":1138,"publisher":{"@id":"https:\/\/lospoliticosveracruz.com\/#organization"},"image":{"@id":"https:\/\/lospoliticosveracruz.com\/?p=99170#primaryimage"},"thumbnailUrl":"https:\/\/lospoliticosveracruz.com.mx\/wp-content\/uploads\/2022\/05\/Seguro-Julio-Cerecedo.jpg","keywords":["Guillermo Fern\u00e1ndez S\u00e1nchez","hostigamiento sexual","Iv\u00e1n Francisco Mart\u00ednez Olvera","Manuel Huerta Ladr\u00f3n de Guevara","Sedesol","Zenyazen Escobar Garc\u00eda"],"articleSection":["De Opini\u00f3n"],"inLanguage":"es"},{"@type":"WebPage","@id":"https:\/\/lospoliticosveracruz.com\/?p=99170","url":"https:\/\/lospoliticosveracruz.com\/?p=99170","name":"SECRETAR\u00cdAS DE LA 4T, CUEVAS DE HOSTIGADORES Y VIOLADORES - Los pol\u00edticos Veracruz","isPartOf":{"@id":"https:\/\/lospoliticosveracruz.com\/#website"},"primaryImageOfPage":{"@id":"https:\/\/lospoliticosveracruz.com\/?p=99170#primaryimage"},"image":{"@id":"https:\/\/lospoliticosveracruz.com\/?p=99170#primaryimage"},"thumbnailUrl":"https:\/\/lospoliticosveracruz.com.mx\/wp-content\/uploads\/2022\/05\/Seguro-Julio-Cerecedo.jpg","datePublished":"2022-11-29T13:13:39+00:00","dateModified":"2022-11-29T13:13:43+00:00","breadcrumb":{"@id":"https:\/\/lospoliticosveracruz.com\/?p=99170#breadcrumb"},"inLanguage":"es","potentialAction":[{"@type":"ReadAction","target":["https:\/\/lospoliticosveracruz.com\/?p=99170"]}]},{"@type":"ImageObject","inLanguage":"es","@id":"https:\/\/lospoliticosveracruz.com\/?p=99170#primaryimage","url":"https:\/\/lospoliticosveracruz.com.mx\/wp-content\/uploads\/2022\/05\/Seguro-Julio-Cerecedo.jpg","contentUrl":"https:\/\/lospoliticosveracruz.com.mx\/wp-content\/uploads\/2022\/05\/Seguro-Julio-Cerecedo.jpg"},{"@type":"BreadcrumbList","@id":"https:\/\/lospoliticosveracruz.com\/?p=99170#breadcrumb","itemListElement":[{"@type":"ListItem","position":1,"name":"Portada","item":"https:\/\/lospoliticosveracruz.com\/"},{"@type":"ListItem","position":2,"name":"SECRETAR\u00cdAS DE LA 4T, CUEVAS DE HOSTIGADORES Y VIOLADORES"}]},{"@type":"WebSite","@id":"https:\/\/lospoliticosveracruz.com\/#website","url":"https:\/\/lospoliticosveracruz.com\/","name":"Los pol\u00edticos Veracruz","description":"","publisher":{"@id":"https:\/\/lospoliticosveracruz.com\/#organization"},"potentialAction":[{"@type":"SearchAction","target":{"@type":"EntryPoint","urlTemplate":"https:\/\/lospoliticosveracruz.com\/?s={search_term_string}"},"query-input":{"@type":"PropertyValueSpecification","valueRequired":true,"valueName":"search_term_string"}}],"inLanguage":"es"},{"@type":"Organization","@id":"https:\/\/lospoliticosveracruz.com\/#organization","name":"Los pol\u00edticos Veracruz","url":"https:\/\/lospoliticosveracruz.com\/","logo":{"@type":"ImageObject","inLanguage":"es","@id":"https:\/\/lospoliticosveracruz.com\/#\/schema\/logo\/image\/","url":"https:\/\/lospoliticosveracruz.com\/wp-content\/uploads\/2025\/12\/Logo-Nuevo-LOS-POLITICOS-1.jpg","contentUrl":"https:\/\/lospoliticosveracruz.com\/wp-content\/uploads\/2025\/12\/Logo-Nuevo-LOS-POLITICOS-1.jpg","width":260,"height":70,"caption":"Los pol\u00edticos Veracruz"},"image":{"@id":"https:\/\/lospoliticosveracruz.com\/#\/schema\/logo\/image\/"},"sameAs":["https:\/\/www.facebook.com\/people\/Notimemes-de-los-Polticos\/61565672886568\/","https:\/\/x.com\/LosPoliticosVer"]},{"@type":"Person","@id":"https:\/\/lospoliticosveracruz.com\/#\/schema\/person\/b8702bb0e538456e6efd07080bf2a4a2","name":"Lo viste en Los Pol\u00edticos","image":{"@type":"ImageObject","inLanguage":"es","@id":"https:\/\/secure.gravatar.com\/avatar\/3a8de04a2656d44082be478bd6c086daa447c4651605818287b9532d3d0bd435?s=96&d=mm&r=g","url":"https:\/\/secure.gravatar.com\/avatar\/3a8de04a2656d44082be478bd6c086daa447c4651605818287b9532d3d0bd435?s=96&d=mm&r=g","contentUrl":"https:\/\/secure.gravatar.com\/avatar\/3a8de04a2656d44082be478bd6c086daa447c4651605818287b9532d3d0bd435?s=96&d=mm&r=g","caption":"Lo viste en Los Pol\u00edticos"},"url":"https:\/\/lospoliticosveracruz.com\/?author=2"}]}},"_links":{"self":[{"href":"https:\/\/lospoliticosveracruz.com\/index.php?rest_route=\/wp\/v2\/posts\/99170","targetHints":{"allow":["GET"]}}],"collection":[{"href":"https:\/\/lospoliticosveracruz.com\/index.php?rest_route=\/wp\/v2\/posts"}],"about":[{"href":"https:\/\/lospoliticosveracruz.com\/index.php?rest_route=\/wp\/v2\/types\/post"}],"author":[{"embeddable":true,"href":"https:\/\/lospoliticosveracruz.com\/index.php?rest_route=\/wp\/v2\/users\/2"}],"replies":[{"embeddable":true,"href":"https:\/\/lospoliticosveracruz.com\/index.php?rest_route=%2Fwp%2Fv2%2Fcomments&post=99170"}],"version-history":[{"count":1,"href":"https:\/\/lospoliticosveracruz.com\/index.php?rest_route=\/wp\/v2\/posts\/99170\/revisions"}],"predecessor-version":[{"id":99171,"href":"https:\/\/lospoliticosveracruz.com\/index.php?rest_route=\/wp\/v2\/posts\/99170\/revisions\/99171"}],"wp:attachment":[{"href":"https:\/\/lospoliticosveracruz.com\/index.php?rest_route=%2Fwp%2Fv2%2Fmedia&parent=99170"}],"wp:term":[{"taxonomy":"category","embeddable":true,"href":"https:\/\/lospoliticosveracruz.com\/index.php?rest_route=%2Fwp%2Fv2%2Fcategories&post=99170"},{"taxonomy":"post_tag","embeddable":true,"href":"https:\/\/lospoliticosveracruz.com\/index.php?rest_route=%2Fwp%2Fv2%2Ftags&post=99170"}],"curies":[{"name":"wp","href":"https:\/\/api.w.org\/{rel}","templated":true}]}}