{"id":99175,"date":"2022-11-29T07:23:28","date_gmt":"2022-11-29T13:23:28","guid":{"rendered":"https:\/\/lospoliticosveracruz.com.mx\/?p=99175"},"modified":"2022-11-29T07:23:35","modified_gmt":"2022-11-29T13:23:35","slug":"cuic-y-cheko-el-recuento-de-los-danos","status":"publish","type":"post","link":"https:\/\/lospoliticosveracruz.com\/?p=99175","title":{"rendered":"CUIC Y CHEKO, EL RECUENTO DE LOS DA\u00d1OS"},"content":{"rendered":"\n<p><strong>Ricardo Ch\u00faa<\/strong><\/p>\n\n\n\n<p><em>Sale y Vale<\/em><\/p>\n\n\n\n<p>Despu\u00e9s del evento del pasado s\u00e1bado en Cardel, donde el diputado federal por Minatitl\u00e1n, Sergio Guti\u00e9rrez Luna tom\u00f3 la protesta a las estructuras de MORENA en Veracruz, que est\u00e1n a favor que el secretario de Gobernaci\u00f3n, Ad\u00e1n Augusto L\u00f3pez, sea el candidato Presidencial del partido.. Qued\u00f3 demostrado el por qu\u00e9 ya no lo atacan desde Palacio de Gobierno en Xalapa&#8230; Se han dado cuenta, que \u00e9l puede ser el sucesor de Cuitl\u00e1huac Garc\u00eda&#8230;<\/p>\n\n\n<div class=\"wp-block-image\">\n<figure class=\"alignleft size-medium\"><a href=\"https:\/\/lospoliticosveracruz.com.mx\/wp-content\/uploads\/2021\/10\/Zacauilt.jpg\"><img decoding=\"async\" src=\"https:\/\/lospoliticosveracruz.com.mx\/wp-content\/uploads\/2021\/10\/Zacauilt-150x300.jpg\" alt=\"\" class=\"wp-image-80558\"\/><\/a><\/figure>\n<\/div>\n\n\n<p>Por eso, ahora Sergio Guti\u00e9rrez demostr\u00f3 el \u00abm\u00fasculo\u00bb&#8230; Ya dej\u00f3 en claro el por qu\u00e9 del respeto que ahora le tienen en Palacio de Gobierno.. Y demostr\u00f3 adem\u00e1s de que pese a todo el \u00abpoder\u00bb y el aparato de \u00abEstado\u00bb que posee Cuitl\u00e1huac Garc\u00eda&#8230;No es m\u00e1s que un gobernador m\u00e1s en el papel de Andr\u00e9s Manuel L\u00f3pez Obrador para hacer lo que le diga en Veracruz&#8230; Le es leal si, pero eso ya no es suficiente para ganar una elecci\u00f3n estatal..<\/p>\n\n\n\n<p>El legislador minatitleco logr\u00f3 tomar protesta a una gran estructura en varios distritos y a m\u00e1s de 200 municipios en Veracruz para apoyar el proyecto de Ad\u00e1n Augusto L\u00f3pez&#8230; De esa manera, Guti\u00e9rrez Luna.logr\u00f3 llenar un campo como el de Cardel.. Logr\u00f3 convencer a la militancia que acudi\u00f3 al evento y a los simpatizantes de L\u00f3pez Hern\u00e1ndez, de que es el proyecto que le conviene a M\u00e9xico.. Y eso, a tan s\u00f3lo menos de 580 d\u00edas para la elecci\u00f3n local del 2024..<\/p>\n\n\n\n<p>Sergio Guti\u00e9rrez Luna tambi\u00e9n con este evento a favor del secretario de Gobernaci\u00f3n.. Le demostr\u00f3 a Ad\u00e1n Augusto que \u00e9l se encuentra listo para emprender la aventura pol\u00edtica que sea y que en Veracruz, el grupo que domina Palacio de Gobierno.. Por m\u00e1s que digan, que va Claudia&#8230; En este momento, no hay nada seguro para nadie.. Y todo puede suceder en la nominaci\u00f3n del candidato a gobernador por Veracruz&#8230; Ese es el \u00abjuego\u00bb que est\u00e1 sucediendo al interior de este partido&#8230;<\/p>\n\n\n\n<p>Adem\u00e1s el diputado federal veracruzano le mand\u00f3 un mensaje a todo MORENA&#8230; Sobre que no se necesita de un alto protagonismo para lograr una nominaci\u00f3n.. Adem\u00e1s de que las oportunidades se las capitaliza.. Y que \u00e9l cuenta con la fuerza, astucia y experiencia para lograr lo que Cuitl\u00e1huac Garc\u00eda y muchos miembros del gabinete que aspiran ser tomados en cuenta en 2024.. No han podido hacer en estos 4 a\u00f1os.. Que es convencer, movilizar y echar a andar un proyecto sin ocupar el \u00abaparato\u00bb de Gobierno..&nbsp;<\/p>\n\n\n\n<p>De la misma manera, si se quiere tener una \u00ablectura\u00bb pol\u00edtica real.. Sergio Guti\u00e9rrez Luna le mand\u00f3 un mensaje a la propia Roc\u00edo Nahle, titular de la Secretar\u00eda de Energ\u00eda&#8230; Con un: \u00abAqu\u00ed estoy listo, t\u00fa que traes\u00bb&#8230; El legislador minatitleco ya dio el primer \u00abgolpe\u00bb y aunque lo nieguen en Palacio Nacional, le dieron la venia y el domingo hasta lo agasajaron&#8230; La sucesi\u00f3n presidencial ya inici\u00f3 y en Veracruz, para la sucesi\u00f3n estatal, el primer \u00abround\u00bb lo gana uno de Veracruz&#8230;&nbsp;&nbsp;Aqu\u00ed se ve que si est\u00e1 \u00abAgusto\u00bb&#8230;.&nbsp;<\/p>\n\n\n\n<p>OJO&#8230; Hace tiempo que hay cierto tipo de alejamiento entre Andr\u00e9s Manuel L\u00f3pez Obrador y la titular de SENER, Roc\u00edo Nahle.. Muchos dicen que es por el tema de la Refiner\u00eda \u00abDos Bocas\u00bb.. Todo lo que sucede alrededor de ese megaproyecto de la 4T, echado a andar pero que no refina ni un litro de petr\u00f3leo.. Trae molesto a L\u00f3pez Obrador.. Por eso, se\u00f1alan que el tema Veracruz no est\u00e1 definido.. No est\u00e1 permitiendo caminar a Nahle en Veracruz, como antes.. Ella s\u00f3lo acude a algunos eventos pero nada m\u00e1s..&nbsp;&nbsp;<\/p>\n\n\n\n<p>Esto es serio porque a Delfina G\u00f3mez la dejaba caminar por el Estado de M\u00e9xico y a la larga fue candidata a gobernadora ahora para el 2023&#8230; Nahle no lo hace en Veracruz y es para el 2024 y el \u00abhorno no est\u00e1 para bollos\u00bb&#8230; Pareciera que el Presidente ha cambiado de idea y quiere que otro sea el candidato a gobernador.. Y poco a poco, est\u00e1 dando a entender que su secretar\u00eda de Energ\u00eda.. Mejor la \u00abguarda\u00bb para otra ocasi\u00f3n&#8230; Por lo pronto que saque adelante el tema de \u00abDos Bocas\u00bb..&nbsp;<\/p>\n\n\n\n<p>Dec\u00eda Jes\u00fas Reyes Heroles: \u00abQue en pol\u00edtica las casualidades, no existen\u00bb y no es una \u00abcasualidad\u00bb que L\u00f3pez Obrador est\u00e9 dejando caminar en Veracruz a Sergio Guti\u00e9rrez Luna y a funcionarios locales como Zenyazen Escobar, Eric Cisneros, Manuel Huerta y Juan Javier G\u00f3mez Cazar\u00edn.. Pero a Nahle no.. Habr\u00e1 que ir contando los d\u00edas, de aqu\u00ed en adelante, de cu\u00e1nto tiempo pasa para que AMLO tenga cerca de nuevo a Nahle, as\u00ed como tra\u00eda cerca a Claudia Sheinbaum el pasado domingo.. EL QUE ENTENDI\u00d3&#8230; ENTENDI\u00d3..&nbsp; &nbsp;<\/p>\n\n\n\n<p>EL INFORME DE MELINA.. La que se llev\u00f3 aplausos fue la Presidenta del DIF municipal de Boca del R\u00edo, Melina Rivera de Unanue, qui\u00e9n ayer rindi\u00f3 su primer Informe de Actividades al frente de este organismo..&nbsp;&nbsp;Donde se destac\u00f3 los apoyos a la ni\u00f1ez para que cuenten espacios seguros en la ciudad, mientras sus padres acuden a laborar&#8230; Adem\u00e1s de todo la ayuda entregada a las dependencias que ayudan con tener a una infancia mejor atendida y preparada en esta ciudad&#8230;<\/p>\n\n\n\n<p>Obvio que Malina Rivera tambi\u00e9n destac\u00f3 por su labor hecha por las mujeres que son emprendedoras&#8230; Que en su momento eran un grupo muy vulnerable y que no encontraban ning\u00fan tipo de apoyo para sacar a sus familias adelante.. Sobre todo ahora que ellas como \u00abmicro\u00bb empresarias le dan trabajo a otras mujeres que viven la misma situaci\u00f3n que ellas vivieron&#8230; Y que ahora desde el DIF boque\u00f1o pueden encontrar la orientaci\u00f3n y apoyo adecuado con talleres y exposiciones necesarias para seguir progresando&#8230; BIEN POR ESO..<\/p>\n","protected":false},"excerpt":{"rendered":"<p>Ricardo Ch\u00faa Sale y Vale Despu\u00e9s del evento del pasado s\u00e1bado en Cardel, donde el diputado federal por Minatitl\u00e1n, Sergio Guti\u00e9rrez Luna tom\u00f3 la protesta a las estructuras de MORENA en Veracruz, que est\u00e1n a favor que el secretario de Gobernaci\u00f3n, Ad\u00e1n Augusto L\u00f3pez, sea el candidato Presidencial del partido.. Qued\u00f3 demostrado el por qu\u00e9 [&hellip;]<\/p>\n","protected":false},"author":2,"featured_media":0,"comment_status":"closed","ping_status":"closed","sticky":false,"template":"","format":"standard","meta":{"tdm_status":"","tdm_grid_status":"","footnotes":""},"categories":[70],"tags":[31454,13604,3578,16147],"class_list":{"0":"post-99175","1":"post","2":"type-post","3":"status-publish","4":"format-standard","6":"category-de-opinion","7":"tag-melina-rivera-de-unanue","8":"tag-ricardo-chua","9":"tag-rocio-nahle","10":"tag-sergio-gutierrez-luna"},"yoast_head":"<!-- This site is optimized with the Yoast SEO plugin v27.4 - https:\/\/yoast.com\/product\/yoast-seo-wordpress\/ -->\n<title>CUIC Y CHEKO, EL RECUENTO DE LOS DA\u00d1OS - Los pol\u00edticos Veracruz<\/title>\n<meta name=\"robots\" content=\"index, follow, max-snippet:-1, max-image-preview:large, max-video-preview:-1\" \/>\n<link rel=\"canonical\" href=\"https:\/\/lospoliticosveracruz.com\/?p=99175\" \/>\n<meta property=\"og:locale\" content=\"es_ES\" \/>\n<meta property=\"og:type\" content=\"article\" \/>\n<meta property=\"og:title\" content=\"CUIC Y CHEKO, EL RECUENTO DE LOS DA\u00d1OS - Los pol\u00edticos Veracruz\" \/>\n<meta property=\"og:description\" content=\"Ricardo Ch\u00faa Sale y Vale Despu\u00e9s del evento del pasado s\u00e1bado en Cardel, donde el diputado federal por Minatitl\u00e1n, Sergio Guti\u00e9rrez Luna tom\u00f3 la protesta a las estructuras de MORENA en Veracruz, que est\u00e1n a favor que el secretario de Gobernaci\u00f3n, Ad\u00e1n Augusto L\u00f3pez, sea el candidato Presidencial del partido.. Qued\u00f3 demostrado el por qu\u00e9 [&hellip;]\" \/>\n<meta property=\"og:url\" content=\"https:\/\/lospoliticosveracruz.com\/?p=99175\" \/>\n<meta property=\"og:site_name\" content=\"Los pol\u00edticos Veracruz\" \/>\n<meta property=\"article:publisher\" content=\"https:\/\/www.facebook.com\/people\/Notimemes-de-los-Polticos\/61565672886568\/\" \/>\n<meta property=\"article:published_time\" content=\"2022-11-29T13:23:28+00:00\" \/>\n<meta property=\"article:modified_time\" content=\"2022-11-29T13:23:35+00:00\" \/>\n<meta property=\"og:image\" content=\"https:\/\/lospoliticosveracruz.com.mx\/wp-content\/uploads\/2021\/10\/Zacauilt-150x300.jpg\" \/>\n<meta name=\"author\" content=\"Lo viste en Los Pol\u00edticos\" \/>\n<meta name=\"twitter:card\" content=\"summary_large_image\" \/>\n<meta name=\"twitter:creator\" content=\"@LosPoliticosVer\" \/>\n<meta name=\"twitter:site\" content=\"@LosPoliticosVer\" \/>\n<meta name=\"twitter:label1\" content=\"Escrito por\" \/>\n\t<meta name=\"twitter:data1\" content=\"Lo viste en Los Pol\u00edticos\" \/>\n\t<meta name=\"twitter:label2\" content=\"Tiempo de lectura\" \/>\n\t<meta name=\"twitter:data2\" content=\"5 minutos\" \/>\n<script type=\"application\/ld+json\" class=\"yoast-schema-graph\">{\"@context\":\"https:\\\/\\\/schema.org\",\"@graph\":[{\"@type\":\"Article\",\"@id\":\"https:\\\/\\\/lospoliticosveracruz.com\\\/?p=99175#article\",\"isPartOf\":{\"@id\":\"https:\\\/\\\/lospoliticosveracruz.com\\\/?p=99175\"},\"author\":{\"name\":\"Lo viste en Los Pol\u00edticos\",\"@id\":\"https:\\\/\\\/lospoliticosveracruz.com\\\/#\\\/schema\\\/person\\\/b8702bb0e538456e6efd07080bf2a4a2\"},\"headline\":\"CUIC Y CHEKO, EL RECUENTO DE LOS DA\u00d1OS\",\"datePublished\":\"2022-11-29T13:23:28+00:00\",\"dateModified\":\"2022-11-29T13:23:35+00:00\",\"mainEntityOfPage\":{\"@id\":\"https:\\\/\\\/lospoliticosveracruz.com\\\/?p=99175\"},\"wordCount\":1032,\"publisher\":{\"@id\":\"https:\\\/\\\/lospoliticosveracruz.com\\\/#organization\"},\"image\":{\"@id\":\"https:\\\/\\\/lospoliticosveracruz.com\\\/?p=99175#primaryimage\"},\"thumbnailUrl\":\"https:\\\/\\\/lospoliticosveracruz.com.mx\\\/wp-content\\\/uploads\\\/2021\\\/10\\\/Zacauilt-150x300.jpg\",\"keywords\":[\"Melina Rivera de Un\u00e1nue\",\"Ricardo Ch\u00faa\",\"Roc\u00edo Nahle\",\"Sergio Guti\u00e9rrez Luna\"],\"articleSection\":[\"De Opini\u00f3n\"],\"inLanguage\":\"es\"},{\"@type\":\"WebPage\",\"@id\":\"https:\\\/\\\/lospoliticosveracruz.com\\\/?p=99175\",\"url\":\"https:\\\/\\\/lospoliticosveracruz.com\\\/?p=99175\",\"name\":\"CUIC Y CHEKO, EL RECUENTO DE LOS DA\u00d1OS - Los pol\u00edticos Veracruz\",\"isPartOf\":{\"@id\":\"https:\\\/\\\/lospoliticosveracruz.com\\\/#website\"},\"primaryImageOfPage\":{\"@id\":\"https:\\\/\\\/lospoliticosveracruz.com\\\/?p=99175#primaryimage\"},\"image\":{\"@id\":\"https:\\\/\\\/lospoliticosveracruz.com\\\/?p=99175#primaryimage\"},\"thumbnailUrl\":\"https:\\\/\\\/lospoliticosveracruz.com.mx\\\/wp-content\\\/uploads\\\/2021\\\/10\\\/Zacauilt-150x300.jpg\",\"datePublished\":\"2022-11-29T13:23:28+00:00\",\"dateModified\":\"2022-11-29T13:23:35+00:00\",\"breadcrumb\":{\"@id\":\"https:\\\/\\\/lospoliticosveracruz.com\\\/?p=99175#breadcrumb\"},\"inLanguage\":\"es\",\"potentialAction\":[{\"@type\":\"ReadAction\",\"target\":[\"https:\\\/\\\/lospoliticosveracruz.com\\\/?p=99175\"]}]},{\"@type\":\"ImageObject\",\"inLanguage\":\"es\",\"@id\":\"https:\\\/\\\/lospoliticosveracruz.com\\\/?p=99175#primaryimage\",\"url\":\"https:\\\/\\\/lospoliticosveracruz.com.mx\\\/wp-content\\\/uploads\\\/2021\\\/10\\\/Zacauilt-150x300.jpg\",\"contentUrl\":\"https:\\\/\\\/lospoliticosveracruz.com.mx\\\/wp-content\\\/uploads\\\/2021\\\/10\\\/Zacauilt-150x300.jpg\"},{\"@type\":\"BreadcrumbList\",\"@id\":\"https:\\\/\\\/lospoliticosveracruz.com\\\/?p=99175#breadcrumb\",\"itemListElement\":[{\"@type\":\"ListItem\",\"position\":1,\"name\":\"Portada\",\"item\":\"https:\\\/\\\/lospoliticosveracruz.com\\\/\"},{\"@type\":\"ListItem\",\"position\":2,\"name\":\"CUIC Y CHEKO, EL RECUENTO DE LOS DA\u00d1OS\"}]},{\"@type\":\"WebSite\",\"@id\":\"https:\\\/\\\/lospoliticosveracruz.com\\\/#website\",\"url\":\"https:\\\/\\\/lospoliticosveracruz.com\\\/\",\"name\":\"Los pol\u00edticos Veracruz\",\"description\":\"\",\"publisher\":{\"@id\":\"https:\\\/\\\/lospoliticosveracruz.com\\\/#organization\"},\"potentialAction\":[{\"@type\":\"SearchAction\",\"target\":{\"@type\":\"EntryPoint\",\"urlTemplate\":\"https:\\\/\\\/lospoliticosveracruz.com\\\/?s={search_term_string}\"},\"query-input\":{\"@type\":\"PropertyValueSpecification\",\"valueRequired\":true,\"valueName\":\"search_term_string\"}}],\"inLanguage\":\"es\"},{\"@type\":\"Organization\",\"@id\":\"https:\\\/\\\/lospoliticosveracruz.com\\\/#organization\",\"name\":\"Los pol\u00edticos Veracruz\",\"url\":\"https:\\\/\\\/lospoliticosveracruz.com\\\/\",\"logo\":{\"@type\":\"ImageObject\",\"inLanguage\":\"es\",\"@id\":\"https:\\\/\\\/lospoliticosveracruz.com\\\/#\\\/schema\\\/logo\\\/image\\\/\",\"url\":\"https:\\\/\\\/lospoliticosveracruz.com\\\/wp-content\\\/uploads\\\/2025\\\/12\\\/Logo-Nuevo-LOS-POLITICOS-1.jpg\",\"contentUrl\":\"https:\\\/\\\/lospoliticosveracruz.com\\\/wp-content\\\/uploads\\\/2025\\\/12\\\/Logo-Nuevo-LOS-POLITICOS-1.jpg\",\"width\":260,\"height\":70,\"caption\":\"Los pol\u00edticos Veracruz\"},\"image\":{\"@id\":\"https:\\\/\\\/lospoliticosveracruz.com\\\/#\\\/schema\\\/logo\\\/image\\\/\"},\"sameAs\":[\"https:\\\/\\\/www.facebook.com\\\/people\\\/Notimemes-de-los-Polticos\\\/61565672886568\\\/\",\"https:\\\/\\\/x.com\\\/LosPoliticosVer\"]},{\"@type\":\"Person\",\"@id\":\"https:\\\/\\\/lospoliticosveracruz.com\\\/#\\\/schema\\\/person\\\/b8702bb0e538456e6efd07080bf2a4a2\",\"name\":\"Lo viste en Los Pol\u00edticos\",\"image\":{\"@type\":\"ImageObject\",\"inLanguage\":\"es\",\"@id\":\"https:\\\/\\\/secure.gravatar.com\\\/avatar\\\/3a8de04a2656d44082be478bd6c086daa447c4651605818287b9532d3d0bd435?s=96&d=mm&r=g\",\"url\":\"https:\\\/\\\/secure.gravatar.com\\\/avatar\\\/3a8de04a2656d44082be478bd6c086daa447c4651605818287b9532d3d0bd435?s=96&d=mm&r=g\",\"contentUrl\":\"https:\\\/\\\/secure.gravatar.com\\\/avatar\\\/3a8de04a2656d44082be478bd6c086daa447c4651605818287b9532d3d0bd435?s=96&d=mm&r=g\",\"caption\":\"Lo viste en Los Pol\u00edticos\"},\"url\":\"https:\\\/\\\/lospoliticosveracruz.com\\\/?author=2\"}]}<\/script>\n<!-- \/ Yoast SEO plugin. -->","yoast_head_json":{"title":"CUIC Y CHEKO, EL RECUENTO DE LOS DA\u00d1OS - Los pol\u00edticos Veracruz","robots":{"index":"index","follow":"follow","max-snippet":"max-snippet:-1","max-image-preview":"max-image-preview:large","max-video-preview":"max-video-preview:-1"},"canonical":"https:\/\/lospoliticosveracruz.com\/?p=99175","og_locale":"es_ES","og_type":"article","og_title":"CUIC Y CHEKO, EL RECUENTO DE LOS DA\u00d1OS - Los pol\u00edticos Veracruz","og_description":"Ricardo Ch\u00faa Sale y Vale Despu\u00e9s del evento del pasado s\u00e1bado en Cardel, donde el diputado federal por Minatitl\u00e1n, Sergio Guti\u00e9rrez Luna tom\u00f3 la protesta a las estructuras de MORENA en Veracruz, que est\u00e1n a favor que el secretario de Gobernaci\u00f3n, Ad\u00e1n Augusto L\u00f3pez, sea el candidato Presidencial del partido.. Qued\u00f3 demostrado el por qu\u00e9 [&hellip;]","og_url":"https:\/\/lospoliticosveracruz.com\/?p=99175","og_site_name":"Los pol\u00edticos Veracruz","article_publisher":"https:\/\/www.facebook.com\/people\/Notimemes-de-los-Polticos\/61565672886568\/","article_published_time":"2022-11-29T13:23:28+00:00","article_modified_time":"2022-11-29T13:23:35+00:00","og_image":[{"url":"https:\/\/lospoliticosveracruz.com.mx\/wp-content\/uploads\/2021\/10\/Zacauilt-150x300.jpg","type":"","width":"","height":""}],"author":"Lo viste en Los Pol\u00edticos","twitter_card":"summary_large_image","twitter_creator":"@LosPoliticosVer","twitter_site":"@LosPoliticosVer","twitter_misc":{"Escrito por":"Lo viste en Los Pol\u00edticos","Tiempo de lectura":"5 minutos"},"schema":{"@context":"https:\/\/schema.org","@graph":[{"@type":"Article","@id":"https:\/\/lospoliticosveracruz.com\/?p=99175#article","isPartOf":{"@id":"https:\/\/lospoliticosveracruz.com\/?p=99175"},"author":{"name":"Lo viste en Los Pol\u00edticos","@id":"https:\/\/lospoliticosveracruz.com\/#\/schema\/person\/b8702bb0e538456e6efd07080bf2a4a2"},"headline":"CUIC Y CHEKO, EL RECUENTO DE LOS DA\u00d1OS","datePublished":"2022-11-29T13:23:28+00:00","dateModified":"2022-11-29T13:23:35+00:00","mainEntityOfPage":{"@id":"https:\/\/lospoliticosveracruz.com\/?p=99175"},"wordCount":1032,"publisher":{"@id":"https:\/\/lospoliticosveracruz.com\/#organization"},"image":{"@id":"https:\/\/lospoliticosveracruz.com\/?p=99175#primaryimage"},"thumbnailUrl":"https:\/\/lospoliticosveracruz.com.mx\/wp-content\/uploads\/2021\/10\/Zacauilt-150x300.jpg","keywords":["Melina Rivera de Un\u00e1nue","Ricardo Ch\u00faa","Roc\u00edo Nahle","Sergio Guti\u00e9rrez Luna"],"articleSection":["De Opini\u00f3n"],"inLanguage":"es"},{"@type":"WebPage","@id":"https:\/\/lospoliticosveracruz.com\/?p=99175","url":"https:\/\/lospoliticosveracruz.com\/?p=99175","name":"CUIC Y CHEKO, EL RECUENTO DE LOS DA\u00d1OS - Los pol\u00edticos Veracruz","isPartOf":{"@id":"https:\/\/lospoliticosveracruz.com\/#website"},"primaryImageOfPage":{"@id":"https:\/\/lospoliticosveracruz.com\/?p=99175#primaryimage"},"image":{"@id":"https:\/\/lospoliticosveracruz.com\/?p=99175#primaryimage"},"thumbnailUrl":"https:\/\/lospoliticosveracruz.com.mx\/wp-content\/uploads\/2021\/10\/Zacauilt-150x300.jpg","datePublished":"2022-11-29T13:23:28+00:00","dateModified":"2022-11-29T13:23:35+00:00","breadcrumb":{"@id":"https:\/\/lospoliticosveracruz.com\/?p=99175#breadcrumb"},"inLanguage":"es","potentialAction":[{"@type":"ReadAction","target":["https:\/\/lospoliticosveracruz.com\/?p=99175"]}]},{"@type":"ImageObject","inLanguage":"es","@id":"https:\/\/lospoliticosveracruz.com\/?p=99175#primaryimage","url":"https:\/\/lospoliticosveracruz.com.mx\/wp-content\/uploads\/2021\/10\/Zacauilt-150x300.jpg","contentUrl":"https:\/\/lospoliticosveracruz.com.mx\/wp-content\/uploads\/2021\/10\/Zacauilt-150x300.jpg"},{"@type":"BreadcrumbList","@id":"https:\/\/lospoliticosveracruz.com\/?p=99175#breadcrumb","itemListElement":[{"@type":"ListItem","position":1,"name":"Portada","item":"https:\/\/lospoliticosveracruz.com\/"},{"@type":"ListItem","position":2,"name":"CUIC Y CHEKO, EL RECUENTO DE LOS DA\u00d1OS"}]},{"@type":"WebSite","@id":"https:\/\/lospoliticosveracruz.com\/#website","url":"https:\/\/lospoliticosveracruz.com\/","name":"Los pol\u00edticos Veracruz","description":"","publisher":{"@id":"https:\/\/lospoliticosveracruz.com\/#organization"},"potentialAction":[{"@type":"SearchAction","target":{"@type":"EntryPoint","urlTemplate":"https:\/\/lospoliticosveracruz.com\/?s={search_term_string}"},"query-input":{"@type":"PropertyValueSpecification","valueRequired":true,"valueName":"search_term_string"}}],"inLanguage":"es"},{"@type":"Organization","@id":"https:\/\/lospoliticosveracruz.com\/#organization","name":"Los pol\u00edticos Veracruz","url":"https:\/\/lospoliticosveracruz.com\/","logo":{"@type":"ImageObject","inLanguage":"es","@id":"https:\/\/lospoliticosveracruz.com\/#\/schema\/logo\/image\/","url":"https:\/\/lospoliticosveracruz.com\/wp-content\/uploads\/2025\/12\/Logo-Nuevo-LOS-POLITICOS-1.jpg","contentUrl":"https:\/\/lospoliticosveracruz.com\/wp-content\/uploads\/2025\/12\/Logo-Nuevo-LOS-POLITICOS-1.jpg","width":260,"height":70,"caption":"Los pol\u00edticos Veracruz"},"image":{"@id":"https:\/\/lospoliticosveracruz.com\/#\/schema\/logo\/image\/"},"sameAs":["https:\/\/www.facebook.com\/people\/Notimemes-de-los-Polticos\/61565672886568\/","https:\/\/x.com\/LosPoliticosVer"]},{"@type":"Person","@id":"https:\/\/lospoliticosveracruz.com\/#\/schema\/person\/b8702bb0e538456e6efd07080bf2a4a2","name":"Lo viste en Los Pol\u00edticos","image":{"@type":"ImageObject","inLanguage":"es","@id":"https:\/\/secure.gravatar.com\/avatar\/3a8de04a2656d44082be478bd6c086daa447c4651605818287b9532d3d0bd435?s=96&d=mm&r=g","url":"https:\/\/secure.gravatar.com\/avatar\/3a8de04a2656d44082be478bd6c086daa447c4651605818287b9532d3d0bd435?s=96&d=mm&r=g","contentUrl":"https:\/\/secure.gravatar.com\/avatar\/3a8de04a2656d44082be478bd6c086daa447c4651605818287b9532d3d0bd435?s=96&d=mm&r=g","caption":"Lo viste en Los Pol\u00edticos"},"url":"https:\/\/lospoliticosveracruz.com\/?author=2"}]}},"_links":{"self":[{"href":"https:\/\/lospoliticosveracruz.com\/index.php?rest_route=\/wp\/v2\/posts\/99175","targetHints":{"allow":["GET"]}}],"collection":[{"href":"https:\/\/lospoliticosveracruz.com\/index.php?rest_route=\/wp\/v2\/posts"}],"about":[{"href":"https:\/\/lospoliticosveracruz.com\/index.php?rest_route=\/wp\/v2\/types\/post"}],"author":[{"embeddable":true,"href":"https:\/\/lospoliticosveracruz.com\/index.php?rest_route=\/wp\/v2\/users\/2"}],"replies":[{"embeddable":true,"href":"https:\/\/lospoliticosveracruz.com\/index.php?rest_route=%2Fwp%2Fv2%2Fcomments&post=99175"}],"version-history":[{"count":1,"href":"https:\/\/lospoliticosveracruz.com\/index.php?rest_route=\/wp\/v2\/posts\/99175\/revisions"}],"predecessor-version":[{"id":99177,"href":"https:\/\/lospoliticosveracruz.com\/index.php?rest_route=\/wp\/v2\/posts\/99175\/revisions\/99177"}],"wp:attachment":[{"href":"https:\/\/lospoliticosveracruz.com\/index.php?rest_route=%2Fwp%2Fv2%2Fmedia&parent=99175"}],"wp:term":[{"taxonomy":"category","embeddable":true,"href":"https:\/\/lospoliticosveracruz.com\/index.php?rest_route=%2Fwp%2Fv2%2Fcategories&post=99175"},{"taxonomy":"post_tag","embeddable":true,"href":"https:\/\/lospoliticosveracruz.com\/index.php?rest_route=%2Fwp%2Fv2%2Ftags&post=99175"}],"curies":[{"name":"wp","href":"https:\/\/api.w.org\/{rel}","templated":true}]}}