{"id":99183,"date":"2022-11-29T08:34:39","date_gmt":"2022-11-29T14:34:39","guid":{"rendered":"https:\/\/lospoliticosveracruz.com.mx\/?p=99183"},"modified":"2022-11-29T08:34:44","modified_gmt":"2022-11-29T14:34:44","slug":"arias-lovillo","status":"publish","type":"post","link":"https:\/\/lospoliticosveracruz.com\/?p=99183","title":{"rendered":"ARIAS LOVILLO"},"content":{"rendered":"\n<p><strong>Luis Alberto Romero<\/strong>\u00a0<\/p>\n\n\n\n<p><em>Hora cero\u00a0<\/em><\/p>\n\n\n\n<p>Ra\u00fal Arias Lovillo es uno de los acad\u00e9micos m\u00e1s reconocidos y respetados en la entidad, no s\u00f3lo por haber encabezado el m\u00e1s reciente cambio en el modelo educativo de la m\u00e1xima casa de estudios del estado, sino por una impresionante trayectoria, que incluye un doctorado en Econom\u00eda por la Universidad de Barcelona, la presidencia de la Organizaci\u00f3n Universitaria Interamericana, la Rector\u00eda de la Universidad Veracruzana y la Secretar\u00eda Acad\u00e9mica de la Universidad de Guanajuato.&nbsp;<\/p>\n\n\n\n<p><a href=\"https:\/\/youtu.be\/Nxe-vxf8GuY\"><\/a><\/p>\n\n\n\n<figure class=\"wp-block-embed is-type-video is-provider-youtube wp-block-embed-youtube wp-embed-aspect-16-9 wp-has-aspect-ratio\"><div class=\"wp-block-embed__wrapper\">\n<iframe loading=\"lazy\" title=\"Cluster Coworking\" width=\"696\" height=\"392\" src=\"https:\/\/www.youtube.com\/embed\/Nxe-vxf8GuY?feature=oembed\" frameborder=\"0\" allow=\"accelerometer; autoplay; clipboard-write; encrypted-media; gyroscope; picture-in-picture; web-share\" referrerpolicy=\"strict-origin-when-cross-origin\" allowfullscreen><\/iframe>\n<\/div><\/figure>\n\n\n\n<p>Con esas cartas credenciales, su opini\u00f3n es por lo general tomada en cuenta en temas relacionados con la educaci\u00f3n superior del pa\u00eds, y particularmente con la UV.&nbsp;<\/p>\n\n\n\n<p>En el contexto de la propuesta para reducir el presupuesto a la UV, que se discute en el Congreso local, Arias Lovillo va m\u00e1s all\u00e1 de las consideraciones legales y afirma que se trata de un atentado contra la autonom\u00eda universitaria.&nbsp;<\/p>\n\n\n\n<p>Es evidente, apunta, \u201cque existe una miop\u00eda de c\u00f3mo tendr\u00edamos que enfrentar el desarrollo futuro de Veracruz\u2026 no s\u00f3lo se viola la Constituci\u00f3n; adem\u00e1s, el recorte presupuestal es un recorte de nuestras expectativas de crecimiento y desarrollo\u201d.&nbsp;<\/p>\n\n\n\n<p>Indica que debe frenarse la construcci\u00f3n de pol\u00edticas p\u00fablicas basadas en la improvisaci\u00f3n; \u201cdeben basarse en informaci\u00f3n, en el conocimiento\u2026 esa es la clave\u201d.&nbsp;<\/p>\n\n\n\n<p>El ex rector dijo que la baja al presupuesto de la Universidad Veracruzana pone en riesgo la ampliaci\u00f3n de la oferta educativa; \u201cno se requerir\u00eda ni siquiera invertir en unas universidades que son un fraude, las universidades del Bienestar, porque la UV podr\u00eda recibir todas las solicitudes de estudiantes que quieren ingresar; as\u00ed de f\u00e1cil: las tecnolog\u00edas existen; hay la calidad acad\u00e9mica para enfrentar esa ampliaci\u00f3n de la oferta educativa; se requiere dinero para hacerlo\u201d.&nbsp;<\/p>\n\n\n\n<p>Agrega: \u201ces indudable que no habr\u00e1 crecimiento en la investigaci\u00f3n cient\u00edfica, tecnol\u00f3gica y human\u00edstica en la Universidad Veracruzana y, por tanto, un retroceso, un par\u00f3n en esta actividad si no se destina ese presupuesto\u201d.&nbsp;<\/p>\n\n\n\n<p>Adem\u00e1s, existe el riesgo de un mayor deterioro en las instalaciones universitarias, en el sistema inform\u00e1tico, que ya presenta un retraso desde hace varios a\u00f1os.&nbsp;<\/p>\n\n\n\n<p>Como voz calificada sobre la vida universitaria, Ra\u00fal Arias fue abordado sobre la reacci\u00f3n de las actuales autoridades de la UV ante la amenaza de la disminuci\u00f3n de recursos; dice \u201cparece que desde la Rector\u00eda y en general desde toda la administraci\u00f3n universitaria, tendr\u00eda que haber un papel mucho m\u00e1s activo, sobre todo porque est\u00e1 de por medio la autonom\u00eda universitaria\u2026 no me parece que se pueda pasar por alto esta violaci\u00f3n de la Constituci\u00f3n y sobre todo este atentado del recorte presupuestal, que es criminal.&nbsp;<\/p>\n\n\n\n<p>Me gustar\u00eda ver a nuestro rector \u2013Mart\u00edn Aguilar\u2013 en un papel mucho m\u00e1s activo; no pidiendo caridad, sino exigiendo lo que corresponde; el recorte presupuestal es una falta de respeto a toda la comunidad universitaria, y a la historia de la Universidad.&nbsp;<\/p>\n\n\n\n<p>Ojal\u00e1 la voz de Arias Lovillo sea escuchada, sobre todo porque hasta hoy, la respuesta de la Rector\u00eda ante la amenaza que significa la reducci\u00f3n de recursos ha sido m\u00e1s bien tibia. @luisromero85<\/p>\n","protected":false},"excerpt":{"rendered":"<p>Luis Alberto Romero\u00a0 Hora cero\u00a0 Ra\u00fal Arias Lovillo es uno de los acad\u00e9micos m\u00e1s reconocidos y respetados en la entidad, no s\u00f3lo por haber encabezado el m\u00e1s reciente cambio en el modelo educativo de la m\u00e1xima casa de estudios del estado, sino por una impresionante trayectoria, que incluye un doctorado en Econom\u00eda por la Universidad [&hellip;]<\/p>\n","protected":false},"author":2,"featured_media":0,"comment_status":"closed","ping_status":"closed","sticky":false,"template":"","format":"standard","meta":{"tdm_status":"","tdm_grid_status":"","footnotes":""},"categories":[70],"tags":[2669,12621,172],"class_list":{"0":"post-99183","1":"post","2":"type-post","3":"status-publish","4":"format-standard","6":"category-de-opinion","7":"tag-luis-alberto-romero","8":"tag-raul-arias-lovillo","9":"tag-uv"},"yoast_head":"<!-- This site is optimized with the Yoast SEO plugin v27.4 - https:\/\/yoast.com\/product\/yoast-seo-wordpress\/ -->\n<title>ARIAS LOVILLO - Los pol\u00edticos Veracruz<\/title>\n<meta name=\"robots\" content=\"index, follow, max-snippet:-1, max-image-preview:large, max-video-preview:-1\" \/>\n<link rel=\"canonical\" href=\"https:\/\/lospoliticosveracruz.com\/?p=99183\" \/>\n<meta property=\"og:locale\" content=\"es_ES\" \/>\n<meta property=\"og:type\" content=\"article\" \/>\n<meta property=\"og:title\" content=\"ARIAS LOVILLO - Los pol\u00edticos Veracruz\" \/>\n<meta property=\"og:description\" content=\"Luis Alberto Romero\u00a0 Hora cero\u00a0 Ra\u00fal Arias Lovillo es uno de los acad\u00e9micos m\u00e1s reconocidos y respetados en la entidad, no s\u00f3lo por haber encabezado el m\u00e1s reciente cambio en el modelo educativo de la m\u00e1xima casa de estudios del estado, sino por una impresionante trayectoria, que incluye un doctorado en Econom\u00eda por la Universidad [&hellip;]\" \/>\n<meta property=\"og:url\" content=\"https:\/\/lospoliticosveracruz.com\/?p=99183\" \/>\n<meta property=\"og:site_name\" content=\"Los pol\u00edticos Veracruz\" \/>\n<meta property=\"article:publisher\" content=\"https:\/\/www.facebook.com\/people\/Notimemes-de-los-Polticos\/61565672886568\/\" \/>\n<meta property=\"article:published_time\" content=\"2022-11-29T14:34:39+00:00\" \/>\n<meta property=\"article:modified_time\" content=\"2022-11-29T14:34:44+00:00\" \/>\n<meta property=\"og:image\" content=\"https:\/\/lospoliticosveracruz.com\/wp-content\/uploads\/2016\/07\/Logo-Dor.jpg\" \/>\n\t<meta property=\"og:image:width\" content=\"200\" \/>\n\t<meta property=\"og:image:height\" content=\"200\" \/>\n\t<meta property=\"og:image:type\" content=\"image\/jpeg\" \/>\n<meta name=\"author\" content=\"Lo viste en Los Pol\u00edticos\" \/>\n<meta name=\"twitter:card\" content=\"summary_large_image\" \/>\n<meta name=\"twitter:creator\" content=\"@LosPoliticosVer\" \/>\n<meta name=\"twitter:site\" content=\"@LosPoliticosVer\" \/>\n<meta name=\"twitter:label1\" content=\"Escrito por\" \/>\n\t<meta name=\"twitter:data1\" content=\"Lo viste en Los Pol\u00edticos\" \/>\n\t<meta name=\"twitter:label2\" content=\"Tiempo de lectura\" \/>\n\t<meta name=\"twitter:data2\" content=\"3 minutos\" \/>\n<script type=\"application\/ld+json\" class=\"yoast-schema-graph\">{\"@context\":\"https:\\\/\\\/schema.org\",\"@graph\":[{\"@type\":\"Article\",\"@id\":\"https:\\\/\\\/lospoliticosveracruz.com\\\/?p=99183#article\",\"isPartOf\":{\"@id\":\"https:\\\/\\\/lospoliticosveracruz.com\\\/?p=99183\"},\"author\":{\"name\":\"Lo viste en Los Pol\u00edticos\",\"@id\":\"https:\\\/\\\/lospoliticosveracruz.com\\\/#\\\/schema\\\/person\\\/b8702bb0e538456e6efd07080bf2a4a2\"},\"headline\":\"ARIAS LOVILLO\",\"datePublished\":\"2022-11-29T14:34:39+00:00\",\"dateModified\":\"2022-11-29T14:34:44+00:00\",\"mainEntityOfPage\":{\"@id\":\"https:\\\/\\\/lospoliticosveracruz.com\\\/?p=99183\"},\"wordCount\":578,\"publisher\":{\"@id\":\"https:\\\/\\\/lospoliticosveracruz.com\\\/#organization\"},\"keywords\":[\"Luis Alberto Romero\",\"Ra\u00fal Arias Lovillo\",\"UV\"],\"articleSection\":[\"De Opini\u00f3n\"],\"inLanguage\":\"es\"},{\"@type\":\"WebPage\",\"@id\":\"https:\\\/\\\/lospoliticosveracruz.com\\\/?p=99183\",\"url\":\"https:\\\/\\\/lospoliticosveracruz.com\\\/?p=99183\",\"name\":\"ARIAS LOVILLO - Los pol\u00edticos Veracruz\",\"isPartOf\":{\"@id\":\"https:\\\/\\\/lospoliticosveracruz.com\\\/#website\"},\"datePublished\":\"2022-11-29T14:34:39+00:00\",\"dateModified\":\"2022-11-29T14:34:44+00:00\",\"breadcrumb\":{\"@id\":\"https:\\\/\\\/lospoliticosveracruz.com\\\/?p=99183#breadcrumb\"},\"inLanguage\":\"es\",\"potentialAction\":[{\"@type\":\"ReadAction\",\"target\":[\"https:\\\/\\\/lospoliticosveracruz.com\\\/?p=99183\"]}]},{\"@type\":\"BreadcrumbList\",\"@id\":\"https:\\\/\\\/lospoliticosveracruz.com\\\/?p=99183#breadcrumb\",\"itemListElement\":[{\"@type\":\"ListItem\",\"position\":1,\"name\":\"Portada\",\"item\":\"https:\\\/\\\/lospoliticosveracruz.com\\\/\"},{\"@type\":\"ListItem\",\"position\":2,\"name\":\"ARIAS LOVILLO\"}]},{\"@type\":\"WebSite\",\"@id\":\"https:\\\/\\\/lospoliticosveracruz.com\\\/#website\",\"url\":\"https:\\\/\\\/lospoliticosveracruz.com\\\/\",\"name\":\"Los pol\u00edticos Veracruz\",\"description\":\"\",\"publisher\":{\"@id\":\"https:\\\/\\\/lospoliticosveracruz.com\\\/#organization\"},\"potentialAction\":[{\"@type\":\"SearchAction\",\"target\":{\"@type\":\"EntryPoint\",\"urlTemplate\":\"https:\\\/\\\/lospoliticosveracruz.com\\\/?s={search_term_string}\"},\"query-input\":{\"@type\":\"PropertyValueSpecification\",\"valueRequired\":true,\"valueName\":\"search_term_string\"}}],\"inLanguage\":\"es\"},{\"@type\":\"Organization\",\"@id\":\"https:\\\/\\\/lospoliticosveracruz.com\\\/#organization\",\"name\":\"Los pol\u00edticos Veracruz\",\"url\":\"https:\\\/\\\/lospoliticosveracruz.com\\\/\",\"logo\":{\"@type\":\"ImageObject\",\"inLanguage\":\"es\",\"@id\":\"https:\\\/\\\/lospoliticosveracruz.com\\\/#\\\/schema\\\/logo\\\/image\\\/\",\"url\":\"https:\\\/\\\/lospoliticosveracruz.com\\\/wp-content\\\/uploads\\\/2025\\\/12\\\/Logo-Nuevo-LOS-POLITICOS-1.jpg\",\"contentUrl\":\"https:\\\/\\\/lospoliticosveracruz.com\\\/wp-content\\\/uploads\\\/2025\\\/12\\\/Logo-Nuevo-LOS-POLITICOS-1.jpg\",\"width\":260,\"height\":70,\"caption\":\"Los pol\u00edticos Veracruz\"},\"image\":{\"@id\":\"https:\\\/\\\/lospoliticosveracruz.com\\\/#\\\/schema\\\/logo\\\/image\\\/\"},\"sameAs\":[\"https:\\\/\\\/www.facebook.com\\\/people\\\/Notimemes-de-los-Polticos\\\/61565672886568\\\/\",\"https:\\\/\\\/x.com\\\/LosPoliticosVer\"]},{\"@type\":\"Person\",\"@id\":\"https:\\\/\\\/lospoliticosveracruz.com\\\/#\\\/schema\\\/person\\\/b8702bb0e538456e6efd07080bf2a4a2\",\"name\":\"Lo viste en Los Pol\u00edticos\",\"image\":{\"@type\":\"ImageObject\",\"inLanguage\":\"es\",\"@id\":\"https:\\\/\\\/secure.gravatar.com\\\/avatar\\\/3a8de04a2656d44082be478bd6c086daa447c4651605818287b9532d3d0bd435?s=96&d=mm&r=g\",\"url\":\"https:\\\/\\\/secure.gravatar.com\\\/avatar\\\/3a8de04a2656d44082be478bd6c086daa447c4651605818287b9532d3d0bd435?s=96&d=mm&r=g\",\"contentUrl\":\"https:\\\/\\\/secure.gravatar.com\\\/avatar\\\/3a8de04a2656d44082be478bd6c086daa447c4651605818287b9532d3d0bd435?s=96&d=mm&r=g\",\"caption\":\"Lo viste en Los Pol\u00edticos\"},\"url\":\"https:\\\/\\\/lospoliticosveracruz.com\\\/?author=2\"}]}<\/script>\n<!-- \/ Yoast SEO plugin. -->","yoast_head_json":{"title":"ARIAS LOVILLO - Los pol\u00edticos Veracruz","robots":{"index":"index","follow":"follow","max-snippet":"max-snippet:-1","max-image-preview":"max-image-preview:large","max-video-preview":"max-video-preview:-1"},"canonical":"https:\/\/lospoliticosveracruz.com\/?p=99183","og_locale":"es_ES","og_type":"article","og_title":"ARIAS LOVILLO - Los pol\u00edticos Veracruz","og_description":"Luis Alberto Romero\u00a0 Hora cero\u00a0 Ra\u00fal Arias Lovillo es uno de los acad\u00e9micos m\u00e1s reconocidos y respetados en la entidad, no s\u00f3lo por haber encabezado el m\u00e1s reciente cambio en el modelo educativo de la m\u00e1xima casa de estudios del estado, sino por una impresionante trayectoria, que incluye un doctorado en Econom\u00eda por la Universidad [&hellip;]","og_url":"https:\/\/lospoliticosveracruz.com\/?p=99183","og_site_name":"Los pol\u00edticos Veracruz","article_publisher":"https:\/\/www.facebook.com\/people\/Notimemes-de-los-Polticos\/61565672886568\/","article_published_time":"2022-11-29T14:34:39+00:00","article_modified_time":"2022-11-29T14:34:44+00:00","og_image":[{"width":200,"height":200,"url":"https:\/\/lospoliticosveracruz.com\/wp-content\/uploads\/2016\/07\/Logo-Dor.jpg","type":"image\/jpeg"}],"author":"Lo viste en Los Pol\u00edticos","twitter_card":"summary_large_image","twitter_creator":"@LosPoliticosVer","twitter_site":"@LosPoliticosVer","twitter_misc":{"Escrito por":"Lo viste en Los Pol\u00edticos","Tiempo de lectura":"3 minutos"},"schema":{"@context":"https:\/\/schema.org","@graph":[{"@type":"Article","@id":"https:\/\/lospoliticosveracruz.com\/?p=99183#article","isPartOf":{"@id":"https:\/\/lospoliticosveracruz.com\/?p=99183"},"author":{"name":"Lo viste en Los Pol\u00edticos","@id":"https:\/\/lospoliticosveracruz.com\/#\/schema\/person\/b8702bb0e538456e6efd07080bf2a4a2"},"headline":"ARIAS LOVILLO","datePublished":"2022-11-29T14:34:39+00:00","dateModified":"2022-11-29T14:34:44+00:00","mainEntityOfPage":{"@id":"https:\/\/lospoliticosveracruz.com\/?p=99183"},"wordCount":578,"publisher":{"@id":"https:\/\/lospoliticosveracruz.com\/#organization"},"keywords":["Luis Alberto Romero","Ra\u00fal Arias Lovillo","UV"],"articleSection":["De Opini\u00f3n"],"inLanguage":"es"},{"@type":"WebPage","@id":"https:\/\/lospoliticosveracruz.com\/?p=99183","url":"https:\/\/lospoliticosveracruz.com\/?p=99183","name":"ARIAS LOVILLO - Los pol\u00edticos Veracruz","isPartOf":{"@id":"https:\/\/lospoliticosveracruz.com\/#website"},"datePublished":"2022-11-29T14:34:39+00:00","dateModified":"2022-11-29T14:34:44+00:00","breadcrumb":{"@id":"https:\/\/lospoliticosveracruz.com\/?p=99183#breadcrumb"},"inLanguage":"es","potentialAction":[{"@type":"ReadAction","target":["https:\/\/lospoliticosveracruz.com\/?p=99183"]}]},{"@type":"BreadcrumbList","@id":"https:\/\/lospoliticosveracruz.com\/?p=99183#breadcrumb","itemListElement":[{"@type":"ListItem","position":1,"name":"Portada","item":"https:\/\/lospoliticosveracruz.com\/"},{"@type":"ListItem","position":2,"name":"ARIAS LOVILLO"}]},{"@type":"WebSite","@id":"https:\/\/lospoliticosveracruz.com\/#website","url":"https:\/\/lospoliticosveracruz.com\/","name":"Los pol\u00edticos Veracruz","description":"","publisher":{"@id":"https:\/\/lospoliticosveracruz.com\/#organization"},"potentialAction":[{"@type":"SearchAction","target":{"@type":"EntryPoint","urlTemplate":"https:\/\/lospoliticosveracruz.com\/?s={search_term_string}"},"query-input":{"@type":"PropertyValueSpecification","valueRequired":true,"valueName":"search_term_string"}}],"inLanguage":"es"},{"@type":"Organization","@id":"https:\/\/lospoliticosveracruz.com\/#organization","name":"Los pol\u00edticos Veracruz","url":"https:\/\/lospoliticosveracruz.com\/","logo":{"@type":"ImageObject","inLanguage":"es","@id":"https:\/\/lospoliticosveracruz.com\/#\/schema\/logo\/image\/","url":"https:\/\/lospoliticosveracruz.com\/wp-content\/uploads\/2025\/12\/Logo-Nuevo-LOS-POLITICOS-1.jpg","contentUrl":"https:\/\/lospoliticosveracruz.com\/wp-content\/uploads\/2025\/12\/Logo-Nuevo-LOS-POLITICOS-1.jpg","width":260,"height":70,"caption":"Los pol\u00edticos Veracruz"},"image":{"@id":"https:\/\/lospoliticosveracruz.com\/#\/schema\/logo\/image\/"},"sameAs":["https:\/\/www.facebook.com\/people\/Notimemes-de-los-Polticos\/61565672886568\/","https:\/\/x.com\/LosPoliticosVer"]},{"@type":"Person","@id":"https:\/\/lospoliticosveracruz.com\/#\/schema\/person\/b8702bb0e538456e6efd07080bf2a4a2","name":"Lo viste en Los Pol\u00edticos","image":{"@type":"ImageObject","inLanguage":"es","@id":"https:\/\/secure.gravatar.com\/avatar\/3a8de04a2656d44082be478bd6c086daa447c4651605818287b9532d3d0bd435?s=96&d=mm&r=g","url":"https:\/\/secure.gravatar.com\/avatar\/3a8de04a2656d44082be478bd6c086daa447c4651605818287b9532d3d0bd435?s=96&d=mm&r=g","contentUrl":"https:\/\/secure.gravatar.com\/avatar\/3a8de04a2656d44082be478bd6c086daa447c4651605818287b9532d3d0bd435?s=96&d=mm&r=g","caption":"Lo viste en Los Pol\u00edticos"},"url":"https:\/\/lospoliticosveracruz.com\/?author=2"}]}},"_links":{"self":[{"href":"https:\/\/lospoliticosveracruz.com\/index.php?rest_route=\/wp\/v2\/posts\/99183","targetHints":{"allow":["GET"]}}],"collection":[{"href":"https:\/\/lospoliticosveracruz.com\/index.php?rest_route=\/wp\/v2\/posts"}],"about":[{"href":"https:\/\/lospoliticosveracruz.com\/index.php?rest_route=\/wp\/v2\/types\/post"}],"author":[{"embeddable":true,"href":"https:\/\/lospoliticosveracruz.com\/index.php?rest_route=\/wp\/v2\/users\/2"}],"replies":[{"embeddable":true,"href":"https:\/\/lospoliticosveracruz.com\/index.php?rest_route=%2Fwp%2Fv2%2Fcomments&post=99183"}],"version-history":[{"count":1,"href":"https:\/\/lospoliticosveracruz.com\/index.php?rest_route=\/wp\/v2\/posts\/99183\/revisions"}],"predecessor-version":[{"id":99184,"href":"https:\/\/lospoliticosveracruz.com\/index.php?rest_route=\/wp\/v2\/posts\/99183\/revisions\/99184"}],"wp:attachment":[{"href":"https:\/\/lospoliticosveracruz.com\/index.php?rest_route=%2Fwp%2Fv2%2Fmedia&parent=99183"}],"wp:term":[{"taxonomy":"category","embeddable":true,"href":"https:\/\/lospoliticosveracruz.com\/index.php?rest_route=%2Fwp%2Fv2%2Fcategories&post=99183"},{"taxonomy":"post_tag","embeddable":true,"href":"https:\/\/lospoliticosveracruz.com\/index.php?rest_route=%2Fwp%2Fv2%2Ftags&post=99183"}],"curies":[{"name":"wp","href":"https:\/\/api.w.org\/{rel}","templated":true}]}}