{"id":99204,"date":"2022-11-29T18:18:59","date_gmt":"2022-11-30T00:18:59","guid":{"rendered":"https:\/\/lospoliticosveracruz.com.mx\/?p=99204"},"modified":"2022-11-29T18:19:04","modified_gmt":"2022-11-30T00:19:04","slug":"siop-no-son-iguales","status":"publish","type":"post","link":"https:\/\/lospoliticosveracruz.com\/?p=99204","title":{"rendered":"SIOP: NO SON IGUALES\u2026"},"content":{"rendered":"\n<p><strong>Salvador Mu\u00f1oz<br><\/strong><em>Los Pol\u00edticos<\/em><\/p>\n\n\n\n<p>Alguna vez le pregunt\u00e9 a Marlon Ram\u00edrez mientras ech\u00e1bamos unos tacos de Marquitos, cu\u00e1l consideraba era la secretar\u00eda m\u00e1s \u201cdestacable\u201d (sin nada que ver con los tacos) en el gobierno de Cuitl\u00e1huac Garc\u00eda Jim\u00e9nez. Sin pensarlo mucho, me dijo que la SIOP. Recuerdo que \u201cme qued\u00e9 de a seis\u201d con su respuesta acompa\u00f1ado de un \u201c\u00bfEn serio?\u201d<\/p>\n\n\n\n<figure class=\"wp-block-embed is-type-video is-provider-youtube wp-block-embed-youtube wp-embed-aspect-16-9 wp-has-aspect-ratio\"><div class=\"wp-block-embed__wrapper\">\n<iframe loading=\"lazy\" title=\"Cluster Coworking\" width=\"696\" height=\"392\" src=\"https:\/\/www.youtube.com\/embed\/Nxe-vxf8GuY?feature=oembed\" frameborder=\"0\" allow=\"accelerometer; autoplay; clipboard-write; encrypted-media; gyroscope; picture-in-picture; web-share\" referrerpolicy=\"strict-origin-when-cross-origin\" allowfullscreen><\/iframe>\n<\/div><\/figure>\n\n\n\n<p><br>Me respondi\u00f3 que a \u00e9l le ha tocado recorrer el estado, sea por su labor como diputado y m\u00e1s por su papel como dirigente del partido, y se ha encontrado varios tramos de carretera donde se vio el trabajo de esta secretar\u00eda.<br>Bueno, pues este martes de comparecencia, no tuvo empacho en repetir al titular de la SIOP, Elio Hern\u00e1ndez Guti\u00e9rrez, lo que hace unos meses me platic\u00f3 a m\u00ed, aunque el resto de lo que fue su intervenci\u00f3n a la hora de cuestionar, hizo que el papel del secretario trajera a la memoria ese esquema que hizo tan famoso al gabinete de Javier Duarte de Ochoa: Las Empresas Fantasma.<br>II<br>La comparecencia de Elio Hern\u00e1ndez estuvo m\u00e1s concurrida que la de Turismo y de Sedecop por parte de diputados y no as\u00ed tanto de \u201cconvocados\u201d (ya no se les llama \u201cAcarreados\u201d) o dijera el Padre Solovino, digo, Solalinde: \u201cApoyados\u201d, porque \u201cse les apoya porque quieren ir, pero no tienen con qu\u00e9 ir\u201d\u2026<br>Hablar de la media hora de \u201cchoro\u201d que se echa cada compareciente, es desgastante porque todo lo que dicen, est\u00e1 bien dicho\u2026 en cambio, algunas intervenciones tienen su carnita, su chanfle, como la del mismo Fernando \u201cEl Huevo\u201d Arteaga, que si bien reconoci\u00f3 el trabajo del secretario, no tuvo empacho en decirle, con un tonito de advertencia: \u201cNo se olvide de la Ciudad y Puerto de Veracruz\u2026 \u00a1es obligatorio! Con mucho respeto, \u00a1ponga un ojito tambi\u00e9n a nuestro querido Puerto de Veracruz que se lo vamos a agradecer todos los jarochos\u201d.<br>III<br>Los otros datitos curiosos fueron por parte de Nora Jessica Lagunes J\u00e1uregui, quien ante la promesa de obras por parte del secretario Elio, agradeci\u00f3 el gesto del funcionario para darlo a conocer a quienes han acudido a ella para caminos y ollas captadoras de agua pluvial, pero no dej\u00f3 de advertirle que si no cumpl\u00eda, ah\u00ed estaba el video de su palabra empe\u00f1ada.<br>Otro dato curioso correspondi\u00f3 al presidente de la Comisi\u00f3n de Comunicaciones, Marco Antonio Mart\u00ednez Amador, quien primero dio la bienvenida a los alumnos del Tecnol\u00f3gico Superior de Tantoyuca, cuando \u00e9stos ya se hab\u00edan retirado del recinto legislativo; el segundo caso, fue cuando cedi\u00f3 la voz a Marlon, pero refiri\u00e9ndose a \u00e9l como Marlon Eduardo Ram\u00edrez \u201cMart\u00edn\u201d y uno podr\u00eda decir: \u201cPecata minuta\u201d, pero cuando present\u00f3 al diputado del PT para su intervenci\u00f3n, dijo Jos\u00e9 Luis Tehuintle \u201cJocua\u201d a lo que el petista le tuvo que corregir la pronunciaci\u00f3n precisando que era n\u00e1huatl: \u201cXocua\u201d (con sonido Sh).<br>Un peculiar dato fue el de la diputada Jessica Ram\u00edrez Cisneros, quien sin empacho alguno ni respeto al recinto, dio posesi\u00f3n de una curul a la ciudadana Michelle Serv\u00edn Gonz\u00e1lez mientras chismeaban duro y tendido\u2026 \u00a1la Diputada 51!<br>Otro detallito: Qu\u00e9 pena que el diputado Jaime de la Garza tenga que cuestionar al titular de la SIOP por lo lento que van las obras de Arco Sur de Xalapa\u2026 porque las diputadas de ac\u00e1, ni sufren ni se acongojan.<br>Citlali Medell\u00edn Careaga hizo una pregunta duro y a la cabeza: \u201c\u00bfQu\u00e9 hace en su escritorio?\u201d porque a quien ha visto en territorio, dijeran los morenos, es al Gobernador, y a los subsecretarios Fernando El\u00edas y Enrique Trujeque\u2026<br>IV<br>La intervenci\u00f3n de la fracci\u00f3n legislativa en voz de Marlon Ram\u00edrez Mar\u00edn (no Mart\u00edn), hizo patente una vez m\u00e1s lo que dije: \u00a1son francotiradores! \u00a1Puro tiro de precisi\u00f3n!<br>Marlon expuso un esquema de trabajo de la SIOP, muy similar al que hubo durante el Gobierno de Javier Duarte de Ochoa:<br>A los promotores del PRI se les ped\u00eda su firma y \u00e9stas se usaron para crear empresas. A estas compa\u00f1\u00edas se les asign\u00f3 un domicilio fiscal, que ninguna autoridad revis\u00f3, pero cuando se investig\u00f3, el due\u00f1o del domicilio no sab\u00eda que era, si no representante de una empresa, \u00a1el due\u00f1o! que \u201cse encarg\u00f3\u201d de obras millonarias asignadas por un peque\u00f1o grupo de funcionarios cercanos al gobernador, que se aseguraba de que se les otorgaran contratos v\u00eda adjudicaciones directas o licitaciones cerradas.<br>Dije \u201cmuy similar\u201d\u2026<br>Marlon expuso que la SIOP ha entregado obras a empresas de reciente creaci\u00f3n por el orden de los 320 millones de pesos, de los que fueron observados 56 como presunto da\u00f1o patrimonial; puso como ejemplo el contrato que se entreg\u00f3 de una obra por 11.5 millones de pesos a una persona f\u00edsica, V\u00edctor Manuel L\u00f3pez Sandria, de 27 a\u00f1os, quien nombr\u00f3 a un apoderado de nombre Jos\u00e9 Octavio M\u00e9ndez Morales; la Ley de Obras P\u00fablicas del Estado apunta que se requiere experiencia suficiente para llevar a cabo estas obras.<br>Otro ejemplo duartista fue cuando mostr\u00f3 la fotograf\u00eda del domicilio fiscal de la empresa LMN Constructores Asociados a la que se entreg\u00f3 m\u00e1s de 32 millones de pesos, as\u00ed como la fotograf\u00eda del domicilio fiscal en la colonia El Sumidero de Xalapa, que hizo recordar las empresas fantasma de Duarte. Mucha confianza entregar obras a empresas que se crearon en 2019\u2026 por eso sentenci\u00f3: \u201cHay domicilios que coinciden, empresas que tienen el mismo domicilio, y son situaciones que debe aclarar no a m\u00ed, sino a la Auditor\u00eda Superior de la Federaci\u00f3n y al \u00d3rgano de Fiscalizaci\u00f3n Superior que es quien lo tiene observado\u201d. El titular de la SIOP no le importa el Fondo, total, dice que lo importante es que ah\u00ed est\u00e1n las obras\u2026<br>Y dice Elio que no son iguales\u2026 No son iguales\u2026 \u00a1son parecidos!<\/p>\n","protected":false},"excerpt":{"rendered":"<p>Salvador Mu\u00f1ozLos Pol\u00edticos Alguna vez le pregunt\u00e9 a Marlon Ram\u00edrez mientras ech\u00e1bamos unos tacos de Marquitos, cu\u00e1l consideraba era la secretar\u00eda m\u00e1s \u201cdestacable\u201d (sin nada que ver con los tacos) en el gobierno de Cuitl\u00e1huac Garc\u00eda Jim\u00e9nez. Sin pensarlo mucho, me dijo que la SIOP. Recuerdo que \u201cme qued\u00e9 de a seis\u201d con su respuesta [&hellip;]<\/p>\n","protected":false},"author":2,"featured_media":0,"comment_status":"closed","ping_status":"closed","sticky":false,"template":"","format":"standard","meta":{"tdm_status":"","tdm_grid_status":"","footnotes":""},"categories":[70],"tags":[8106,1563,14501,36410,26207,260,13448,4624,2908,4705,1026,12654,342,195],"class_list":{"0":"post-99204","1":"post","2":"type-post","3":"status-publish","4":"format-standard","6":"category-de-opinion","7":"tag-citlali-medellin-careaga","8":"tag-cuitlahuac-garcia-jimenez","9":"tag-elio-hernandez-gutierrez","10":"tag-fernando-el-huevo-arteaga-2","11":"tag-jaime-de-la-garza","12":"tag-javier-duarte-de-ochoa","13":"tag-jessica-ramirez-cisneros","14":"tag-marco-antonio-martinez-amador","15":"tag-marlon-ramirez-marin","16":"tag-michelle-servin-gonzalez","17":"tag-morena","18":"tag-nora-jessica-lagunes-jauregui","19":"tag-siop","20":"tag-veracruz"},"yoast_head":"<!-- This site is optimized with the Yoast SEO plugin v27.4 - https:\/\/yoast.com\/product\/yoast-seo-wordpress\/ -->\n<title>SIOP: NO SON IGUALES\u2026 - Los pol\u00edticos Veracruz<\/title>\n<meta name=\"robots\" content=\"index, follow, max-snippet:-1, max-image-preview:large, max-video-preview:-1\" \/>\n<link rel=\"canonical\" href=\"https:\/\/lospoliticosveracruz.com\/?p=99204\" \/>\n<meta property=\"og:locale\" content=\"es_ES\" \/>\n<meta property=\"og:type\" content=\"article\" \/>\n<meta property=\"og:title\" content=\"SIOP: NO SON IGUALES\u2026 - Los pol\u00edticos Veracruz\" \/>\n<meta property=\"og:description\" content=\"Salvador Mu\u00f1ozLos Pol\u00edticos Alguna vez le pregunt\u00e9 a Marlon Ram\u00edrez mientras ech\u00e1bamos unos tacos de Marquitos, cu\u00e1l consideraba era la secretar\u00eda m\u00e1s \u201cdestacable\u201d (sin nada que ver con los tacos) en el gobierno de Cuitl\u00e1huac Garc\u00eda Jim\u00e9nez. Sin pensarlo mucho, me dijo que la SIOP. Recuerdo que \u201cme qued\u00e9 de a seis\u201d con su respuesta [&hellip;]\" \/>\n<meta property=\"og:url\" content=\"https:\/\/lospoliticosveracruz.com\/?p=99204\" \/>\n<meta property=\"og:site_name\" content=\"Los pol\u00edticos Veracruz\" \/>\n<meta property=\"article:publisher\" content=\"https:\/\/www.facebook.com\/people\/Notimemes-de-los-Polticos\/61565672886568\/\" \/>\n<meta property=\"article:published_time\" content=\"2022-11-30T00:18:59+00:00\" \/>\n<meta property=\"article:modified_time\" content=\"2022-11-30T00:19:04+00:00\" \/>\n<meta property=\"og:image\" content=\"https:\/\/lospoliticosveracruz.com\/wp-content\/uploads\/2016\/07\/Logo-Dor.jpg\" \/>\n\t<meta property=\"og:image:width\" content=\"200\" \/>\n\t<meta property=\"og:image:height\" content=\"200\" \/>\n\t<meta property=\"og:image:type\" content=\"image\/jpeg\" \/>\n<meta name=\"author\" content=\"Lo viste en Los Pol\u00edticos\" \/>\n<meta name=\"twitter:card\" content=\"summary_large_image\" \/>\n<meta name=\"twitter:creator\" content=\"@LosPoliticosVer\" \/>\n<meta name=\"twitter:site\" content=\"@LosPoliticosVer\" \/>\n<meta name=\"twitter:label1\" content=\"Escrito por\" \/>\n\t<meta name=\"twitter:data1\" content=\"Lo viste en Los Pol\u00edticos\" \/>\n\t<meta name=\"twitter:label2\" content=\"Tiempo de lectura\" \/>\n\t<meta name=\"twitter:data2\" content=\"5 minutos\" \/>\n<script type=\"application\/ld+json\" class=\"yoast-schema-graph\">{\"@context\":\"https:\\\/\\\/schema.org\",\"@graph\":[{\"@type\":\"Article\",\"@id\":\"https:\\\/\\\/lospoliticosveracruz.com\\\/?p=99204#article\",\"isPartOf\":{\"@id\":\"https:\\\/\\\/lospoliticosveracruz.com\\\/?p=99204\"},\"author\":{\"name\":\"Lo viste en Los Pol\u00edticos\",\"@id\":\"https:\\\/\\\/lospoliticosveracruz.com\\\/#\\\/schema\\\/person\\\/b8702bb0e538456e6efd07080bf2a4a2\"},\"headline\":\"SIOP: NO SON IGUALES\u2026\",\"datePublished\":\"2022-11-30T00:18:59+00:00\",\"dateModified\":\"2022-11-30T00:19:04+00:00\",\"mainEntityOfPage\":{\"@id\":\"https:\\\/\\\/lospoliticosveracruz.com\\\/?p=99204\"},\"wordCount\":1019,\"publisher\":{\"@id\":\"https:\\\/\\\/lospoliticosveracruz.com\\\/#organization\"},\"keywords\":[\"Citlali Medell\u00edn Careaga\",\"Cuitl\u00e1huac Garc\u00eda Jim\u00e9nez\",\"Elio Hern\u00e1ndez Guti\u00e9rrez\",\"Fernando \u201cEl Huevo\u201d Arteaga\",\"Jaime de la Garza\",\"Javier Duarte de Ochoa\",\"Jessica Ram\u00edrez Cisneros\",\"Marco Antonio Mart\u00ednez Amador\",\"Marlon Ram\u00edrez Mar\u00edn\",\"Michelle Serv\u00edn Gonz\u00e1lez\",\"Morena\",\"Nora Jessica Lagunes J\u00e1uregui\",\"SIOP\",\"Veracruz\"],\"articleSection\":[\"De Opini\u00f3n\"],\"inLanguage\":\"es\"},{\"@type\":\"WebPage\",\"@id\":\"https:\\\/\\\/lospoliticosveracruz.com\\\/?p=99204\",\"url\":\"https:\\\/\\\/lospoliticosveracruz.com\\\/?p=99204\",\"name\":\"SIOP: NO SON IGUALES\u2026 - Los pol\u00edticos Veracruz\",\"isPartOf\":{\"@id\":\"https:\\\/\\\/lospoliticosveracruz.com\\\/#website\"},\"datePublished\":\"2022-11-30T00:18:59+00:00\",\"dateModified\":\"2022-11-30T00:19:04+00:00\",\"breadcrumb\":{\"@id\":\"https:\\\/\\\/lospoliticosveracruz.com\\\/?p=99204#breadcrumb\"},\"inLanguage\":\"es\",\"potentialAction\":[{\"@type\":\"ReadAction\",\"target\":[\"https:\\\/\\\/lospoliticosveracruz.com\\\/?p=99204\"]}]},{\"@type\":\"BreadcrumbList\",\"@id\":\"https:\\\/\\\/lospoliticosveracruz.com\\\/?p=99204#breadcrumb\",\"itemListElement\":[{\"@type\":\"ListItem\",\"position\":1,\"name\":\"Portada\",\"item\":\"https:\\\/\\\/lospoliticosveracruz.com\\\/\"},{\"@type\":\"ListItem\",\"position\":2,\"name\":\"SIOP: NO SON IGUALES\u2026\"}]},{\"@type\":\"WebSite\",\"@id\":\"https:\\\/\\\/lospoliticosveracruz.com\\\/#website\",\"url\":\"https:\\\/\\\/lospoliticosveracruz.com\\\/\",\"name\":\"Los pol\u00edticos Veracruz\",\"description\":\"\",\"publisher\":{\"@id\":\"https:\\\/\\\/lospoliticosveracruz.com\\\/#organization\"},\"potentialAction\":[{\"@type\":\"SearchAction\",\"target\":{\"@type\":\"EntryPoint\",\"urlTemplate\":\"https:\\\/\\\/lospoliticosveracruz.com\\\/?s={search_term_string}\"},\"query-input\":{\"@type\":\"PropertyValueSpecification\",\"valueRequired\":true,\"valueName\":\"search_term_string\"}}],\"inLanguage\":\"es\"},{\"@type\":\"Organization\",\"@id\":\"https:\\\/\\\/lospoliticosveracruz.com\\\/#organization\",\"name\":\"Los pol\u00edticos Veracruz\",\"url\":\"https:\\\/\\\/lospoliticosveracruz.com\\\/\",\"logo\":{\"@type\":\"ImageObject\",\"inLanguage\":\"es\",\"@id\":\"https:\\\/\\\/lospoliticosveracruz.com\\\/#\\\/schema\\\/logo\\\/image\\\/\",\"url\":\"https:\\\/\\\/lospoliticosveracruz.com\\\/wp-content\\\/uploads\\\/2025\\\/12\\\/Logo-Nuevo-LOS-POLITICOS-1.jpg\",\"contentUrl\":\"https:\\\/\\\/lospoliticosveracruz.com\\\/wp-content\\\/uploads\\\/2025\\\/12\\\/Logo-Nuevo-LOS-POLITICOS-1.jpg\",\"width\":260,\"height\":70,\"caption\":\"Los pol\u00edticos Veracruz\"},\"image\":{\"@id\":\"https:\\\/\\\/lospoliticosveracruz.com\\\/#\\\/schema\\\/logo\\\/image\\\/\"},\"sameAs\":[\"https:\\\/\\\/www.facebook.com\\\/people\\\/Notimemes-de-los-Polticos\\\/61565672886568\\\/\",\"https:\\\/\\\/x.com\\\/LosPoliticosVer\"]},{\"@type\":\"Person\",\"@id\":\"https:\\\/\\\/lospoliticosveracruz.com\\\/#\\\/schema\\\/person\\\/b8702bb0e538456e6efd07080bf2a4a2\",\"name\":\"Lo viste en Los Pol\u00edticos\",\"image\":{\"@type\":\"ImageObject\",\"inLanguage\":\"es\",\"@id\":\"https:\\\/\\\/secure.gravatar.com\\\/avatar\\\/3a8de04a2656d44082be478bd6c086daa447c4651605818287b9532d3d0bd435?s=96&d=mm&r=g\",\"url\":\"https:\\\/\\\/secure.gravatar.com\\\/avatar\\\/3a8de04a2656d44082be478bd6c086daa447c4651605818287b9532d3d0bd435?s=96&d=mm&r=g\",\"contentUrl\":\"https:\\\/\\\/secure.gravatar.com\\\/avatar\\\/3a8de04a2656d44082be478bd6c086daa447c4651605818287b9532d3d0bd435?s=96&d=mm&r=g\",\"caption\":\"Lo viste en Los Pol\u00edticos\"},\"url\":\"https:\\\/\\\/lospoliticosveracruz.com\\\/?author=2\"}]}<\/script>\n<!-- \/ Yoast SEO plugin. -->","yoast_head_json":{"title":"SIOP: NO SON IGUALES\u2026 - Los pol\u00edticos Veracruz","robots":{"index":"index","follow":"follow","max-snippet":"max-snippet:-1","max-image-preview":"max-image-preview:large","max-video-preview":"max-video-preview:-1"},"canonical":"https:\/\/lospoliticosveracruz.com\/?p=99204","og_locale":"es_ES","og_type":"article","og_title":"SIOP: NO SON IGUALES\u2026 - Los pol\u00edticos Veracruz","og_description":"Salvador Mu\u00f1ozLos Pol\u00edticos Alguna vez le pregunt\u00e9 a Marlon Ram\u00edrez mientras ech\u00e1bamos unos tacos de Marquitos, cu\u00e1l consideraba era la secretar\u00eda m\u00e1s \u201cdestacable\u201d (sin nada que ver con los tacos) en el gobierno de Cuitl\u00e1huac Garc\u00eda Jim\u00e9nez. Sin pensarlo mucho, me dijo que la SIOP. Recuerdo que \u201cme qued\u00e9 de a seis\u201d con su respuesta [&hellip;]","og_url":"https:\/\/lospoliticosveracruz.com\/?p=99204","og_site_name":"Los pol\u00edticos Veracruz","article_publisher":"https:\/\/www.facebook.com\/people\/Notimemes-de-los-Polticos\/61565672886568\/","article_published_time":"2022-11-30T00:18:59+00:00","article_modified_time":"2022-11-30T00:19:04+00:00","og_image":[{"width":200,"height":200,"url":"https:\/\/lospoliticosveracruz.com\/wp-content\/uploads\/2016\/07\/Logo-Dor.jpg","type":"image\/jpeg"}],"author":"Lo viste en Los Pol\u00edticos","twitter_card":"summary_large_image","twitter_creator":"@LosPoliticosVer","twitter_site":"@LosPoliticosVer","twitter_misc":{"Escrito por":"Lo viste en Los Pol\u00edticos","Tiempo de lectura":"5 minutos"},"schema":{"@context":"https:\/\/schema.org","@graph":[{"@type":"Article","@id":"https:\/\/lospoliticosveracruz.com\/?p=99204#article","isPartOf":{"@id":"https:\/\/lospoliticosveracruz.com\/?p=99204"},"author":{"name":"Lo viste en Los Pol\u00edticos","@id":"https:\/\/lospoliticosveracruz.com\/#\/schema\/person\/b8702bb0e538456e6efd07080bf2a4a2"},"headline":"SIOP: NO SON IGUALES\u2026","datePublished":"2022-11-30T00:18:59+00:00","dateModified":"2022-11-30T00:19:04+00:00","mainEntityOfPage":{"@id":"https:\/\/lospoliticosveracruz.com\/?p=99204"},"wordCount":1019,"publisher":{"@id":"https:\/\/lospoliticosveracruz.com\/#organization"},"keywords":["Citlali Medell\u00edn Careaga","Cuitl\u00e1huac Garc\u00eda Jim\u00e9nez","Elio Hern\u00e1ndez Guti\u00e9rrez","Fernando \u201cEl Huevo\u201d Arteaga","Jaime de la Garza","Javier Duarte de Ochoa","Jessica Ram\u00edrez Cisneros","Marco Antonio Mart\u00ednez Amador","Marlon Ram\u00edrez Mar\u00edn","Michelle Serv\u00edn Gonz\u00e1lez","Morena","Nora Jessica Lagunes J\u00e1uregui","SIOP","Veracruz"],"articleSection":["De Opini\u00f3n"],"inLanguage":"es"},{"@type":"WebPage","@id":"https:\/\/lospoliticosveracruz.com\/?p=99204","url":"https:\/\/lospoliticosveracruz.com\/?p=99204","name":"SIOP: NO SON IGUALES\u2026 - Los pol\u00edticos Veracruz","isPartOf":{"@id":"https:\/\/lospoliticosveracruz.com\/#website"},"datePublished":"2022-11-30T00:18:59+00:00","dateModified":"2022-11-30T00:19:04+00:00","breadcrumb":{"@id":"https:\/\/lospoliticosveracruz.com\/?p=99204#breadcrumb"},"inLanguage":"es","potentialAction":[{"@type":"ReadAction","target":["https:\/\/lospoliticosveracruz.com\/?p=99204"]}]},{"@type":"BreadcrumbList","@id":"https:\/\/lospoliticosveracruz.com\/?p=99204#breadcrumb","itemListElement":[{"@type":"ListItem","position":1,"name":"Portada","item":"https:\/\/lospoliticosveracruz.com\/"},{"@type":"ListItem","position":2,"name":"SIOP: NO SON IGUALES\u2026"}]},{"@type":"WebSite","@id":"https:\/\/lospoliticosveracruz.com\/#website","url":"https:\/\/lospoliticosveracruz.com\/","name":"Los pol\u00edticos Veracruz","description":"","publisher":{"@id":"https:\/\/lospoliticosveracruz.com\/#organization"},"potentialAction":[{"@type":"SearchAction","target":{"@type":"EntryPoint","urlTemplate":"https:\/\/lospoliticosveracruz.com\/?s={search_term_string}"},"query-input":{"@type":"PropertyValueSpecification","valueRequired":true,"valueName":"search_term_string"}}],"inLanguage":"es"},{"@type":"Organization","@id":"https:\/\/lospoliticosveracruz.com\/#organization","name":"Los pol\u00edticos Veracruz","url":"https:\/\/lospoliticosveracruz.com\/","logo":{"@type":"ImageObject","inLanguage":"es","@id":"https:\/\/lospoliticosveracruz.com\/#\/schema\/logo\/image\/","url":"https:\/\/lospoliticosveracruz.com\/wp-content\/uploads\/2025\/12\/Logo-Nuevo-LOS-POLITICOS-1.jpg","contentUrl":"https:\/\/lospoliticosveracruz.com\/wp-content\/uploads\/2025\/12\/Logo-Nuevo-LOS-POLITICOS-1.jpg","width":260,"height":70,"caption":"Los pol\u00edticos Veracruz"},"image":{"@id":"https:\/\/lospoliticosveracruz.com\/#\/schema\/logo\/image\/"},"sameAs":["https:\/\/www.facebook.com\/people\/Notimemes-de-los-Polticos\/61565672886568\/","https:\/\/x.com\/LosPoliticosVer"]},{"@type":"Person","@id":"https:\/\/lospoliticosveracruz.com\/#\/schema\/person\/b8702bb0e538456e6efd07080bf2a4a2","name":"Lo viste en Los Pol\u00edticos","image":{"@type":"ImageObject","inLanguage":"es","@id":"https:\/\/secure.gravatar.com\/avatar\/3a8de04a2656d44082be478bd6c086daa447c4651605818287b9532d3d0bd435?s=96&d=mm&r=g","url":"https:\/\/secure.gravatar.com\/avatar\/3a8de04a2656d44082be478bd6c086daa447c4651605818287b9532d3d0bd435?s=96&d=mm&r=g","contentUrl":"https:\/\/secure.gravatar.com\/avatar\/3a8de04a2656d44082be478bd6c086daa447c4651605818287b9532d3d0bd435?s=96&d=mm&r=g","caption":"Lo viste en Los Pol\u00edticos"},"url":"https:\/\/lospoliticosveracruz.com\/?author=2"}]}},"_links":{"self":[{"href":"https:\/\/lospoliticosveracruz.com\/index.php?rest_route=\/wp\/v2\/posts\/99204","targetHints":{"allow":["GET"]}}],"collection":[{"href":"https:\/\/lospoliticosveracruz.com\/index.php?rest_route=\/wp\/v2\/posts"}],"about":[{"href":"https:\/\/lospoliticosveracruz.com\/index.php?rest_route=\/wp\/v2\/types\/post"}],"author":[{"embeddable":true,"href":"https:\/\/lospoliticosveracruz.com\/index.php?rest_route=\/wp\/v2\/users\/2"}],"replies":[{"embeddable":true,"href":"https:\/\/lospoliticosveracruz.com\/index.php?rest_route=%2Fwp%2Fv2%2Fcomments&post=99204"}],"version-history":[{"count":1,"href":"https:\/\/lospoliticosveracruz.com\/index.php?rest_route=\/wp\/v2\/posts\/99204\/revisions"}],"predecessor-version":[{"id":99206,"href":"https:\/\/lospoliticosveracruz.com\/index.php?rest_route=\/wp\/v2\/posts\/99204\/revisions\/99206"}],"wp:attachment":[{"href":"https:\/\/lospoliticosveracruz.com\/index.php?rest_route=%2Fwp%2Fv2%2Fmedia&parent=99204"}],"wp:term":[{"taxonomy":"category","embeddable":true,"href":"https:\/\/lospoliticosveracruz.com\/index.php?rest_route=%2Fwp%2Fv2%2Fcategories&post=99204"},{"taxonomy":"post_tag","embeddable":true,"href":"https:\/\/lospoliticosveracruz.com\/index.php?rest_route=%2Fwp%2Fv2%2Ftags&post=99204"}],"curies":[{"name":"wp","href":"https:\/\/api.w.org\/{rel}","templated":true}]}}