{"id":99224,"date":"2022-11-30T07:31:17","date_gmt":"2022-11-30T13:31:17","guid":{"rendered":"https:\/\/lospoliticosveracruz.com.mx\/?p=99224"},"modified":"2022-11-30T07:31:23","modified_gmt":"2022-11-30T13:31:23","slug":"la-siop-y-su-titular-huelen-a-puro-cano","status":"publish","type":"post","link":"https:\/\/lospoliticosveracruz.com\/?p=99224","title":{"rendered":"LA SIOP Y SU TITULAR HUELEN A PURO CA\u00d1O"},"content":{"rendered":"\n<p><\/p>\n\n\n\n<p><\/p>\n\n\n\n<p><strong>Bernardo Guti\u00e9rrez Parra<\/strong><br><em>Desde el Caf\u00e9<\/em><\/p>\n\n\n\n<p>El secretario de Infraestructura y Obras P\u00fablicas, Elio Hern\u00e1ndez Guti\u00e9rrez, lleg\u00f3 a su comparecencia de ayer en el Congreso local con una talega n\u00fameros que nom\u00e1s no le cuadraron. Por el batidillo de cifras que manej\u00f3 se not\u00f3 que el texto de su comparecencia lo hizo al trancazo y sobre las rodillas. Quit\u00f3 aqu\u00ed, puso all\u00e1 y aquello result\u00f3 un infortunado fiasco.<\/p>\n\n\n\n<figure class=\"wp-block-image size-full\"><a href=\"https:\/\/lospoliticosveracruz.com.mx\/wp-content\/uploads\/2022\/05\/Seguro-Julio-Cerecedo.jpg\"><img decoding=\"async\" src=\"https:\/\/lospoliticosveracruz.com.mx\/wp-content\/uploads\/2022\/05\/Seguro-Julio-Cerecedo.jpg\" alt=\"\" class=\"wp-image-90414\"\/><\/a><\/figure>\n\n\n\n<p>Tras la danza de cifras confes\u00f3 que (con la pena), el personal de su dependencia pide vi\u00e1ticos a los alcaldes para llevar obras a sus municipios porque los recursos de la SIOP \u201cson muy reducidos\u201d. De ah\u00ed que los trabajadores se organizan con los ayuntamientos para que \u00e9stos sean los que paguen las comidas, el hospedaje y hasta el traslado.<\/p>\n\n\n\n<p>Dijo que esto es aceptado en todos los municipios (uta s\u00ed y seguramente con mucha alegr\u00eda), pues se trata de obras que ser\u00e1n en beneficio de muchos. Pero no se qued\u00f3 ah\u00ed, agreg\u00f3 que solicitar\u00e1 que sean los municipios los que sufraguen los proyectos ejecutivos de infraestructura, porque su dependencia carece de presupuesto.<\/p>\n\n\n\n<p>Es decir, lo que Elio quiere es que los ayuntamientos paguen las obras para que \u00e9l se pare el cuello. Tambi\u00e9n dijo que los 1,264 millones que ya est\u00e1n autorizados para la reconstrucci\u00f3n de las carreteras afectadas por el hurac\u00e1n Grace en agosto del 2021 a\u00fan no han llegado.<\/p>\n\n\n\n<p>Sea por Dios.<\/p>\n\n\n\n<p>Una vez que termin\u00f3 su perorata el funcionario se puso tenso. Sab\u00eda que por encima del incienso que le quemar\u00edan los diputados de Morena en la ronda de preguntas y respuestas, vendr\u00eda la zarandeada de la oposici\u00f3n y no se equivoc\u00f3.<\/p>\n\n\n\n<p>El diputado Marlon Ram\u00edrez Mar\u00edn lo evidenci\u00f3 al mostrar fotograf\u00edas de modestas viviendas que aparecen como empresas a las que les asignaron contratos millonarios. Con lo que la SIOP, con Elio Hern\u00e1ndez a la cabeza, podr\u00eda estar involucrada en un nuevo caso de empresas fantasma.<\/p>\n\n\n\n<p>El diputado priista dijo que la SIOP ha entregado obras a empresas de reciente creaci\u00f3n por 320 millones de pesos, de los que fueron observados 56 millones como presunto da\u00f1o patrimonial, adem\u00e1s es la dependencia que tiene el mayor subejercicio de la actual administraci\u00f3n.<\/p>\n\n\n\n<p>\u201cNo se ejercieron 1,200 millones de pesos este a\u00f1o, a lo que se le suma que en la Cuenta P\u00fablica existe una observaci\u00f3n del \u00d3rgano de Fiscalizaci\u00f3n Superior, por anticipos que su dependencia entreg\u00f3 a contratistas por 1, 300 millones de pesos en 2021\u201d, se\u00f1al\u00f3 el legislador priista.<\/p>\n\n\n\n<p>\u201c\u00bfCu\u00e1ntas obras pudo hacer su dependencia con ese dinero que se dej\u00f3 de gastar? \u00bfPor qu\u00e9 se dejaron de gastar 1,200 millones de pesos? \u00bfPor qu\u00e9 es pr\u00e1ctica reiterada en la SIOP entregar a empresas de nueva creaci\u00f3n contratos que ascienden a 320 millones de pesos? \u00bfPor qu\u00e9 a una persona f\u00edsica (de 27 a\u00f1os) le entregan un contrato por 11.5 millones de pesos?\u201d, pregunt\u00f3 el diputado.<\/p>\n\n\n\n<p>\u201cLos 1,200 millones de pesos de los que hablo est\u00e1n en el Informe Trimestral del Gasto. No es un dato m\u00edo, es de la SEFIPLAN y el propio Secretario de esa dependencia lo reconoci\u00f3 aqu\u00ed cuando compareci\u00f3\u201d, dijo Ram\u00edrez Mar\u00edn y subray\u00f3 que las empresas de nueva creaci\u00f3n a las que les entregaron contratos no son de administraciones pasadas, sino de la actual, creadas a partir de 2019.<\/p>\n\n\n\n<p>Elio Hern\u00e1ndez tuvo que aceptar que s\u00ed han entregado obras a empresas de reciente creaci\u00f3n: \u201cSon veintitantas, tenemos m\u00e1s de 600 obras, entonces creo que no es un porcentaje muy alto, lo importante es que se haga la obra. Si se hizo la obra yo no veo ning\u00fan problema\u201d.<\/p>\n\n\n\n<p>Tratando de justificarse aleg\u00f3 que los gobiernos de Fidel y Duarte hicieron lo mismo: \u201cPero ellos desviaban recursos, nosotros no\u201d.<\/p>\n\n\n\n<p>Sobre los domicilios fiscales de las supuestas empresas dijo: \u201cLas empresas a veces tienen sus domicilios as\u00ed, no precisamente tienen que estar en la Torre \u00c1nimas o en la JV, no le veo ning\u00fan problema\u201d.<\/p>\n\n\n\n<p>Harto, molesto, nervioso y aprensivo (igual que este tu servidor lector, cuando amanezco crudo y me hace falta un trago), Elio Hern\u00e1ndez no se aguant\u00f3 y contest\u00f3 altanero al legislador que pese a todas esas irregularidades \u201cnosotros s\u00ed somos diferentes y las obras ah\u00ed est\u00e1n y las puede ir a checar. No me preocupan sus cuestionamientos\u201d.<\/p>\n\n\n\n<p>Pues deber\u00edan preocuparlo.<\/p>\n\n\n\n<p>De hecho, deber\u00eda preocuparlo su fututo porque tanto \u00e9l como la dependencia que dirige huelen a puro ca\u00f1o y ese corrompido hedor puede llevarlo a prisi\u00f3n, en especial a Pacho.<\/p>\n\n\n\n<p>bernardogup@hotmail.com<\/p>\n","protected":false},"excerpt":{"rendered":"<p>Bernardo Guti\u00e9rrez ParraDesde el Caf\u00e9 El secretario de Infraestructura y Obras P\u00fablicas, Elio Hern\u00e1ndez Guti\u00e9rrez, lleg\u00f3 a su comparecencia de ayer en el Congreso local con una talega n\u00fameros que nom\u00e1s no le cuadraron. Por el batidillo de cifras que manej\u00f3 se not\u00f3 que el texto de su comparecencia lo hizo al trancazo y sobre [&hellip;]<\/p>\n","protected":false},"author":2,"featured_media":0,"comment_status":"closed","ping_status":"closed","sticky":false,"template":"","format":"standard","meta":{"tdm_status":"","tdm_grid_status":"","footnotes":""},"categories":[70],"tags":[34206,14501,2908,342],"class_list":{"0":"post-99224","1":"post","2":"type-post","3":"status-publish","4":"format-standard","6":"category-de-opinion","7":"tag-bernardo-gutierrez-parra","8":"tag-elio-hernandez-gutierrez","9":"tag-marlon-ramirez-marin","10":"tag-siop"},"yoast_head":"<!-- This site is optimized with the Yoast SEO plugin v27.4 - https:\/\/yoast.com\/product\/yoast-seo-wordpress\/ -->\n<title>LA SIOP Y SU TITULAR HUELEN A PURO CA\u00d1O - Los pol\u00edticos Veracruz<\/title>\n<meta name=\"robots\" content=\"index, follow, max-snippet:-1, max-image-preview:large, max-video-preview:-1\" \/>\n<link rel=\"canonical\" href=\"https:\/\/lospoliticosveracruz.com\/?p=99224\" \/>\n<meta property=\"og:locale\" content=\"es_ES\" \/>\n<meta property=\"og:type\" content=\"article\" \/>\n<meta property=\"og:title\" content=\"LA SIOP Y SU TITULAR HUELEN A PURO CA\u00d1O - Los pol\u00edticos Veracruz\" \/>\n<meta property=\"og:description\" content=\"Bernardo Guti\u00e9rrez ParraDesde el Caf\u00e9 El secretario de Infraestructura y Obras P\u00fablicas, Elio Hern\u00e1ndez Guti\u00e9rrez, lleg\u00f3 a su comparecencia de ayer en el Congreso local con una talega n\u00fameros que nom\u00e1s no le cuadraron. Por el batidillo de cifras que manej\u00f3 se not\u00f3 que el texto de su comparecencia lo hizo al trancazo y sobre [&hellip;]\" \/>\n<meta property=\"og:url\" content=\"https:\/\/lospoliticosveracruz.com\/?p=99224\" \/>\n<meta property=\"og:site_name\" content=\"Los pol\u00edticos Veracruz\" \/>\n<meta property=\"article:publisher\" content=\"https:\/\/www.facebook.com\/people\/Notimemes-de-los-Polticos\/61565672886568\/\" \/>\n<meta property=\"article:published_time\" content=\"2022-11-30T13:31:17+00:00\" \/>\n<meta property=\"article:modified_time\" content=\"2022-11-30T13:31:23+00:00\" \/>\n<meta property=\"og:image\" content=\"https:\/\/lospoliticosveracruz.com.mx\/wp-content\/uploads\/2022\/05\/Seguro-Julio-Cerecedo.jpg\" \/>\n<meta name=\"author\" content=\"Lo viste en Los Pol\u00edticos\" \/>\n<meta name=\"twitter:card\" content=\"summary_large_image\" \/>\n<meta name=\"twitter:creator\" content=\"@LosPoliticosVer\" \/>\n<meta name=\"twitter:site\" content=\"@LosPoliticosVer\" \/>\n<meta name=\"twitter:label1\" content=\"Escrito por\" \/>\n\t<meta name=\"twitter:data1\" content=\"Lo viste en Los Pol\u00edticos\" \/>\n\t<meta name=\"twitter:label2\" content=\"Tiempo de lectura\" \/>\n\t<meta name=\"twitter:data2\" content=\"4 minutos\" \/>\n<script type=\"application\/ld+json\" class=\"yoast-schema-graph\">{\"@context\":\"https:\\\/\\\/schema.org\",\"@graph\":[{\"@type\":\"Article\",\"@id\":\"https:\\\/\\\/lospoliticosveracruz.com\\\/?p=99224#article\",\"isPartOf\":{\"@id\":\"https:\\\/\\\/lospoliticosveracruz.com\\\/?p=99224\"},\"author\":{\"name\":\"Lo viste en Los Pol\u00edticos\",\"@id\":\"https:\\\/\\\/lospoliticosveracruz.com\\\/#\\\/schema\\\/person\\\/b8702bb0e538456e6efd07080bf2a4a2\"},\"headline\":\"LA SIOP Y SU TITULAR HUELEN A PURO CA\u00d1O\",\"datePublished\":\"2022-11-30T13:31:17+00:00\",\"dateModified\":\"2022-11-30T13:31:23+00:00\",\"mainEntityOfPage\":{\"@id\":\"https:\\\/\\\/lospoliticosveracruz.com\\\/?p=99224\"},\"wordCount\":790,\"publisher\":{\"@id\":\"https:\\\/\\\/lospoliticosveracruz.com\\\/#organization\"},\"image\":{\"@id\":\"https:\\\/\\\/lospoliticosveracruz.com\\\/?p=99224#primaryimage\"},\"thumbnailUrl\":\"https:\\\/\\\/lospoliticosveracruz.com.mx\\\/wp-content\\\/uploads\\\/2022\\\/05\\\/Seguro-Julio-Cerecedo.jpg\",\"keywords\":[\"Bernardo Guti\u00e9rrez Parra\",\"Elio Hern\u00e1ndez Guti\u00e9rrez\",\"Marlon Ram\u00edrez Mar\u00edn\",\"SIOP\"],\"articleSection\":[\"De Opini\u00f3n\"],\"inLanguage\":\"es\"},{\"@type\":\"WebPage\",\"@id\":\"https:\\\/\\\/lospoliticosveracruz.com\\\/?p=99224\",\"url\":\"https:\\\/\\\/lospoliticosveracruz.com\\\/?p=99224\",\"name\":\"LA SIOP Y SU TITULAR HUELEN A PURO CA\u00d1O - Los pol\u00edticos Veracruz\",\"isPartOf\":{\"@id\":\"https:\\\/\\\/lospoliticosveracruz.com\\\/#website\"},\"primaryImageOfPage\":{\"@id\":\"https:\\\/\\\/lospoliticosveracruz.com\\\/?p=99224#primaryimage\"},\"image\":{\"@id\":\"https:\\\/\\\/lospoliticosveracruz.com\\\/?p=99224#primaryimage\"},\"thumbnailUrl\":\"https:\\\/\\\/lospoliticosveracruz.com.mx\\\/wp-content\\\/uploads\\\/2022\\\/05\\\/Seguro-Julio-Cerecedo.jpg\",\"datePublished\":\"2022-11-30T13:31:17+00:00\",\"dateModified\":\"2022-11-30T13:31:23+00:00\",\"breadcrumb\":{\"@id\":\"https:\\\/\\\/lospoliticosveracruz.com\\\/?p=99224#breadcrumb\"},\"inLanguage\":\"es\",\"potentialAction\":[{\"@type\":\"ReadAction\",\"target\":[\"https:\\\/\\\/lospoliticosveracruz.com\\\/?p=99224\"]}]},{\"@type\":\"ImageObject\",\"inLanguage\":\"es\",\"@id\":\"https:\\\/\\\/lospoliticosveracruz.com\\\/?p=99224#primaryimage\",\"url\":\"https:\\\/\\\/lospoliticosveracruz.com.mx\\\/wp-content\\\/uploads\\\/2022\\\/05\\\/Seguro-Julio-Cerecedo.jpg\",\"contentUrl\":\"https:\\\/\\\/lospoliticosveracruz.com.mx\\\/wp-content\\\/uploads\\\/2022\\\/05\\\/Seguro-Julio-Cerecedo.jpg\"},{\"@type\":\"BreadcrumbList\",\"@id\":\"https:\\\/\\\/lospoliticosveracruz.com\\\/?p=99224#breadcrumb\",\"itemListElement\":[{\"@type\":\"ListItem\",\"position\":1,\"name\":\"Portada\",\"item\":\"https:\\\/\\\/lospoliticosveracruz.com\\\/\"},{\"@type\":\"ListItem\",\"position\":2,\"name\":\"LA SIOP Y SU TITULAR HUELEN A PURO CA\u00d1O\"}]},{\"@type\":\"WebSite\",\"@id\":\"https:\\\/\\\/lospoliticosveracruz.com\\\/#website\",\"url\":\"https:\\\/\\\/lospoliticosveracruz.com\\\/\",\"name\":\"Los pol\u00edticos Veracruz\",\"description\":\"\",\"publisher\":{\"@id\":\"https:\\\/\\\/lospoliticosveracruz.com\\\/#organization\"},\"potentialAction\":[{\"@type\":\"SearchAction\",\"target\":{\"@type\":\"EntryPoint\",\"urlTemplate\":\"https:\\\/\\\/lospoliticosveracruz.com\\\/?s={search_term_string}\"},\"query-input\":{\"@type\":\"PropertyValueSpecification\",\"valueRequired\":true,\"valueName\":\"search_term_string\"}}],\"inLanguage\":\"es\"},{\"@type\":\"Organization\",\"@id\":\"https:\\\/\\\/lospoliticosveracruz.com\\\/#organization\",\"name\":\"Los pol\u00edticos Veracruz\",\"url\":\"https:\\\/\\\/lospoliticosveracruz.com\\\/\",\"logo\":{\"@type\":\"ImageObject\",\"inLanguage\":\"es\",\"@id\":\"https:\\\/\\\/lospoliticosveracruz.com\\\/#\\\/schema\\\/logo\\\/image\\\/\",\"url\":\"https:\\\/\\\/lospoliticosveracruz.com\\\/wp-content\\\/uploads\\\/2025\\\/12\\\/Logo-Nuevo-LOS-POLITICOS-1.jpg\",\"contentUrl\":\"https:\\\/\\\/lospoliticosveracruz.com\\\/wp-content\\\/uploads\\\/2025\\\/12\\\/Logo-Nuevo-LOS-POLITICOS-1.jpg\",\"width\":260,\"height\":70,\"caption\":\"Los pol\u00edticos Veracruz\"},\"image\":{\"@id\":\"https:\\\/\\\/lospoliticosveracruz.com\\\/#\\\/schema\\\/logo\\\/image\\\/\"},\"sameAs\":[\"https:\\\/\\\/www.facebook.com\\\/people\\\/Notimemes-de-los-Polticos\\\/61565672886568\\\/\",\"https:\\\/\\\/x.com\\\/LosPoliticosVer\"]},{\"@type\":\"Person\",\"@id\":\"https:\\\/\\\/lospoliticosveracruz.com\\\/#\\\/schema\\\/person\\\/b8702bb0e538456e6efd07080bf2a4a2\",\"name\":\"Lo viste en Los Pol\u00edticos\",\"image\":{\"@type\":\"ImageObject\",\"inLanguage\":\"es\",\"@id\":\"https:\\\/\\\/secure.gravatar.com\\\/avatar\\\/3a8de04a2656d44082be478bd6c086daa447c4651605818287b9532d3d0bd435?s=96&d=mm&r=g\",\"url\":\"https:\\\/\\\/secure.gravatar.com\\\/avatar\\\/3a8de04a2656d44082be478bd6c086daa447c4651605818287b9532d3d0bd435?s=96&d=mm&r=g\",\"contentUrl\":\"https:\\\/\\\/secure.gravatar.com\\\/avatar\\\/3a8de04a2656d44082be478bd6c086daa447c4651605818287b9532d3d0bd435?s=96&d=mm&r=g\",\"caption\":\"Lo viste en Los Pol\u00edticos\"},\"url\":\"https:\\\/\\\/lospoliticosveracruz.com\\\/?author=2\"}]}<\/script>\n<!-- \/ Yoast SEO plugin. -->","yoast_head_json":{"title":"LA SIOP Y SU TITULAR HUELEN A PURO CA\u00d1O - Los pol\u00edticos Veracruz","robots":{"index":"index","follow":"follow","max-snippet":"max-snippet:-1","max-image-preview":"max-image-preview:large","max-video-preview":"max-video-preview:-1"},"canonical":"https:\/\/lospoliticosveracruz.com\/?p=99224","og_locale":"es_ES","og_type":"article","og_title":"LA SIOP Y SU TITULAR HUELEN A PURO CA\u00d1O - Los pol\u00edticos Veracruz","og_description":"Bernardo Guti\u00e9rrez ParraDesde el Caf\u00e9 El secretario de Infraestructura y Obras P\u00fablicas, Elio Hern\u00e1ndez Guti\u00e9rrez, lleg\u00f3 a su comparecencia de ayer en el Congreso local con una talega n\u00fameros que nom\u00e1s no le cuadraron. Por el batidillo de cifras que manej\u00f3 se not\u00f3 que el texto de su comparecencia lo hizo al trancazo y sobre [&hellip;]","og_url":"https:\/\/lospoliticosveracruz.com\/?p=99224","og_site_name":"Los pol\u00edticos Veracruz","article_publisher":"https:\/\/www.facebook.com\/people\/Notimemes-de-los-Polticos\/61565672886568\/","article_published_time":"2022-11-30T13:31:17+00:00","article_modified_time":"2022-11-30T13:31:23+00:00","og_image":[{"url":"https:\/\/lospoliticosveracruz.com.mx\/wp-content\/uploads\/2022\/05\/Seguro-Julio-Cerecedo.jpg","type":"","width":"","height":""}],"author":"Lo viste en Los Pol\u00edticos","twitter_card":"summary_large_image","twitter_creator":"@LosPoliticosVer","twitter_site":"@LosPoliticosVer","twitter_misc":{"Escrito por":"Lo viste en Los Pol\u00edticos","Tiempo de lectura":"4 minutos"},"schema":{"@context":"https:\/\/schema.org","@graph":[{"@type":"Article","@id":"https:\/\/lospoliticosveracruz.com\/?p=99224#article","isPartOf":{"@id":"https:\/\/lospoliticosveracruz.com\/?p=99224"},"author":{"name":"Lo viste en Los Pol\u00edticos","@id":"https:\/\/lospoliticosveracruz.com\/#\/schema\/person\/b8702bb0e538456e6efd07080bf2a4a2"},"headline":"LA SIOP Y SU TITULAR HUELEN A PURO CA\u00d1O","datePublished":"2022-11-30T13:31:17+00:00","dateModified":"2022-11-30T13:31:23+00:00","mainEntityOfPage":{"@id":"https:\/\/lospoliticosveracruz.com\/?p=99224"},"wordCount":790,"publisher":{"@id":"https:\/\/lospoliticosveracruz.com\/#organization"},"image":{"@id":"https:\/\/lospoliticosveracruz.com\/?p=99224#primaryimage"},"thumbnailUrl":"https:\/\/lospoliticosveracruz.com.mx\/wp-content\/uploads\/2022\/05\/Seguro-Julio-Cerecedo.jpg","keywords":["Bernardo Guti\u00e9rrez Parra","Elio Hern\u00e1ndez Guti\u00e9rrez","Marlon Ram\u00edrez Mar\u00edn","SIOP"],"articleSection":["De Opini\u00f3n"],"inLanguage":"es"},{"@type":"WebPage","@id":"https:\/\/lospoliticosveracruz.com\/?p=99224","url":"https:\/\/lospoliticosveracruz.com\/?p=99224","name":"LA SIOP Y SU TITULAR HUELEN A PURO CA\u00d1O - Los pol\u00edticos Veracruz","isPartOf":{"@id":"https:\/\/lospoliticosveracruz.com\/#website"},"primaryImageOfPage":{"@id":"https:\/\/lospoliticosveracruz.com\/?p=99224#primaryimage"},"image":{"@id":"https:\/\/lospoliticosveracruz.com\/?p=99224#primaryimage"},"thumbnailUrl":"https:\/\/lospoliticosveracruz.com.mx\/wp-content\/uploads\/2022\/05\/Seguro-Julio-Cerecedo.jpg","datePublished":"2022-11-30T13:31:17+00:00","dateModified":"2022-11-30T13:31:23+00:00","breadcrumb":{"@id":"https:\/\/lospoliticosveracruz.com\/?p=99224#breadcrumb"},"inLanguage":"es","potentialAction":[{"@type":"ReadAction","target":["https:\/\/lospoliticosveracruz.com\/?p=99224"]}]},{"@type":"ImageObject","inLanguage":"es","@id":"https:\/\/lospoliticosveracruz.com\/?p=99224#primaryimage","url":"https:\/\/lospoliticosveracruz.com.mx\/wp-content\/uploads\/2022\/05\/Seguro-Julio-Cerecedo.jpg","contentUrl":"https:\/\/lospoliticosveracruz.com.mx\/wp-content\/uploads\/2022\/05\/Seguro-Julio-Cerecedo.jpg"},{"@type":"BreadcrumbList","@id":"https:\/\/lospoliticosveracruz.com\/?p=99224#breadcrumb","itemListElement":[{"@type":"ListItem","position":1,"name":"Portada","item":"https:\/\/lospoliticosveracruz.com\/"},{"@type":"ListItem","position":2,"name":"LA SIOP Y SU TITULAR HUELEN A PURO CA\u00d1O"}]},{"@type":"WebSite","@id":"https:\/\/lospoliticosveracruz.com\/#website","url":"https:\/\/lospoliticosveracruz.com\/","name":"Los pol\u00edticos Veracruz","description":"","publisher":{"@id":"https:\/\/lospoliticosveracruz.com\/#organization"},"potentialAction":[{"@type":"SearchAction","target":{"@type":"EntryPoint","urlTemplate":"https:\/\/lospoliticosveracruz.com\/?s={search_term_string}"},"query-input":{"@type":"PropertyValueSpecification","valueRequired":true,"valueName":"search_term_string"}}],"inLanguage":"es"},{"@type":"Organization","@id":"https:\/\/lospoliticosveracruz.com\/#organization","name":"Los pol\u00edticos Veracruz","url":"https:\/\/lospoliticosveracruz.com\/","logo":{"@type":"ImageObject","inLanguage":"es","@id":"https:\/\/lospoliticosveracruz.com\/#\/schema\/logo\/image\/","url":"https:\/\/lospoliticosveracruz.com\/wp-content\/uploads\/2025\/12\/Logo-Nuevo-LOS-POLITICOS-1.jpg","contentUrl":"https:\/\/lospoliticosveracruz.com\/wp-content\/uploads\/2025\/12\/Logo-Nuevo-LOS-POLITICOS-1.jpg","width":260,"height":70,"caption":"Los pol\u00edticos Veracruz"},"image":{"@id":"https:\/\/lospoliticosveracruz.com\/#\/schema\/logo\/image\/"},"sameAs":["https:\/\/www.facebook.com\/people\/Notimemes-de-los-Polticos\/61565672886568\/","https:\/\/x.com\/LosPoliticosVer"]},{"@type":"Person","@id":"https:\/\/lospoliticosveracruz.com\/#\/schema\/person\/b8702bb0e538456e6efd07080bf2a4a2","name":"Lo viste en Los Pol\u00edticos","image":{"@type":"ImageObject","inLanguage":"es","@id":"https:\/\/secure.gravatar.com\/avatar\/3a8de04a2656d44082be478bd6c086daa447c4651605818287b9532d3d0bd435?s=96&d=mm&r=g","url":"https:\/\/secure.gravatar.com\/avatar\/3a8de04a2656d44082be478bd6c086daa447c4651605818287b9532d3d0bd435?s=96&d=mm&r=g","contentUrl":"https:\/\/secure.gravatar.com\/avatar\/3a8de04a2656d44082be478bd6c086daa447c4651605818287b9532d3d0bd435?s=96&d=mm&r=g","caption":"Lo viste en Los Pol\u00edticos"},"url":"https:\/\/lospoliticosveracruz.com\/?author=2"}]}},"_links":{"self":[{"href":"https:\/\/lospoliticosveracruz.com\/index.php?rest_route=\/wp\/v2\/posts\/99224","targetHints":{"allow":["GET"]}}],"collection":[{"href":"https:\/\/lospoliticosveracruz.com\/index.php?rest_route=\/wp\/v2\/posts"}],"about":[{"href":"https:\/\/lospoliticosveracruz.com\/index.php?rest_route=\/wp\/v2\/types\/post"}],"author":[{"embeddable":true,"href":"https:\/\/lospoliticosveracruz.com\/index.php?rest_route=\/wp\/v2\/users\/2"}],"replies":[{"embeddable":true,"href":"https:\/\/lospoliticosveracruz.com\/index.php?rest_route=%2Fwp%2Fv2%2Fcomments&post=99224"}],"version-history":[{"count":1,"href":"https:\/\/lospoliticosveracruz.com\/index.php?rest_route=\/wp\/v2\/posts\/99224\/revisions"}],"predecessor-version":[{"id":99225,"href":"https:\/\/lospoliticosveracruz.com\/index.php?rest_route=\/wp\/v2\/posts\/99224\/revisions\/99225"}],"wp:attachment":[{"href":"https:\/\/lospoliticosveracruz.com\/index.php?rest_route=%2Fwp%2Fv2%2Fmedia&parent=99224"}],"wp:term":[{"taxonomy":"category","embeddable":true,"href":"https:\/\/lospoliticosveracruz.com\/index.php?rest_route=%2Fwp%2Fv2%2Fcategories&post=99224"},{"taxonomy":"post_tag","embeddable":true,"href":"https:\/\/lospoliticosveracruz.com\/index.php?rest_route=%2Fwp%2Fv2%2Ftags&post=99224"}],"curies":[{"name":"wp","href":"https:\/\/api.w.org\/{rel}","templated":true}]}}