{"id":99232,"date":"2022-11-30T08:24:21","date_gmt":"2022-11-30T14:24:21","guid":{"rendered":"https:\/\/lospoliticosveracruz.com.mx\/?p=99232"},"modified":"2022-11-30T08:24:30","modified_gmt":"2022-11-30T14:24:30","slug":"el-pan-a-tiempo","status":"publish","type":"post","link":"https:\/\/lospoliticosveracruz.com\/?p=99232","title":{"rendered":"EL PAN, A TIEMPO"},"content":{"rendered":"\n<p><strong>Omar Z\u00fa\u00f1iga<\/strong><br><em>De Primera Mano<\/em><\/p>\n\n\n\n<p>\u201cSomos el \u00fanico partido en Veracruz en tener como presidentas a 72 mujeres como presidentas, de un total de 132 Comit\u00e9s Municipales\u201d, sostiene categ\u00f3rico Federico Salom\u00f3n, flamante presidente del Comit\u00e9 Directivo Estatal del PAN.<\/p>\n\n\n<div class=\"wp-block-image\">\n<figure class=\"alignleft size-medium\"><a href=\"https:\/\/lospoliticosveracruz.com.mx\/wp-content\/uploads\/2021\/10\/Zacauilt.jpg\"><img decoding=\"async\" src=\"https:\/\/lospoliticosveracruz.com.mx\/wp-content\/uploads\/2021\/10\/Zacauilt-150x300.jpg\" alt=\"\" class=\"wp-image-80558\"\/><\/a><\/figure>\n<\/div>\n\n\n<p><br>Adem\u00e1s de la igualdad de g\u00e9nero, en Acci\u00f3n Nacional hay total y absoluto respeto por las preferencias sexuales de cada persona, dice Salom\u00f3n ante el se\u00f1alamiento de que hist\u00f3ricamente el blanquiazul ha sido catalogado como un partido de derecha.<br>Con estas cifras y estas declaraciones, lo primero que se viene a la cabeza es que estamos ante un partido progresista\u2026<br>Reconoce que sus conferencias semanales aunque informativas, se quedan en el dicho, y hay que pasar al hecho..<br>Lo que Acci\u00f3n Nacional necesita como partido es \u201cgenerar esperanza en los ciudadanos, y con ello la confianza\u201d, -\u00bfc\u00f3mo lograrlo?-. \u2013Limpiando la casa-, responde.<br>Y s\u00ed, Federico Salom\u00f3n sostiene que ante el cochinero que recibi\u00f3 como partido, lo m\u00e1s importante es recomponer este instituto pol\u00edtico. \u201cTenemos un a\u00f1o\u201d, se\u00f1ala festivo ante los cuestionamientos sobre el tiempo.<br>Sabia virtud de conocer el tiempo, dice Renato Leduc; Dios perdona, el tiempo no, es lo que mandata la sabidur\u00eda popular, pero para Federico Salom\u00f3n el tiempo es relativo y hay tiempo de recomponer antes de lanzarse de frente a la madre de todas las batallas, esa que tendr\u00e1 lugar en 2024 y para la que tiene varios generales y poca tropa; s\u00f3lo unos 400 j\u00f3venes en su padr\u00f3n de militantes que representan menos del 1 por ciento de los m\u00e1s de 40 mil almas blanquiazules.<br>Y es por eso que urge darle una chaineada a la casa, \u201cantes de meter invitados\u201d.<br>Y hay tiempo\u2026 es el tiempo de Federico Salom\u00f3n.<br>Un Salom\u00f3n que no le dice que no a una alianza o coalici\u00f3n para el 24, pero para el que primero los partidos PAN, PRI y PRD deben tener un proceso interno para seleccionar candidato, \u201cy ya luego veremos\u201d.<br>Porque adem\u00e1s, \u201cel PRI, por ejemplo, renueva dirigencia estatal el a\u00f1o entrante y a lo mejor el que viene no quiere alianza\u201d; despacio, que voy de prisa.<br>Al final de cuentas, la gran alianza que debe hacer Acci\u00f3n Nacional es con los ciudadanos; a esos mismos ciudadanos a los que \u2013asegura-, \u201chay que convencer de que sean responsables y no acepten d\u00e1divas\u201d.<br>En tres palabras, se le pidi\u00f3 definir a los gobiernos de Andr\u00e9s Manuel L\u00f3pez Obrador y Cuitl\u00e1huac Garc\u00eda: nada de nada, espeta sin reparo.<br>Por si fuera poco, a L\u00f3pez Obrador lo describe como \u201cel presidente m\u00e1s vil y mentiroso en la historia de nuestro pa\u00eds\u201d, con lo que el mes\u00edas tropical se colocar\u00eda encima de grandes mentirosos, tiranos y traidores en la historia nacional como el mism\u00edsimo Victoriano Huerta, que asesin\u00f3 al m\u00e1rtir de la democracia; al emperador Agust\u00edn de Iturbide,, que le dio atole con el dedo a los insurgentes o a Maximiliano de Habsburgo, que le minti\u00f3 en la cara, pero al conservadurismo m\u00e1s recalcitrante y agrio del siglo XIX. Uuuufff.<br>De los aspirantes visibles a la gubernatura en Acci\u00f3n Nacional, sostiene que no hay favorito, ni Julen Rementer\u00eda o alguno de los cachorros del estero, incluso, revira con el tema de equidad de g\u00e9nero y si hay alguna sorpresa para que en lugar de candidato sea candidata, incluye desde la exalcaldesa Viridiana Bret\u00f3n, hasta la diputada Ver\u00f3nica Pulido o la alcaldesa de Veracruz, Patricia Lobeira\u2026, el abanico se abre y hay muchos generales y ahora generalas, poca tropa, pero hay tiempo y es el tiempo de Federico Salom\u00f3n y s\u00f3lo el tiempo dir\u00e1 si tuvo la raz\u00f3n, tic, toc\u2026<\/p>\n\n\n\n<hr class=\"wp-block-separator has-alpha-channel-opacity\"\/>\n\n\n\n<p>Las cosas en el PVEM Veracruz de mi amiga y colega Eleaney Sesma est\u00e1n, por decir lo menos, complicadas.<br>Para recapitular, hace unas semanas que inici\u00f3 el periodo ordinario en la Legislatura, en la que el Verde s\u00f3lo tiene dos diputadas y no llega a bancada, la representaci\u00f3n ante la Jucopo \u2013con voz, sin voto- se le retir\u00f3 a Citlali Medell\u00edn, quien no s\u00f3lo es la m\u00e1s movida de las dos diputadas verdes, sino una de las m\u00e1s activas (quiz\u00e1 la que m\u00e1s) en el Congreso en pleno.<br>La representaci\u00f3n se le pas\u00f3 a Tania Mar\u00eda Cruz Mej\u00eda; las cosas no est\u00e1n bien y Medell\u00edn Careaga, la entrona ex alcaldesa de Tamiahua ha amagado con abandonar las filas del Partido Verde.<br>Menuda bronca tendr\u00e1 enfrente Eleaney en caso de concretarse la salida de Citlali, pues lo he dicho en ocasiones anteriores \u2013sin filias ni fobias- ella es un activo veracruzano altamente rentable, cuyo trabajo es reconocido en otras entidades (San Luis por ejemplo), en el CEN e incluso en otros pa\u00edses, al tener la representaci\u00f3n de FLACMA.<br>Unidad, es la palabra. Ya se ver\u00e1.<\/p>\n\n\n\n<p>\u00a1Qu\u00e9 barbaridad!<br>deprimera.mano2020@gmail.com<\/p>\n","protected":false},"excerpt":{"rendered":"<p>Omar Z\u00fa\u00f1igaDe Primera Mano \u201cSomos el \u00fanico partido en Veracruz en tener como presidentas a 72 mujeres como presidentas, de un total de 132 Comit\u00e9s Municipales\u201d, sostiene categ\u00f3rico Federico Salom\u00f3n, flamante presidente del Comit\u00e9 Directivo Estatal del PAN. Adem\u00e1s de la igualdad de g\u00e9nero, en Acci\u00f3n Nacional hay total y absoluto respeto por las preferencias [&hellip;]<\/p>\n","protected":false},"author":2,"featured_media":0,"comment_status":"closed","ping_status":"closed","sticky":false,"template":"","format":"standard","meta":{"tdm_status":"","tdm_grid_status":"","footnotes":""},"categories":[70],"tags":[8106,2842,13008,28705,31123],"class_list":{"0":"post-99232","1":"post","2":"type-post","3":"status-publish","4":"format-standard","6":"category-de-opinion","7":"tag-citlali-medellin-careaga","8":"tag-eleaney-sesma","9":"tag-federico-salomon-molina","10":"tag-omar-zuniga","11":"tag-tania-maria-cruz-mejia"},"yoast_head":"<!-- This site is optimized with the Yoast SEO plugin v27.4 - https:\/\/yoast.com\/product\/yoast-seo-wordpress\/ -->\n<title>EL PAN, A TIEMPO - Los pol\u00edticos Veracruz<\/title>\n<meta name=\"robots\" content=\"index, follow, max-snippet:-1, max-image-preview:large, max-video-preview:-1\" \/>\n<link rel=\"canonical\" href=\"https:\/\/lospoliticosveracruz.com\/?p=99232\" \/>\n<meta property=\"og:locale\" content=\"es_ES\" \/>\n<meta property=\"og:type\" content=\"article\" \/>\n<meta property=\"og:title\" content=\"EL PAN, A TIEMPO - Los pol\u00edticos Veracruz\" \/>\n<meta property=\"og:description\" content=\"Omar Z\u00fa\u00f1igaDe Primera Mano \u201cSomos el \u00fanico partido en Veracruz en tener como presidentas a 72 mujeres como presidentas, de un total de 132 Comit\u00e9s Municipales\u201d, sostiene categ\u00f3rico Federico Salom\u00f3n, flamante presidente del Comit\u00e9 Directivo Estatal del PAN. Adem\u00e1s de la igualdad de g\u00e9nero, en Acci\u00f3n Nacional hay total y absoluto respeto por las preferencias [&hellip;]\" \/>\n<meta property=\"og:url\" content=\"https:\/\/lospoliticosveracruz.com\/?p=99232\" \/>\n<meta property=\"og:site_name\" content=\"Los pol\u00edticos Veracruz\" \/>\n<meta property=\"article:publisher\" content=\"https:\/\/www.facebook.com\/people\/Notimemes-de-los-Polticos\/61565672886568\/\" \/>\n<meta property=\"article:published_time\" content=\"2022-11-30T14:24:21+00:00\" \/>\n<meta property=\"article:modified_time\" content=\"2022-11-30T14:24:30+00:00\" \/>\n<meta property=\"og:image\" content=\"https:\/\/lospoliticosveracruz.com.mx\/wp-content\/uploads\/2021\/10\/Zacauilt-150x300.jpg\" \/>\n<meta name=\"author\" content=\"Lo viste en Los Pol\u00edticos\" \/>\n<meta name=\"twitter:card\" content=\"summary_large_image\" \/>\n<meta name=\"twitter:creator\" content=\"@LosPoliticosVer\" \/>\n<meta name=\"twitter:site\" content=\"@LosPoliticosVer\" \/>\n<meta name=\"twitter:label1\" content=\"Escrito por\" \/>\n\t<meta name=\"twitter:data1\" content=\"Lo viste en Los Pol\u00edticos\" \/>\n\t<meta name=\"twitter:label2\" content=\"Tiempo de lectura\" \/>\n\t<meta name=\"twitter:data2\" content=\"4 minutos\" \/>\n<script type=\"application\/ld+json\" class=\"yoast-schema-graph\">{\"@context\":\"https:\\\/\\\/schema.org\",\"@graph\":[{\"@type\":\"Article\",\"@id\":\"https:\\\/\\\/lospoliticosveracruz.com\\\/?p=99232#article\",\"isPartOf\":{\"@id\":\"https:\\\/\\\/lospoliticosveracruz.com\\\/?p=99232\"},\"author\":{\"name\":\"Lo viste en Los Pol\u00edticos\",\"@id\":\"https:\\\/\\\/lospoliticosveracruz.com\\\/#\\\/schema\\\/person\\\/b8702bb0e538456e6efd07080bf2a4a2\"},\"headline\":\"EL PAN, A TIEMPO\",\"datePublished\":\"2022-11-30T14:24:21+00:00\",\"dateModified\":\"2022-11-30T14:24:30+00:00\",\"mainEntityOfPage\":{\"@id\":\"https:\\\/\\\/lospoliticosveracruz.com\\\/?p=99232\"},\"wordCount\":853,\"publisher\":{\"@id\":\"https:\\\/\\\/lospoliticosveracruz.com\\\/#organization\"},\"image\":{\"@id\":\"https:\\\/\\\/lospoliticosveracruz.com\\\/?p=99232#primaryimage\"},\"thumbnailUrl\":\"https:\\\/\\\/lospoliticosveracruz.com.mx\\\/wp-content\\\/uploads\\\/2021\\\/10\\\/Zacauilt-150x300.jpg\",\"keywords\":[\"Citlali Medell\u00edn Careaga\",\"Eleaney Sesma\",\"Federico Salom\u00f3n Molina\",\"Omar Z\u00fa\u00f1iga\",\"Tania Mar\u00eda Cruz Mej\u00eda\"],\"articleSection\":[\"De Opini\u00f3n\"],\"inLanguage\":\"es\"},{\"@type\":\"WebPage\",\"@id\":\"https:\\\/\\\/lospoliticosveracruz.com\\\/?p=99232\",\"url\":\"https:\\\/\\\/lospoliticosveracruz.com\\\/?p=99232\",\"name\":\"EL PAN, A TIEMPO - Los pol\u00edticos Veracruz\",\"isPartOf\":{\"@id\":\"https:\\\/\\\/lospoliticosveracruz.com\\\/#website\"},\"primaryImageOfPage\":{\"@id\":\"https:\\\/\\\/lospoliticosveracruz.com\\\/?p=99232#primaryimage\"},\"image\":{\"@id\":\"https:\\\/\\\/lospoliticosveracruz.com\\\/?p=99232#primaryimage\"},\"thumbnailUrl\":\"https:\\\/\\\/lospoliticosveracruz.com.mx\\\/wp-content\\\/uploads\\\/2021\\\/10\\\/Zacauilt-150x300.jpg\",\"datePublished\":\"2022-11-30T14:24:21+00:00\",\"dateModified\":\"2022-11-30T14:24:30+00:00\",\"breadcrumb\":{\"@id\":\"https:\\\/\\\/lospoliticosveracruz.com\\\/?p=99232#breadcrumb\"},\"inLanguage\":\"es\",\"potentialAction\":[{\"@type\":\"ReadAction\",\"target\":[\"https:\\\/\\\/lospoliticosveracruz.com\\\/?p=99232\"]}]},{\"@type\":\"ImageObject\",\"inLanguage\":\"es\",\"@id\":\"https:\\\/\\\/lospoliticosveracruz.com\\\/?p=99232#primaryimage\",\"url\":\"https:\\\/\\\/lospoliticosveracruz.com.mx\\\/wp-content\\\/uploads\\\/2021\\\/10\\\/Zacauilt-150x300.jpg\",\"contentUrl\":\"https:\\\/\\\/lospoliticosveracruz.com.mx\\\/wp-content\\\/uploads\\\/2021\\\/10\\\/Zacauilt-150x300.jpg\"},{\"@type\":\"BreadcrumbList\",\"@id\":\"https:\\\/\\\/lospoliticosveracruz.com\\\/?p=99232#breadcrumb\",\"itemListElement\":[{\"@type\":\"ListItem\",\"position\":1,\"name\":\"Portada\",\"item\":\"https:\\\/\\\/lospoliticosveracruz.com\\\/\"},{\"@type\":\"ListItem\",\"position\":2,\"name\":\"EL PAN, A TIEMPO\"}]},{\"@type\":\"WebSite\",\"@id\":\"https:\\\/\\\/lospoliticosveracruz.com\\\/#website\",\"url\":\"https:\\\/\\\/lospoliticosveracruz.com\\\/\",\"name\":\"Los pol\u00edticos Veracruz\",\"description\":\"\",\"publisher\":{\"@id\":\"https:\\\/\\\/lospoliticosveracruz.com\\\/#organization\"},\"potentialAction\":[{\"@type\":\"SearchAction\",\"target\":{\"@type\":\"EntryPoint\",\"urlTemplate\":\"https:\\\/\\\/lospoliticosveracruz.com\\\/?s={search_term_string}\"},\"query-input\":{\"@type\":\"PropertyValueSpecification\",\"valueRequired\":true,\"valueName\":\"search_term_string\"}}],\"inLanguage\":\"es\"},{\"@type\":\"Organization\",\"@id\":\"https:\\\/\\\/lospoliticosveracruz.com\\\/#organization\",\"name\":\"Los pol\u00edticos Veracruz\",\"url\":\"https:\\\/\\\/lospoliticosveracruz.com\\\/\",\"logo\":{\"@type\":\"ImageObject\",\"inLanguage\":\"es\",\"@id\":\"https:\\\/\\\/lospoliticosveracruz.com\\\/#\\\/schema\\\/logo\\\/image\\\/\",\"url\":\"https:\\\/\\\/lospoliticosveracruz.com\\\/wp-content\\\/uploads\\\/2025\\\/12\\\/Logo-Nuevo-LOS-POLITICOS-1.jpg\",\"contentUrl\":\"https:\\\/\\\/lospoliticosveracruz.com\\\/wp-content\\\/uploads\\\/2025\\\/12\\\/Logo-Nuevo-LOS-POLITICOS-1.jpg\",\"width\":260,\"height\":70,\"caption\":\"Los pol\u00edticos Veracruz\"},\"image\":{\"@id\":\"https:\\\/\\\/lospoliticosveracruz.com\\\/#\\\/schema\\\/logo\\\/image\\\/\"},\"sameAs\":[\"https:\\\/\\\/www.facebook.com\\\/people\\\/Notimemes-de-los-Polticos\\\/61565672886568\\\/\",\"https:\\\/\\\/x.com\\\/LosPoliticosVer\"]},{\"@type\":\"Person\",\"@id\":\"https:\\\/\\\/lospoliticosveracruz.com\\\/#\\\/schema\\\/person\\\/b8702bb0e538456e6efd07080bf2a4a2\",\"name\":\"Lo viste en Los Pol\u00edticos\",\"image\":{\"@type\":\"ImageObject\",\"inLanguage\":\"es\",\"@id\":\"https:\\\/\\\/secure.gravatar.com\\\/avatar\\\/3a8de04a2656d44082be478bd6c086daa447c4651605818287b9532d3d0bd435?s=96&d=mm&r=g\",\"url\":\"https:\\\/\\\/secure.gravatar.com\\\/avatar\\\/3a8de04a2656d44082be478bd6c086daa447c4651605818287b9532d3d0bd435?s=96&d=mm&r=g\",\"contentUrl\":\"https:\\\/\\\/secure.gravatar.com\\\/avatar\\\/3a8de04a2656d44082be478bd6c086daa447c4651605818287b9532d3d0bd435?s=96&d=mm&r=g\",\"caption\":\"Lo viste en Los Pol\u00edticos\"},\"url\":\"https:\\\/\\\/lospoliticosveracruz.com\\\/?author=2\"}]}<\/script>\n<!-- \/ Yoast SEO plugin. -->","yoast_head_json":{"title":"EL PAN, A TIEMPO - Los pol\u00edticos Veracruz","robots":{"index":"index","follow":"follow","max-snippet":"max-snippet:-1","max-image-preview":"max-image-preview:large","max-video-preview":"max-video-preview:-1"},"canonical":"https:\/\/lospoliticosveracruz.com\/?p=99232","og_locale":"es_ES","og_type":"article","og_title":"EL PAN, A TIEMPO - Los pol\u00edticos Veracruz","og_description":"Omar Z\u00fa\u00f1igaDe Primera Mano \u201cSomos el \u00fanico partido en Veracruz en tener como presidentas a 72 mujeres como presidentas, de un total de 132 Comit\u00e9s Municipales\u201d, sostiene categ\u00f3rico Federico Salom\u00f3n, flamante presidente del Comit\u00e9 Directivo Estatal del PAN. Adem\u00e1s de la igualdad de g\u00e9nero, en Acci\u00f3n Nacional hay total y absoluto respeto por las preferencias [&hellip;]","og_url":"https:\/\/lospoliticosveracruz.com\/?p=99232","og_site_name":"Los pol\u00edticos Veracruz","article_publisher":"https:\/\/www.facebook.com\/people\/Notimemes-de-los-Polticos\/61565672886568\/","article_published_time":"2022-11-30T14:24:21+00:00","article_modified_time":"2022-11-30T14:24:30+00:00","og_image":[{"url":"https:\/\/lospoliticosveracruz.com.mx\/wp-content\/uploads\/2021\/10\/Zacauilt-150x300.jpg","type":"","width":"","height":""}],"author":"Lo viste en Los Pol\u00edticos","twitter_card":"summary_large_image","twitter_creator":"@LosPoliticosVer","twitter_site":"@LosPoliticosVer","twitter_misc":{"Escrito por":"Lo viste en Los Pol\u00edticos","Tiempo de lectura":"4 minutos"},"schema":{"@context":"https:\/\/schema.org","@graph":[{"@type":"Article","@id":"https:\/\/lospoliticosveracruz.com\/?p=99232#article","isPartOf":{"@id":"https:\/\/lospoliticosveracruz.com\/?p=99232"},"author":{"name":"Lo viste en Los Pol\u00edticos","@id":"https:\/\/lospoliticosveracruz.com\/#\/schema\/person\/b8702bb0e538456e6efd07080bf2a4a2"},"headline":"EL PAN, A TIEMPO","datePublished":"2022-11-30T14:24:21+00:00","dateModified":"2022-11-30T14:24:30+00:00","mainEntityOfPage":{"@id":"https:\/\/lospoliticosveracruz.com\/?p=99232"},"wordCount":853,"publisher":{"@id":"https:\/\/lospoliticosveracruz.com\/#organization"},"image":{"@id":"https:\/\/lospoliticosveracruz.com\/?p=99232#primaryimage"},"thumbnailUrl":"https:\/\/lospoliticosveracruz.com.mx\/wp-content\/uploads\/2021\/10\/Zacauilt-150x300.jpg","keywords":["Citlali Medell\u00edn Careaga","Eleaney Sesma","Federico Salom\u00f3n Molina","Omar Z\u00fa\u00f1iga","Tania Mar\u00eda Cruz Mej\u00eda"],"articleSection":["De Opini\u00f3n"],"inLanguage":"es"},{"@type":"WebPage","@id":"https:\/\/lospoliticosveracruz.com\/?p=99232","url":"https:\/\/lospoliticosveracruz.com\/?p=99232","name":"EL PAN, A TIEMPO - Los pol\u00edticos Veracruz","isPartOf":{"@id":"https:\/\/lospoliticosveracruz.com\/#website"},"primaryImageOfPage":{"@id":"https:\/\/lospoliticosveracruz.com\/?p=99232#primaryimage"},"image":{"@id":"https:\/\/lospoliticosveracruz.com\/?p=99232#primaryimage"},"thumbnailUrl":"https:\/\/lospoliticosveracruz.com.mx\/wp-content\/uploads\/2021\/10\/Zacauilt-150x300.jpg","datePublished":"2022-11-30T14:24:21+00:00","dateModified":"2022-11-30T14:24:30+00:00","breadcrumb":{"@id":"https:\/\/lospoliticosveracruz.com\/?p=99232#breadcrumb"},"inLanguage":"es","potentialAction":[{"@type":"ReadAction","target":["https:\/\/lospoliticosveracruz.com\/?p=99232"]}]},{"@type":"ImageObject","inLanguage":"es","@id":"https:\/\/lospoliticosveracruz.com\/?p=99232#primaryimage","url":"https:\/\/lospoliticosveracruz.com.mx\/wp-content\/uploads\/2021\/10\/Zacauilt-150x300.jpg","contentUrl":"https:\/\/lospoliticosveracruz.com.mx\/wp-content\/uploads\/2021\/10\/Zacauilt-150x300.jpg"},{"@type":"BreadcrumbList","@id":"https:\/\/lospoliticosveracruz.com\/?p=99232#breadcrumb","itemListElement":[{"@type":"ListItem","position":1,"name":"Portada","item":"https:\/\/lospoliticosveracruz.com\/"},{"@type":"ListItem","position":2,"name":"EL PAN, A TIEMPO"}]},{"@type":"WebSite","@id":"https:\/\/lospoliticosveracruz.com\/#website","url":"https:\/\/lospoliticosveracruz.com\/","name":"Los pol\u00edticos Veracruz","description":"","publisher":{"@id":"https:\/\/lospoliticosveracruz.com\/#organization"},"potentialAction":[{"@type":"SearchAction","target":{"@type":"EntryPoint","urlTemplate":"https:\/\/lospoliticosveracruz.com\/?s={search_term_string}"},"query-input":{"@type":"PropertyValueSpecification","valueRequired":true,"valueName":"search_term_string"}}],"inLanguage":"es"},{"@type":"Organization","@id":"https:\/\/lospoliticosveracruz.com\/#organization","name":"Los pol\u00edticos Veracruz","url":"https:\/\/lospoliticosveracruz.com\/","logo":{"@type":"ImageObject","inLanguage":"es","@id":"https:\/\/lospoliticosveracruz.com\/#\/schema\/logo\/image\/","url":"https:\/\/lospoliticosveracruz.com\/wp-content\/uploads\/2025\/12\/Logo-Nuevo-LOS-POLITICOS-1.jpg","contentUrl":"https:\/\/lospoliticosveracruz.com\/wp-content\/uploads\/2025\/12\/Logo-Nuevo-LOS-POLITICOS-1.jpg","width":260,"height":70,"caption":"Los pol\u00edticos Veracruz"},"image":{"@id":"https:\/\/lospoliticosveracruz.com\/#\/schema\/logo\/image\/"},"sameAs":["https:\/\/www.facebook.com\/people\/Notimemes-de-los-Polticos\/61565672886568\/","https:\/\/x.com\/LosPoliticosVer"]},{"@type":"Person","@id":"https:\/\/lospoliticosveracruz.com\/#\/schema\/person\/b8702bb0e538456e6efd07080bf2a4a2","name":"Lo viste en Los Pol\u00edticos","image":{"@type":"ImageObject","inLanguage":"es","@id":"https:\/\/secure.gravatar.com\/avatar\/3a8de04a2656d44082be478bd6c086daa447c4651605818287b9532d3d0bd435?s=96&d=mm&r=g","url":"https:\/\/secure.gravatar.com\/avatar\/3a8de04a2656d44082be478bd6c086daa447c4651605818287b9532d3d0bd435?s=96&d=mm&r=g","contentUrl":"https:\/\/secure.gravatar.com\/avatar\/3a8de04a2656d44082be478bd6c086daa447c4651605818287b9532d3d0bd435?s=96&d=mm&r=g","caption":"Lo viste en Los Pol\u00edticos"},"url":"https:\/\/lospoliticosveracruz.com\/?author=2"}]}},"_links":{"self":[{"href":"https:\/\/lospoliticosveracruz.com\/index.php?rest_route=\/wp\/v2\/posts\/99232","targetHints":{"allow":["GET"]}}],"collection":[{"href":"https:\/\/lospoliticosveracruz.com\/index.php?rest_route=\/wp\/v2\/posts"}],"about":[{"href":"https:\/\/lospoliticosveracruz.com\/index.php?rest_route=\/wp\/v2\/types\/post"}],"author":[{"embeddable":true,"href":"https:\/\/lospoliticosveracruz.com\/index.php?rest_route=\/wp\/v2\/users\/2"}],"replies":[{"embeddable":true,"href":"https:\/\/lospoliticosveracruz.com\/index.php?rest_route=%2Fwp%2Fv2%2Fcomments&post=99232"}],"version-history":[{"count":1,"href":"https:\/\/lospoliticosveracruz.com\/index.php?rest_route=\/wp\/v2\/posts\/99232\/revisions"}],"predecessor-version":[{"id":99233,"href":"https:\/\/lospoliticosveracruz.com\/index.php?rest_route=\/wp\/v2\/posts\/99232\/revisions\/99233"}],"wp:attachment":[{"href":"https:\/\/lospoliticosveracruz.com\/index.php?rest_route=%2Fwp%2Fv2%2Fmedia&parent=99232"}],"wp:term":[{"taxonomy":"category","embeddable":true,"href":"https:\/\/lospoliticosveracruz.com\/index.php?rest_route=%2Fwp%2Fv2%2Fcategories&post=99232"},{"taxonomy":"post_tag","embeddable":true,"href":"https:\/\/lospoliticosveracruz.com\/index.php?rest_route=%2Fwp%2Fv2%2Ftags&post=99232"}],"curies":[{"name":"wp","href":"https:\/\/api.w.org\/{rel}","templated":true}]}}