{"id":9926,"date":"2007-07-23T15:47:00","date_gmt":"2007-07-23T15:47:00","guid":{"rendered":"http:\/\/www.lospoliticosveracruz.com.mx\/?p=9926"},"modified":"2014-10-09T03:09:06","modified_gmt":"2014-10-09T03:09:06","slug":"el-marcaje-3","status":"publish","type":"post","link":"https:\/\/lospoliticosveracruz.com\/?p=9926","title":{"rendered":"El Marcaje"},"content":{"rendered":"<div>\n<div>\u00a1Que alguien me explique!<\/p>\n<p><strong>Fernando Hern\u00e1ndez Fern\u00e1ndez <br \/><\/strong><a href=\"http:\/\/www.lospoliticosveracruz.com.mx\/wp-content\/uploads\/2007\/07\/Harry-Potter-copia.jpg\"><img decoding=\"async\" id=\"BLOGGER_PHOTO_ID_5090423873772176338\" style=\"FLOAT: left; MARGIN: 0px 10px 10px 0px; CURSOR: hand\" alt=\"\" src=\"http:\/\/www.lospoliticosveracruz.com.mx\/wp-content\/uploads\/2007\/07\/Harry-Potter-copia-165x300.jpg\" border=\"0\" \/><\/a><br \/>No tengo ni idea por qu\u00e9 le han pedido la renuncia a Jos\u00e9 Luis Izquierdo Bustamante del Instituto Veracruzano del Deporte. De alg\u00fan modo u otro cumpli\u00f3 el compromiso pactado con el Gobierno del estado hace un a\u00f1o. La entidad regres\u00f3 a los Diez Grandes de la Olimpiada Nacional y en el \u00e1rea correspondiente ha habido un crecimiento.<br \/>Si el dirigente hizo algo terriblemente equivocado o ilegal, y por eso se ha solicitado su salida, que se haga p\u00fablico. De lo contrario las explicaciones deben ser claras, concisas y precisas. Porque no le hallo una raz\u00f3n l\u00f3gica para que ruede su cabeza.<br \/>Recuerdo bien cuando estaba de lleno en el futbol americano con los equipos de la Universidad Veracruzana. Ah\u00ed surgieron muchas diferencias particulares entre \u00e9l y quien escribe. En esa \u00e9poca hubiera estado de acuerdo con un cese, pero ahora pr\u00e1cticamente junt\u00f3 un equipo de trabajo, en su mayor\u00eda eficiente, que levant\u00f3 un \u00f3rgano moribundo que dej\u00f3 Carlos Sosa Lagunes.<br \/>Y la guerra sucia, desde el interior de un medio de comunicaci\u00f3n en el puerto de Veracruz, tambi\u00e9n comenz\u00f3. Es palpable el gusto que le da a ciertas personas la salida de Jos\u00e9 Luis Izquierdo. En alguna nota fue notoria la sorna con la que \u201cinformaban\u201d acerca de la inminente salida del directivo. El s\u00e1bado me qued\u00f3 claro que para unos cuantos fue un goce total. Algunos a\u00fan le tienen fe al anterior ocupante de la silla en el IVD.<br \/>Pero hay otros que ya se apuntan por estar con alguno de los candidatos que han sonado, sobre todo con Carlos Reyes Sim\u00f3n, que es un hombre que ha trabajado con todo al interior de los Tiburones Rojos y que si llega al Instituto ojal\u00e1 le vaya bien y contin\u00fae con esta inercia que se consigui\u00f3 durante un a\u00f1o. Lo curioso es que c\u00f3mo hay apuntados y apuntadas ya para subirse al barco con \u00e9l. Y hay otros que simplemente viven peleados con la vida y s\u00f3lo quieren que haya da\u00f1os en el organismo, sin importar las personas ajenas al conflicto que salen afectadas con los constantes movimientos, ll\u00e1mense atletas y empleados.<br \/>Lo que s\u00ed ser\u00eda lamentable es que Alejandro C\u00e1rdenas fuese el elegido por el gobernador Fidel Herrera Beltr\u00e1n. No tengo nada contra el ex corredor, pero tiene poco tiempo en el estado como para aspirar a un puesto de ese tama\u00f1o. No tiene que ver nada con las capacidades. No obstante, la dignidad es algo que debe prevalecer en el sonorense, porque c\u00f3mo tapar las diferencias que existen con Izquierdo Bustamante. Aunque se quieran tapar, es un secreto a voces que no hay una relaci\u00f3n amena entre ambos. Adem\u00e1s, ya si los rumores es lo de los recientes d\u00edas, son\u00f3 uno muy fuerte, en el sentido que el esposo de Romary Rifka candidate\u00f3 a nadadores veracruzanos para que se fueran como representantes de Nuevo Le\u00f3n.<br \/>Si la cuesti\u00f3n de la presunta renuncia de Izquierdo es por sobrepasar el pre<a href=\"http:\/\/www.lospoliticosveracruz.com.mx\/wp-content\/uploads\/2007\/07\/Voldemort-copia.jpg\"><img decoding=\"async\" id=\"BLOGGER_PHOTO_ID_5090420188690236354\" style=\"FLOAT: right; MARGIN: 0px 0px 10px 10px; CURSOR: hand\" alt=\"\" src=\"http:\/\/www.lospoliticosveracruz.com.mx\/wp-content\/uploads\/2007\/07\/Voldemort-copia-194x300.jpg\" border=\"0\" \/><\/a>supuesto o que falta dinero, digamos que es algo l\u00f3gico y no hay que olvidar que se fue sede de Olimpiada Nacional, aunque s\u00ed es digno de menci\u00f3n que mucha gente abus\u00f3 del billete en su cargo en el IVD, porque c\u00f3mo olvidar a la despampanante metod\u00f3loga Liliana Allen con su propio chofer y camioneta en la Olimpiada Estatal de Coatzacoalcos. Vamos, era un lujito del que se podr\u00eda prescindir. As\u00ed como \u00e9se, debe haber decenas de ejemplos que son consecuencia del \u00fanico error palpable en la presente administraci\u00f3n del Instituto, el compadrazgo en puestos claves, no s\u00f3lo amigos del director que no saben que hacer con el poder, sino tambi\u00e9n con gente allegada a C\u00e1rdenas.<br \/>Ojal\u00e1 que se arregle esto de inmediato, no porque Jos\u00e9 Luis se vaya o no, sino porque nadie ha pensado que se tendr\u00eda que partir de cero otra vez, ahora que se est\u00e1 con un proyecto ya hecho, ligado a la iniciativa privada y que podr\u00eda venirse todo abajo con una elecci\u00f3n incorrecta en la rector\u00eda del deporte de la entidad. La estructura podr\u00eda derrumbarse de un solo golpe.<br \/>Hasta la vista.<br \/><a href=\"mailto:pollo_viper@yahoo.com.mx\">pollo_viper@yahoo.com.mx<\/a><\/div>\n<\/div>\n","protected":false},"excerpt":{"rendered":"<p>\u00a1Que alguien me explique! Fernando Hern\u00e1ndez Fern\u00e1ndez No tengo ni idea por qu\u00e9 le han pedido la renuncia a Jos\u00e9 Luis Izquierdo Bustamante del Instituto Veracruzano del Deporte. De alg\u00fan modo u otro cumpli\u00f3 el compromiso pactado con el Gobierno del estado hace un a\u00f1o. La entidad regres\u00f3 a los Diez Grandes de la Olimpiada [&hellip;]<\/p>\n","protected":false},"author":1,"featured_media":0,"comment_status":"open","ping_status":"open","sticky":false,"template":"","format":"standard","meta":{"tdm_status":"","tdm_grid_status":"","footnotes":""},"categories":[1],"tags":[],"class_list":{"0":"post-9926","1":"post","2":"type-post","3":"status-publish","4":"format-standard","6":"category-sin-categoria"},"yoast_head":"<!-- This site is optimized with the Yoast SEO plugin v27.4 - https:\/\/yoast.com\/product\/yoast-seo-wordpress\/ -->\n<title>El Marcaje - Los pol\u00edticos Veracruz<\/title>\n<meta name=\"robots\" content=\"index, follow, max-snippet:-1, max-image-preview:large, max-video-preview:-1\" \/>\n<link rel=\"canonical\" href=\"https:\/\/lospoliticosveracruz.com\/?p=9926\" \/>\n<meta property=\"og:locale\" content=\"es_ES\" \/>\n<meta property=\"og:type\" content=\"article\" \/>\n<meta property=\"og:title\" content=\"El Marcaje - Los pol\u00edticos Veracruz\" \/>\n<meta property=\"og:description\" content=\"\u00a1Que alguien me explique! Fernando Hern\u00e1ndez Fern\u00e1ndez No tengo ni idea por qu\u00e9 le han pedido la renuncia a Jos\u00e9 Luis Izquierdo Bustamante del Instituto Veracruzano del Deporte. De alg\u00fan modo u otro cumpli\u00f3 el compromiso pactado con el Gobierno del estado hace un a\u00f1o. La entidad regres\u00f3 a los Diez Grandes de la Olimpiada [&hellip;]\" \/>\n<meta property=\"og:url\" content=\"https:\/\/lospoliticosveracruz.com\/?p=9926\" \/>\n<meta property=\"og:site_name\" content=\"Los pol\u00edticos Veracruz\" \/>\n<meta property=\"article:publisher\" content=\"https:\/\/www.facebook.com\/people\/Notimemes-de-los-Polticos\/61565672886568\/\" \/>\n<meta property=\"article:published_time\" content=\"2007-07-23T15:47:00+00:00\" \/>\n<meta property=\"article:modified_time\" content=\"2014-10-09T03:09:06+00:00\" \/>\n<meta property=\"og:image\" content=\"http:\/\/www.lospoliticosveracruz.com.mx\/wp-content\/uploads\/2007\/07\/Harry-Potter-copia-165x300.jpg\" \/>\n<meta name=\"author\" content=\"lospoladmin\" \/>\n<meta name=\"twitter:card\" content=\"summary_large_image\" \/>\n<meta name=\"twitter:creator\" content=\"@LosPoliticosVer\" \/>\n<meta name=\"twitter:site\" content=\"@LosPoliticosVer\" \/>\n<meta name=\"twitter:label1\" content=\"Escrito por\" \/>\n\t<meta name=\"twitter:data1\" content=\"lospoladmin\" \/>\n\t<meta name=\"twitter:label2\" content=\"Tiempo de lectura\" \/>\n\t<meta name=\"twitter:data2\" content=\"4 minutos\" \/>\n<script type=\"application\/ld+json\" class=\"yoast-schema-graph\">{\"@context\":\"https:\\\/\\\/schema.org\",\"@graph\":[{\"@type\":\"Article\",\"@id\":\"https:\\\/\\\/lospoliticosveracruz.com\\\/?p=9926#article\",\"isPartOf\":{\"@id\":\"https:\\\/\\\/lospoliticosveracruz.com\\\/?p=9926\"},\"author\":{\"name\":\"lospoladmin\",\"@id\":\"https:\\\/\\\/lospoliticosveracruz.com\\\/#\\\/schema\\\/person\\\/c5fee8df75ee4700bd7f8e92859bd696\"},\"headline\":\"El Marcaje\",\"datePublished\":\"2007-07-23T15:47:00+00:00\",\"dateModified\":\"2014-10-09T03:09:06+00:00\",\"mainEntityOfPage\":{\"@id\":\"https:\\\/\\\/lospoliticosveracruz.com\\\/?p=9926\"},\"wordCount\":738,\"commentCount\":0,\"publisher\":{\"@id\":\"https:\\\/\\\/lospoliticosveracruz.com\\\/#organization\"},\"image\":{\"@id\":\"https:\\\/\\\/lospoliticosveracruz.com\\\/?p=9926#primaryimage\"},\"thumbnailUrl\":\"http:\\\/\\\/www.lospoliticosveracruz.com.mx\\\/wp-content\\\/uploads\\\/2007\\\/07\\\/Harry-Potter-copia-165x300.jpg\",\"inLanguage\":\"es\",\"potentialAction\":[{\"@type\":\"CommentAction\",\"name\":\"Comment\",\"target\":[\"https:\\\/\\\/lospoliticosveracruz.com\\\/?p=9926#respond\"]}]},{\"@type\":\"WebPage\",\"@id\":\"https:\\\/\\\/lospoliticosveracruz.com\\\/?p=9926\",\"url\":\"https:\\\/\\\/lospoliticosveracruz.com\\\/?p=9926\",\"name\":\"El Marcaje - Los pol\u00edticos Veracruz\",\"isPartOf\":{\"@id\":\"https:\\\/\\\/lospoliticosveracruz.com\\\/#website\"},\"primaryImageOfPage\":{\"@id\":\"https:\\\/\\\/lospoliticosveracruz.com\\\/?p=9926#primaryimage\"},\"image\":{\"@id\":\"https:\\\/\\\/lospoliticosveracruz.com\\\/?p=9926#primaryimage\"},\"thumbnailUrl\":\"http:\\\/\\\/www.lospoliticosveracruz.com.mx\\\/wp-content\\\/uploads\\\/2007\\\/07\\\/Harry-Potter-copia-165x300.jpg\",\"datePublished\":\"2007-07-23T15:47:00+00:00\",\"dateModified\":\"2014-10-09T03:09:06+00:00\",\"breadcrumb\":{\"@id\":\"https:\\\/\\\/lospoliticosveracruz.com\\\/?p=9926#breadcrumb\"},\"inLanguage\":\"es\",\"potentialAction\":[{\"@type\":\"ReadAction\",\"target\":[\"https:\\\/\\\/lospoliticosveracruz.com\\\/?p=9926\"]}]},{\"@type\":\"ImageObject\",\"inLanguage\":\"es\",\"@id\":\"https:\\\/\\\/lospoliticosveracruz.com\\\/?p=9926#primaryimage\",\"url\":\"http:\\\/\\\/www.lospoliticosveracruz.com.mx\\\/wp-content\\\/uploads\\\/2007\\\/07\\\/Harry-Potter-copia-165x300.jpg\",\"contentUrl\":\"http:\\\/\\\/www.lospoliticosveracruz.com.mx\\\/wp-content\\\/uploads\\\/2007\\\/07\\\/Harry-Potter-copia-165x300.jpg\"},{\"@type\":\"BreadcrumbList\",\"@id\":\"https:\\\/\\\/lospoliticosveracruz.com\\\/?p=9926#breadcrumb\",\"itemListElement\":[{\"@type\":\"ListItem\",\"position\":1,\"name\":\"Portada\",\"item\":\"https:\\\/\\\/lospoliticosveracruz.com\\\/\"},{\"@type\":\"ListItem\",\"position\":2,\"name\":\"El Marcaje\"}]},{\"@type\":\"WebSite\",\"@id\":\"https:\\\/\\\/lospoliticosveracruz.com\\\/#website\",\"url\":\"https:\\\/\\\/lospoliticosveracruz.com\\\/\",\"name\":\"Los pol\u00edticos Veracruz\",\"description\":\"\",\"publisher\":{\"@id\":\"https:\\\/\\\/lospoliticosveracruz.com\\\/#organization\"},\"potentialAction\":[{\"@type\":\"SearchAction\",\"target\":{\"@type\":\"EntryPoint\",\"urlTemplate\":\"https:\\\/\\\/lospoliticosveracruz.com\\\/?s={search_term_string}\"},\"query-input\":{\"@type\":\"PropertyValueSpecification\",\"valueRequired\":true,\"valueName\":\"search_term_string\"}}],\"inLanguage\":\"es\"},{\"@type\":\"Organization\",\"@id\":\"https:\\\/\\\/lospoliticosveracruz.com\\\/#organization\",\"name\":\"Los pol\u00edticos Veracruz\",\"url\":\"https:\\\/\\\/lospoliticosveracruz.com\\\/\",\"logo\":{\"@type\":\"ImageObject\",\"inLanguage\":\"es\",\"@id\":\"https:\\\/\\\/lospoliticosveracruz.com\\\/#\\\/schema\\\/logo\\\/image\\\/\",\"url\":\"https:\\\/\\\/lospoliticosveracruz.com\\\/wp-content\\\/uploads\\\/2025\\\/12\\\/Logo-Nuevo-LOS-POLITICOS-1.jpg\",\"contentUrl\":\"https:\\\/\\\/lospoliticosveracruz.com\\\/wp-content\\\/uploads\\\/2025\\\/12\\\/Logo-Nuevo-LOS-POLITICOS-1.jpg\",\"width\":260,\"height\":70,\"caption\":\"Los pol\u00edticos Veracruz\"},\"image\":{\"@id\":\"https:\\\/\\\/lospoliticosveracruz.com\\\/#\\\/schema\\\/logo\\\/image\\\/\"},\"sameAs\":[\"https:\\\/\\\/www.facebook.com\\\/people\\\/Notimemes-de-los-Polticos\\\/61565672886568\\\/\",\"https:\\\/\\\/x.com\\\/LosPoliticosVer\"]},{\"@type\":\"Person\",\"@id\":\"https:\\\/\\\/lospoliticosveracruz.com\\\/#\\\/schema\\\/person\\\/c5fee8df75ee4700bd7f8e92859bd696\",\"name\":\"lospoladmin\",\"image\":{\"@type\":\"ImageObject\",\"inLanguage\":\"es\",\"@id\":\"https:\\\/\\\/secure.gravatar.com\\\/avatar\\\/f4a468785695515895c4d618820f242e33d3d72a0284244a0fad6d19795cb724?s=96&d=mm&r=g\",\"url\":\"https:\\\/\\\/secure.gravatar.com\\\/avatar\\\/f4a468785695515895c4d618820f242e33d3d72a0284244a0fad6d19795cb724?s=96&d=mm&r=g\",\"contentUrl\":\"https:\\\/\\\/secure.gravatar.com\\\/avatar\\\/f4a468785695515895c4d618820f242e33d3d72a0284244a0fad6d19795cb724?s=96&d=mm&r=g\",\"caption\":\"lospoladmin\"},\"url\":\"https:\\\/\\\/lospoliticosveracruz.com\\\/?author=1\"}]}<\/script>\n<!-- \/ Yoast SEO plugin. -->","yoast_head_json":{"title":"El Marcaje - Los pol\u00edticos Veracruz","robots":{"index":"index","follow":"follow","max-snippet":"max-snippet:-1","max-image-preview":"max-image-preview:large","max-video-preview":"max-video-preview:-1"},"canonical":"https:\/\/lospoliticosveracruz.com\/?p=9926","og_locale":"es_ES","og_type":"article","og_title":"El Marcaje - Los pol\u00edticos Veracruz","og_description":"\u00a1Que alguien me explique! Fernando Hern\u00e1ndez Fern\u00e1ndez No tengo ni idea por qu\u00e9 le han pedido la renuncia a Jos\u00e9 Luis Izquierdo Bustamante del Instituto Veracruzano del Deporte. De alg\u00fan modo u otro cumpli\u00f3 el compromiso pactado con el Gobierno del estado hace un a\u00f1o. La entidad regres\u00f3 a los Diez Grandes de la Olimpiada [&hellip;]","og_url":"https:\/\/lospoliticosveracruz.com\/?p=9926","og_site_name":"Los pol\u00edticos Veracruz","article_publisher":"https:\/\/www.facebook.com\/people\/Notimemes-de-los-Polticos\/61565672886568\/","article_published_time":"2007-07-23T15:47:00+00:00","article_modified_time":"2014-10-09T03:09:06+00:00","og_image":[{"url":"http:\/\/www.lospoliticosveracruz.com.mx\/wp-content\/uploads\/2007\/07\/Harry-Potter-copia-165x300.jpg","type":"","width":"","height":""}],"author":"lospoladmin","twitter_card":"summary_large_image","twitter_creator":"@LosPoliticosVer","twitter_site":"@LosPoliticosVer","twitter_misc":{"Escrito por":"lospoladmin","Tiempo de lectura":"4 minutos"},"schema":{"@context":"https:\/\/schema.org","@graph":[{"@type":"Article","@id":"https:\/\/lospoliticosveracruz.com\/?p=9926#article","isPartOf":{"@id":"https:\/\/lospoliticosveracruz.com\/?p=9926"},"author":{"name":"lospoladmin","@id":"https:\/\/lospoliticosveracruz.com\/#\/schema\/person\/c5fee8df75ee4700bd7f8e92859bd696"},"headline":"El Marcaje","datePublished":"2007-07-23T15:47:00+00:00","dateModified":"2014-10-09T03:09:06+00:00","mainEntityOfPage":{"@id":"https:\/\/lospoliticosveracruz.com\/?p=9926"},"wordCount":738,"commentCount":0,"publisher":{"@id":"https:\/\/lospoliticosveracruz.com\/#organization"},"image":{"@id":"https:\/\/lospoliticosveracruz.com\/?p=9926#primaryimage"},"thumbnailUrl":"http:\/\/www.lospoliticosveracruz.com.mx\/wp-content\/uploads\/2007\/07\/Harry-Potter-copia-165x300.jpg","inLanguage":"es","potentialAction":[{"@type":"CommentAction","name":"Comment","target":["https:\/\/lospoliticosveracruz.com\/?p=9926#respond"]}]},{"@type":"WebPage","@id":"https:\/\/lospoliticosveracruz.com\/?p=9926","url":"https:\/\/lospoliticosveracruz.com\/?p=9926","name":"El Marcaje - Los pol\u00edticos Veracruz","isPartOf":{"@id":"https:\/\/lospoliticosveracruz.com\/#website"},"primaryImageOfPage":{"@id":"https:\/\/lospoliticosveracruz.com\/?p=9926#primaryimage"},"image":{"@id":"https:\/\/lospoliticosveracruz.com\/?p=9926#primaryimage"},"thumbnailUrl":"http:\/\/www.lospoliticosveracruz.com.mx\/wp-content\/uploads\/2007\/07\/Harry-Potter-copia-165x300.jpg","datePublished":"2007-07-23T15:47:00+00:00","dateModified":"2014-10-09T03:09:06+00:00","breadcrumb":{"@id":"https:\/\/lospoliticosveracruz.com\/?p=9926#breadcrumb"},"inLanguage":"es","potentialAction":[{"@type":"ReadAction","target":["https:\/\/lospoliticosveracruz.com\/?p=9926"]}]},{"@type":"ImageObject","inLanguage":"es","@id":"https:\/\/lospoliticosveracruz.com\/?p=9926#primaryimage","url":"http:\/\/www.lospoliticosveracruz.com.mx\/wp-content\/uploads\/2007\/07\/Harry-Potter-copia-165x300.jpg","contentUrl":"http:\/\/www.lospoliticosveracruz.com.mx\/wp-content\/uploads\/2007\/07\/Harry-Potter-copia-165x300.jpg"},{"@type":"BreadcrumbList","@id":"https:\/\/lospoliticosveracruz.com\/?p=9926#breadcrumb","itemListElement":[{"@type":"ListItem","position":1,"name":"Portada","item":"https:\/\/lospoliticosveracruz.com\/"},{"@type":"ListItem","position":2,"name":"El Marcaje"}]},{"@type":"WebSite","@id":"https:\/\/lospoliticosveracruz.com\/#website","url":"https:\/\/lospoliticosveracruz.com\/","name":"Los pol\u00edticos Veracruz","description":"","publisher":{"@id":"https:\/\/lospoliticosveracruz.com\/#organization"},"potentialAction":[{"@type":"SearchAction","target":{"@type":"EntryPoint","urlTemplate":"https:\/\/lospoliticosveracruz.com\/?s={search_term_string}"},"query-input":{"@type":"PropertyValueSpecification","valueRequired":true,"valueName":"search_term_string"}}],"inLanguage":"es"},{"@type":"Organization","@id":"https:\/\/lospoliticosveracruz.com\/#organization","name":"Los pol\u00edticos Veracruz","url":"https:\/\/lospoliticosveracruz.com\/","logo":{"@type":"ImageObject","inLanguage":"es","@id":"https:\/\/lospoliticosveracruz.com\/#\/schema\/logo\/image\/","url":"https:\/\/lospoliticosveracruz.com\/wp-content\/uploads\/2025\/12\/Logo-Nuevo-LOS-POLITICOS-1.jpg","contentUrl":"https:\/\/lospoliticosveracruz.com\/wp-content\/uploads\/2025\/12\/Logo-Nuevo-LOS-POLITICOS-1.jpg","width":260,"height":70,"caption":"Los pol\u00edticos Veracruz"},"image":{"@id":"https:\/\/lospoliticosveracruz.com\/#\/schema\/logo\/image\/"},"sameAs":["https:\/\/www.facebook.com\/people\/Notimemes-de-los-Polticos\/61565672886568\/","https:\/\/x.com\/LosPoliticosVer"]},{"@type":"Person","@id":"https:\/\/lospoliticosveracruz.com\/#\/schema\/person\/c5fee8df75ee4700bd7f8e92859bd696","name":"lospoladmin","image":{"@type":"ImageObject","inLanguage":"es","@id":"https:\/\/secure.gravatar.com\/avatar\/f4a468785695515895c4d618820f242e33d3d72a0284244a0fad6d19795cb724?s=96&d=mm&r=g","url":"https:\/\/secure.gravatar.com\/avatar\/f4a468785695515895c4d618820f242e33d3d72a0284244a0fad6d19795cb724?s=96&d=mm&r=g","contentUrl":"https:\/\/secure.gravatar.com\/avatar\/f4a468785695515895c4d618820f242e33d3d72a0284244a0fad6d19795cb724?s=96&d=mm&r=g","caption":"lospoladmin"},"url":"https:\/\/lospoliticosveracruz.com\/?author=1"}]}},"_links":{"self":[{"href":"https:\/\/lospoliticosveracruz.com\/index.php?rest_route=\/wp\/v2\/posts\/9926","targetHints":{"allow":["GET"]}}],"collection":[{"href":"https:\/\/lospoliticosveracruz.com\/index.php?rest_route=\/wp\/v2\/posts"}],"about":[{"href":"https:\/\/lospoliticosveracruz.com\/index.php?rest_route=\/wp\/v2\/types\/post"}],"author":[{"embeddable":true,"href":"https:\/\/lospoliticosveracruz.com\/index.php?rest_route=\/wp\/v2\/users\/1"}],"replies":[{"embeddable":true,"href":"https:\/\/lospoliticosveracruz.com\/index.php?rest_route=%2Fwp%2Fv2%2Fcomments&post=9926"}],"version-history":[{"count":0,"href":"https:\/\/lospoliticosveracruz.com\/index.php?rest_route=\/wp\/v2\/posts\/9926\/revisions"}],"wp:attachment":[{"href":"https:\/\/lospoliticosveracruz.com\/index.php?rest_route=%2Fwp%2Fv2%2Fmedia&parent=9926"}],"wp:term":[{"taxonomy":"category","embeddable":true,"href":"https:\/\/lospoliticosveracruz.com\/index.php?rest_route=%2Fwp%2Fv2%2Fcategories&post=9926"},{"taxonomy":"post_tag","embeddable":true,"href":"https:\/\/lospoliticosveracruz.com\/index.php?rest_route=%2Fwp%2Fv2%2Ftags&post=9926"}],"curies":[{"name":"wp","href":"https:\/\/api.w.org\/{rel}","templated":true}]}}