{"id":99321,"date":"2022-12-01T17:22:32","date_gmt":"2022-12-01T23:22:32","guid":{"rendered":"https:\/\/lospoliticosveracruz.com.mx\/?p=99321"},"modified":"2022-12-01T17:22:38","modified_gmt":"2022-12-01T23:22:38","slug":"se-acabo-el-sueno-mundialista","status":"publish","type":"post","link":"https:\/\/lospoliticosveracruz.com\/?p=99321","title":{"rendered":"SE ACAB\u00d3 EL SUE\u00d1O MUNDIALISTA&nbsp;"},"content":{"rendered":"\n<p><strong>Emilio C\u00e1rdenas Escobosa\u00a0<\/strong><\/p>\n\n\n\n<p><em>De Inter\u00e9s P\u00fablico\u00a0<\/em><\/p>\n\n\n\n<p>Termin\u00f3 la ilusi\u00f3n colectiva. La Selecci\u00f3n Mexicana de Futbol qued\u00f3 eliminado de la Copa del Mundo Qatar 2022. Por primera vez desde Argentina 1978, el Tri se despide de un Mundial sin superar la Fase de Grupos. El combinado nacional recuper\u00f3 el gol demasiado tarde, en el juego contra Arabia Saudita, pero se qued\u00f3 en la orilla de un milagro en Medio Oriente que todo el pa\u00eds esperaba.\u00a0\u00a0<br><\/p>\n\n\n\n<figure class=\"wp-block-image size-full\"><a href=\"https:\/\/lospoliticosveracruz.com.mx\/wp-content\/uploads\/2022\/05\/Seguro-Julio-Cerecedo.jpg\"><img decoding=\"async\" src=\"https:\/\/lospoliticosveracruz.com.mx\/wp-content\/uploads\/2022\/05\/Seguro-Julio-Cerecedo.jpg\" alt=\"\" class=\"wp-image-90414\"\/><\/a><\/figure>\n\n\n\n<p>Esta eliminaci\u00f3n es un desastre que se ve\u00eda venir desde hace tiempo y pese a que se buscaba conjurar esa posibilidad, se rompi\u00f3 la racha de siete Mundiales de forma ininterrumpida con clasificaci\u00f3n a octavos de final.&nbsp;<\/p>\n\n\n\n<p>Despertamos del sue\u00f1o y volvemos a nuestra frustrante realidad.&nbsp;<\/p>\n\n\n\n<p>Porque M\u00e9xico es un pa\u00eds \u00e1vido de buenas noticias, de triunfos, de alegr\u00edas en medio de nuestra cotidianeidad marcada por la inseguridad y la violencia, las promesas de los pol\u00edticos, el des\u00e1nimo, el hartazgo ante la corrupci\u00f3n y la simulaci\u00f3n de los gobiernos, el enojo social por nuestras lacras del d\u00eda a d\u00eda, potenciadas hoy por la guerra sin cuartel que libran los bandos en pugna en una naci\u00f3n polarizada y dividida.&nbsp;&nbsp;<\/p>\n\n\n\n<p>Ese es el m\u00e9rito del balompi\u00e9: representa una acabada forma de catarsis social en la que, si no siempre gana nuestro equipo favorito, el juego nos permite so\u00f1ar en que en el pr\u00f3ximo partido es posible cambiar, con determinaci\u00f3n y coraje, las derrotas por victorias. Nos da la posibilidad de imaginar, aunque sea por un mes, el tiempo que dura el Mundial de F\u00fatbol, de que M\u00e9xico har\u00e1 historia, de que los jugadores nos dar\u00e1n la dicha inmensa de brindar su mejor participaci\u00f3n en ese torneo internacional.&nbsp;<\/p>\n\n\n\n<p>Por eso lo sucedido en Qatar duele, porque pese a que no somos ilusos albergamos en nuestros corazones la expectativa de que ahora s\u00ed el seleccionado nacional trascienda.&nbsp;<\/p>\n\n\n\n<p>Fue un fracaso m\u00e1s que de los jugadores, de los federativos que escogieron a un t\u00e9cnico que jam\u00e1s conect\u00f3 con la afici\u00f3n, que actu\u00f3 con incongruencia a la hora de escoger a los jugadores id\u00f3neos o de plantear la estrategia en cada encuentro. Gerardo El Tata Martino es sin duda uno de los responsables de la debacle y de esta terrible frustraci\u00f3n. Pero no es el \u00fanico ni el m\u00e1s importante: Mikel Arriola, presidente de la Liga MX, y Yon de Luisa, titular de la Federaci\u00f3n Mexicana de Futbol, son tan responsables y deben rendir cuentas.&nbsp;&nbsp;<\/p>\n\n\n\n<p>Porque sabemos que mientras siga prevaleciendo el inter\u00e9s de las televisoras por encima del futbol y la competencia deportiva tenga menos importancia que el hacer dinero con la marca, regal\u00edas y patrocinios del Tricolor, nuestro balompi\u00e9 seguir\u00e1 desilusionando a la fanaticada mexicana que sufre mundial tras mundial y competencia tras competencia.&nbsp;<\/p>\n\n\n\n<p>T\u00e9cnicos van y t\u00e9cnicos vienen y el f\u00fatbol mexicano a nivel de selecciones nacionales no avanza. Se apunta que entre los problemas que arrastra el f\u00fatbol mexicano est\u00e1 la implementaci\u00f3n de din\u00e1micas como el repechaje, la eliminaci\u00f3n del ascenso y descenso, el elevado n\u00famero de plazas para jugadores extranjeros en la liga o el abandono de los torneos sudamericanos como la Copa Am\u00e9rica y Libertadores, cert\u00e1menes que ayudaba a los planteles y jugadores del futbol mexicano a tener mejor nivel.&nbsp;&nbsp;<\/p>\n\n\n\n<p>Ahora, \u00bfqu\u00e9 sigue? El proceso de selecci\u00f3n de un nuevo timonel que ya est\u00e1 en marcha, a la espera de designarlo a inicios del 2023 para el proceso que habr\u00e1 de llevar al combinado al Mundial 2026 que se disputar\u00e1 en nuestro pa\u00eds, adem\u00e1s de Estados Unidos y Canad\u00e1.&nbsp;<\/p>\n\n\n\n<p>Ojal\u00e1 el fracaso en Qatar sacuda el orden establecido en el f\u00fatbol mexicano. Es lo menos que merece la leal y frustrada afici\u00f3n mexicana.&nbsp;<\/p>\n\n\n\n<p>Porque los once jugadores que saltan a la cancha en los mundiales llevan en sus botines y en sus playeras la carga del honor patrio, de traer a M\u00e9xico los mejores resultados, de jugar el quinto partido, de honrar la bandera que el presidente puso en sus manos. Son nuestros h\u00e9roes de un ratito, la oncena que concentra las aspiraciones de un futuro de grandeza, s\u00edmbolo temporal de la naci\u00f3n, y, desde luego, el distractor m\u00e1s a la mano de los agobios cotidianos, de la frustrante tarea de tratar de entender los temas dif\u00edciles, el mejor espect\u00e1culo para no aburrirnos con discusiones y peroratas sobre el rumbo del pa\u00eds, para obviar las insufribles disputas de los pol\u00edticos.&nbsp;<\/p>\n\n\n\n<p>Algo tendr\u00e1que hacerse y en serio, puesto que si algo tiene el f\u00fatbol es que nos une, creamos lo que creamos, militemos donde militemos, pr\u00e1cticamente todos nos vemos envueltos en esa loca pasi\u00f3n por este inabarcable fen\u00f3meno de masas, que nos ofrece la esperanza e identidad que, las m\u00e1s de las veces, no reconocemos en la pol\u00edtica y menos en los pol\u00edticos.&nbsp;<\/p>\n\n\n\n<p>jecesco@hotmail.com&nbsp;<\/p>\n\n\n\n<p>www.deinterespublico.com<\/p>\n\n\n\n<p><\/p>\n","protected":false},"excerpt":{"rendered":"<p>Emilio C\u00e1rdenas Escobosa\u00a0 De Inter\u00e9s P\u00fablico\u00a0 Termin\u00f3 la ilusi\u00f3n colectiva. La Selecci\u00f3n Mexicana de Futbol qued\u00f3 eliminado de la Copa del Mundo Qatar 2022. Por primera vez desde Argentina 1978, el Tri se despide de un Mundial sin superar la Fase de Grupos. El combinado nacional recuper\u00f3 el gol demasiado tarde, en el juego contra [&hellip;]<\/p>\n","protected":false},"author":2,"featured_media":0,"comment_status":"closed","ping_status":"closed","sticky":false,"template":"","format":"standard","meta":{"tdm_status":"","tdm_grid_status":"","footnotes":""},"categories":[70],"tags":[618,1432,1026],"class_list":{"0":"post-99321","1":"post","2":"type-post","3":"status-publish","4":"format-standard","6":"category-de-opinion","7":"tag-andres-manuel-lopez-obrador","8":"tag-emilio-cardenas-escobosa","9":"tag-morena"},"yoast_head":"<!-- This site is optimized with the Yoast SEO plugin v27.4 - https:\/\/yoast.com\/product\/yoast-seo-wordpress\/ -->\n<title>SE ACAB\u00d3 EL SUE\u00d1O MUNDIALISTA&nbsp; - Los pol\u00edticos Veracruz<\/title>\n<meta name=\"robots\" content=\"index, follow, max-snippet:-1, max-image-preview:large, max-video-preview:-1\" \/>\n<link rel=\"canonical\" href=\"https:\/\/lospoliticosveracruz.com\/?p=99321\" \/>\n<meta property=\"og:locale\" content=\"es_ES\" \/>\n<meta property=\"og:type\" content=\"article\" \/>\n<meta property=\"og:title\" content=\"SE ACAB\u00d3 EL SUE\u00d1O MUNDIALISTA&nbsp; - Los pol\u00edticos Veracruz\" \/>\n<meta property=\"og:description\" content=\"Emilio C\u00e1rdenas Escobosa\u00a0 De Inter\u00e9s P\u00fablico\u00a0 Termin\u00f3 la ilusi\u00f3n colectiva. La Selecci\u00f3n Mexicana de Futbol qued\u00f3 eliminado de la Copa del Mundo Qatar 2022. Por primera vez desde Argentina 1978, el Tri se despide de un Mundial sin superar la Fase de Grupos. El combinado nacional recuper\u00f3 el gol demasiado tarde, en el juego contra [&hellip;]\" \/>\n<meta property=\"og:url\" content=\"https:\/\/lospoliticosveracruz.com\/?p=99321\" \/>\n<meta property=\"og:site_name\" content=\"Los pol\u00edticos Veracruz\" \/>\n<meta property=\"article:publisher\" content=\"https:\/\/www.facebook.com\/people\/Notimemes-de-los-Polticos\/61565672886568\/\" \/>\n<meta property=\"article:published_time\" content=\"2022-12-01T23:22:32+00:00\" \/>\n<meta property=\"article:modified_time\" content=\"2022-12-01T23:22:38+00:00\" \/>\n<meta property=\"og:image\" content=\"https:\/\/lospoliticosveracruz.com.mx\/wp-content\/uploads\/2022\/05\/Seguro-Julio-Cerecedo.jpg\" \/>\n<meta name=\"author\" content=\"Lo viste en Los Pol\u00edticos\" \/>\n<meta name=\"twitter:card\" content=\"summary_large_image\" \/>\n<meta name=\"twitter:creator\" content=\"@LosPoliticosVer\" \/>\n<meta name=\"twitter:site\" content=\"@LosPoliticosVer\" \/>\n<meta name=\"twitter:label1\" content=\"Escrito por\" \/>\n\t<meta name=\"twitter:data1\" content=\"Lo viste en Los Pol\u00edticos\" \/>\n\t<meta name=\"twitter:label2\" content=\"Tiempo de lectura\" \/>\n\t<meta name=\"twitter:data2\" content=\"4 minutos\" \/>\n<script type=\"application\/ld+json\" class=\"yoast-schema-graph\">{\"@context\":\"https:\\\/\\\/schema.org\",\"@graph\":[{\"@type\":\"Article\",\"@id\":\"https:\\\/\\\/lospoliticosveracruz.com\\\/?p=99321#article\",\"isPartOf\":{\"@id\":\"https:\\\/\\\/lospoliticosveracruz.com\\\/?p=99321\"},\"author\":{\"name\":\"Lo viste en Los Pol\u00edticos\",\"@id\":\"https:\\\/\\\/lospoliticosveracruz.com\\\/#\\\/schema\\\/person\\\/b8702bb0e538456e6efd07080bf2a4a2\"},\"headline\":\"SE ACAB\u00d3 EL SUE\u00d1O MUNDIALISTA&nbsp;\",\"datePublished\":\"2022-12-01T23:22:32+00:00\",\"dateModified\":\"2022-12-01T23:22:38+00:00\",\"mainEntityOfPage\":{\"@id\":\"https:\\\/\\\/lospoliticosveracruz.com\\\/?p=99321\"},\"wordCount\":881,\"publisher\":{\"@id\":\"https:\\\/\\\/lospoliticosveracruz.com\\\/#organization\"},\"image\":{\"@id\":\"https:\\\/\\\/lospoliticosveracruz.com\\\/?p=99321#primaryimage\"},\"thumbnailUrl\":\"https:\\\/\\\/lospoliticosveracruz.com.mx\\\/wp-content\\\/uploads\\\/2022\\\/05\\\/Seguro-Julio-Cerecedo.jpg\",\"keywords\":[\"Andr\u00e9s Manuel L\u00f3pez Obrador\",\"Emilio C\u00e1rdenas Escobosa\",\"Morena\"],\"articleSection\":[\"De Opini\u00f3n\"],\"inLanguage\":\"es\"},{\"@type\":\"WebPage\",\"@id\":\"https:\\\/\\\/lospoliticosveracruz.com\\\/?p=99321\",\"url\":\"https:\\\/\\\/lospoliticosveracruz.com\\\/?p=99321\",\"name\":\"SE ACAB\u00d3 EL SUE\u00d1O MUNDIALISTA&nbsp; - Los pol\u00edticos Veracruz\",\"isPartOf\":{\"@id\":\"https:\\\/\\\/lospoliticosveracruz.com\\\/#website\"},\"primaryImageOfPage\":{\"@id\":\"https:\\\/\\\/lospoliticosveracruz.com\\\/?p=99321#primaryimage\"},\"image\":{\"@id\":\"https:\\\/\\\/lospoliticosveracruz.com\\\/?p=99321#primaryimage\"},\"thumbnailUrl\":\"https:\\\/\\\/lospoliticosveracruz.com.mx\\\/wp-content\\\/uploads\\\/2022\\\/05\\\/Seguro-Julio-Cerecedo.jpg\",\"datePublished\":\"2022-12-01T23:22:32+00:00\",\"dateModified\":\"2022-12-01T23:22:38+00:00\",\"breadcrumb\":{\"@id\":\"https:\\\/\\\/lospoliticosveracruz.com\\\/?p=99321#breadcrumb\"},\"inLanguage\":\"es\",\"potentialAction\":[{\"@type\":\"ReadAction\",\"target\":[\"https:\\\/\\\/lospoliticosveracruz.com\\\/?p=99321\"]}]},{\"@type\":\"ImageObject\",\"inLanguage\":\"es\",\"@id\":\"https:\\\/\\\/lospoliticosveracruz.com\\\/?p=99321#primaryimage\",\"url\":\"https:\\\/\\\/lospoliticosveracruz.com.mx\\\/wp-content\\\/uploads\\\/2022\\\/05\\\/Seguro-Julio-Cerecedo.jpg\",\"contentUrl\":\"https:\\\/\\\/lospoliticosveracruz.com.mx\\\/wp-content\\\/uploads\\\/2022\\\/05\\\/Seguro-Julio-Cerecedo.jpg\"},{\"@type\":\"BreadcrumbList\",\"@id\":\"https:\\\/\\\/lospoliticosveracruz.com\\\/?p=99321#breadcrumb\",\"itemListElement\":[{\"@type\":\"ListItem\",\"position\":1,\"name\":\"Portada\",\"item\":\"https:\\\/\\\/lospoliticosveracruz.com\\\/\"},{\"@type\":\"ListItem\",\"position\":2,\"name\":\"SE ACAB\u00d3 EL SUE\u00d1O MUNDIALISTA&nbsp;\"}]},{\"@type\":\"WebSite\",\"@id\":\"https:\\\/\\\/lospoliticosveracruz.com\\\/#website\",\"url\":\"https:\\\/\\\/lospoliticosveracruz.com\\\/\",\"name\":\"Los pol\u00edticos Veracruz\",\"description\":\"\",\"publisher\":{\"@id\":\"https:\\\/\\\/lospoliticosveracruz.com\\\/#organization\"},\"potentialAction\":[{\"@type\":\"SearchAction\",\"target\":{\"@type\":\"EntryPoint\",\"urlTemplate\":\"https:\\\/\\\/lospoliticosveracruz.com\\\/?s={search_term_string}\"},\"query-input\":{\"@type\":\"PropertyValueSpecification\",\"valueRequired\":true,\"valueName\":\"search_term_string\"}}],\"inLanguage\":\"es\"},{\"@type\":\"Organization\",\"@id\":\"https:\\\/\\\/lospoliticosveracruz.com\\\/#organization\",\"name\":\"Los pol\u00edticos Veracruz\",\"url\":\"https:\\\/\\\/lospoliticosveracruz.com\\\/\",\"logo\":{\"@type\":\"ImageObject\",\"inLanguage\":\"es\",\"@id\":\"https:\\\/\\\/lospoliticosveracruz.com\\\/#\\\/schema\\\/logo\\\/image\\\/\",\"url\":\"https:\\\/\\\/lospoliticosveracruz.com\\\/wp-content\\\/uploads\\\/2025\\\/12\\\/Logo-Nuevo-LOS-POLITICOS-1.jpg\",\"contentUrl\":\"https:\\\/\\\/lospoliticosveracruz.com\\\/wp-content\\\/uploads\\\/2025\\\/12\\\/Logo-Nuevo-LOS-POLITICOS-1.jpg\",\"width\":260,\"height\":70,\"caption\":\"Los pol\u00edticos Veracruz\"},\"image\":{\"@id\":\"https:\\\/\\\/lospoliticosveracruz.com\\\/#\\\/schema\\\/logo\\\/image\\\/\"},\"sameAs\":[\"https:\\\/\\\/www.facebook.com\\\/people\\\/Notimemes-de-los-Polticos\\\/61565672886568\\\/\",\"https:\\\/\\\/x.com\\\/LosPoliticosVer\"]},{\"@type\":\"Person\",\"@id\":\"https:\\\/\\\/lospoliticosveracruz.com\\\/#\\\/schema\\\/person\\\/b8702bb0e538456e6efd07080bf2a4a2\",\"name\":\"Lo viste en Los Pol\u00edticos\",\"image\":{\"@type\":\"ImageObject\",\"inLanguage\":\"es\",\"@id\":\"https:\\\/\\\/secure.gravatar.com\\\/avatar\\\/3a8de04a2656d44082be478bd6c086daa447c4651605818287b9532d3d0bd435?s=96&d=mm&r=g\",\"url\":\"https:\\\/\\\/secure.gravatar.com\\\/avatar\\\/3a8de04a2656d44082be478bd6c086daa447c4651605818287b9532d3d0bd435?s=96&d=mm&r=g\",\"contentUrl\":\"https:\\\/\\\/secure.gravatar.com\\\/avatar\\\/3a8de04a2656d44082be478bd6c086daa447c4651605818287b9532d3d0bd435?s=96&d=mm&r=g\",\"caption\":\"Lo viste en Los Pol\u00edticos\"},\"url\":\"https:\\\/\\\/lospoliticosveracruz.com\\\/?author=2\"}]}<\/script>\n<!-- \/ Yoast SEO plugin. -->","yoast_head_json":{"title":"SE ACAB\u00d3 EL SUE\u00d1O MUNDIALISTA&nbsp; - Los pol\u00edticos Veracruz","robots":{"index":"index","follow":"follow","max-snippet":"max-snippet:-1","max-image-preview":"max-image-preview:large","max-video-preview":"max-video-preview:-1"},"canonical":"https:\/\/lospoliticosveracruz.com\/?p=99321","og_locale":"es_ES","og_type":"article","og_title":"SE ACAB\u00d3 EL SUE\u00d1O MUNDIALISTA&nbsp; - Los pol\u00edticos Veracruz","og_description":"Emilio C\u00e1rdenas Escobosa\u00a0 De Inter\u00e9s P\u00fablico\u00a0 Termin\u00f3 la ilusi\u00f3n colectiva. La Selecci\u00f3n Mexicana de Futbol qued\u00f3 eliminado de la Copa del Mundo Qatar 2022. Por primera vez desde Argentina 1978, el Tri se despide de un Mundial sin superar la Fase de Grupos. El combinado nacional recuper\u00f3 el gol demasiado tarde, en el juego contra [&hellip;]","og_url":"https:\/\/lospoliticosveracruz.com\/?p=99321","og_site_name":"Los pol\u00edticos Veracruz","article_publisher":"https:\/\/www.facebook.com\/people\/Notimemes-de-los-Polticos\/61565672886568\/","article_published_time":"2022-12-01T23:22:32+00:00","article_modified_time":"2022-12-01T23:22:38+00:00","og_image":[{"url":"https:\/\/lospoliticosveracruz.com.mx\/wp-content\/uploads\/2022\/05\/Seguro-Julio-Cerecedo.jpg","type":"","width":"","height":""}],"author":"Lo viste en Los Pol\u00edticos","twitter_card":"summary_large_image","twitter_creator":"@LosPoliticosVer","twitter_site":"@LosPoliticosVer","twitter_misc":{"Escrito por":"Lo viste en Los Pol\u00edticos","Tiempo de lectura":"4 minutos"},"schema":{"@context":"https:\/\/schema.org","@graph":[{"@type":"Article","@id":"https:\/\/lospoliticosveracruz.com\/?p=99321#article","isPartOf":{"@id":"https:\/\/lospoliticosveracruz.com\/?p=99321"},"author":{"name":"Lo viste en Los Pol\u00edticos","@id":"https:\/\/lospoliticosveracruz.com\/#\/schema\/person\/b8702bb0e538456e6efd07080bf2a4a2"},"headline":"SE ACAB\u00d3 EL SUE\u00d1O MUNDIALISTA&nbsp;","datePublished":"2022-12-01T23:22:32+00:00","dateModified":"2022-12-01T23:22:38+00:00","mainEntityOfPage":{"@id":"https:\/\/lospoliticosveracruz.com\/?p=99321"},"wordCount":881,"publisher":{"@id":"https:\/\/lospoliticosveracruz.com\/#organization"},"image":{"@id":"https:\/\/lospoliticosveracruz.com\/?p=99321#primaryimage"},"thumbnailUrl":"https:\/\/lospoliticosveracruz.com.mx\/wp-content\/uploads\/2022\/05\/Seguro-Julio-Cerecedo.jpg","keywords":["Andr\u00e9s Manuel L\u00f3pez Obrador","Emilio C\u00e1rdenas Escobosa","Morena"],"articleSection":["De Opini\u00f3n"],"inLanguage":"es"},{"@type":"WebPage","@id":"https:\/\/lospoliticosveracruz.com\/?p=99321","url":"https:\/\/lospoliticosveracruz.com\/?p=99321","name":"SE ACAB\u00d3 EL SUE\u00d1O MUNDIALISTA&nbsp; - Los pol\u00edticos Veracruz","isPartOf":{"@id":"https:\/\/lospoliticosveracruz.com\/#website"},"primaryImageOfPage":{"@id":"https:\/\/lospoliticosveracruz.com\/?p=99321#primaryimage"},"image":{"@id":"https:\/\/lospoliticosveracruz.com\/?p=99321#primaryimage"},"thumbnailUrl":"https:\/\/lospoliticosveracruz.com.mx\/wp-content\/uploads\/2022\/05\/Seguro-Julio-Cerecedo.jpg","datePublished":"2022-12-01T23:22:32+00:00","dateModified":"2022-12-01T23:22:38+00:00","breadcrumb":{"@id":"https:\/\/lospoliticosveracruz.com\/?p=99321#breadcrumb"},"inLanguage":"es","potentialAction":[{"@type":"ReadAction","target":["https:\/\/lospoliticosveracruz.com\/?p=99321"]}]},{"@type":"ImageObject","inLanguage":"es","@id":"https:\/\/lospoliticosveracruz.com\/?p=99321#primaryimage","url":"https:\/\/lospoliticosveracruz.com.mx\/wp-content\/uploads\/2022\/05\/Seguro-Julio-Cerecedo.jpg","contentUrl":"https:\/\/lospoliticosveracruz.com.mx\/wp-content\/uploads\/2022\/05\/Seguro-Julio-Cerecedo.jpg"},{"@type":"BreadcrumbList","@id":"https:\/\/lospoliticosveracruz.com\/?p=99321#breadcrumb","itemListElement":[{"@type":"ListItem","position":1,"name":"Portada","item":"https:\/\/lospoliticosveracruz.com\/"},{"@type":"ListItem","position":2,"name":"SE ACAB\u00d3 EL SUE\u00d1O MUNDIALISTA&nbsp;"}]},{"@type":"WebSite","@id":"https:\/\/lospoliticosveracruz.com\/#website","url":"https:\/\/lospoliticosveracruz.com\/","name":"Los pol\u00edticos Veracruz","description":"","publisher":{"@id":"https:\/\/lospoliticosveracruz.com\/#organization"},"potentialAction":[{"@type":"SearchAction","target":{"@type":"EntryPoint","urlTemplate":"https:\/\/lospoliticosveracruz.com\/?s={search_term_string}"},"query-input":{"@type":"PropertyValueSpecification","valueRequired":true,"valueName":"search_term_string"}}],"inLanguage":"es"},{"@type":"Organization","@id":"https:\/\/lospoliticosveracruz.com\/#organization","name":"Los pol\u00edticos Veracruz","url":"https:\/\/lospoliticosveracruz.com\/","logo":{"@type":"ImageObject","inLanguage":"es","@id":"https:\/\/lospoliticosveracruz.com\/#\/schema\/logo\/image\/","url":"https:\/\/lospoliticosveracruz.com\/wp-content\/uploads\/2025\/12\/Logo-Nuevo-LOS-POLITICOS-1.jpg","contentUrl":"https:\/\/lospoliticosveracruz.com\/wp-content\/uploads\/2025\/12\/Logo-Nuevo-LOS-POLITICOS-1.jpg","width":260,"height":70,"caption":"Los pol\u00edticos Veracruz"},"image":{"@id":"https:\/\/lospoliticosveracruz.com\/#\/schema\/logo\/image\/"},"sameAs":["https:\/\/www.facebook.com\/people\/Notimemes-de-los-Polticos\/61565672886568\/","https:\/\/x.com\/LosPoliticosVer"]},{"@type":"Person","@id":"https:\/\/lospoliticosveracruz.com\/#\/schema\/person\/b8702bb0e538456e6efd07080bf2a4a2","name":"Lo viste en Los Pol\u00edticos","image":{"@type":"ImageObject","inLanguage":"es","@id":"https:\/\/secure.gravatar.com\/avatar\/3a8de04a2656d44082be478bd6c086daa447c4651605818287b9532d3d0bd435?s=96&d=mm&r=g","url":"https:\/\/secure.gravatar.com\/avatar\/3a8de04a2656d44082be478bd6c086daa447c4651605818287b9532d3d0bd435?s=96&d=mm&r=g","contentUrl":"https:\/\/secure.gravatar.com\/avatar\/3a8de04a2656d44082be478bd6c086daa447c4651605818287b9532d3d0bd435?s=96&d=mm&r=g","caption":"Lo viste en Los Pol\u00edticos"},"url":"https:\/\/lospoliticosveracruz.com\/?author=2"}]}},"_links":{"self":[{"href":"https:\/\/lospoliticosveracruz.com\/index.php?rest_route=\/wp\/v2\/posts\/99321","targetHints":{"allow":["GET"]}}],"collection":[{"href":"https:\/\/lospoliticosveracruz.com\/index.php?rest_route=\/wp\/v2\/posts"}],"about":[{"href":"https:\/\/lospoliticosveracruz.com\/index.php?rest_route=\/wp\/v2\/types\/post"}],"author":[{"embeddable":true,"href":"https:\/\/lospoliticosveracruz.com\/index.php?rest_route=\/wp\/v2\/users\/2"}],"replies":[{"embeddable":true,"href":"https:\/\/lospoliticosveracruz.com\/index.php?rest_route=%2Fwp%2Fv2%2Fcomments&post=99321"}],"version-history":[{"count":1,"href":"https:\/\/lospoliticosveracruz.com\/index.php?rest_route=\/wp\/v2\/posts\/99321\/revisions"}],"predecessor-version":[{"id":99322,"href":"https:\/\/lospoliticosveracruz.com\/index.php?rest_route=\/wp\/v2\/posts\/99321\/revisions\/99322"}],"wp:attachment":[{"href":"https:\/\/lospoliticosveracruz.com\/index.php?rest_route=%2Fwp%2Fv2%2Fmedia&parent=99321"}],"wp:term":[{"taxonomy":"category","embeddable":true,"href":"https:\/\/lospoliticosveracruz.com\/index.php?rest_route=%2Fwp%2Fv2%2Fcategories&post=99321"},{"taxonomy":"post_tag","embeddable":true,"href":"https:\/\/lospoliticosveracruz.com\/index.php?rest_route=%2Fwp%2Fv2%2Ftags&post=99321"}],"curies":[{"name":"wp","href":"https:\/\/api.w.org\/{rel}","templated":true}]}}