{"id":99326,"date":"2022-12-01T18:42:17","date_gmt":"2022-12-02T00:42:17","guid":{"rendered":"https:\/\/lospoliticosveracruz.com.mx\/?p=99326"},"modified":"2022-12-01T18:42:24","modified_gmt":"2022-12-02T00:42:24","slug":"ley-monse-revanchismo","status":"publish","type":"post","link":"https:\/\/lospoliticosveracruz.com\/?p=99326","title":{"rendered":"LEY MONSE: REVANCHISMO?"},"content":{"rendered":"\n<p><strong>Salvador Mu\u00f1oz<\/strong><\/p>\n\n\n\n<p><em>Los Pol\u00edticos<\/em><\/p>\n\n\n\n<p>\u00bfPor qu\u00e9 Morena no quiso enlistar la Ley Monse para ser votada?<\/p>\n\n\n\n<p>Cuando Anil\u00fa Ingram Vallines en Tribuna se dirigi\u00f3 a la bancada de Morena y les dijo que no es una Ley de la Oposici\u00f3n, sino ciudadana, de la sociedad, de mujeres que anhelan justicia para Monse y su familia, estaba claro que ella apostaba a que el impedimento de que la Ley Monse no hubiera llegado este jueves al consenso legislativo, era por un tema de partido\u2026<\/p>\n\n\n\n<figure class=\"wp-block-embed is-type-video is-provider-youtube wp-block-embed-youtube wp-embed-aspect-16-9 wp-has-aspect-ratio\"><div class=\"wp-block-embed__wrapper\">\n<iframe loading=\"lazy\" title=\"Cluster Coworking\" width=\"696\" height=\"392\" src=\"https:\/\/www.youtube.com\/embed\/Nxe-vxf8GuY?feature=oembed\" frameborder=\"0\" allow=\"accelerometer; autoplay; clipboard-write; encrypted-media; gyroscope; picture-in-picture; web-share\" referrerpolicy=\"strict-origin-when-cross-origin\" allowfullscreen><\/iframe>\n<\/div><\/figure>\n\n\n\n<p>II<\/p>\n\n\n\n<p>Un pedazo de discurso\u2026 as\u00ed calific\u00f3 Miguel Hermida Copado, diputado del PAN, lo dicho por Anil\u00fa, cuando el porte\u00f1o pas\u00f3 a Tribuna, luego de que To\u00f1o Luna, legislador por Morena, ocupara \u00e9sta para quejarse del papel que la oposici\u00f3n hac\u00eda durante las comparecencias que m\u00e1s o menos resumimos as\u00ed: no llegan al informe del secretario de despacho y se hacen presentes cuando toca el momento de cuestionar y como que hacen preguntas que no tienen que ver con el Informe\u2026 en pocas palabras: la Oposici\u00f3n maltrata al compareciente\u2026<\/p>\n\n\n\n<p>III<\/p>\n\n\n\n<p>Tanto esta semana como la anterior, hab\u00eda observado el papel que la Oposici\u00f3n hac\u00eda durante las comparecencias. Ya fuera el PAN, Movimiento Ciudadano y el PRI. A la bancada tricolor la califiqu\u00e9 como Francotiradores, por cada tiro de precisi\u00f3n que daban cuando les correspond\u00eda intervenir con sus severos cuestionamientos, algunos de ellos incluso, se quedaron sin respuesta de acuerdo a lo comentado por Marlon Ram\u00edrez Mar\u00edn.<\/p>\n\n\n\n<p>Justo es calificar el papel de los diputados del PT, en especial de Jos\u00e9 Tehuintle Xocua, quien se ve muy preocupado por su papel como representante del distrito de Zongolica.<\/p>\n\n\n\n<p>Luego entonces, es claro que durante estas intervenciones, son los cuestionamientos del PRI a los secretarios, los que se convierten en ese golpe en el dedo chiquito del pie con la pata de la cama\u2026 o ese artero puntapi\u00e9 en la espinilla\u2026 o ese granito en la nariz que no brota pero ah\u00ed est\u00e1 \u00a1y duele!<\/p>\n\n\n\n<p>IV<\/p>\n\n\n\n<p>Al Punto de Acuerdo que present\u00f3 la diputada Anil\u00fa, donde extern\u00f3 la indignaci\u00f3n de todos, la de los colectivos, la de asociaciones, la de todos los que participaron en la creaci\u00f3n de esta propuesta de Ley, la de la Familia de Monse y la de tantas y tantas familias Monses que han sufrido la p\u00e9rdida de una hija, de una madre, de una nieta, de una hermana, se sumaron los panistas, los de Movimiento Ciudadano, Citlali Medell\u00edn Careaga (una de las dos diputadas del PVEM), el diputado de Fuerza por M\u00e9xico, y el profe Ram\u00f3n D\u00edaz \u00c1vila, quien tuvo el valor de reconocer que es aliado de la Cuarta Transformaci\u00f3n, pero apoy\u00f3 desde el inicio esta Iniciativa de Ley y lo congruente es seguir apoy\u00e1ndola\u2026 eso es tener, y no s\u00f3lo de adorno\u2026<\/p>\n\n\n\n<p>V<\/p>\n\n\n\n<p>La defensa de Morena por parte de Illya Escobar Mart\u00ednez, tratando de excusar la omisi\u00f3n de la Ley Monse, estuvo m\u00e1s d\u00e9bil que la de Costa Rica ante Espa\u00f1a\u2026 que la quisieron dejar en manos del Senado, recordando que hay una propuesta de reforma al C\u00f3digo Penal sobre este sentido y quieren evitar que vaya diferente la que aprueben en la C\u00e1mara Alta con la de ac\u00e1\u2026 pero hay un ligero detalle: A los morenos se les olvid\u00f3 que cada Congreso, y por ende, cada entidad, son aut\u00f3nomos\u2026 bien lo respondi\u00f3 Anil\u00fa: nada tiene que ver el ejercicio legislativo federal con el ejercicio legislativo local\u2026<\/p>\n\n\n\n<p>VI<\/p>\n\n\n\n<p>Luego entonces, ya con todos estos puntos comentados, volvemos a la pregunta que da inicio a esta columna: \u00bfPor qu\u00e9 Morena no quiso enlistar la Ley Monse para ser votada? \u00bfRevanchismo pol\u00edtico? Si bien es cierto, son muy duros los madrazos que el PRI le est\u00e1 acomodando a los secretarios en las comparecencias, ser\u00eda muy mezquino del partido mayoritario cobrar revancha de esa forma, a costa del clamor social en demanda de justicia\u2026 pero si no es por eso, \u00bfentonces por qu\u00e9?<\/p>\n","protected":false},"excerpt":{"rendered":"<p>Salvador Mu\u00f1oz Los Pol\u00edticos \u00bfPor qu\u00e9 Morena no quiso enlistar la Ley Monse para ser votada? Cuando Anil\u00fa Ingram Vallines en Tribuna se dirigi\u00f3 a la bancada de Morena y les dijo que no es una Ley de la Oposici\u00f3n, sino ciudadana, de la sociedad, de mujeres que anhelan justicia para Monse y su familia, [&hellip;]<\/p>\n","protected":false},"author":2,"featured_media":0,"comment_status":"closed","ping_status":"closed","sticky":false,"template":"","format":"standard","meta":{"tdm_status":"","tdm_grid_status":"","footnotes":""},"categories":[70],"tags":[1872,8106,36437,36436,36435,33547,2908,28430,1026,2327,266,26144,2646,27933,195],"class_list":{"0":"post-99326","1":"post","2":"type-post","3":"status-publish","4":"format-standard","6":"category-de-opinion","7":"tag-anilu-ingram-vallines","8":"tag-citlali-medellin-careaga","9":"tag-illya-escobar-martinez","10":"tag-jose-tehuintle-xocua","11":"tag-justicia-para-monse","12":"tag-ley-monse","13":"tag-marlon-ramirez-marin","14":"tag-miguel-hermida-copado","15":"tag-morena","16":"tag-movimiento-ciudadano","17":"tag-pan","18":"tag-ramon-diaz-avila","19":"tag-salvador-munoz","20":"tag-tono-luna","21":"tag-veracruz"},"yoast_head":"<!-- This site is optimized with the Yoast SEO plugin v27.4 - https:\/\/yoast.com\/product\/yoast-seo-wordpress\/ -->\n<title>LEY MONSE: REVANCHISMO? - Los pol\u00edticos Veracruz<\/title>\n<meta name=\"robots\" content=\"index, follow, max-snippet:-1, max-image-preview:large, max-video-preview:-1\" \/>\n<link rel=\"canonical\" href=\"https:\/\/lospoliticosveracruz.com\/?p=99326\" \/>\n<meta property=\"og:locale\" content=\"es_ES\" \/>\n<meta property=\"og:type\" content=\"article\" \/>\n<meta property=\"og:title\" content=\"LEY MONSE: REVANCHISMO? - Los pol\u00edticos Veracruz\" \/>\n<meta property=\"og:description\" content=\"Salvador Mu\u00f1oz Los Pol\u00edticos \u00bfPor qu\u00e9 Morena no quiso enlistar la Ley Monse para ser votada? Cuando Anil\u00fa Ingram Vallines en Tribuna se dirigi\u00f3 a la bancada de Morena y les dijo que no es una Ley de la Oposici\u00f3n, sino ciudadana, de la sociedad, de mujeres que anhelan justicia para Monse y su familia, [&hellip;]\" \/>\n<meta property=\"og:url\" content=\"https:\/\/lospoliticosveracruz.com\/?p=99326\" \/>\n<meta property=\"og:site_name\" content=\"Los pol\u00edticos Veracruz\" \/>\n<meta property=\"article:publisher\" content=\"https:\/\/www.facebook.com\/people\/Notimemes-de-los-Polticos\/61565672886568\/\" \/>\n<meta property=\"article:published_time\" content=\"2022-12-02T00:42:17+00:00\" \/>\n<meta property=\"article:modified_time\" content=\"2022-12-02T00:42:24+00:00\" \/>\n<meta property=\"og:image\" content=\"https:\/\/lospoliticosveracruz.com\/wp-content\/uploads\/2016\/07\/Logo-Dor.jpg\" \/>\n\t<meta property=\"og:image:width\" content=\"200\" \/>\n\t<meta property=\"og:image:height\" content=\"200\" \/>\n\t<meta property=\"og:image:type\" content=\"image\/jpeg\" \/>\n<meta name=\"author\" content=\"Lo viste en Los Pol\u00edticos\" \/>\n<meta name=\"twitter:card\" content=\"summary_large_image\" \/>\n<meta name=\"twitter:creator\" content=\"@LosPoliticosVer\" \/>\n<meta name=\"twitter:site\" content=\"@LosPoliticosVer\" \/>\n<meta name=\"twitter:label1\" content=\"Escrito por\" \/>\n\t<meta name=\"twitter:data1\" content=\"Lo viste en Los Pol\u00edticos\" \/>\n\t<meta name=\"twitter:label2\" content=\"Tiempo de lectura\" \/>\n\t<meta name=\"twitter:data2\" content=\"3 minutos\" \/>\n<script type=\"application\/ld+json\" class=\"yoast-schema-graph\">{\"@context\":\"https:\\\/\\\/schema.org\",\"@graph\":[{\"@type\":\"Article\",\"@id\":\"https:\\\/\\\/lospoliticosveracruz.com\\\/?p=99326#article\",\"isPartOf\":{\"@id\":\"https:\\\/\\\/lospoliticosveracruz.com\\\/?p=99326\"},\"author\":{\"name\":\"Lo viste en Los Pol\u00edticos\",\"@id\":\"https:\\\/\\\/lospoliticosveracruz.com\\\/#\\\/schema\\\/person\\\/b8702bb0e538456e6efd07080bf2a4a2\"},\"headline\":\"LEY MONSE: REVANCHISMO?\",\"datePublished\":\"2022-12-02T00:42:17+00:00\",\"dateModified\":\"2022-12-02T00:42:24+00:00\",\"mainEntityOfPage\":{\"@id\":\"https:\\\/\\\/lospoliticosveracruz.com\\\/?p=99326\"},\"wordCount\":692,\"publisher\":{\"@id\":\"https:\\\/\\\/lospoliticosveracruz.com\\\/#organization\"},\"keywords\":[\"Anil\u00fa Ingram Vallines\",\"Citlali Medell\u00edn Careaga\",\"Illya Escobar Mart\u00ednez\",\"Jos\u00e9 Tehuintle Xocua\",\"justicia para Monse\",\"Ley Monse\",\"Marlon Ram\u00edrez Mar\u00edn\",\"Miguel Hermida Copado\",\"Morena\",\"Movimiento Ciudadano\",\"PAN\",\"Ram\u00f3n D\u00edaz \u00c1vila\",\"Salvador Mu\u00f1oz\",\"To\u00f1o Luna\",\"Veracruz\"],\"articleSection\":[\"De Opini\u00f3n\"],\"inLanguage\":\"es\"},{\"@type\":\"WebPage\",\"@id\":\"https:\\\/\\\/lospoliticosveracruz.com\\\/?p=99326\",\"url\":\"https:\\\/\\\/lospoliticosveracruz.com\\\/?p=99326\",\"name\":\"LEY MONSE: REVANCHISMO? - Los pol\u00edticos Veracruz\",\"isPartOf\":{\"@id\":\"https:\\\/\\\/lospoliticosveracruz.com\\\/#website\"},\"datePublished\":\"2022-12-02T00:42:17+00:00\",\"dateModified\":\"2022-12-02T00:42:24+00:00\",\"breadcrumb\":{\"@id\":\"https:\\\/\\\/lospoliticosveracruz.com\\\/?p=99326#breadcrumb\"},\"inLanguage\":\"es\",\"potentialAction\":[{\"@type\":\"ReadAction\",\"target\":[\"https:\\\/\\\/lospoliticosveracruz.com\\\/?p=99326\"]}]},{\"@type\":\"BreadcrumbList\",\"@id\":\"https:\\\/\\\/lospoliticosveracruz.com\\\/?p=99326#breadcrumb\",\"itemListElement\":[{\"@type\":\"ListItem\",\"position\":1,\"name\":\"Portada\",\"item\":\"https:\\\/\\\/lospoliticosveracruz.com\\\/\"},{\"@type\":\"ListItem\",\"position\":2,\"name\":\"LEY MONSE: REVANCHISMO?\"}]},{\"@type\":\"WebSite\",\"@id\":\"https:\\\/\\\/lospoliticosveracruz.com\\\/#website\",\"url\":\"https:\\\/\\\/lospoliticosveracruz.com\\\/\",\"name\":\"Los pol\u00edticos Veracruz\",\"description\":\"\",\"publisher\":{\"@id\":\"https:\\\/\\\/lospoliticosveracruz.com\\\/#organization\"},\"potentialAction\":[{\"@type\":\"SearchAction\",\"target\":{\"@type\":\"EntryPoint\",\"urlTemplate\":\"https:\\\/\\\/lospoliticosveracruz.com\\\/?s={search_term_string}\"},\"query-input\":{\"@type\":\"PropertyValueSpecification\",\"valueRequired\":true,\"valueName\":\"search_term_string\"}}],\"inLanguage\":\"es\"},{\"@type\":\"Organization\",\"@id\":\"https:\\\/\\\/lospoliticosveracruz.com\\\/#organization\",\"name\":\"Los pol\u00edticos Veracruz\",\"url\":\"https:\\\/\\\/lospoliticosveracruz.com\\\/\",\"logo\":{\"@type\":\"ImageObject\",\"inLanguage\":\"es\",\"@id\":\"https:\\\/\\\/lospoliticosveracruz.com\\\/#\\\/schema\\\/logo\\\/image\\\/\",\"url\":\"https:\\\/\\\/lospoliticosveracruz.com\\\/wp-content\\\/uploads\\\/2025\\\/12\\\/Logo-Nuevo-LOS-POLITICOS-1.jpg\",\"contentUrl\":\"https:\\\/\\\/lospoliticosveracruz.com\\\/wp-content\\\/uploads\\\/2025\\\/12\\\/Logo-Nuevo-LOS-POLITICOS-1.jpg\",\"width\":260,\"height\":70,\"caption\":\"Los pol\u00edticos Veracruz\"},\"image\":{\"@id\":\"https:\\\/\\\/lospoliticosveracruz.com\\\/#\\\/schema\\\/logo\\\/image\\\/\"},\"sameAs\":[\"https:\\\/\\\/www.facebook.com\\\/people\\\/Notimemes-de-los-Polticos\\\/61565672886568\\\/\",\"https:\\\/\\\/x.com\\\/LosPoliticosVer\"]},{\"@type\":\"Person\",\"@id\":\"https:\\\/\\\/lospoliticosveracruz.com\\\/#\\\/schema\\\/person\\\/b8702bb0e538456e6efd07080bf2a4a2\",\"name\":\"Lo viste en Los Pol\u00edticos\",\"image\":{\"@type\":\"ImageObject\",\"inLanguage\":\"es\",\"@id\":\"https:\\\/\\\/secure.gravatar.com\\\/avatar\\\/3a8de04a2656d44082be478bd6c086daa447c4651605818287b9532d3d0bd435?s=96&d=mm&r=g\",\"url\":\"https:\\\/\\\/secure.gravatar.com\\\/avatar\\\/3a8de04a2656d44082be478bd6c086daa447c4651605818287b9532d3d0bd435?s=96&d=mm&r=g\",\"contentUrl\":\"https:\\\/\\\/secure.gravatar.com\\\/avatar\\\/3a8de04a2656d44082be478bd6c086daa447c4651605818287b9532d3d0bd435?s=96&d=mm&r=g\",\"caption\":\"Lo viste en Los Pol\u00edticos\"},\"url\":\"https:\\\/\\\/lospoliticosveracruz.com\\\/?author=2\"}]}<\/script>\n<!-- \/ Yoast SEO plugin. -->","yoast_head_json":{"title":"LEY MONSE: REVANCHISMO? - Los pol\u00edticos Veracruz","robots":{"index":"index","follow":"follow","max-snippet":"max-snippet:-1","max-image-preview":"max-image-preview:large","max-video-preview":"max-video-preview:-1"},"canonical":"https:\/\/lospoliticosveracruz.com\/?p=99326","og_locale":"es_ES","og_type":"article","og_title":"LEY MONSE: REVANCHISMO? - Los pol\u00edticos Veracruz","og_description":"Salvador Mu\u00f1oz Los Pol\u00edticos \u00bfPor qu\u00e9 Morena no quiso enlistar la Ley Monse para ser votada? Cuando Anil\u00fa Ingram Vallines en Tribuna se dirigi\u00f3 a la bancada de Morena y les dijo que no es una Ley de la Oposici\u00f3n, sino ciudadana, de la sociedad, de mujeres que anhelan justicia para Monse y su familia, [&hellip;]","og_url":"https:\/\/lospoliticosveracruz.com\/?p=99326","og_site_name":"Los pol\u00edticos Veracruz","article_publisher":"https:\/\/www.facebook.com\/people\/Notimemes-de-los-Polticos\/61565672886568\/","article_published_time":"2022-12-02T00:42:17+00:00","article_modified_time":"2022-12-02T00:42:24+00:00","og_image":[{"width":200,"height":200,"url":"https:\/\/lospoliticosveracruz.com\/wp-content\/uploads\/2016\/07\/Logo-Dor.jpg","type":"image\/jpeg"}],"author":"Lo viste en Los Pol\u00edticos","twitter_card":"summary_large_image","twitter_creator":"@LosPoliticosVer","twitter_site":"@LosPoliticosVer","twitter_misc":{"Escrito por":"Lo viste en Los Pol\u00edticos","Tiempo de lectura":"3 minutos"},"schema":{"@context":"https:\/\/schema.org","@graph":[{"@type":"Article","@id":"https:\/\/lospoliticosveracruz.com\/?p=99326#article","isPartOf":{"@id":"https:\/\/lospoliticosveracruz.com\/?p=99326"},"author":{"name":"Lo viste en Los Pol\u00edticos","@id":"https:\/\/lospoliticosveracruz.com\/#\/schema\/person\/b8702bb0e538456e6efd07080bf2a4a2"},"headline":"LEY MONSE: REVANCHISMO?","datePublished":"2022-12-02T00:42:17+00:00","dateModified":"2022-12-02T00:42:24+00:00","mainEntityOfPage":{"@id":"https:\/\/lospoliticosveracruz.com\/?p=99326"},"wordCount":692,"publisher":{"@id":"https:\/\/lospoliticosveracruz.com\/#organization"},"keywords":["Anil\u00fa Ingram Vallines","Citlali Medell\u00edn Careaga","Illya Escobar Mart\u00ednez","Jos\u00e9 Tehuintle Xocua","justicia para Monse","Ley Monse","Marlon Ram\u00edrez Mar\u00edn","Miguel Hermida Copado","Morena","Movimiento Ciudadano","PAN","Ram\u00f3n D\u00edaz \u00c1vila","Salvador Mu\u00f1oz","To\u00f1o Luna","Veracruz"],"articleSection":["De Opini\u00f3n"],"inLanguage":"es"},{"@type":"WebPage","@id":"https:\/\/lospoliticosveracruz.com\/?p=99326","url":"https:\/\/lospoliticosveracruz.com\/?p=99326","name":"LEY MONSE: REVANCHISMO? - Los pol\u00edticos Veracruz","isPartOf":{"@id":"https:\/\/lospoliticosveracruz.com\/#website"},"datePublished":"2022-12-02T00:42:17+00:00","dateModified":"2022-12-02T00:42:24+00:00","breadcrumb":{"@id":"https:\/\/lospoliticosveracruz.com\/?p=99326#breadcrumb"},"inLanguage":"es","potentialAction":[{"@type":"ReadAction","target":["https:\/\/lospoliticosveracruz.com\/?p=99326"]}]},{"@type":"BreadcrumbList","@id":"https:\/\/lospoliticosveracruz.com\/?p=99326#breadcrumb","itemListElement":[{"@type":"ListItem","position":1,"name":"Portada","item":"https:\/\/lospoliticosveracruz.com\/"},{"@type":"ListItem","position":2,"name":"LEY MONSE: REVANCHISMO?"}]},{"@type":"WebSite","@id":"https:\/\/lospoliticosveracruz.com\/#website","url":"https:\/\/lospoliticosveracruz.com\/","name":"Los pol\u00edticos Veracruz","description":"","publisher":{"@id":"https:\/\/lospoliticosveracruz.com\/#organization"},"potentialAction":[{"@type":"SearchAction","target":{"@type":"EntryPoint","urlTemplate":"https:\/\/lospoliticosveracruz.com\/?s={search_term_string}"},"query-input":{"@type":"PropertyValueSpecification","valueRequired":true,"valueName":"search_term_string"}}],"inLanguage":"es"},{"@type":"Organization","@id":"https:\/\/lospoliticosveracruz.com\/#organization","name":"Los pol\u00edticos Veracruz","url":"https:\/\/lospoliticosveracruz.com\/","logo":{"@type":"ImageObject","inLanguage":"es","@id":"https:\/\/lospoliticosveracruz.com\/#\/schema\/logo\/image\/","url":"https:\/\/lospoliticosveracruz.com\/wp-content\/uploads\/2025\/12\/Logo-Nuevo-LOS-POLITICOS-1.jpg","contentUrl":"https:\/\/lospoliticosveracruz.com\/wp-content\/uploads\/2025\/12\/Logo-Nuevo-LOS-POLITICOS-1.jpg","width":260,"height":70,"caption":"Los pol\u00edticos Veracruz"},"image":{"@id":"https:\/\/lospoliticosveracruz.com\/#\/schema\/logo\/image\/"},"sameAs":["https:\/\/www.facebook.com\/people\/Notimemes-de-los-Polticos\/61565672886568\/","https:\/\/x.com\/LosPoliticosVer"]},{"@type":"Person","@id":"https:\/\/lospoliticosveracruz.com\/#\/schema\/person\/b8702bb0e538456e6efd07080bf2a4a2","name":"Lo viste en Los Pol\u00edticos","image":{"@type":"ImageObject","inLanguage":"es","@id":"https:\/\/secure.gravatar.com\/avatar\/3a8de04a2656d44082be478bd6c086daa447c4651605818287b9532d3d0bd435?s=96&d=mm&r=g","url":"https:\/\/secure.gravatar.com\/avatar\/3a8de04a2656d44082be478bd6c086daa447c4651605818287b9532d3d0bd435?s=96&d=mm&r=g","contentUrl":"https:\/\/secure.gravatar.com\/avatar\/3a8de04a2656d44082be478bd6c086daa447c4651605818287b9532d3d0bd435?s=96&d=mm&r=g","caption":"Lo viste en Los Pol\u00edticos"},"url":"https:\/\/lospoliticosveracruz.com\/?author=2"}]}},"_links":{"self":[{"href":"https:\/\/lospoliticosveracruz.com\/index.php?rest_route=\/wp\/v2\/posts\/99326","targetHints":{"allow":["GET"]}}],"collection":[{"href":"https:\/\/lospoliticosveracruz.com\/index.php?rest_route=\/wp\/v2\/posts"}],"about":[{"href":"https:\/\/lospoliticosveracruz.com\/index.php?rest_route=\/wp\/v2\/types\/post"}],"author":[{"embeddable":true,"href":"https:\/\/lospoliticosveracruz.com\/index.php?rest_route=\/wp\/v2\/users\/2"}],"replies":[{"embeddable":true,"href":"https:\/\/lospoliticosveracruz.com\/index.php?rest_route=%2Fwp%2Fv2%2Fcomments&post=99326"}],"version-history":[{"count":1,"href":"https:\/\/lospoliticosveracruz.com\/index.php?rest_route=\/wp\/v2\/posts\/99326\/revisions"}],"predecessor-version":[{"id":99328,"href":"https:\/\/lospoliticosveracruz.com\/index.php?rest_route=\/wp\/v2\/posts\/99326\/revisions\/99328"}],"wp:attachment":[{"href":"https:\/\/lospoliticosveracruz.com\/index.php?rest_route=%2Fwp%2Fv2%2Fmedia&parent=99326"}],"wp:term":[{"taxonomy":"category","embeddable":true,"href":"https:\/\/lospoliticosveracruz.com\/index.php?rest_route=%2Fwp%2Fv2%2Fcategories&post=99326"},{"taxonomy":"post_tag","embeddable":true,"href":"https:\/\/lospoliticosveracruz.com\/index.php?rest_route=%2Fwp%2Fv2%2Ftags&post=99326"}],"curies":[{"name":"wp","href":"https:\/\/api.w.org\/{rel}","templated":true}]}}