{"id":99341,"date":"2022-12-02T07:32:24","date_gmt":"2022-12-02T13:32:24","guid":{"rendered":"https:\/\/lospoliticosveracruz.com.mx\/?p=99341"},"modified":"2022-12-02T07:32:30","modified_gmt":"2022-12-02T13:32:30","slug":"y-retumbo-en-el-congreso-la-voz-de-anilu","status":"publish","type":"post","link":"https:\/\/lospoliticosveracruz.com\/?p=99341","title":{"rendered":"Y RETUMB\u00d3 EN EL CONGRESO LA VOZ DE ANIL\u00da"},"content":{"rendered":"\n<p><strong>Bernardo Guti\u00e9rrez Parra\u00a0<\/strong><\/p>\n\n\n\n<p><em>Desde el Caf\u00e9\u00a0<\/em><\/p>\n\n\n\n<p>El 17 de abril del 2021 alrededor de las 19:40 horas, un sujeto llamado Marlon B se abalanz\u00f3 sobre su pareja Montserrat y la agredi\u00f3 a golpes hasta dejarla gravemente herida. Los padres del atacante la trasladaron a un hospital para evitar llamar a los servicios de emergencia y delatar al agresor. Es decir, encubrieron a su hijo.&nbsp;<\/p>\n\n\n\n<figure class=\"wp-block-embed is-type-video is-provider-youtube wp-block-embed-youtube wp-embed-aspect-16-9 wp-has-aspect-ratio\"><div class=\"wp-block-embed__wrapper\">\n<iframe loading=\"lazy\" title=\"Cluster Coworking\" width=\"696\" height=\"392\" src=\"https:\/\/www.youtube.com\/embed\/Nxe-vxf8GuY?feature=oembed\" frameborder=\"0\" allow=\"accelerometer; autoplay; clipboard-write; encrypted-media; gyroscope; picture-in-picture; web-share\" referrerpolicy=\"strict-origin-when-cross-origin\" allowfullscreen><\/iframe>\n<\/div><\/figure>\n\n\n\n<p>Como consecuencia de la golpiza, la joven falleci\u00f3 tras seis d\u00edas en coma.&nbsp;<\/p>\n\n\n\n<p>Esto provoc\u00f3 la repulsa ciudadana y de grupos feministas como Las Brujas del Mar que redactaron una iniciativa para reformar los art\u00edculos 26 y 345 del C\u00f3digo Penal de Veracruz a la que llamaron Ley Monse. Iniciativa que fue le\u00edda en la tribuna del Congreso local por la diputada del PRI Anil\u00fa Ingram Vallines.&nbsp;<\/p>\n\n\n\n<p>\u00bfQu\u00e9 se pretende con esto? En palabras llanas, castigar a quien encubra y proteja a un presunto feminicida.<\/p>\n\n\n\n<p>Como bien sabes lector, Veracruz es uno de los estados con m\u00e1s feminicidios a nivel nacional y donde menos se protege a las mujeres, por lo que la posible aprobaci\u00f3n de esta Ley las llen\u00f3 de esperanza. En paralelo, Anil\u00fa ha promovido que sean m\u00e1s severas las penas para los feminicidas.&nbsp;&nbsp;<\/p>\n\n\n\n<p>El s\u00e1bado anterior la legisladora dijo: \u201cConf\u00edo en que la Ley Monse pronto sea una realidad en Veracruz\u201d.&nbsp;<\/p>\n\n\n\n<p>Pero la realidad fue otra.&nbsp;<\/p>\n\n\n\n<p>Ayer jueves los diputados de Morena que hab\u00edan dicho que votar\u00edan a favor, recibieron una contraorden y se rajaron. \u00bfDe d\u00f3nde vino la contraorden? De mero arriba \u00bfde d\u00f3nde m\u00e1s?&nbsp;<\/p>\n\n\n\n<p>Vino de la oficina de un sujeto que en los primeros meses de su gobierno se llen\u00f3 la boca diciendo que habr\u00eda \u201ccero impunidad para los feminicidas. En Veracruz no permitiremos ni una muerta m\u00e1s. Quien agreda a una mujer tendr\u00e1 que pagar\u201d.<\/p>\n\n\n\n<p>Puro choro.&nbsp;<\/p>\n\n\n\n<p>En los a\u00f1os que tengo de conocerla, jam\u00e1s hab\u00eda visto a Anil\u00fa tan furiosa como ayer cuando subi\u00f3 a la tribuna y estall\u00f3 contra morenos y morenas: \u201cMi error fue creerles, su falta de voluntad y su servilismo cuestan vidas \u00a1Qu\u00e9 verg\u00fcenza!\u201d Y fue m\u00e1s all\u00e1.&nbsp;&nbsp; &nbsp;<\/p>\n\n\n\n<p>\u201cTengo muchos a\u00f1os sirviendo a mi estado y les voy a ser muy franca; nunca pens\u00e9 que esto le podr\u00eda pasar al pueblo de Veracruz. Son profundamente ego\u00edstas con el pueblo de Veracruz, en especial con los familiares de Monse, a quienes les ofrezco mi m\u00e1s sincera disculpa por no considerar que la honorabilidad de este Congreso est\u00e1 en duda gracias a las diputadas y diputados de Morena, que prefieren callar y obedecer, en lugar de cumplirle a quien representan\u201d. El golpe fue directo a la boca del est\u00f3mago de los morenos pero faltaba la puntilla.&nbsp;<\/p>\n\n\n\n<p>\u201cEspero que tengan la decencia para ver de frente a los padres de Monse, para explicarles por qu\u00e9 hoy esta Ley no fue votada. La consideraron de oposici\u00f3n porque sus filias y fobias pesan m\u00e1s que la ciudadan\u00eda. Porque no les importa y porque no tienen ni siquiera la voluntad de leer una Ley que a todas luces es necesaria para Veracruz. Que en sus conciencias perdure y que el pueblo se los cobre en las urnas\u201d.&nbsp;<\/p>\n\n\n\n<p>Ninguno de los legisladores morenos se atrevi\u00f3 a verla a la cara; sumidos en sus curules parec\u00edan ni\u00f1os rega\u00f1ados y exhibidos por la maestra frente a los dem\u00e1s alumnos. Las mujeres se miraban las u\u00f1as o al celular, los hombres (es un decir) miraban al techo y jugueteaban con su m\u00f3vil mientras Anil\u00fa (grave su voz por la ira), nunca dej\u00f3 de mirarlos ni de se\u00f1alarlos con el \u00edndice de su mano izquierda.&nbsp;<\/p>\n\n\n\n<p>En las gradas, los padres de Monse y Las Brujas del Mar encabezadas por Arussi Unda Garza no pudieron ocultar su decepci\u00f3n y sobre todo su indignaci\u00f3n.&nbsp;<\/p>\n\n\n\n<p>Al t\u00e9rmino de la sesi\u00f3n (y quiz\u00e1 por ilusi\u00f3n auditiva) me dio la impresi\u00f3n de que la voz de Anil\u00fa Ingram segu\u00eda retumbando en las paredes del Congreso. De sonrisa f\u00e1cil, voz alegre y empat\u00eda con todo mundo, mostr\u00f3 que tambi\u00e9n puede hablar y muy fuerte, cuando se trata de defender causas justas. Y la Ley Monse es una de ellas.&nbsp;&nbsp;<\/p>\n\n\n\n<p>Ya como despedida lector, aguas con la premonici\u00f3n de la jarocha porque en efecto, los morenos pueden pagar en las urnas el pecado de congelar la Ley Monse.&nbsp;<\/p>\n\n\n\n<p><strong>Zenyazen ante los diputados<\/strong><\/p>\n\n\n\n<p>Una de las comparecencias que se espera con mucho inter\u00e9s es la del titular de la Secretar\u00eda de Educaci\u00f3n de Veracruz, Zenyazen Escobar Garc\u00eda, que hoy estar\u00e1 frente a los diputados.&nbsp;<\/p>\n\n\n\n<p>\u00bfY por qu\u00e9 el inter\u00e9s? Porque Zenyazen es el secretario de Gabinete m\u00e1s activo de esta administraci\u00f3n. No es un bur\u00f3crata de escritorio, sino un funcionario que ha recorrido los municipios de la entidad llevando apoyos a escuelas, alumnos y docentes como no se tiene registro en sexenios anteriores.&nbsp;<\/p>\n\n\n\n<p>Veracruz tiene aproximadamente 14 mil 200 escuelas, pero de acuerdo con Jaziel Cabrera Pacheco, director jur\u00eddico de la SEV, alrededor de 13 mil no tienen certeza jur\u00eddica, es decir, carecen de escrituras. Gobiernos vinieron y gobiernos se fueron y ning\u00fan titular de la SEV se preocup\u00f3 por resolver este problema que imped\u00eda que esas escuelas recibieran apoyos federales.&nbsp;<\/p>\n\n\n\n<p>Con el programa Escritura Garante, Zenyazen Escobar ha logrado que centenares de planteles educativos (algunos con m\u00e1s de 100 a\u00f1os de antig\u00fcedad) tengan sus escrituras y reciban los beneficios federales.&nbsp; &nbsp;<\/p>\n\n\n\n<p>El rescate de planteles que por a\u00f1os estuvieron abandonados es otro de sus logros. El presupuesto que se dedicaba a la rehabilitaci\u00f3n de escuelas y tecnol\u00f3gicos que antes iba a parar a los bolsillos de algunos cuantos, ahora est\u00e1 llegando a su destino.&nbsp;<\/p>\n\n\n\n<p>Zenyazen es un funcionario que trabaja a ras del piso y no desde la comunidad de su oficina. Es com\u00fan verlo charlar con maestros de las altas monta\u00f1as, de la zona norte o sur de la entidad atendiendo sus problemas. Tambi\u00e9n es com\u00fan verlo platicar con los ni\u00f1os y j\u00f3venes a quienes motiva a seguir estudiando como f\u00f3rmula para que se alejen de los vicios.&nbsp;&nbsp;<\/p>\n\n\n\n<p>Quiz\u00e1 por eso miles de maestros lo acompa\u00f1aron a P\u00e1nuco al Cuarto Informe del gobernador Cuitl\u00e1huac Garc\u00eda a quien le reiteraron su respaldo.&nbsp;<\/p>\n\n\n\n<p>\u00bfCu\u00e1ntas escuelas se rehabilitaron este a\u00f1o? \u00bfCu\u00e1ntos alumnos recibieron paquetes de \u00fatiles escolares gratuitos? \u00bfCu\u00e1ntos maestros fueron basificados? Lo sabremos en unas horas, cuando Zenyazen comparezca ante los diputados.&nbsp;<\/p>\n\n\n\n<p>bernardogup@hotmail.com<\/p>\n","protected":false},"excerpt":{"rendered":"<p>Bernardo Guti\u00e9rrez Parra\u00a0 Desde el Caf\u00e9\u00a0 El 17 de abril del 2021 alrededor de las 19:40 horas, un sujeto llamado Marlon B se abalanz\u00f3 sobre su pareja Montserrat y la agredi\u00f3 a golpes hasta dejarla gravemente herida. Los padres del atacante la trasladaron a un hospital para evitar llamar a los servicios de emergencia y [&hellip;]<\/p>\n","protected":false},"author":2,"featured_media":0,"comment_status":"closed","ping_status":"closed","sticky":false,"template":"","format":"standard","meta":{"tdm_status":"","tdm_grid_status":"","footnotes":""},"categories":[70],"tags":[34206,21824,826,16629,33547,36445,6598,12372],"class_list":{"0":"post-99341","1":"post","2":"type-post","3":"status-publish","4":"format-standard","6":"category-de-opinion","7":"tag-bernardo-gutierrez-parra","8":"tag-diputados-de-morena","9":"tag-feminicidios","10":"tag-las-brujas-del-mar","11":"tag-ley-monse","12":"tag-marlon-b","13":"tag-montserrat","14":"tag-zenyazen-escobar-garcia"},"yoast_head":"<!-- This site is optimized with the Yoast SEO plugin v27.4 - https:\/\/yoast.com\/product\/yoast-seo-wordpress\/ -->\n<title>Y RETUMB\u00d3 EN EL CONGRESO LA VOZ DE ANIL\u00da - Los pol\u00edticos Veracruz<\/title>\n<meta name=\"robots\" content=\"index, follow, max-snippet:-1, max-image-preview:large, max-video-preview:-1\" \/>\n<link rel=\"canonical\" href=\"https:\/\/lospoliticosveracruz.com\/?p=99341\" \/>\n<meta property=\"og:locale\" content=\"es_ES\" \/>\n<meta property=\"og:type\" content=\"article\" \/>\n<meta property=\"og:title\" content=\"Y RETUMB\u00d3 EN EL CONGRESO LA VOZ DE ANIL\u00da - Los pol\u00edticos Veracruz\" \/>\n<meta property=\"og:description\" content=\"Bernardo Guti\u00e9rrez Parra\u00a0 Desde el Caf\u00e9\u00a0 El 17 de abril del 2021 alrededor de las 19:40 horas, un sujeto llamado Marlon B se abalanz\u00f3 sobre su pareja Montserrat y la agredi\u00f3 a golpes hasta dejarla gravemente herida. Los padres del atacante la trasladaron a un hospital para evitar llamar a los servicios de emergencia y [&hellip;]\" \/>\n<meta property=\"og:url\" content=\"https:\/\/lospoliticosveracruz.com\/?p=99341\" \/>\n<meta property=\"og:site_name\" content=\"Los pol\u00edticos Veracruz\" \/>\n<meta property=\"article:publisher\" content=\"https:\/\/www.facebook.com\/people\/Notimemes-de-los-Polticos\/61565672886568\/\" \/>\n<meta property=\"article:published_time\" content=\"2022-12-02T13:32:24+00:00\" \/>\n<meta property=\"article:modified_time\" content=\"2022-12-02T13:32:30+00:00\" \/>\n<meta property=\"og:image\" content=\"https:\/\/lospoliticosveracruz.com\/wp-content\/uploads\/2016\/07\/Logo-Dor.jpg\" \/>\n\t<meta property=\"og:image:width\" content=\"200\" \/>\n\t<meta property=\"og:image:height\" content=\"200\" \/>\n\t<meta property=\"og:image:type\" content=\"image\/jpeg\" \/>\n<meta name=\"author\" content=\"Lo viste en Los Pol\u00edticos\" \/>\n<meta name=\"twitter:card\" content=\"summary_large_image\" \/>\n<meta name=\"twitter:creator\" content=\"@LosPoliticosVer\" \/>\n<meta name=\"twitter:site\" content=\"@LosPoliticosVer\" \/>\n<meta name=\"twitter:label1\" content=\"Escrito por\" \/>\n\t<meta name=\"twitter:data1\" content=\"Lo viste en Los Pol\u00edticos\" \/>\n\t<meta name=\"twitter:label2\" content=\"Tiempo de lectura\" \/>\n\t<meta name=\"twitter:data2\" content=\"6 minutos\" \/>\n<script type=\"application\/ld+json\" class=\"yoast-schema-graph\">{\"@context\":\"https:\\\/\\\/schema.org\",\"@graph\":[{\"@type\":\"Article\",\"@id\":\"https:\\\/\\\/lospoliticosveracruz.com\\\/?p=99341#article\",\"isPartOf\":{\"@id\":\"https:\\\/\\\/lospoliticosveracruz.com\\\/?p=99341\"},\"author\":{\"name\":\"Lo viste en Los Pol\u00edticos\",\"@id\":\"https:\\\/\\\/lospoliticosveracruz.com\\\/#\\\/schema\\\/person\\\/b8702bb0e538456e6efd07080bf2a4a2\"},\"headline\":\"Y RETUMB\u00d3 EN EL CONGRESO LA VOZ DE ANIL\u00da\",\"datePublished\":\"2022-12-02T13:32:24+00:00\",\"dateModified\":\"2022-12-02T13:32:30+00:00\",\"mainEntityOfPage\":{\"@id\":\"https:\\\/\\\/lospoliticosveracruz.com\\\/?p=99341\"},\"wordCount\":1156,\"publisher\":{\"@id\":\"https:\\\/\\\/lospoliticosveracruz.com\\\/#organization\"},\"keywords\":[\"Bernardo Guti\u00e9rrez Parra\",\"Diputados de Morena\",\"feminicidios\",\"Las brujas del mar\",\"Ley Monse\",\"Marlon B\",\"Montserrat\",\"Zenyazen Escobar Garc\u00eda\"],\"articleSection\":[\"De Opini\u00f3n\"],\"inLanguage\":\"es\"},{\"@type\":\"WebPage\",\"@id\":\"https:\\\/\\\/lospoliticosveracruz.com\\\/?p=99341\",\"url\":\"https:\\\/\\\/lospoliticosveracruz.com\\\/?p=99341\",\"name\":\"Y RETUMB\u00d3 EN EL CONGRESO LA VOZ DE ANIL\u00da - Los pol\u00edticos Veracruz\",\"isPartOf\":{\"@id\":\"https:\\\/\\\/lospoliticosveracruz.com\\\/#website\"},\"datePublished\":\"2022-12-02T13:32:24+00:00\",\"dateModified\":\"2022-12-02T13:32:30+00:00\",\"breadcrumb\":{\"@id\":\"https:\\\/\\\/lospoliticosveracruz.com\\\/?p=99341#breadcrumb\"},\"inLanguage\":\"es\",\"potentialAction\":[{\"@type\":\"ReadAction\",\"target\":[\"https:\\\/\\\/lospoliticosveracruz.com\\\/?p=99341\"]}]},{\"@type\":\"BreadcrumbList\",\"@id\":\"https:\\\/\\\/lospoliticosveracruz.com\\\/?p=99341#breadcrumb\",\"itemListElement\":[{\"@type\":\"ListItem\",\"position\":1,\"name\":\"Portada\",\"item\":\"https:\\\/\\\/lospoliticosveracruz.com\\\/\"},{\"@type\":\"ListItem\",\"position\":2,\"name\":\"Y RETUMB\u00d3 EN EL CONGRESO LA VOZ DE ANIL\u00da\"}]},{\"@type\":\"WebSite\",\"@id\":\"https:\\\/\\\/lospoliticosveracruz.com\\\/#website\",\"url\":\"https:\\\/\\\/lospoliticosveracruz.com\\\/\",\"name\":\"Los pol\u00edticos Veracruz\",\"description\":\"\",\"publisher\":{\"@id\":\"https:\\\/\\\/lospoliticosveracruz.com\\\/#organization\"},\"potentialAction\":[{\"@type\":\"SearchAction\",\"target\":{\"@type\":\"EntryPoint\",\"urlTemplate\":\"https:\\\/\\\/lospoliticosveracruz.com\\\/?s={search_term_string}\"},\"query-input\":{\"@type\":\"PropertyValueSpecification\",\"valueRequired\":true,\"valueName\":\"search_term_string\"}}],\"inLanguage\":\"es\"},{\"@type\":\"Organization\",\"@id\":\"https:\\\/\\\/lospoliticosveracruz.com\\\/#organization\",\"name\":\"Los pol\u00edticos Veracruz\",\"url\":\"https:\\\/\\\/lospoliticosveracruz.com\\\/\",\"logo\":{\"@type\":\"ImageObject\",\"inLanguage\":\"es\",\"@id\":\"https:\\\/\\\/lospoliticosveracruz.com\\\/#\\\/schema\\\/logo\\\/image\\\/\",\"url\":\"https:\\\/\\\/lospoliticosveracruz.com\\\/wp-content\\\/uploads\\\/2025\\\/12\\\/Logo-Nuevo-LOS-POLITICOS-1.jpg\",\"contentUrl\":\"https:\\\/\\\/lospoliticosveracruz.com\\\/wp-content\\\/uploads\\\/2025\\\/12\\\/Logo-Nuevo-LOS-POLITICOS-1.jpg\",\"width\":260,\"height\":70,\"caption\":\"Los pol\u00edticos Veracruz\"},\"image\":{\"@id\":\"https:\\\/\\\/lospoliticosveracruz.com\\\/#\\\/schema\\\/logo\\\/image\\\/\"},\"sameAs\":[\"https:\\\/\\\/www.facebook.com\\\/people\\\/Notimemes-de-los-Polticos\\\/61565672886568\\\/\",\"https:\\\/\\\/x.com\\\/LosPoliticosVer\"]},{\"@type\":\"Person\",\"@id\":\"https:\\\/\\\/lospoliticosveracruz.com\\\/#\\\/schema\\\/person\\\/b8702bb0e538456e6efd07080bf2a4a2\",\"name\":\"Lo viste en Los Pol\u00edticos\",\"image\":{\"@type\":\"ImageObject\",\"inLanguage\":\"es\",\"@id\":\"https:\\\/\\\/secure.gravatar.com\\\/avatar\\\/3a8de04a2656d44082be478bd6c086daa447c4651605818287b9532d3d0bd435?s=96&d=mm&r=g\",\"url\":\"https:\\\/\\\/secure.gravatar.com\\\/avatar\\\/3a8de04a2656d44082be478bd6c086daa447c4651605818287b9532d3d0bd435?s=96&d=mm&r=g\",\"contentUrl\":\"https:\\\/\\\/secure.gravatar.com\\\/avatar\\\/3a8de04a2656d44082be478bd6c086daa447c4651605818287b9532d3d0bd435?s=96&d=mm&r=g\",\"caption\":\"Lo viste en Los Pol\u00edticos\"},\"url\":\"https:\\\/\\\/lospoliticosveracruz.com\\\/?author=2\"}]}<\/script>\n<!-- \/ Yoast SEO plugin. -->","yoast_head_json":{"title":"Y RETUMB\u00d3 EN EL CONGRESO LA VOZ DE ANIL\u00da - Los pol\u00edticos Veracruz","robots":{"index":"index","follow":"follow","max-snippet":"max-snippet:-1","max-image-preview":"max-image-preview:large","max-video-preview":"max-video-preview:-1"},"canonical":"https:\/\/lospoliticosveracruz.com\/?p=99341","og_locale":"es_ES","og_type":"article","og_title":"Y RETUMB\u00d3 EN EL CONGRESO LA VOZ DE ANIL\u00da - Los pol\u00edticos Veracruz","og_description":"Bernardo Guti\u00e9rrez Parra\u00a0 Desde el Caf\u00e9\u00a0 El 17 de abril del 2021 alrededor de las 19:40 horas, un sujeto llamado Marlon B se abalanz\u00f3 sobre su pareja Montserrat y la agredi\u00f3 a golpes hasta dejarla gravemente herida. Los padres del atacante la trasladaron a un hospital para evitar llamar a los servicios de emergencia y [&hellip;]","og_url":"https:\/\/lospoliticosveracruz.com\/?p=99341","og_site_name":"Los pol\u00edticos Veracruz","article_publisher":"https:\/\/www.facebook.com\/people\/Notimemes-de-los-Polticos\/61565672886568\/","article_published_time":"2022-12-02T13:32:24+00:00","article_modified_time":"2022-12-02T13:32:30+00:00","og_image":[{"width":200,"height":200,"url":"https:\/\/lospoliticosveracruz.com\/wp-content\/uploads\/2016\/07\/Logo-Dor.jpg","type":"image\/jpeg"}],"author":"Lo viste en Los Pol\u00edticos","twitter_card":"summary_large_image","twitter_creator":"@LosPoliticosVer","twitter_site":"@LosPoliticosVer","twitter_misc":{"Escrito por":"Lo viste en Los Pol\u00edticos","Tiempo de lectura":"6 minutos"},"schema":{"@context":"https:\/\/schema.org","@graph":[{"@type":"Article","@id":"https:\/\/lospoliticosveracruz.com\/?p=99341#article","isPartOf":{"@id":"https:\/\/lospoliticosveracruz.com\/?p=99341"},"author":{"name":"Lo viste en Los Pol\u00edticos","@id":"https:\/\/lospoliticosveracruz.com\/#\/schema\/person\/b8702bb0e538456e6efd07080bf2a4a2"},"headline":"Y RETUMB\u00d3 EN EL CONGRESO LA VOZ DE ANIL\u00da","datePublished":"2022-12-02T13:32:24+00:00","dateModified":"2022-12-02T13:32:30+00:00","mainEntityOfPage":{"@id":"https:\/\/lospoliticosveracruz.com\/?p=99341"},"wordCount":1156,"publisher":{"@id":"https:\/\/lospoliticosveracruz.com\/#organization"},"keywords":["Bernardo Guti\u00e9rrez Parra","Diputados de Morena","feminicidios","Las brujas del mar","Ley Monse","Marlon B","Montserrat","Zenyazen Escobar Garc\u00eda"],"articleSection":["De Opini\u00f3n"],"inLanguage":"es"},{"@type":"WebPage","@id":"https:\/\/lospoliticosveracruz.com\/?p=99341","url":"https:\/\/lospoliticosveracruz.com\/?p=99341","name":"Y RETUMB\u00d3 EN EL CONGRESO LA VOZ DE ANIL\u00da - Los pol\u00edticos Veracruz","isPartOf":{"@id":"https:\/\/lospoliticosveracruz.com\/#website"},"datePublished":"2022-12-02T13:32:24+00:00","dateModified":"2022-12-02T13:32:30+00:00","breadcrumb":{"@id":"https:\/\/lospoliticosveracruz.com\/?p=99341#breadcrumb"},"inLanguage":"es","potentialAction":[{"@type":"ReadAction","target":["https:\/\/lospoliticosveracruz.com\/?p=99341"]}]},{"@type":"BreadcrumbList","@id":"https:\/\/lospoliticosveracruz.com\/?p=99341#breadcrumb","itemListElement":[{"@type":"ListItem","position":1,"name":"Portada","item":"https:\/\/lospoliticosveracruz.com\/"},{"@type":"ListItem","position":2,"name":"Y RETUMB\u00d3 EN EL CONGRESO LA VOZ DE ANIL\u00da"}]},{"@type":"WebSite","@id":"https:\/\/lospoliticosveracruz.com\/#website","url":"https:\/\/lospoliticosveracruz.com\/","name":"Los pol\u00edticos Veracruz","description":"","publisher":{"@id":"https:\/\/lospoliticosveracruz.com\/#organization"},"potentialAction":[{"@type":"SearchAction","target":{"@type":"EntryPoint","urlTemplate":"https:\/\/lospoliticosveracruz.com\/?s={search_term_string}"},"query-input":{"@type":"PropertyValueSpecification","valueRequired":true,"valueName":"search_term_string"}}],"inLanguage":"es"},{"@type":"Organization","@id":"https:\/\/lospoliticosveracruz.com\/#organization","name":"Los pol\u00edticos Veracruz","url":"https:\/\/lospoliticosveracruz.com\/","logo":{"@type":"ImageObject","inLanguage":"es","@id":"https:\/\/lospoliticosveracruz.com\/#\/schema\/logo\/image\/","url":"https:\/\/lospoliticosveracruz.com\/wp-content\/uploads\/2025\/12\/Logo-Nuevo-LOS-POLITICOS-1.jpg","contentUrl":"https:\/\/lospoliticosveracruz.com\/wp-content\/uploads\/2025\/12\/Logo-Nuevo-LOS-POLITICOS-1.jpg","width":260,"height":70,"caption":"Los pol\u00edticos Veracruz"},"image":{"@id":"https:\/\/lospoliticosveracruz.com\/#\/schema\/logo\/image\/"},"sameAs":["https:\/\/www.facebook.com\/people\/Notimemes-de-los-Polticos\/61565672886568\/","https:\/\/x.com\/LosPoliticosVer"]},{"@type":"Person","@id":"https:\/\/lospoliticosveracruz.com\/#\/schema\/person\/b8702bb0e538456e6efd07080bf2a4a2","name":"Lo viste en Los Pol\u00edticos","image":{"@type":"ImageObject","inLanguage":"es","@id":"https:\/\/secure.gravatar.com\/avatar\/3a8de04a2656d44082be478bd6c086daa447c4651605818287b9532d3d0bd435?s=96&d=mm&r=g","url":"https:\/\/secure.gravatar.com\/avatar\/3a8de04a2656d44082be478bd6c086daa447c4651605818287b9532d3d0bd435?s=96&d=mm&r=g","contentUrl":"https:\/\/secure.gravatar.com\/avatar\/3a8de04a2656d44082be478bd6c086daa447c4651605818287b9532d3d0bd435?s=96&d=mm&r=g","caption":"Lo viste en Los Pol\u00edticos"},"url":"https:\/\/lospoliticosveracruz.com\/?author=2"}]}},"_links":{"self":[{"href":"https:\/\/lospoliticosveracruz.com\/index.php?rest_route=\/wp\/v2\/posts\/99341","targetHints":{"allow":["GET"]}}],"collection":[{"href":"https:\/\/lospoliticosveracruz.com\/index.php?rest_route=\/wp\/v2\/posts"}],"about":[{"href":"https:\/\/lospoliticosveracruz.com\/index.php?rest_route=\/wp\/v2\/types\/post"}],"author":[{"embeddable":true,"href":"https:\/\/lospoliticosveracruz.com\/index.php?rest_route=\/wp\/v2\/users\/2"}],"replies":[{"embeddable":true,"href":"https:\/\/lospoliticosveracruz.com\/index.php?rest_route=%2Fwp%2Fv2%2Fcomments&post=99341"}],"version-history":[{"count":1,"href":"https:\/\/lospoliticosveracruz.com\/index.php?rest_route=\/wp\/v2\/posts\/99341\/revisions"}],"predecessor-version":[{"id":99343,"href":"https:\/\/lospoliticosveracruz.com\/index.php?rest_route=\/wp\/v2\/posts\/99341\/revisions\/99343"}],"wp:attachment":[{"href":"https:\/\/lospoliticosveracruz.com\/index.php?rest_route=%2Fwp%2Fv2%2Fmedia&parent=99341"}],"wp:term":[{"taxonomy":"category","embeddable":true,"href":"https:\/\/lospoliticosveracruz.com\/index.php?rest_route=%2Fwp%2Fv2%2Fcategories&post=99341"},{"taxonomy":"post_tag","embeddable":true,"href":"https:\/\/lospoliticosveracruz.com\/index.php?rest_route=%2Fwp%2Fv2%2Ftags&post=99341"}],"curies":[{"name":"wp","href":"https:\/\/api.w.org\/{rel}","templated":true}]}}