{"id":99362,"date":"2022-12-02T09:09:19","date_gmt":"2022-12-02T15:09:19","guid":{"rendered":"https:\/\/lospoliticosveracruz.com.mx\/?p=99362"},"modified":"2022-12-02T09:17:20","modified_gmt":"2022-12-02T15:17:20","slug":"yeya-es-el-poder-judicial","status":"publish","type":"post","link":"https:\/\/lospoliticosveracruz.com\/?p=99362","title":{"rendered":"YEYA ES EL PODER JUDICIAL!"},"content":{"rendered":"\n<p>Karla M\u00e9ndez<em> \/  ElementosMx <\/em><\/p>\n\n\n\n<p>Xalapa<\/p>\n\n\n\n<p>La Magistrada Lisbeth Aurelia Jim\u00e9nez Aguirre adscrita a la Primera Sala en Materia Penal es la nueva Presidenta del Tribunal Superior de Justicia del estado y del Consejo de la Judicatura, durante el periodo 2022-2025.<\/p>\n\n\n\n<p>Con ello hilan ya tres mujeres al frente de tan importante cargo, en lo que va de la Cuarta Transformaci\u00f3n como parte de la inercia de mayores espacios de toma de decisiones y cargos p\u00fablicos a las mujeres para transformar el rostro de la justicia.<\/p>\n\n\n\n<p>La togada es licenciada en Derecho por la Universidad Veracruzana, con posgrado en Derecho Procesal Penal y en Tendencias Actuales de Instrucci\u00f3n por la Universidad de Georgia, Espa\u00f1a, destacando sus especializaciones en actualizaci\u00f3n en Derecho Penal, Proceso Penal y Criminolog\u00eda, Tendencias Actuales en Instrucci\u00f3n, Medicina Forense, Derechos Fundamentales y minor\u00edas, entre otros.<\/p>\n\n\n\n<p>De un a\u00f1o a la fecha fue designada como representante para participar en las mesas de justicia en coordinaci\u00f3n con Secretaria del Gobierno del Estado de Veracruz, as\u00ed como encargada de realizar visitas judiciales a diferentes distritos del Estado.<\/p>\n\n\n\n<p>Es maestra en Ciencias Penales por la Universidad Aut\u00f3noma de Veracruz, Villa Rica, cuenta con m\u00e1s de 30 seminarios y cursos enfocados en Materia Penal, impartidos por la Suprema Corte de Justicia de la Naci\u00f3n, Direcci\u00f3n General de los Derechos Humanos de la Suprema Corte, Human Rights Education for Legal Professionals, Tribunal Superior de Justicia del Estado de Veracruz, Consejo de la Judicatura del Poder Judicial del Estado, as\u00ed como por la Universidad Veracruzana.<\/p>\n\n\n\n<p>De los cuales se destacan: Investigaci\u00f3n, faltas administrativas y sus consecuencias, Formaci\u00f3n y actualizaci\u00f3n para aspirantes a Secretarios de Estudio y Cuenta para Juzgados de Primera Instancia y Menores, derechos humanos y perspectiva de g\u00e9nero, representaci\u00f3n de la v\u00edctima en materia penal, administraci\u00f3n de justicia en materia de combate al narcomenudeo.<\/p>\n\n\n\n<p>Su experiencia jurisdiccional en Materia Penal tanto en procedimiento ordinario y acusatorio, asciende a m\u00e1s de veintitr\u00e9s a\u00f1os, estando adscrita a la Primera Sala del Tribunal Superior de Justicia durante un periodo de veinte, recibiendo los cargos de Auxiliar Administrativa, Secretaria Particular de Magistratura y Secretaria de Estudio y Cuenta, en distintas ponencias, posteriormente funge como Jueza de Control y Enjuiciamiento del S\u00e9ptimo Distrito Judicial, conociendo la etapa de investigaci\u00f3n hasta el dictado de sentencias.<\/p>\n","protected":false},"excerpt":{"rendered":"<p>Karla M\u00e9ndez \/ ElementosMx Xalapa La Magistrada Lisbeth Aurelia Jim\u00e9nez Aguirre adscrita a la Primera Sala en Materia Penal es la nueva Presidenta del Tribunal Superior de Justicia del estado y del Consejo de la Judicatura, durante el periodo 2022-2025. Con ello hilan ya tres mujeres al frente de tan importante cargo, en lo que [&hellip;]<\/p>\n","protected":false},"author":2,"featured_media":0,"comment_status":"closed","ping_status":"closed","sticky":false,"template":"","format":"standard","meta":{"tdm_status":"","tdm_grid_status":"","footnotes":""},"categories":[6446],"tags":[36463,1026,82,195],"class_list":{"0":"post-99362","1":"post","2":"type-post","3":"status-publish","4":"format-standard","6":"category-la-nota","7":"tag-lisbeth-aurelia-jimenez-aguirre","8":"tag-morena","9":"tag-poder-judicial","10":"tag-veracruz"},"yoast_head":"<!-- This site is optimized with the Yoast SEO plugin v27.4 - https:\/\/yoast.com\/product\/yoast-seo-wordpress\/ -->\n<title>YEYA ES EL PODER JUDICIAL! - Los pol\u00edticos Veracruz<\/title>\n<meta name=\"robots\" content=\"index, follow, max-snippet:-1, max-image-preview:large, max-video-preview:-1\" \/>\n<link rel=\"canonical\" href=\"https:\/\/lospoliticosveracruz.com\/?p=99362\" \/>\n<meta property=\"og:locale\" content=\"es_ES\" \/>\n<meta property=\"og:type\" content=\"article\" \/>\n<meta property=\"og:title\" content=\"YEYA ES EL PODER JUDICIAL! - Los pol\u00edticos Veracruz\" \/>\n<meta property=\"og:description\" content=\"Karla M\u00e9ndez \/ ElementosMx Xalapa La Magistrada Lisbeth Aurelia Jim\u00e9nez Aguirre adscrita a la Primera Sala en Materia Penal es la nueva Presidenta del Tribunal Superior de Justicia del estado y del Consejo de la Judicatura, durante el periodo 2022-2025. Con ello hilan ya tres mujeres al frente de tan importante cargo, en lo que [&hellip;]\" \/>\n<meta property=\"og:url\" content=\"https:\/\/lospoliticosveracruz.com\/?p=99362\" \/>\n<meta property=\"og:site_name\" content=\"Los pol\u00edticos Veracruz\" \/>\n<meta property=\"article:publisher\" content=\"https:\/\/www.facebook.com\/people\/Notimemes-de-los-Polticos\/61565672886568\/\" \/>\n<meta property=\"article:published_time\" content=\"2022-12-02T15:09:19+00:00\" \/>\n<meta property=\"article:modified_time\" content=\"2022-12-02T15:17:20+00:00\" \/>\n<meta property=\"og:image\" content=\"https:\/\/lospoliticosveracruz.com\/wp-content\/uploads\/2016\/07\/Logo-Dor.jpg\" \/>\n\t<meta property=\"og:image:width\" content=\"200\" \/>\n\t<meta property=\"og:image:height\" content=\"200\" \/>\n\t<meta property=\"og:image:type\" content=\"image\/jpeg\" \/>\n<meta name=\"author\" content=\"Lo viste en Los Pol\u00edticos\" \/>\n<meta name=\"twitter:card\" content=\"summary_large_image\" \/>\n<meta name=\"twitter:creator\" content=\"@LosPoliticosVer\" \/>\n<meta name=\"twitter:site\" content=\"@LosPoliticosVer\" \/>\n<meta name=\"twitter:label1\" content=\"Escrito por\" \/>\n\t<meta name=\"twitter:data1\" content=\"Lo viste en Los Pol\u00edticos\" \/>\n\t<meta name=\"twitter:label2\" content=\"Tiempo de lectura\" \/>\n\t<meta name=\"twitter:data2\" content=\"2 minutos\" \/>\n<script type=\"application\/ld+json\" class=\"yoast-schema-graph\">{\"@context\":\"https:\\\/\\\/schema.org\",\"@graph\":[{\"@type\":\"Article\",\"@id\":\"https:\\\/\\\/lospoliticosveracruz.com\\\/?p=99362#article\",\"isPartOf\":{\"@id\":\"https:\\\/\\\/lospoliticosveracruz.com\\\/?p=99362\"},\"author\":{\"name\":\"Lo viste en Los Pol\u00edticos\",\"@id\":\"https:\\\/\\\/lospoliticosveracruz.com\\\/#\\\/schema\\\/person\\\/b8702bb0e538456e6efd07080bf2a4a2\"},\"headline\":\"YEYA ES EL PODER JUDICIAL!\",\"datePublished\":\"2022-12-02T15:09:19+00:00\",\"dateModified\":\"2022-12-02T15:17:20+00:00\",\"mainEntityOfPage\":{\"@id\":\"https:\\\/\\\/lospoliticosveracruz.com\\\/?p=99362\"},\"wordCount\":407,\"publisher\":{\"@id\":\"https:\\\/\\\/lospoliticosveracruz.com\\\/#organization\"},\"keywords\":[\"Lisbeth Aurelia Jim\u00e9nez Aguirre\",\"Morena\",\"Poder Judicial\",\"Veracruz\"],\"articleSection\":[\"La Nota\"],\"inLanguage\":\"es\"},{\"@type\":\"WebPage\",\"@id\":\"https:\\\/\\\/lospoliticosveracruz.com\\\/?p=99362\",\"url\":\"https:\\\/\\\/lospoliticosveracruz.com\\\/?p=99362\",\"name\":\"YEYA ES EL PODER JUDICIAL! - Los pol\u00edticos Veracruz\",\"isPartOf\":{\"@id\":\"https:\\\/\\\/lospoliticosveracruz.com\\\/#website\"},\"datePublished\":\"2022-12-02T15:09:19+00:00\",\"dateModified\":\"2022-12-02T15:17:20+00:00\",\"breadcrumb\":{\"@id\":\"https:\\\/\\\/lospoliticosveracruz.com\\\/?p=99362#breadcrumb\"},\"inLanguage\":\"es\",\"potentialAction\":[{\"@type\":\"ReadAction\",\"target\":[\"https:\\\/\\\/lospoliticosveracruz.com\\\/?p=99362\"]}]},{\"@type\":\"BreadcrumbList\",\"@id\":\"https:\\\/\\\/lospoliticosveracruz.com\\\/?p=99362#breadcrumb\",\"itemListElement\":[{\"@type\":\"ListItem\",\"position\":1,\"name\":\"Portada\",\"item\":\"https:\\\/\\\/lospoliticosveracruz.com\\\/\"},{\"@type\":\"ListItem\",\"position\":2,\"name\":\"YEYA ES EL PODER JUDICIAL!\"}]},{\"@type\":\"WebSite\",\"@id\":\"https:\\\/\\\/lospoliticosveracruz.com\\\/#website\",\"url\":\"https:\\\/\\\/lospoliticosveracruz.com\\\/\",\"name\":\"Los pol\u00edticos Veracruz\",\"description\":\"\",\"publisher\":{\"@id\":\"https:\\\/\\\/lospoliticosveracruz.com\\\/#organization\"},\"potentialAction\":[{\"@type\":\"SearchAction\",\"target\":{\"@type\":\"EntryPoint\",\"urlTemplate\":\"https:\\\/\\\/lospoliticosveracruz.com\\\/?s={search_term_string}\"},\"query-input\":{\"@type\":\"PropertyValueSpecification\",\"valueRequired\":true,\"valueName\":\"search_term_string\"}}],\"inLanguage\":\"es\"},{\"@type\":\"Organization\",\"@id\":\"https:\\\/\\\/lospoliticosveracruz.com\\\/#organization\",\"name\":\"Los pol\u00edticos Veracruz\",\"url\":\"https:\\\/\\\/lospoliticosveracruz.com\\\/\",\"logo\":{\"@type\":\"ImageObject\",\"inLanguage\":\"es\",\"@id\":\"https:\\\/\\\/lospoliticosveracruz.com\\\/#\\\/schema\\\/logo\\\/image\\\/\",\"url\":\"https:\\\/\\\/lospoliticosveracruz.com\\\/wp-content\\\/uploads\\\/2025\\\/12\\\/Logo-Nuevo-LOS-POLITICOS-1.jpg\",\"contentUrl\":\"https:\\\/\\\/lospoliticosveracruz.com\\\/wp-content\\\/uploads\\\/2025\\\/12\\\/Logo-Nuevo-LOS-POLITICOS-1.jpg\",\"width\":260,\"height\":70,\"caption\":\"Los pol\u00edticos Veracruz\"},\"image\":{\"@id\":\"https:\\\/\\\/lospoliticosveracruz.com\\\/#\\\/schema\\\/logo\\\/image\\\/\"},\"sameAs\":[\"https:\\\/\\\/www.facebook.com\\\/people\\\/Notimemes-de-los-Polticos\\\/61565672886568\\\/\",\"https:\\\/\\\/x.com\\\/LosPoliticosVer\"]},{\"@type\":\"Person\",\"@id\":\"https:\\\/\\\/lospoliticosveracruz.com\\\/#\\\/schema\\\/person\\\/b8702bb0e538456e6efd07080bf2a4a2\",\"name\":\"Lo viste en Los Pol\u00edticos\",\"image\":{\"@type\":\"ImageObject\",\"inLanguage\":\"es\",\"@id\":\"https:\\\/\\\/secure.gravatar.com\\\/avatar\\\/3a8de04a2656d44082be478bd6c086daa447c4651605818287b9532d3d0bd435?s=96&d=mm&r=g\",\"url\":\"https:\\\/\\\/secure.gravatar.com\\\/avatar\\\/3a8de04a2656d44082be478bd6c086daa447c4651605818287b9532d3d0bd435?s=96&d=mm&r=g\",\"contentUrl\":\"https:\\\/\\\/secure.gravatar.com\\\/avatar\\\/3a8de04a2656d44082be478bd6c086daa447c4651605818287b9532d3d0bd435?s=96&d=mm&r=g\",\"caption\":\"Lo viste en Los Pol\u00edticos\"},\"url\":\"https:\\\/\\\/lospoliticosveracruz.com\\\/?author=2\"}]}<\/script>\n<!-- \/ Yoast SEO plugin. -->","yoast_head_json":{"title":"YEYA ES EL PODER JUDICIAL! - Los pol\u00edticos Veracruz","robots":{"index":"index","follow":"follow","max-snippet":"max-snippet:-1","max-image-preview":"max-image-preview:large","max-video-preview":"max-video-preview:-1"},"canonical":"https:\/\/lospoliticosveracruz.com\/?p=99362","og_locale":"es_ES","og_type":"article","og_title":"YEYA ES EL PODER JUDICIAL! - Los pol\u00edticos Veracruz","og_description":"Karla M\u00e9ndez \/ ElementosMx Xalapa La Magistrada Lisbeth Aurelia Jim\u00e9nez Aguirre adscrita a la Primera Sala en Materia Penal es la nueva Presidenta del Tribunal Superior de Justicia del estado y del Consejo de la Judicatura, durante el periodo 2022-2025. Con ello hilan ya tres mujeres al frente de tan importante cargo, en lo que [&hellip;]","og_url":"https:\/\/lospoliticosveracruz.com\/?p=99362","og_site_name":"Los pol\u00edticos Veracruz","article_publisher":"https:\/\/www.facebook.com\/people\/Notimemes-de-los-Polticos\/61565672886568\/","article_published_time":"2022-12-02T15:09:19+00:00","article_modified_time":"2022-12-02T15:17:20+00:00","og_image":[{"width":200,"height":200,"url":"https:\/\/lospoliticosveracruz.com\/wp-content\/uploads\/2016\/07\/Logo-Dor.jpg","type":"image\/jpeg"}],"author":"Lo viste en Los Pol\u00edticos","twitter_card":"summary_large_image","twitter_creator":"@LosPoliticosVer","twitter_site":"@LosPoliticosVer","twitter_misc":{"Escrito por":"Lo viste en Los Pol\u00edticos","Tiempo de lectura":"2 minutos"},"schema":{"@context":"https:\/\/schema.org","@graph":[{"@type":"Article","@id":"https:\/\/lospoliticosveracruz.com\/?p=99362#article","isPartOf":{"@id":"https:\/\/lospoliticosveracruz.com\/?p=99362"},"author":{"name":"Lo viste en Los Pol\u00edticos","@id":"https:\/\/lospoliticosveracruz.com\/#\/schema\/person\/b8702bb0e538456e6efd07080bf2a4a2"},"headline":"YEYA ES EL PODER JUDICIAL!","datePublished":"2022-12-02T15:09:19+00:00","dateModified":"2022-12-02T15:17:20+00:00","mainEntityOfPage":{"@id":"https:\/\/lospoliticosveracruz.com\/?p=99362"},"wordCount":407,"publisher":{"@id":"https:\/\/lospoliticosveracruz.com\/#organization"},"keywords":["Lisbeth Aurelia Jim\u00e9nez Aguirre","Morena","Poder Judicial","Veracruz"],"articleSection":["La Nota"],"inLanguage":"es"},{"@type":"WebPage","@id":"https:\/\/lospoliticosveracruz.com\/?p=99362","url":"https:\/\/lospoliticosveracruz.com\/?p=99362","name":"YEYA ES EL PODER JUDICIAL! - Los pol\u00edticos Veracruz","isPartOf":{"@id":"https:\/\/lospoliticosveracruz.com\/#website"},"datePublished":"2022-12-02T15:09:19+00:00","dateModified":"2022-12-02T15:17:20+00:00","breadcrumb":{"@id":"https:\/\/lospoliticosveracruz.com\/?p=99362#breadcrumb"},"inLanguage":"es","potentialAction":[{"@type":"ReadAction","target":["https:\/\/lospoliticosveracruz.com\/?p=99362"]}]},{"@type":"BreadcrumbList","@id":"https:\/\/lospoliticosveracruz.com\/?p=99362#breadcrumb","itemListElement":[{"@type":"ListItem","position":1,"name":"Portada","item":"https:\/\/lospoliticosveracruz.com\/"},{"@type":"ListItem","position":2,"name":"YEYA ES EL PODER JUDICIAL!"}]},{"@type":"WebSite","@id":"https:\/\/lospoliticosveracruz.com\/#website","url":"https:\/\/lospoliticosveracruz.com\/","name":"Los pol\u00edticos Veracruz","description":"","publisher":{"@id":"https:\/\/lospoliticosveracruz.com\/#organization"},"potentialAction":[{"@type":"SearchAction","target":{"@type":"EntryPoint","urlTemplate":"https:\/\/lospoliticosveracruz.com\/?s={search_term_string}"},"query-input":{"@type":"PropertyValueSpecification","valueRequired":true,"valueName":"search_term_string"}}],"inLanguage":"es"},{"@type":"Organization","@id":"https:\/\/lospoliticosveracruz.com\/#organization","name":"Los pol\u00edticos Veracruz","url":"https:\/\/lospoliticosveracruz.com\/","logo":{"@type":"ImageObject","inLanguage":"es","@id":"https:\/\/lospoliticosveracruz.com\/#\/schema\/logo\/image\/","url":"https:\/\/lospoliticosveracruz.com\/wp-content\/uploads\/2025\/12\/Logo-Nuevo-LOS-POLITICOS-1.jpg","contentUrl":"https:\/\/lospoliticosveracruz.com\/wp-content\/uploads\/2025\/12\/Logo-Nuevo-LOS-POLITICOS-1.jpg","width":260,"height":70,"caption":"Los pol\u00edticos Veracruz"},"image":{"@id":"https:\/\/lospoliticosveracruz.com\/#\/schema\/logo\/image\/"},"sameAs":["https:\/\/www.facebook.com\/people\/Notimemes-de-los-Polticos\/61565672886568\/","https:\/\/x.com\/LosPoliticosVer"]},{"@type":"Person","@id":"https:\/\/lospoliticosveracruz.com\/#\/schema\/person\/b8702bb0e538456e6efd07080bf2a4a2","name":"Lo viste en Los Pol\u00edticos","image":{"@type":"ImageObject","inLanguage":"es","@id":"https:\/\/secure.gravatar.com\/avatar\/3a8de04a2656d44082be478bd6c086daa447c4651605818287b9532d3d0bd435?s=96&d=mm&r=g","url":"https:\/\/secure.gravatar.com\/avatar\/3a8de04a2656d44082be478bd6c086daa447c4651605818287b9532d3d0bd435?s=96&d=mm&r=g","contentUrl":"https:\/\/secure.gravatar.com\/avatar\/3a8de04a2656d44082be478bd6c086daa447c4651605818287b9532d3d0bd435?s=96&d=mm&r=g","caption":"Lo viste en Los Pol\u00edticos"},"url":"https:\/\/lospoliticosveracruz.com\/?author=2"}]}},"_links":{"self":[{"href":"https:\/\/lospoliticosveracruz.com\/index.php?rest_route=\/wp\/v2\/posts\/99362","targetHints":{"allow":["GET"]}}],"collection":[{"href":"https:\/\/lospoliticosveracruz.com\/index.php?rest_route=\/wp\/v2\/posts"}],"about":[{"href":"https:\/\/lospoliticosveracruz.com\/index.php?rest_route=\/wp\/v2\/types\/post"}],"author":[{"embeddable":true,"href":"https:\/\/lospoliticosveracruz.com\/index.php?rest_route=\/wp\/v2\/users\/2"}],"replies":[{"embeddable":true,"href":"https:\/\/lospoliticosveracruz.com\/index.php?rest_route=%2Fwp%2Fv2%2Fcomments&post=99362"}],"version-history":[{"count":1,"href":"https:\/\/lospoliticosveracruz.com\/index.php?rest_route=\/wp\/v2\/posts\/99362\/revisions"}],"predecessor-version":[{"id":99364,"href":"https:\/\/lospoliticosveracruz.com\/index.php?rest_route=\/wp\/v2\/posts\/99362\/revisions\/99364"}],"wp:attachment":[{"href":"https:\/\/lospoliticosveracruz.com\/index.php?rest_route=%2Fwp%2Fv2%2Fmedia&parent=99362"}],"wp:term":[{"taxonomy":"category","embeddable":true,"href":"https:\/\/lospoliticosveracruz.com\/index.php?rest_route=%2Fwp%2Fv2%2Fcategories&post=99362"},{"taxonomy":"post_tag","embeddable":true,"href":"https:\/\/lospoliticosveracruz.com\/index.php?rest_route=%2Fwp%2Fv2%2Ftags&post=99362"}],"curies":[{"name":"wp","href":"https:\/\/api.w.org\/{rel}","templated":true}]}}