{"id":99384,"date":"2022-12-02T13:10:34","date_gmt":"2022-12-02T19:10:34","guid":{"rendered":"https:\/\/lospoliticosveracruz.com.mx\/?p=99384"},"modified":"2022-12-02T13:10:39","modified_gmt":"2022-12-02T19:10:39","slug":"el-poder-judicial-de-veracruz-purgatorio","status":"publish","type":"post","link":"https:\/\/lospoliticosveracruz.com\/?p=99384","title":{"rendered":"EL PODER JUDICIAL DE VERACRUZ, PURGATORIO"},"content":{"rendered":"\n<p><strong><strong>Miguel \u00c1ngel G\u00f3mez Ruiz<\/strong><\/strong><\/p>\n\n\n\n<p><em>Contrapunto<\/em><\/p>\n\n\n\n<p>En 2020, dos empresarios veracruzanos, Rafael S\u00e1nchez Cano y Jes\u00fas Cha\u00edn Oceguera, fueron sujetos a prisi\u00f3n preventiva en un penal en Poza Rica, tras haber denunciado por el delito de extorsi\u00f3n a la exdeportista Ana Guevara.<\/p>\n\n\n\n<p>Los dos fueron apresados, junto con la expriista Armida Ram\u00edrez, por ser sospechosos del asesinato de Edgar \u00c1lvarez Flores, un supuesto cobrador de sobornos, que estaba relacionado con Guevara, actual titular de la Comisi\u00f3n Nacional del Deporte (Conade).<\/p>\n\n\n\n<p>La nota sobre el caso ocup\u00f3 las ocho columnas en medios estatales y nacionales por algunos d\u00edas, hasta que se les proces\u00f3.<\/p>\n\n\n\n<p>La juez que llev\u00f3 el caso fue Lisbeth Aurelia Jim\u00e9nez Aguirre, que unos meses despu\u00e9s fue convertida en magistrada y que este viernes fue electa presidenta del Tribunal Superior de Justicia en Veracruz.<\/p>\n\n\n\n<p>Y no es que se le haya premiado por haber salvado el honor de Ana Gabriela Guevara, en cuya gesti\u00f3n el deporte en M\u00e9xico cay\u00f3 a un abismo, sino porque a final de cuentas, entre las mujeres de la 4T electas como magistradas entre 2019 y 2021, era lo mejorcito.<\/p>\n\n\n\n<p>S\u00ed, cuenta con una carrera en Derecho y tiene por ah\u00ed diplomados y especializaciones, no doctorados ni maestr\u00edas, pero tambi\u00e9n demostr\u00f3 que puede ser leal al gobierno y someterse a las \u00f3rdenes de Cuitl\u00e1huac Garcia Jim\u00e9nez, quien ha hecho y deshecho al interior de un poder ajeno al suyo.<\/p>\n\n\n\n<p>Es cierto, el Poder Judicial se convirti\u00f3 en un purgatorio desde 2019. Llegaron muchos que han hecho muy poco. La nueva presidenta fue informada desde hace algunos d\u00edas que ella era la elegida. En efecto, fue escogida por Cuitl\u00e1huac y avalada por uno de sus escuderos, Juan Javier G\u00f3mez Cazar\u00edn.<\/p>\n\n\n\n<p>Por tanto, desde ese momento, ella estaba enterada que no podr\u00e1 dar un paso sin que antes les informe a sus dos jefes.<\/p>\n\n\n\n<p>Y es l\u00f3gico, el gobierno tiene un inter\u00e9s pol\u00edtico en el Poder Judicial, pues desde all\u00ed se podr\u00e1 sancionar al enemigo y el legislativo tambi\u00e9n controlar\u00e1 todo pues desde all\u00ed se manejan los recursos. Lisbeth no tiene salida, por ning\u00fan lado. Ya estaba all\u00ed, pero su lugar se hizo m\u00e1s grande en este purgatorio.<\/p>\n\n\n\n<p>Hoy, de acuerdo a estudios y sondeos, el Poder Judicial de Veracruz ocupa el \u00faltimo lugar en aplicaci\u00f3n de justicia. El \u00faltimo.<\/p>\n\n\n\n<p>Y la causa fue la corrupci\u00f3n. Mala disposici\u00f3n de recursos. M\u00e1s de 19 mil expedientes sin resolver. La llegada de personas inexpertas, principalmente magistrados y jueces sin carrera judicial. Sin proyectos para la justicia digital. Aplicaci\u00f3n a modo de la justicia y m\u00e1s.<\/p>\n\n\n\n<p>Pero si algo tiene que hacer bien Lisbeth Aurelia es reponer al magistrado Marco Antonio Lezama Moo. Una nueva intervenci\u00f3n de la Suprema Corte de Justicia de la Naci\u00f3n (SCJN) ser\u00e1 para sancionar por desacato y no haber repuesto en su cargo al jurista.<\/p>\n\n\n\n<p>Tambi\u00e9n, deber\u00e1 reponer a la magistrada Yolanda Cecilia Casta\u00f1eda Palmeros, quien fue despedida en agosto de 2021 tras cumplir 70 a\u00f1os, siendo que ella fue nombrada magistrada numeraria con car\u00e1cter de inamovible en 1997, a trav\u00e9s de un decreto legislativo.<\/p>\n\n\n\n<p>Encima, Casta\u00f1eda Palmeros gan\u00f3 el Premio Nacional al M\u00e9rito Judicial, gracias a una trayectoria ejemplar y a un trabajo en donde aplic\u00f3 al cien por ciento la justicia en cada una de sus decisiones.<\/p>\n\n\n\n<p>Por ah\u00ed debe comenzar su tarea la nueva presidenta.<\/p>\n\n\n\n<p>Adem\u00e1s, debe hacer cambios, quiz\u00e1 no muchos, pero hay varios que deben ser inmediatos, como suplir a la directora de administraci\u00f3n, Joana Marl\u00e9n Bautista. Tambi\u00e9n debe haber cambios en Recursos Humanos y Comunicaci\u00f3n Social, sin duda.<\/p>\n\n\n\n<p>Morena atenta contra alcaldesas morenistas<\/p>\n\n\n\n<p>Las alcaldesas Mar\u00eda Elena Solana Calzada y Lorena S\u00e1nchez Vargas, de San Andr\u00e9s Tuxtla y Sayula de Alem\u00e1n, respectivamente, han sufrido todo tipo de acoso por parte de diputados e integrantes de su comuna.<\/p>\n\n\n\n<p>Peor a\u00fan, los ataques y agravios vienen del mismo partido que las respald\u00f3 en sus candidaturas, Morena.<\/p>\n\n\n\n<p>Es verdad, ambas ganaron las elecciones debido a sus trayectorias antes que con el apoyo de ese partido.<\/p>\n\n\n\n<p>Mar\u00eda Elena Solana es una doctora muy reconocida y querida por el pueblo. Como alcaldesa intent\u00f3 poner orden y lo \u00fanico que ha recibido es acoso y amagos para destituirle. Lo \u00faltimo, dos caciques de la zona, Juan Javier G\u00f3mez Cazar\u00edn y Rafael Fararoni, dispusieron la intervenci\u00f3n de la tesorer\u00eda municipal. Es lamentable que quieran seguir adue\u00f1\u00e1ndose de una zona para que los recursos sirvan a sus fines y no a la poblaci\u00f3n.<\/p>\n\n\n\n<p>Del caso de Lorena S\u00e1nchez Vargas hemos narrado el hostigamiento por parte de integrantes de su comuna. Ellos han hecho lo que han querido con los recursos municipales y a ella la hacen menos.<\/p>\n\n\n\n<p>Ojal\u00e1 que en ambos casos, se les defienda y se les d\u00e9 la raz\u00f3n. Son mujeres veracruzanas de gran valor y merecen el mejor de los tratos.<\/p>\n","protected":false},"excerpt":{"rendered":"<p>Miguel \u00c1ngel G\u00f3mez Ruiz Contrapunto En 2020, dos empresarios veracruzanos, Rafael S\u00e1nchez Cano y Jes\u00fas Cha\u00edn Oceguera, fueron sujetos a prisi\u00f3n preventiva en un penal en Poza Rica, tras haber denunciado por el delito de extorsi\u00f3n a la exdeportista Ana Guevara. Los dos fueron apresados, junto con la expriista Armida Ram\u00edrez, por ser sospechosos del [&hellip;]<\/p>\n","protected":false},"author":2,"featured_media":0,"comment_status":"closed","ping_status":"closed","sticky":false,"template":"","format":"standard","meta":{"tdm_status":"","tdm_grid_status":"","footnotes":""},"categories":[70],"tags":[1563,12695,36463,1026,195],"class_list":{"0":"post-99384","1":"post","2":"type-post","3":"status-publish","4":"format-standard","6":"category-de-opinion","7":"tag-cuitlahuac-garcia-jimenez","8":"tag-juan-javier-gomez-cazarin","9":"tag-lisbeth-aurelia-jimenez-aguirre","10":"tag-morena","11":"tag-veracruz"},"yoast_head":"<!-- This site is optimized with the Yoast SEO plugin v27.4 - https:\/\/yoast.com\/product\/yoast-seo-wordpress\/ -->\n<title>EL PODER JUDICIAL DE VERACRUZ, PURGATORIO - Los pol\u00edticos Veracruz<\/title>\n<meta name=\"robots\" content=\"index, follow, max-snippet:-1, max-image-preview:large, max-video-preview:-1\" \/>\n<link rel=\"canonical\" href=\"https:\/\/lospoliticosveracruz.com\/?p=99384\" \/>\n<meta property=\"og:locale\" content=\"es_ES\" \/>\n<meta property=\"og:type\" content=\"article\" \/>\n<meta property=\"og:title\" content=\"EL PODER JUDICIAL DE VERACRUZ, PURGATORIO - Los pol\u00edticos Veracruz\" \/>\n<meta property=\"og:description\" content=\"Miguel \u00c1ngel G\u00f3mez Ruiz Contrapunto En 2020, dos empresarios veracruzanos, Rafael S\u00e1nchez Cano y Jes\u00fas Cha\u00edn Oceguera, fueron sujetos a prisi\u00f3n preventiva en un penal en Poza Rica, tras haber denunciado por el delito de extorsi\u00f3n a la exdeportista Ana Guevara. Los dos fueron apresados, junto con la expriista Armida Ram\u00edrez, por ser sospechosos del [&hellip;]\" \/>\n<meta property=\"og:url\" content=\"https:\/\/lospoliticosveracruz.com\/?p=99384\" \/>\n<meta property=\"og:site_name\" content=\"Los pol\u00edticos Veracruz\" \/>\n<meta property=\"article:publisher\" content=\"https:\/\/www.facebook.com\/people\/Notimemes-de-los-Polticos\/61565672886568\/\" \/>\n<meta property=\"article:published_time\" content=\"2022-12-02T19:10:34+00:00\" \/>\n<meta property=\"article:modified_time\" content=\"2022-12-02T19:10:39+00:00\" \/>\n<meta property=\"og:image\" content=\"https:\/\/lospoliticosveracruz.com\/wp-content\/uploads\/2016\/07\/Logo-Dor.jpg\" \/>\n\t<meta property=\"og:image:width\" content=\"200\" \/>\n\t<meta property=\"og:image:height\" content=\"200\" \/>\n\t<meta property=\"og:image:type\" content=\"image\/jpeg\" \/>\n<meta name=\"author\" content=\"Lo viste en Los Pol\u00edticos\" \/>\n<meta name=\"twitter:card\" content=\"summary_large_image\" \/>\n<meta name=\"twitter:creator\" content=\"@LosPoliticosVer\" \/>\n<meta name=\"twitter:site\" content=\"@LosPoliticosVer\" \/>\n<meta name=\"twitter:label1\" content=\"Escrito por\" \/>\n\t<meta name=\"twitter:data1\" content=\"Lo viste en Los Pol\u00edticos\" \/>\n\t<meta name=\"twitter:label2\" content=\"Tiempo de lectura\" \/>\n\t<meta name=\"twitter:data2\" content=\"4 minutos\" \/>\n<script type=\"application\/ld+json\" class=\"yoast-schema-graph\">{\"@context\":\"https:\\\/\\\/schema.org\",\"@graph\":[{\"@type\":\"Article\",\"@id\":\"https:\\\/\\\/lospoliticosveracruz.com\\\/?p=99384#article\",\"isPartOf\":{\"@id\":\"https:\\\/\\\/lospoliticosveracruz.com\\\/?p=99384\"},\"author\":{\"name\":\"Lo viste en Los Pol\u00edticos\",\"@id\":\"https:\\\/\\\/lospoliticosveracruz.com\\\/#\\\/schema\\\/person\\\/b8702bb0e538456e6efd07080bf2a4a2\"},\"headline\":\"EL PODER JUDICIAL DE VERACRUZ, PURGATORIO\",\"datePublished\":\"2022-12-02T19:10:34+00:00\",\"dateModified\":\"2022-12-02T19:10:39+00:00\",\"mainEntityOfPage\":{\"@id\":\"https:\\\/\\\/lospoliticosveracruz.com\\\/?p=99384\"},\"wordCount\":855,\"publisher\":{\"@id\":\"https:\\\/\\\/lospoliticosveracruz.com\\\/#organization\"},\"keywords\":[\"Cuitl\u00e1huac Garc\u00eda Jim\u00e9nez\",\"Juan Javier G\u00f3mez Cazar\u00edn\",\"Lisbeth Aurelia Jim\u00e9nez Aguirre\",\"Morena\",\"Veracruz\"],\"articleSection\":[\"De Opini\u00f3n\"],\"inLanguage\":\"es\"},{\"@type\":\"WebPage\",\"@id\":\"https:\\\/\\\/lospoliticosveracruz.com\\\/?p=99384\",\"url\":\"https:\\\/\\\/lospoliticosveracruz.com\\\/?p=99384\",\"name\":\"EL PODER JUDICIAL DE VERACRUZ, PURGATORIO - Los pol\u00edticos Veracruz\",\"isPartOf\":{\"@id\":\"https:\\\/\\\/lospoliticosveracruz.com\\\/#website\"},\"datePublished\":\"2022-12-02T19:10:34+00:00\",\"dateModified\":\"2022-12-02T19:10:39+00:00\",\"breadcrumb\":{\"@id\":\"https:\\\/\\\/lospoliticosveracruz.com\\\/?p=99384#breadcrumb\"},\"inLanguage\":\"es\",\"potentialAction\":[{\"@type\":\"ReadAction\",\"target\":[\"https:\\\/\\\/lospoliticosveracruz.com\\\/?p=99384\"]}]},{\"@type\":\"BreadcrumbList\",\"@id\":\"https:\\\/\\\/lospoliticosveracruz.com\\\/?p=99384#breadcrumb\",\"itemListElement\":[{\"@type\":\"ListItem\",\"position\":1,\"name\":\"Portada\",\"item\":\"https:\\\/\\\/lospoliticosveracruz.com\\\/\"},{\"@type\":\"ListItem\",\"position\":2,\"name\":\"EL PODER JUDICIAL DE VERACRUZ, PURGATORIO\"}]},{\"@type\":\"WebSite\",\"@id\":\"https:\\\/\\\/lospoliticosveracruz.com\\\/#website\",\"url\":\"https:\\\/\\\/lospoliticosveracruz.com\\\/\",\"name\":\"Los pol\u00edticos Veracruz\",\"description\":\"\",\"publisher\":{\"@id\":\"https:\\\/\\\/lospoliticosveracruz.com\\\/#organization\"},\"potentialAction\":[{\"@type\":\"SearchAction\",\"target\":{\"@type\":\"EntryPoint\",\"urlTemplate\":\"https:\\\/\\\/lospoliticosveracruz.com\\\/?s={search_term_string}\"},\"query-input\":{\"@type\":\"PropertyValueSpecification\",\"valueRequired\":true,\"valueName\":\"search_term_string\"}}],\"inLanguage\":\"es\"},{\"@type\":\"Organization\",\"@id\":\"https:\\\/\\\/lospoliticosveracruz.com\\\/#organization\",\"name\":\"Los pol\u00edticos Veracruz\",\"url\":\"https:\\\/\\\/lospoliticosveracruz.com\\\/\",\"logo\":{\"@type\":\"ImageObject\",\"inLanguage\":\"es\",\"@id\":\"https:\\\/\\\/lospoliticosveracruz.com\\\/#\\\/schema\\\/logo\\\/image\\\/\",\"url\":\"https:\\\/\\\/lospoliticosveracruz.com\\\/wp-content\\\/uploads\\\/2025\\\/12\\\/Logo-Nuevo-LOS-POLITICOS-1.jpg\",\"contentUrl\":\"https:\\\/\\\/lospoliticosveracruz.com\\\/wp-content\\\/uploads\\\/2025\\\/12\\\/Logo-Nuevo-LOS-POLITICOS-1.jpg\",\"width\":260,\"height\":70,\"caption\":\"Los pol\u00edticos Veracruz\"},\"image\":{\"@id\":\"https:\\\/\\\/lospoliticosveracruz.com\\\/#\\\/schema\\\/logo\\\/image\\\/\"},\"sameAs\":[\"https:\\\/\\\/www.facebook.com\\\/people\\\/Notimemes-de-los-Polticos\\\/61565672886568\\\/\",\"https:\\\/\\\/x.com\\\/LosPoliticosVer\"]},{\"@type\":\"Person\",\"@id\":\"https:\\\/\\\/lospoliticosveracruz.com\\\/#\\\/schema\\\/person\\\/b8702bb0e538456e6efd07080bf2a4a2\",\"name\":\"Lo viste en Los Pol\u00edticos\",\"image\":{\"@type\":\"ImageObject\",\"inLanguage\":\"es\",\"@id\":\"https:\\\/\\\/secure.gravatar.com\\\/avatar\\\/3a8de04a2656d44082be478bd6c086daa447c4651605818287b9532d3d0bd435?s=96&d=mm&r=g\",\"url\":\"https:\\\/\\\/secure.gravatar.com\\\/avatar\\\/3a8de04a2656d44082be478bd6c086daa447c4651605818287b9532d3d0bd435?s=96&d=mm&r=g\",\"contentUrl\":\"https:\\\/\\\/secure.gravatar.com\\\/avatar\\\/3a8de04a2656d44082be478bd6c086daa447c4651605818287b9532d3d0bd435?s=96&d=mm&r=g\",\"caption\":\"Lo viste en Los Pol\u00edticos\"},\"url\":\"https:\\\/\\\/lospoliticosveracruz.com\\\/?author=2\"}]}<\/script>\n<!-- \/ Yoast SEO plugin. -->","yoast_head_json":{"title":"EL PODER JUDICIAL DE VERACRUZ, PURGATORIO - Los pol\u00edticos Veracruz","robots":{"index":"index","follow":"follow","max-snippet":"max-snippet:-1","max-image-preview":"max-image-preview:large","max-video-preview":"max-video-preview:-1"},"canonical":"https:\/\/lospoliticosveracruz.com\/?p=99384","og_locale":"es_ES","og_type":"article","og_title":"EL PODER JUDICIAL DE VERACRUZ, PURGATORIO - Los pol\u00edticos Veracruz","og_description":"Miguel \u00c1ngel G\u00f3mez Ruiz Contrapunto En 2020, dos empresarios veracruzanos, Rafael S\u00e1nchez Cano y Jes\u00fas Cha\u00edn Oceguera, fueron sujetos a prisi\u00f3n preventiva en un penal en Poza Rica, tras haber denunciado por el delito de extorsi\u00f3n a la exdeportista Ana Guevara. Los dos fueron apresados, junto con la expriista Armida Ram\u00edrez, por ser sospechosos del [&hellip;]","og_url":"https:\/\/lospoliticosveracruz.com\/?p=99384","og_site_name":"Los pol\u00edticos Veracruz","article_publisher":"https:\/\/www.facebook.com\/people\/Notimemes-de-los-Polticos\/61565672886568\/","article_published_time":"2022-12-02T19:10:34+00:00","article_modified_time":"2022-12-02T19:10:39+00:00","og_image":[{"width":200,"height":200,"url":"https:\/\/lospoliticosveracruz.com\/wp-content\/uploads\/2016\/07\/Logo-Dor.jpg","type":"image\/jpeg"}],"author":"Lo viste en Los Pol\u00edticos","twitter_card":"summary_large_image","twitter_creator":"@LosPoliticosVer","twitter_site":"@LosPoliticosVer","twitter_misc":{"Escrito por":"Lo viste en Los Pol\u00edticos","Tiempo de lectura":"4 minutos"},"schema":{"@context":"https:\/\/schema.org","@graph":[{"@type":"Article","@id":"https:\/\/lospoliticosveracruz.com\/?p=99384#article","isPartOf":{"@id":"https:\/\/lospoliticosveracruz.com\/?p=99384"},"author":{"name":"Lo viste en Los Pol\u00edticos","@id":"https:\/\/lospoliticosveracruz.com\/#\/schema\/person\/b8702bb0e538456e6efd07080bf2a4a2"},"headline":"EL PODER JUDICIAL DE VERACRUZ, PURGATORIO","datePublished":"2022-12-02T19:10:34+00:00","dateModified":"2022-12-02T19:10:39+00:00","mainEntityOfPage":{"@id":"https:\/\/lospoliticosveracruz.com\/?p=99384"},"wordCount":855,"publisher":{"@id":"https:\/\/lospoliticosveracruz.com\/#organization"},"keywords":["Cuitl\u00e1huac Garc\u00eda Jim\u00e9nez","Juan Javier G\u00f3mez Cazar\u00edn","Lisbeth Aurelia Jim\u00e9nez Aguirre","Morena","Veracruz"],"articleSection":["De Opini\u00f3n"],"inLanguage":"es"},{"@type":"WebPage","@id":"https:\/\/lospoliticosveracruz.com\/?p=99384","url":"https:\/\/lospoliticosveracruz.com\/?p=99384","name":"EL PODER JUDICIAL DE VERACRUZ, PURGATORIO - Los pol\u00edticos Veracruz","isPartOf":{"@id":"https:\/\/lospoliticosveracruz.com\/#website"},"datePublished":"2022-12-02T19:10:34+00:00","dateModified":"2022-12-02T19:10:39+00:00","breadcrumb":{"@id":"https:\/\/lospoliticosveracruz.com\/?p=99384#breadcrumb"},"inLanguage":"es","potentialAction":[{"@type":"ReadAction","target":["https:\/\/lospoliticosveracruz.com\/?p=99384"]}]},{"@type":"BreadcrumbList","@id":"https:\/\/lospoliticosveracruz.com\/?p=99384#breadcrumb","itemListElement":[{"@type":"ListItem","position":1,"name":"Portada","item":"https:\/\/lospoliticosveracruz.com\/"},{"@type":"ListItem","position":2,"name":"EL PODER JUDICIAL DE VERACRUZ, PURGATORIO"}]},{"@type":"WebSite","@id":"https:\/\/lospoliticosveracruz.com\/#website","url":"https:\/\/lospoliticosveracruz.com\/","name":"Los pol\u00edticos Veracruz","description":"","publisher":{"@id":"https:\/\/lospoliticosveracruz.com\/#organization"},"potentialAction":[{"@type":"SearchAction","target":{"@type":"EntryPoint","urlTemplate":"https:\/\/lospoliticosveracruz.com\/?s={search_term_string}"},"query-input":{"@type":"PropertyValueSpecification","valueRequired":true,"valueName":"search_term_string"}}],"inLanguage":"es"},{"@type":"Organization","@id":"https:\/\/lospoliticosveracruz.com\/#organization","name":"Los pol\u00edticos Veracruz","url":"https:\/\/lospoliticosveracruz.com\/","logo":{"@type":"ImageObject","inLanguage":"es","@id":"https:\/\/lospoliticosveracruz.com\/#\/schema\/logo\/image\/","url":"https:\/\/lospoliticosveracruz.com\/wp-content\/uploads\/2025\/12\/Logo-Nuevo-LOS-POLITICOS-1.jpg","contentUrl":"https:\/\/lospoliticosveracruz.com\/wp-content\/uploads\/2025\/12\/Logo-Nuevo-LOS-POLITICOS-1.jpg","width":260,"height":70,"caption":"Los pol\u00edticos Veracruz"},"image":{"@id":"https:\/\/lospoliticosveracruz.com\/#\/schema\/logo\/image\/"},"sameAs":["https:\/\/www.facebook.com\/people\/Notimemes-de-los-Polticos\/61565672886568\/","https:\/\/x.com\/LosPoliticosVer"]},{"@type":"Person","@id":"https:\/\/lospoliticosveracruz.com\/#\/schema\/person\/b8702bb0e538456e6efd07080bf2a4a2","name":"Lo viste en Los Pol\u00edticos","image":{"@type":"ImageObject","inLanguage":"es","@id":"https:\/\/secure.gravatar.com\/avatar\/3a8de04a2656d44082be478bd6c086daa447c4651605818287b9532d3d0bd435?s=96&d=mm&r=g","url":"https:\/\/secure.gravatar.com\/avatar\/3a8de04a2656d44082be478bd6c086daa447c4651605818287b9532d3d0bd435?s=96&d=mm&r=g","contentUrl":"https:\/\/secure.gravatar.com\/avatar\/3a8de04a2656d44082be478bd6c086daa447c4651605818287b9532d3d0bd435?s=96&d=mm&r=g","caption":"Lo viste en Los Pol\u00edticos"},"url":"https:\/\/lospoliticosveracruz.com\/?author=2"}]}},"_links":{"self":[{"href":"https:\/\/lospoliticosveracruz.com\/index.php?rest_route=\/wp\/v2\/posts\/99384","targetHints":{"allow":["GET"]}}],"collection":[{"href":"https:\/\/lospoliticosveracruz.com\/index.php?rest_route=\/wp\/v2\/posts"}],"about":[{"href":"https:\/\/lospoliticosveracruz.com\/index.php?rest_route=\/wp\/v2\/types\/post"}],"author":[{"embeddable":true,"href":"https:\/\/lospoliticosveracruz.com\/index.php?rest_route=\/wp\/v2\/users\/2"}],"replies":[{"embeddable":true,"href":"https:\/\/lospoliticosveracruz.com\/index.php?rest_route=%2Fwp%2Fv2%2Fcomments&post=99384"}],"version-history":[{"count":1,"href":"https:\/\/lospoliticosveracruz.com\/index.php?rest_route=\/wp\/v2\/posts\/99384\/revisions"}],"predecessor-version":[{"id":99386,"href":"https:\/\/lospoliticosveracruz.com\/index.php?rest_route=\/wp\/v2\/posts\/99384\/revisions\/99386"}],"wp:attachment":[{"href":"https:\/\/lospoliticosveracruz.com\/index.php?rest_route=%2Fwp%2Fv2%2Fmedia&parent=99384"}],"wp:term":[{"taxonomy":"category","embeddable":true,"href":"https:\/\/lospoliticosveracruz.com\/index.php?rest_route=%2Fwp%2Fv2%2Fcategories&post=99384"},{"taxonomy":"post_tag","embeddable":true,"href":"https:\/\/lospoliticosveracruz.com\/index.php?rest_route=%2Fwp%2Fv2%2Ftags&post=99384"}],"curies":[{"name":"wp","href":"https:\/\/api.w.org\/{rel}","templated":true}]}}