{"id":99409,"date":"2022-12-03T07:37:56","date_gmt":"2022-12-03T13:37:56","guid":{"rendered":"https:\/\/lospoliticosveracruz.com.mx\/?p=99409"},"modified":"2022-12-03T07:38:02","modified_gmt":"2022-12-03T13:38:02","slug":"amlo-nahle-y-cuic-la-noche-de-los-cuchillos-largos","status":"publish","type":"post","link":"https:\/\/lospoliticosveracruz.com\/?p=99409","title":{"rendered":"AMLO, NAHLE Y CUIC, LA NOCHE DE LOS CUCHILLOS LARGOS"},"content":{"rendered":"\n<p><strong>Ricardo Ch\u00faa<\/strong><\/p>\n\n\n\n<p><em>Sale y Vale<\/em><\/p>\n\n\n\n<p>En este mismo espacio el pasado martes 29 de noviembre comentamos: \u00abOJO&#8230; Hace tiempo hay cierto alejamiento entre Andr\u00e9s Manuel L\u00f3pez Obrador y la titular de SENER, Roc\u00edo Nahle.. Muchos dicen que es por el tema de la Refiner\u00eda -Dos Bocas-.. Todo lo que sucede alrededor de ese megaproyecto de la 4T, echado a andar pero que no refina ni un litro de petr\u00f3leo.. Trae molesto a L\u00f3pez Obrador.. Por eso, se\u00f1alan que el tema Veracruz no est\u00e1 definido..&nbsp;<\/p>\n\n\n\n<p><a href=\"https:\/\/youtu.be\/Nxe-vxf8GuY\"><\/a><\/p>\n\n\n\n<figure class=\"wp-block-embed is-type-video is-provider-youtube wp-block-embed-youtube wp-embed-aspect-16-9 wp-has-aspect-ratio\"><div class=\"wp-block-embed__wrapper\">\n<iframe loading=\"lazy\" title=\"Cluster Coworking\" width=\"696\" height=\"392\" src=\"https:\/\/www.youtube.com\/embed\/Nxe-vxf8GuY?feature=oembed\" frameborder=\"0\" allow=\"accelerometer; autoplay; clipboard-write; encrypted-media; gyroscope; picture-in-picture; web-share\" referrerpolicy=\"strict-origin-when-cross-origin\" allowfullscreen><\/iframe>\n<\/div><\/figure>\n\n\n\n<p>\u00abNo est\u00e1n permitiendo caminar a Nahle en Veracruz, como antes.. Ella s\u00f3lo acude a algunos eventos pero nada m\u00e1s.. Esto es serio porque a Delfina G\u00f3mez la dejaba caminar por el Estado de M\u00e9xico y a la larga fue candidata a gobernadora para el 2023&#8230; Nahle no lo hace en Veracruz y para el 2024 el \u00abhorno no est\u00e1 para bollos\u00bb&#8230; Pareciera que el Presidente ha cambiado de idea y quiere que otro sea el candidato a gobernador.. Y poco a poco, est\u00e1 dando a entender que su secretar\u00eda de Energ\u00eda.. Mejor la -guarda- para otra ocasi\u00f3n&#8230; Por lo pronto que saque adelante el tema de -Dos Bocas&#8217;-..&nbsp;<\/p>\n\n\n\n<p>\u00abDec\u00eda Jes\u00fas Reyes Heroles:-Que en pol\u00edtica las casualidades, no existen- y no es una -casualidad- que L\u00f3pez Obrador est\u00e9 dejando caminar en Veracruz a Sergio Guti\u00e9rrez Luna y funcionarios locales como Zenyazen Escobar, Eric Cisneros, Manuel Huerta y Juan Javier G\u00f3mez Cazar\u00edn.. Pero a Nahle no.. Habr\u00e1 que ir contando los d\u00edas, de aqu\u00ed en adelante, de cu\u00e1nto tiempo pasa para que AMLO tenga cerca de nuevo a Nahle, as\u00ed como tra\u00eda cerca a Claudia Sheinbaum el pasado domingo.. EL QUE ENTENDI\u00d3&#8230; ENTENDI\u00d3&#8230;<\/p>\n\n\n\n<p>TRES D\u00cdAS despu\u00e9s en su conferencia \u00abma\u00f1anera\u00bb realizada en el puerto de Veracruz&#8230; L\u00f3pez Obrador dio como una especie de \u00abDESCARTE\u00bb de Roc\u00edo Nahle a la gubernatura de Veracruz&#8230; Diciendo que primero tiene que terminar con \u00abDos Bocas\u00bb y si a esas nos vamos&#8230; La Refiner\u00eda estar\u00e1 lista hasta despu\u00e9s de que termine el sexenio de L\u00f3pez Obrador y que pase la elecci\u00f3n a gobernador de Veracruz&#8230; Con lo cual, pr\u00e1cticamente la titular de la SENER queda fuera de la \u00abjugada\u00bb para esta entidad en 2024&#8230;<\/p>\n\n\n\n<p>Los argumentos que pueda tener AMLO para haberlo dicho as\u00ed, pueden ser muchos: Qu\u00e9 primero la refiner\u00eda antes que Veracruz&#8230; Que puede estar molesto con la funcionaria porque ya son muchos los \u00abgolpes\u00bb pol\u00edticos por este proyecto que no estar\u00e1 a tiempo&#8230; Que no refina ni un litro de gasolina y ya fue inaugurada y que eso lo hace el hazmereir en el extranjero&#8230; Que se ha gastado en exceso en terminarla y los se\u00f1alamientos no cesan&#8230; Que se enoj\u00f3 y por eso la \u00abvet\u00f3\u00bb&#8230; AMLO as\u00ed es y es capaz de hacerlo..&nbsp;<\/p>\n\n\n\n<p>Los pretextos para los que defienden a Nahle&#8230; Tambi\u00e9n pueden ser muchos&#8230; Qu\u00e9 AMLO la quiso proteger y no exponerla al escarnio p\u00fablico por una candidatura que falta mucho tiempo (Risible la situaci\u00f3n porque AMLO no es as\u00ed y es lo que menos le importa, todos los precandidatos andan caminando, y \u00e9l que no le digan que la ley es la ley, menos la electoral) as\u00ed que por ah\u00ed no va.. Otros dicen que pronto la va a \u00abdestapar\u00bb con una encuesta&#8230; Pero por mientras la percepci\u00f3n ciudadana qued\u00f3 con la idea de que Nahle NO VA&#8230;&nbsp;<\/p>\n\n\n\n<p>Adem\u00e1s que este declaraci\u00f3n en \u00abLa Ma\u00f1anera\u00bb fue considerada como el famoso evento de la \u00abNoche de los Cuchillos Largos\u00bb, que fue una purga pol\u00edtica que tuvo lugar en Alemania entre el 30 de junio y el 1 de julio de 1934, cuando el r\u00e9gimen nazi, dirigido por Adolf Hitler, llev\u00f3 a cabo una serie de asesinatos pol\u00edticos. Se puede incluir dentro del marco de actos que realiz\u00f3 el Partido Nacionalsocialista Obrero Alem\u00e1n para apoderarse de las estructuras del Estado. En este caso en sentido figurado es una candidatura a gobernador.. Le mataron la \u00abesperanza\u00bb&#8230;&nbsp;<\/p>\n\n\n\n<p>Ya que en palabras del Presidente de M\u00e9xico, el principal elector en MORENA, dijo que Nahe estaba trabajando en \u00abDos Bocas\u00bb y no iba a Veracruz&#8230; Por eso, la ciudadan\u00eda percibe que el tabasque\u00f1o est\u00e1 molesto con la zacatecana. Quiz\u00e1s de que la refiner\u00eda se inunde cada vez que llueve.. Porque de una forma u otra en las redes sociales YA NO VEN a Nahle como la \u00abfavorita\u00bb del Presidente y si est\u00e1 molesto, actuando como lo hace, puede hasta impulsar al principal adversario de ese grupo pol\u00edtico: Sergio Guti\u00e9rrez Luna..<\/p>\n\n\n\n<p>Que personaje mejor que el diputado federal minatitleco para que L\u00f3pez Obrador demuestre que est\u00e1 molesto por los conflictos que provoca la Refiner\u00eda y que un litro de gasolina refinado en diciembre, no basta, el Presidente quiere los 340 mil barriles diarios que dec\u00eda iban a producir cuando \u00abDos Bocas\u00bb estuviera funcionando&#8230; S\u00f3lo as\u00ed estar\u00eda contento y Roc\u00edo Nahle no tendr\u00eda contrincante enfrente para el 2024 en Veracruz&#8230; Por eso, la figura de Guti\u00e9rrez Luna crecer\u00eda&#8230; El principal adversario de Roc\u00edo y del grupo en Veracruz que la apoya..&nbsp;&nbsp;\u00bfO NO?&#8230; Tan s\u00f3lo por el af\u00e1n de molestar&#8230;&nbsp;<\/p>\n\n\n\n<p>EN RESUMEN&#8230; Esta declaraci\u00f3n de L\u00f3pez Obrador pareciera un \u00abGOLPE DE TRAICI\u00d3N\u00bb y es una \u00abimplosi\u00f3n\u00bb para el equipo de Roc\u00edo Nahle.. Ya que esto le debe quedar muy claro a la titular de SENER, que alguien de adentro seguro \u00abatiz\u00f3\u00bb la molest\u00eda del Presidente, por lo tanto las traiciones son adentro&#8230; Qued\u00f3 en manifiesto que hasta dentro del gobierno de Veracruz puede haber inconformidad en contra de ella.. Y por eso, ninguno de sus presuntos ALIADOS sali\u00f3 a defenderla..&nbsp;<\/p>\n\n\n\n<p>Por eso, dec\u00edamos que parec\u00eda la \u00abNoche de los Cuchillos Largos\u00bb porque a un a\u00f1o y medio, de que inicie el proceso de sucesi\u00f3n estatal en Veracruz&#8230; Ya se empiezan a ver las manifestaciones INTERNAS en MORENA.. Y que le deben TODO a Roc\u00edo Nahle y que la empiezan a traicionar por la AMBICI\u00d3N del poder pol\u00edtico.. Y que muchos de ellos, ya se acostumbraron que a pesar de ser \u00abnonatos\u00bb pol\u00edticos.. Ya no quieren soltar nada para no volver a ser muchos de ellos, los \u00abmatraqueros\u00bb de siempre, cuando eran unos desconocidos..&nbsp;<\/p>\n\n\n\n<p>Este tambi\u00e9n puede ser el mensaje m\u00e1s claro y contundente de L\u00f3pez Obrador.. Sobre la posibilidad de que Cuitl\u00e1huac y su equipo de gobierno, el poder legislativo y judicial, aliados de la 4T.. No quieren a Roc\u00edo Nahle.. Le est\u00e1n \u00abtendiendo la cama\u00bb para que no llegue a ser candidata.. Ya que si AMLO no da \u00abse\u00f1ales\u00bb que es la \u00abfavorita\u00bb&#8230; En Veracruz muchos van a querer \u00abbrincar\u00bb para ser ellos el Plan B&#8230; Parece que pol\u00edticamente las horas para Nahle est\u00e1n contadas&#8230; Mientras no haya un respaldo de AMLO o le levante la mano como a Claudia Sheinbaum&#8230; Dir\u00e1n que se le \u00abcay\u00f3\u00bb y que va Sergio&#8230;&nbsp;&nbsp;REQUIEM&#8230;<\/p>\n","protected":false},"excerpt":{"rendered":"<p>Ricardo Ch\u00faa Sale y Vale En este mismo espacio el pasado martes 29 de noviembre comentamos: \u00abOJO&#8230; Hace tiempo hay cierto alejamiento entre Andr\u00e9s Manuel L\u00f3pez Obrador y la titular de SENER, Roc\u00edo Nahle.. Muchos dicen que es por el tema de la Refiner\u00eda -Dos Bocas-.. Todo lo que sucede alrededor de ese megaproyecto de [&hellip;]<\/p>\n","protected":false},"author":2,"featured_media":0,"comment_status":"closed","ping_status":"closed","sticky":false,"template":"","format":"standard","meta":{"tdm_status":"","tdm_grid_status":"","footnotes":""},"categories":[70],"tags":[618,1563,12686,10317,13604,3578,18990,16147,195],"class_list":{"0":"post-99409","1":"post","2":"type-post","3":"status-publish","4":"format-standard","6":"category-de-opinion","7":"tag-andres-manuel-lopez-obrador","8":"tag-cuitlahuac-garcia-jimenez","9":"tag-eric-cisneros","10":"tag-manuel-huerta","11":"tag-ricardo-chua","12":"tag-rocio-nahle","13":"tag-sener","14":"tag-sergio-gutierrez-luna","15":"tag-veracruz"},"yoast_head":"<!-- This site is optimized with the Yoast SEO plugin v27.4 - https:\/\/yoast.com\/product\/yoast-seo-wordpress\/ -->\n<title>AMLO, NAHLE Y CUIC, LA NOCHE DE LOS CUCHILLOS LARGOS - Los pol\u00edticos Veracruz<\/title>\n<meta name=\"robots\" content=\"index, follow, max-snippet:-1, max-image-preview:large, max-video-preview:-1\" \/>\n<link rel=\"canonical\" href=\"https:\/\/lospoliticosveracruz.com\/?p=99409\" \/>\n<meta property=\"og:locale\" content=\"es_ES\" \/>\n<meta property=\"og:type\" content=\"article\" \/>\n<meta property=\"og:title\" content=\"AMLO, NAHLE Y CUIC, LA NOCHE DE LOS CUCHILLOS LARGOS - Los pol\u00edticos Veracruz\" \/>\n<meta property=\"og:description\" content=\"Ricardo Ch\u00faa Sale y Vale En este mismo espacio el pasado martes 29 de noviembre comentamos: \u00abOJO&#8230; Hace tiempo hay cierto alejamiento entre Andr\u00e9s Manuel L\u00f3pez Obrador y la titular de SENER, Roc\u00edo Nahle.. Muchos dicen que es por el tema de la Refiner\u00eda -Dos Bocas-.. Todo lo que sucede alrededor de ese megaproyecto de [&hellip;]\" \/>\n<meta property=\"og:url\" content=\"https:\/\/lospoliticosveracruz.com\/?p=99409\" \/>\n<meta property=\"og:site_name\" content=\"Los pol\u00edticos Veracruz\" \/>\n<meta property=\"article:publisher\" content=\"https:\/\/www.facebook.com\/people\/Notimemes-de-los-Polticos\/61565672886568\/\" \/>\n<meta property=\"article:published_time\" content=\"2022-12-03T13:37:56+00:00\" \/>\n<meta property=\"article:modified_time\" content=\"2022-12-03T13:38:02+00:00\" \/>\n<meta property=\"og:image\" content=\"https:\/\/lospoliticosveracruz.com\/wp-content\/uploads\/2016\/07\/Logo-Dor.jpg\" \/>\n\t<meta property=\"og:image:width\" content=\"200\" \/>\n\t<meta property=\"og:image:height\" content=\"200\" \/>\n\t<meta property=\"og:image:type\" content=\"image\/jpeg\" \/>\n<meta name=\"author\" content=\"Lo viste en Los Pol\u00edticos\" \/>\n<meta name=\"twitter:card\" content=\"summary_large_image\" \/>\n<meta name=\"twitter:creator\" content=\"@LosPoliticosVer\" \/>\n<meta name=\"twitter:site\" content=\"@LosPoliticosVer\" \/>\n<meta name=\"twitter:label1\" content=\"Escrito por\" \/>\n\t<meta name=\"twitter:data1\" content=\"Lo viste en Los Pol\u00edticos\" \/>\n\t<meta name=\"twitter:label2\" content=\"Tiempo de lectura\" \/>\n\t<meta name=\"twitter:data2\" content=\"6 minutos\" \/>\n<script type=\"application\/ld+json\" class=\"yoast-schema-graph\">{\"@context\":\"https:\\\/\\\/schema.org\",\"@graph\":[{\"@type\":\"Article\",\"@id\":\"https:\\\/\\\/lospoliticosveracruz.com\\\/?p=99409#article\",\"isPartOf\":{\"@id\":\"https:\\\/\\\/lospoliticosveracruz.com\\\/?p=99409\"},\"author\":{\"name\":\"Lo viste en Los Pol\u00edticos\",\"@id\":\"https:\\\/\\\/lospoliticosveracruz.com\\\/#\\\/schema\\\/person\\\/b8702bb0e538456e6efd07080bf2a4a2\"},\"headline\":\"AMLO, NAHLE Y CUIC, LA NOCHE DE LOS CUCHILLOS LARGOS\",\"datePublished\":\"2022-12-03T13:37:56+00:00\",\"dateModified\":\"2022-12-03T13:38:02+00:00\",\"mainEntityOfPage\":{\"@id\":\"https:\\\/\\\/lospoliticosveracruz.com\\\/?p=99409\"},\"wordCount\":1230,\"publisher\":{\"@id\":\"https:\\\/\\\/lospoliticosveracruz.com\\\/#organization\"},\"keywords\":[\"Andr\u00e9s Manuel L\u00f3pez Obrador\",\"Cuitl\u00e1huac Garc\u00eda Jim\u00e9nez\",\"Eric Cisneros\",\"Manuel Huerta\",\"Ricardo Ch\u00faa\",\"Roc\u00edo Nahle\",\"Sener\",\"Sergio Guti\u00e9rrez Luna\",\"Veracruz\"],\"articleSection\":[\"De Opini\u00f3n\"],\"inLanguage\":\"es\"},{\"@type\":\"WebPage\",\"@id\":\"https:\\\/\\\/lospoliticosveracruz.com\\\/?p=99409\",\"url\":\"https:\\\/\\\/lospoliticosveracruz.com\\\/?p=99409\",\"name\":\"AMLO, NAHLE Y CUIC, LA NOCHE DE LOS CUCHILLOS LARGOS - Los pol\u00edticos Veracruz\",\"isPartOf\":{\"@id\":\"https:\\\/\\\/lospoliticosveracruz.com\\\/#website\"},\"datePublished\":\"2022-12-03T13:37:56+00:00\",\"dateModified\":\"2022-12-03T13:38:02+00:00\",\"breadcrumb\":{\"@id\":\"https:\\\/\\\/lospoliticosveracruz.com\\\/?p=99409#breadcrumb\"},\"inLanguage\":\"es\",\"potentialAction\":[{\"@type\":\"ReadAction\",\"target\":[\"https:\\\/\\\/lospoliticosveracruz.com\\\/?p=99409\"]}]},{\"@type\":\"BreadcrumbList\",\"@id\":\"https:\\\/\\\/lospoliticosveracruz.com\\\/?p=99409#breadcrumb\",\"itemListElement\":[{\"@type\":\"ListItem\",\"position\":1,\"name\":\"Portada\",\"item\":\"https:\\\/\\\/lospoliticosveracruz.com\\\/\"},{\"@type\":\"ListItem\",\"position\":2,\"name\":\"AMLO, NAHLE Y CUIC, LA NOCHE DE LOS CUCHILLOS LARGOS\"}]},{\"@type\":\"WebSite\",\"@id\":\"https:\\\/\\\/lospoliticosveracruz.com\\\/#website\",\"url\":\"https:\\\/\\\/lospoliticosveracruz.com\\\/\",\"name\":\"Los pol\u00edticos Veracruz\",\"description\":\"\",\"publisher\":{\"@id\":\"https:\\\/\\\/lospoliticosveracruz.com\\\/#organization\"},\"potentialAction\":[{\"@type\":\"SearchAction\",\"target\":{\"@type\":\"EntryPoint\",\"urlTemplate\":\"https:\\\/\\\/lospoliticosveracruz.com\\\/?s={search_term_string}\"},\"query-input\":{\"@type\":\"PropertyValueSpecification\",\"valueRequired\":true,\"valueName\":\"search_term_string\"}}],\"inLanguage\":\"es\"},{\"@type\":\"Organization\",\"@id\":\"https:\\\/\\\/lospoliticosveracruz.com\\\/#organization\",\"name\":\"Los pol\u00edticos Veracruz\",\"url\":\"https:\\\/\\\/lospoliticosveracruz.com\\\/\",\"logo\":{\"@type\":\"ImageObject\",\"inLanguage\":\"es\",\"@id\":\"https:\\\/\\\/lospoliticosveracruz.com\\\/#\\\/schema\\\/logo\\\/image\\\/\",\"url\":\"https:\\\/\\\/lospoliticosveracruz.com\\\/wp-content\\\/uploads\\\/2025\\\/12\\\/Logo-Nuevo-LOS-POLITICOS-1.jpg\",\"contentUrl\":\"https:\\\/\\\/lospoliticosveracruz.com\\\/wp-content\\\/uploads\\\/2025\\\/12\\\/Logo-Nuevo-LOS-POLITICOS-1.jpg\",\"width\":260,\"height\":70,\"caption\":\"Los pol\u00edticos Veracruz\"},\"image\":{\"@id\":\"https:\\\/\\\/lospoliticosveracruz.com\\\/#\\\/schema\\\/logo\\\/image\\\/\"},\"sameAs\":[\"https:\\\/\\\/www.facebook.com\\\/people\\\/Notimemes-de-los-Polticos\\\/61565672886568\\\/\",\"https:\\\/\\\/x.com\\\/LosPoliticosVer\"]},{\"@type\":\"Person\",\"@id\":\"https:\\\/\\\/lospoliticosveracruz.com\\\/#\\\/schema\\\/person\\\/b8702bb0e538456e6efd07080bf2a4a2\",\"name\":\"Lo viste en Los Pol\u00edticos\",\"image\":{\"@type\":\"ImageObject\",\"inLanguage\":\"es\",\"@id\":\"https:\\\/\\\/secure.gravatar.com\\\/avatar\\\/3a8de04a2656d44082be478bd6c086daa447c4651605818287b9532d3d0bd435?s=96&d=mm&r=g\",\"url\":\"https:\\\/\\\/secure.gravatar.com\\\/avatar\\\/3a8de04a2656d44082be478bd6c086daa447c4651605818287b9532d3d0bd435?s=96&d=mm&r=g\",\"contentUrl\":\"https:\\\/\\\/secure.gravatar.com\\\/avatar\\\/3a8de04a2656d44082be478bd6c086daa447c4651605818287b9532d3d0bd435?s=96&d=mm&r=g\",\"caption\":\"Lo viste en Los Pol\u00edticos\"},\"url\":\"https:\\\/\\\/lospoliticosveracruz.com\\\/?author=2\"}]}<\/script>\n<!-- \/ Yoast SEO plugin. -->","yoast_head_json":{"title":"AMLO, NAHLE Y CUIC, LA NOCHE DE LOS CUCHILLOS LARGOS - Los pol\u00edticos Veracruz","robots":{"index":"index","follow":"follow","max-snippet":"max-snippet:-1","max-image-preview":"max-image-preview:large","max-video-preview":"max-video-preview:-1"},"canonical":"https:\/\/lospoliticosveracruz.com\/?p=99409","og_locale":"es_ES","og_type":"article","og_title":"AMLO, NAHLE Y CUIC, LA NOCHE DE LOS CUCHILLOS LARGOS - Los pol\u00edticos Veracruz","og_description":"Ricardo Ch\u00faa Sale y Vale En este mismo espacio el pasado martes 29 de noviembre comentamos: \u00abOJO&#8230; Hace tiempo hay cierto alejamiento entre Andr\u00e9s Manuel L\u00f3pez Obrador y la titular de SENER, Roc\u00edo Nahle.. Muchos dicen que es por el tema de la Refiner\u00eda -Dos Bocas-.. Todo lo que sucede alrededor de ese megaproyecto de [&hellip;]","og_url":"https:\/\/lospoliticosveracruz.com\/?p=99409","og_site_name":"Los pol\u00edticos Veracruz","article_publisher":"https:\/\/www.facebook.com\/people\/Notimemes-de-los-Polticos\/61565672886568\/","article_published_time":"2022-12-03T13:37:56+00:00","article_modified_time":"2022-12-03T13:38:02+00:00","og_image":[{"width":200,"height":200,"url":"https:\/\/lospoliticosveracruz.com\/wp-content\/uploads\/2016\/07\/Logo-Dor.jpg","type":"image\/jpeg"}],"author":"Lo viste en Los Pol\u00edticos","twitter_card":"summary_large_image","twitter_creator":"@LosPoliticosVer","twitter_site":"@LosPoliticosVer","twitter_misc":{"Escrito por":"Lo viste en Los Pol\u00edticos","Tiempo de lectura":"6 minutos"},"schema":{"@context":"https:\/\/schema.org","@graph":[{"@type":"Article","@id":"https:\/\/lospoliticosveracruz.com\/?p=99409#article","isPartOf":{"@id":"https:\/\/lospoliticosveracruz.com\/?p=99409"},"author":{"name":"Lo viste en Los Pol\u00edticos","@id":"https:\/\/lospoliticosveracruz.com\/#\/schema\/person\/b8702bb0e538456e6efd07080bf2a4a2"},"headline":"AMLO, NAHLE Y CUIC, LA NOCHE DE LOS CUCHILLOS LARGOS","datePublished":"2022-12-03T13:37:56+00:00","dateModified":"2022-12-03T13:38:02+00:00","mainEntityOfPage":{"@id":"https:\/\/lospoliticosveracruz.com\/?p=99409"},"wordCount":1230,"publisher":{"@id":"https:\/\/lospoliticosveracruz.com\/#organization"},"keywords":["Andr\u00e9s Manuel L\u00f3pez Obrador","Cuitl\u00e1huac Garc\u00eda Jim\u00e9nez","Eric Cisneros","Manuel Huerta","Ricardo Ch\u00faa","Roc\u00edo Nahle","Sener","Sergio Guti\u00e9rrez Luna","Veracruz"],"articleSection":["De Opini\u00f3n"],"inLanguage":"es"},{"@type":"WebPage","@id":"https:\/\/lospoliticosveracruz.com\/?p=99409","url":"https:\/\/lospoliticosveracruz.com\/?p=99409","name":"AMLO, NAHLE Y CUIC, LA NOCHE DE LOS CUCHILLOS LARGOS - Los pol\u00edticos Veracruz","isPartOf":{"@id":"https:\/\/lospoliticosveracruz.com\/#website"},"datePublished":"2022-12-03T13:37:56+00:00","dateModified":"2022-12-03T13:38:02+00:00","breadcrumb":{"@id":"https:\/\/lospoliticosveracruz.com\/?p=99409#breadcrumb"},"inLanguage":"es","potentialAction":[{"@type":"ReadAction","target":["https:\/\/lospoliticosveracruz.com\/?p=99409"]}]},{"@type":"BreadcrumbList","@id":"https:\/\/lospoliticosveracruz.com\/?p=99409#breadcrumb","itemListElement":[{"@type":"ListItem","position":1,"name":"Portada","item":"https:\/\/lospoliticosveracruz.com\/"},{"@type":"ListItem","position":2,"name":"AMLO, NAHLE Y CUIC, LA NOCHE DE LOS CUCHILLOS LARGOS"}]},{"@type":"WebSite","@id":"https:\/\/lospoliticosveracruz.com\/#website","url":"https:\/\/lospoliticosveracruz.com\/","name":"Los pol\u00edticos Veracruz","description":"","publisher":{"@id":"https:\/\/lospoliticosveracruz.com\/#organization"},"potentialAction":[{"@type":"SearchAction","target":{"@type":"EntryPoint","urlTemplate":"https:\/\/lospoliticosveracruz.com\/?s={search_term_string}"},"query-input":{"@type":"PropertyValueSpecification","valueRequired":true,"valueName":"search_term_string"}}],"inLanguage":"es"},{"@type":"Organization","@id":"https:\/\/lospoliticosveracruz.com\/#organization","name":"Los pol\u00edticos Veracruz","url":"https:\/\/lospoliticosveracruz.com\/","logo":{"@type":"ImageObject","inLanguage":"es","@id":"https:\/\/lospoliticosveracruz.com\/#\/schema\/logo\/image\/","url":"https:\/\/lospoliticosveracruz.com\/wp-content\/uploads\/2025\/12\/Logo-Nuevo-LOS-POLITICOS-1.jpg","contentUrl":"https:\/\/lospoliticosveracruz.com\/wp-content\/uploads\/2025\/12\/Logo-Nuevo-LOS-POLITICOS-1.jpg","width":260,"height":70,"caption":"Los pol\u00edticos Veracruz"},"image":{"@id":"https:\/\/lospoliticosveracruz.com\/#\/schema\/logo\/image\/"},"sameAs":["https:\/\/www.facebook.com\/people\/Notimemes-de-los-Polticos\/61565672886568\/","https:\/\/x.com\/LosPoliticosVer"]},{"@type":"Person","@id":"https:\/\/lospoliticosveracruz.com\/#\/schema\/person\/b8702bb0e538456e6efd07080bf2a4a2","name":"Lo viste en Los Pol\u00edticos","image":{"@type":"ImageObject","inLanguage":"es","@id":"https:\/\/secure.gravatar.com\/avatar\/3a8de04a2656d44082be478bd6c086daa447c4651605818287b9532d3d0bd435?s=96&d=mm&r=g","url":"https:\/\/secure.gravatar.com\/avatar\/3a8de04a2656d44082be478bd6c086daa447c4651605818287b9532d3d0bd435?s=96&d=mm&r=g","contentUrl":"https:\/\/secure.gravatar.com\/avatar\/3a8de04a2656d44082be478bd6c086daa447c4651605818287b9532d3d0bd435?s=96&d=mm&r=g","caption":"Lo viste en Los Pol\u00edticos"},"url":"https:\/\/lospoliticosveracruz.com\/?author=2"}]}},"_links":{"self":[{"href":"https:\/\/lospoliticosveracruz.com\/index.php?rest_route=\/wp\/v2\/posts\/99409","targetHints":{"allow":["GET"]}}],"collection":[{"href":"https:\/\/lospoliticosveracruz.com\/index.php?rest_route=\/wp\/v2\/posts"}],"about":[{"href":"https:\/\/lospoliticosveracruz.com\/index.php?rest_route=\/wp\/v2\/types\/post"}],"author":[{"embeddable":true,"href":"https:\/\/lospoliticosveracruz.com\/index.php?rest_route=\/wp\/v2\/users\/2"}],"replies":[{"embeddable":true,"href":"https:\/\/lospoliticosveracruz.com\/index.php?rest_route=%2Fwp%2Fv2%2Fcomments&post=99409"}],"version-history":[{"count":1,"href":"https:\/\/lospoliticosveracruz.com\/index.php?rest_route=\/wp\/v2\/posts\/99409\/revisions"}],"predecessor-version":[{"id":99411,"href":"https:\/\/lospoliticosveracruz.com\/index.php?rest_route=\/wp\/v2\/posts\/99409\/revisions\/99411"}],"wp:attachment":[{"href":"https:\/\/lospoliticosveracruz.com\/index.php?rest_route=%2Fwp%2Fv2%2Fmedia&parent=99409"}],"wp:term":[{"taxonomy":"category","embeddable":true,"href":"https:\/\/lospoliticosveracruz.com\/index.php?rest_route=%2Fwp%2Fv2%2Fcategories&post=99409"},{"taxonomy":"post_tag","embeddable":true,"href":"https:\/\/lospoliticosveracruz.com\/index.php?rest_route=%2Fwp%2Fv2%2Ftags&post=99409"}],"curies":[{"name":"wp","href":"https:\/\/api.w.org\/{rel}","templated":true}]}}