{"id":99465,"date":"2022-12-05T07:28:39","date_gmt":"2022-12-05T13:28:39","guid":{"rendered":"https:\/\/lospoliticosveracruz.com.mx\/?p=99465"},"modified":"2022-12-05T07:28:44","modified_gmt":"2022-12-05T13:28:44","slug":"legos","status":"publish","type":"post","link":"https:\/\/lospoliticosveracruz.com\/?p=99465","title":{"rendered":"LEGOS"},"content":{"rendered":"\n<p><strong>Guadalupe H. Mar<br><\/strong><em>Mira Pol\u00edtica<\/em><\/p>\n\n\n\n<p>Y MAL ASESORADOS \u2026 En M\u00e9xico se ha deificado tanto la imagen de los pol\u00edticos y bur\u00f3cratas encumbrados, que la mayor\u00eda de la gente toma las palabras de ellos como Vox Dei, o voz de Dios, sin cuestionar su veracidad, suponiendo algunos, que por encontrarse donde est\u00e1n y con los recursos de los que disponen, tienen a su lado a los mejores especialistas y asesores que los ilustran, que en muchos de los casos son solo adornos bien pagados, porque no se les escucha.<\/p>\n\n\n\n<figure class=\"wp-block-embed is-type-video is-provider-youtube wp-block-embed-youtube wp-embed-aspect-16-9 wp-has-aspect-ratio\"><div class=\"wp-block-embed__wrapper\">\n<iframe loading=\"lazy\" title=\"Cluster Coworking\" width=\"696\" height=\"392\" src=\"https:\/\/www.youtube.com\/embed\/Nxe-vxf8GuY?feature=oembed\" frameborder=\"0\" allow=\"accelerometer; autoplay; clipboard-write; encrypted-media; gyroscope; picture-in-picture; web-share\" referrerpolicy=\"strict-origin-when-cross-origin\" allowfullscreen><\/iframe>\n<\/div><\/figure>\n\n\n\n<p><br>La historia ha demostrado que esos encumbrados y bien posicionados pol\u00edticos y bur\u00f3cratas se han equivocado, no una, sino varias veces, pero sus pifias las dicen con tal seguridad, que no se duda de sus dichos.<br>Como bot\u00f3n que sirva de muestra, est\u00e1 el reciente caso del director general del Instituto Nacional de Antropolog\u00eda e Historia (INAH), Diego Prieto Hern\u00e1ndez, quien la semana pasada, aqu\u00ed en Veracruz, al intervenir en la fastuosa ceremonia de inauguraci\u00f3n de la primera etapa de restauraci\u00f3n del Fuerte de San Juan de Ul\u00faa que realiz\u00f3 para no variar la Secretar\u00eda de Marina, el funcionario dio a conocer al ah\u00ed presente mandatario nacional Andr\u00e9s Manuel L\u00f3pez Obrador y al pueblo en general, que en esa fortaleza se exhibir\u00e1 parte de la colecci\u00f3n de orfebrer\u00eda de oro que se conoce como \u201cLas joyas del pescador\u201d.<br>Como referencia, el director general del INAH, agreg\u00f3 que esas joyas prehisp\u00e1nicas las hab\u00eda hallado en el lecho marino el pescador \u2013 pulpero- Ra\u00fal Hurtado cuyo segundo apellido era Hern\u00e1ndez, quien seg\u00fan las palabras del encumbrado bur\u00f3crata: \u201cera un pescador honesto que las entreg\u00f3 al Instituto Nacional de Antropolog\u00eda e Historia como un gesto de patriotismo y generosidad\u201d, dicho esto con con tal seguridad que arranc\u00f3 el aplauso presidencial y de los selectos asistentes al evento celebrado en la fortaleza de San Juan de Ul\u00faa\u201d. (<strong><em><a href=\"https:\/\/bit.ly\/3P2FNba\">https:\/\/bit.ly\/3P2FNba<\/a><\/em><\/strong>).<br>Evidente es que el director general del INAH no conoce la historia y sus asesores menos, pues las famosas mundialmente \u201cJoyas del Pescador\u201d, las hall\u00f3 en 1976 don Ra\u00fal Hurtado Hern\u00e1ndez, pescador de pulpos, quien rescat\u00f3 del fondo marino un buen n\u00famero de esas piezas de orfebrer\u00eda de oro prehisp\u00e1nica, que no entreg\u00f3 a las autoridades como asegur\u00f3 el encumbrado bur\u00f3crata, sino las llev\u00f3 a un joyero de la zona de los mercados de la ciudad de Veracruz, quien obviamente las compr\u00f3, para fundirlas, perdi\u00e9ndose as\u00ed siglos de historia.<br>Don Ra\u00fal Hurtado Hern\u00e1ndez, quien fue encarcelado a diferencia del joyero, fue apoyado por la sociedad civil para que saliera de prisi\u00f3n, entre ellos la periodista Socorro Aubry. Ra\u00fal Hurtado muri\u00f3 en 2018.<br>Tambi\u00e9n en esta gira de la semana pasada por el cuatro veces hist\u00f3rico puerto de Veracruz, el ciudadano presidente de la rep\u00fablica Andr\u00e9s Manuel L\u00f3pez Obrador evidenci\u00f3 que sus asesores lo \u00fanico que saben, es cobrar.<br>En rueda de prensa, el pasado viernes dos de diciembre, el mandatario nacional anunci\u00f3 que el gobierno federal rescatar\u00eda el hist\u00f3rico edificio de la ciudad y puerto de Veracruz donde Benito Ju\u00e1rez Garc\u00eda firm\u00f3 las Leyes de Reforma, el cual \u2013 agreg\u00f3- se encuentra en abandono y en custodia del Instituto Nacional de Antropolog\u00eda e Historia, lo rehabilitar\u00e1 el gobierno federal.<br>Lo que no le dijeron al mandatario nacional, es que ese hist\u00f3rico edificio que se ubicaba en la esquina de Morelos y Constituci\u00f3n, a un lado del puente que cruza las v\u00edas del tren en la zona portuaria, ya no existe y en su lugar se cre\u00f3 un parquecito que es parador de vagabundos.<br>Que efectivamente estaba en custodia del INAH, pero que sus antecesores, los neoliberales y conservadores nunca destinaron un peso para su restauraci\u00f3n o remodelaci\u00f3n, por lo que ante tan malas condiciones tuvo que ser demolido y por ende ya no existe.<br><strong>TUMBABURROS \u2026 <\/strong>Para que no se queden con la duda amables lectoras y lectores, \u201cLego\u201d es la denominaci\u00f3n que se le da a una persona que carece de experiencia o conocimientos en una determinada materia.<br><strong>CADA VEZ M\u00c1S ROJA \u2026<\/strong> Debe ser determinante la acci\u00f3n gubernamental para parar en seco a las \u2013 esas si- bien organizadas bandas delincuenciales que operan en la autopista C\u00f3rdoba, Veracruz \u2013 Amozoc, Puebla, ya que el pasado s\u00e1bado asesinaron al conductor de un tr\u00e1iler doble remolque cargado con ma\u00edz, esto a la altura de la zona que se conoce como \u201cLa Balastrera\u201d, al no detenerse cuando le marcaron el alto.<br>No hac\u00eda mucho, el domingo 30 de octubre, esos asaltantes asesinaron a otro tra\u00edlero en la zona de las Cumbres de Maltrata, luego de que este se opuso a ser asaltado.<br>Si mal no recordamos, se supone que unos 300 elementos de los distintos cuerpos de seguridad recorrer\u00edan este tramo carretero, donde las bandas de asaltantes operan libre e impunemente.<br>Por cierto, y para que tome sus precauciones, ya se reportan actos delictivos de una banda delincuencial que est\u00e1 operando en el tramo de la autopista Xalapa, Veracruz- Cantona, Puebla, sobre todo cuando empieza a anochecer.<br>D\u00cdGALO SIN MIEDO \u2026 Al correo electr\u00f3nico guadalupehmar@yahoo.com<\/p>\n","protected":false},"excerpt":{"rendered":"<p>Guadalupe H. MarMira Pol\u00edtica Y MAL ASESORADOS \u2026 En M\u00e9xico se ha deificado tanto la imagen de los pol\u00edticos y bur\u00f3cratas encumbrados, que la mayor\u00eda de la gente toma las palabras de ellos como Vox Dei, o voz de Dios, sin cuestionar su veracidad, suponiendo algunos, que por encontrarse donde est\u00e1n y con los recursos [&hellip;]<\/p>\n","protected":false},"author":2,"featured_media":0,"comment_status":"closed","ping_status":"closed","sticky":false,"template":"","format":"standard","meta":{"tdm_status":"","tdm_grid_status":"","footnotes":""},"categories":[70],"tags":[618,34662,31471,36378,1606,1026],"class_list":{"0":"post-99465","1":"post","2":"type-post","3":"status-publish","4":"format-standard","6":"category-de-opinion","7":"tag-andres-manuel-lopez-obrador","8":"tag-cumbres-de-maltrata","9":"tag-diego-prieto-hernandez","10":"tag-fuerte-de-san-juan-de-ulua","11":"tag-guadalupe-h-mar","12":"tag-morena"},"yoast_head":"<!-- This site is optimized with the Yoast SEO plugin v27.4 - https:\/\/yoast.com\/product\/yoast-seo-wordpress\/ -->\n<title>LEGOS - Los pol\u00edticos Veracruz<\/title>\n<meta name=\"robots\" content=\"index, follow, max-snippet:-1, max-image-preview:large, max-video-preview:-1\" \/>\n<link rel=\"canonical\" href=\"https:\/\/lospoliticosveracruz.com\/?p=99465\" \/>\n<meta property=\"og:locale\" content=\"es_ES\" \/>\n<meta property=\"og:type\" content=\"article\" \/>\n<meta property=\"og:title\" content=\"LEGOS - Los pol\u00edticos Veracruz\" \/>\n<meta property=\"og:description\" content=\"Guadalupe H. MarMira Pol\u00edtica Y MAL ASESORADOS \u2026 En M\u00e9xico se ha deificado tanto la imagen de los pol\u00edticos y bur\u00f3cratas encumbrados, que la mayor\u00eda de la gente toma las palabras de ellos como Vox Dei, o voz de Dios, sin cuestionar su veracidad, suponiendo algunos, que por encontrarse donde est\u00e1n y con los recursos [&hellip;]\" \/>\n<meta property=\"og:url\" content=\"https:\/\/lospoliticosveracruz.com\/?p=99465\" \/>\n<meta property=\"og:site_name\" content=\"Los pol\u00edticos Veracruz\" \/>\n<meta property=\"article:publisher\" content=\"https:\/\/www.facebook.com\/people\/Notimemes-de-los-Polticos\/61565672886568\/\" \/>\n<meta property=\"article:published_time\" content=\"2022-12-05T13:28:39+00:00\" \/>\n<meta property=\"article:modified_time\" content=\"2022-12-05T13:28:44+00:00\" \/>\n<meta property=\"og:image\" content=\"https:\/\/lospoliticosveracruz.com\/wp-content\/uploads\/2016\/07\/Logo-Dor.jpg\" \/>\n\t<meta property=\"og:image:width\" content=\"200\" \/>\n\t<meta property=\"og:image:height\" content=\"200\" \/>\n\t<meta property=\"og:image:type\" content=\"image\/jpeg\" \/>\n<meta name=\"author\" content=\"Lo viste en Los Pol\u00edticos\" \/>\n<meta name=\"twitter:card\" content=\"summary_large_image\" \/>\n<meta name=\"twitter:creator\" content=\"@LosPoliticosVer\" \/>\n<meta name=\"twitter:site\" content=\"@LosPoliticosVer\" \/>\n<meta name=\"twitter:label1\" content=\"Escrito por\" \/>\n\t<meta name=\"twitter:data1\" content=\"Lo viste en Los Pol\u00edticos\" \/>\n\t<meta name=\"twitter:label2\" content=\"Tiempo de lectura\" \/>\n\t<meta name=\"twitter:data2\" content=\"5 minutos\" \/>\n<script type=\"application\/ld+json\" class=\"yoast-schema-graph\">{\"@context\":\"https:\\\/\\\/schema.org\",\"@graph\":[{\"@type\":\"Article\",\"@id\":\"https:\\\/\\\/lospoliticosveracruz.com\\\/?p=99465#article\",\"isPartOf\":{\"@id\":\"https:\\\/\\\/lospoliticosveracruz.com\\\/?p=99465\"},\"author\":{\"name\":\"Lo viste en Los Pol\u00edticos\",\"@id\":\"https:\\\/\\\/lospoliticosveracruz.com\\\/#\\\/schema\\\/person\\\/b8702bb0e538456e6efd07080bf2a4a2\"},\"headline\":\"LEGOS\",\"datePublished\":\"2022-12-05T13:28:39+00:00\",\"dateModified\":\"2022-12-05T13:28:44+00:00\",\"mainEntityOfPage\":{\"@id\":\"https:\\\/\\\/lospoliticosveracruz.com\\\/?p=99465\"},\"wordCount\":903,\"publisher\":{\"@id\":\"https:\\\/\\\/lospoliticosveracruz.com\\\/#organization\"},\"keywords\":[\"Andr\u00e9s Manuel L\u00f3pez Obrador\",\"Cumbres de Maltrata\",\"Diego Prieto Hern\u00e1ndez\",\"fuerte de San Juan de Ul\u00faa\",\"Guadalupe H. Mar\",\"Morena\"],\"articleSection\":[\"De Opini\u00f3n\"],\"inLanguage\":\"es\"},{\"@type\":\"WebPage\",\"@id\":\"https:\\\/\\\/lospoliticosveracruz.com\\\/?p=99465\",\"url\":\"https:\\\/\\\/lospoliticosveracruz.com\\\/?p=99465\",\"name\":\"LEGOS - Los pol\u00edticos Veracruz\",\"isPartOf\":{\"@id\":\"https:\\\/\\\/lospoliticosveracruz.com\\\/#website\"},\"datePublished\":\"2022-12-05T13:28:39+00:00\",\"dateModified\":\"2022-12-05T13:28:44+00:00\",\"breadcrumb\":{\"@id\":\"https:\\\/\\\/lospoliticosveracruz.com\\\/?p=99465#breadcrumb\"},\"inLanguage\":\"es\",\"potentialAction\":[{\"@type\":\"ReadAction\",\"target\":[\"https:\\\/\\\/lospoliticosveracruz.com\\\/?p=99465\"]}]},{\"@type\":\"BreadcrumbList\",\"@id\":\"https:\\\/\\\/lospoliticosveracruz.com\\\/?p=99465#breadcrumb\",\"itemListElement\":[{\"@type\":\"ListItem\",\"position\":1,\"name\":\"Portada\",\"item\":\"https:\\\/\\\/lospoliticosveracruz.com\\\/\"},{\"@type\":\"ListItem\",\"position\":2,\"name\":\"LEGOS\"}]},{\"@type\":\"WebSite\",\"@id\":\"https:\\\/\\\/lospoliticosveracruz.com\\\/#website\",\"url\":\"https:\\\/\\\/lospoliticosveracruz.com\\\/\",\"name\":\"Los pol\u00edticos Veracruz\",\"description\":\"\",\"publisher\":{\"@id\":\"https:\\\/\\\/lospoliticosveracruz.com\\\/#organization\"},\"potentialAction\":[{\"@type\":\"SearchAction\",\"target\":{\"@type\":\"EntryPoint\",\"urlTemplate\":\"https:\\\/\\\/lospoliticosveracruz.com\\\/?s={search_term_string}\"},\"query-input\":{\"@type\":\"PropertyValueSpecification\",\"valueRequired\":true,\"valueName\":\"search_term_string\"}}],\"inLanguage\":\"es\"},{\"@type\":\"Organization\",\"@id\":\"https:\\\/\\\/lospoliticosveracruz.com\\\/#organization\",\"name\":\"Los pol\u00edticos Veracruz\",\"url\":\"https:\\\/\\\/lospoliticosveracruz.com\\\/\",\"logo\":{\"@type\":\"ImageObject\",\"inLanguage\":\"es\",\"@id\":\"https:\\\/\\\/lospoliticosveracruz.com\\\/#\\\/schema\\\/logo\\\/image\\\/\",\"url\":\"https:\\\/\\\/lospoliticosveracruz.com\\\/wp-content\\\/uploads\\\/2025\\\/12\\\/Logo-Nuevo-LOS-POLITICOS-1.jpg\",\"contentUrl\":\"https:\\\/\\\/lospoliticosveracruz.com\\\/wp-content\\\/uploads\\\/2025\\\/12\\\/Logo-Nuevo-LOS-POLITICOS-1.jpg\",\"width\":260,\"height\":70,\"caption\":\"Los pol\u00edticos Veracruz\"},\"image\":{\"@id\":\"https:\\\/\\\/lospoliticosveracruz.com\\\/#\\\/schema\\\/logo\\\/image\\\/\"},\"sameAs\":[\"https:\\\/\\\/www.facebook.com\\\/people\\\/Notimemes-de-los-Polticos\\\/61565672886568\\\/\",\"https:\\\/\\\/x.com\\\/LosPoliticosVer\"]},{\"@type\":\"Person\",\"@id\":\"https:\\\/\\\/lospoliticosveracruz.com\\\/#\\\/schema\\\/person\\\/b8702bb0e538456e6efd07080bf2a4a2\",\"name\":\"Lo viste en Los Pol\u00edticos\",\"image\":{\"@type\":\"ImageObject\",\"inLanguage\":\"es\",\"@id\":\"https:\\\/\\\/secure.gravatar.com\\\/avatar\\\/3a8de04a2656d44082be478bd6c086daa447c4651605818287b9532d3d0bd435?s=96&d=mm&r=g\",\"url\":\"https:\\\/\\\/secure.gravatar.com\\\/avatar\\\/3a8de04a2656d44082be478bd6c086daa447c4651605818287b9532d3d0bd435?s=96&d=mm&r=g\",\"contentUrl\":\"https:\\\/\\\/secure.gravatar.com\\\/avatar\\\/3a8de04a2656d44082be478bd6c086daa447c4651605818287b9532d3d0bd435?s=96&d=mm&r=g\",\"caption\":\"Lo viste en Los Pol\u00edticos\"},\"url\":\"https:\\\/\\\/lospoliticosveracruz.com\\\/?author=2\"}]}<\/script>\n<!-- \/ Yoast SEO plugin. -->","yoast_head_json":{"title":"LEGOS - Los pol\u00edticos Veracruz","robots":{"index":"index","follow":"follow","max-snippet":"max-snippet:-1","max-image-preview":"max-image-preview:large","max-video-preview":"max-video-preview:-1"},"canonical":"https:\/\/lospoliticosveracruz.com\/?p=99465","og_locale":"es_ES","og_type":"article","og_title":"LEGOS - Los pol\u00edticos Veracruz","og_description":"Guadalupe H. MarMira Pol\u00edtica Y MAL ASESORADOS \u2026 En M\u00e9xico se ha deificado tanto la imagen de los pol\u00edticos y bur\u00f3cratas encumbrados, que la mayor\u00eda de la gente toma las palabras de ellos como Vox Dei, o voz de Dios, sin cuestionar su veracidad, suponiendo algunos, que por encontrarse donde est\u00e1n y con los recursos [&hellip;]","og_url":"https:\/\/lospoliticosveracruz.com\/?p=99465","og_site_name":"Los pol\u00edticos Veracruz","article_publisher":"https:\/\/www.facebook.com\/people\/Notimemes-de-los-Polticos\/61565672886568\/","article_published_time":"2022-12-05T13:28:39+00:00","article_modified_time":"2022-12-05T13:28:44+00:00","og_image":[{"width":200,"height":200,"url":"https:\/\/lospoliticosveracruz.com\/wp-content\/uploads\/2016\/07\/Logo-Dor.jpg","type":"image\/jpeg"}],"author":"Lo viste en Los Pol\u00edticos","twitter_card":"summary_large_image","twitter_creator":"@LosPoliticosVer","twitter_site":"@LosPoliticosVer","twitter_misc":{"Escrito por":"Lo viste en Los Pol\u00edticos","Tiempo de lectura":"5 minutos"},"schema":{"@context":"https:\/\/schema.org","@graph":[{"@type":"Article","@id":"https:\/\/lospoliticosveracruz.com\/?p=99465#article","isPartOf":{"@id":"https:\/\/lospoliticosveracruz.com\/?p=99465"},"author":{"name":"Lo viste en Los Pol\u00edticos","@id":"https:\/\/lospoliticosveracruz.com\/#\/schema\/person\/b8702bb0e538456e6efd07080bf2a4a2"},"headline":"LEGOS","datePublished":"2022-12-05T13:28:39+00:00","dateModified":"2022-12-05T13:28:44+00:00","mainEntityOfPage":{"@id":"https:\/\/lospoliticosveracruz.com\/?p=99465"},"wordCount":903,"publisher":{"@id":"https:\/\/lospoliticosveracruz.com\/#organization"},"keywords":["Andr\u00e9s Manuel L\u00f3pez Obrador","Cumbres de Maltrata","Diego Prieto Hern\u00e1ndez","fuerte de San Juan de Ul\u00faa","Guadalupe H. Mar","Morena"],"articleSection":["De Opini\u00f3n"],"inLanguage":"es"},{"@type":"WebPage","@id":"https:\/\/lospoliticosveracruz.com\/?p=99465","url":"https:\/\/lospoliticosveracruz.com\/?p=99465","name":"LEGOS - Los pol\u00edticos Veracruz","isPartOf":{"@id":"https:\/\/lospoliticosveracruz.com\/#website"},"datePublished":"2022-12-05T13:28:39+00:00","dateModified":"2022-12-05T13:28:44+00:00","breadcrumb":{"@id":"https:\/\/lospoliticosveracruz.com\/?p=99465#breadcrumb"},"inLanguage":"es","potentialAction":[{"@type":"ReadAction","target":["https:\/\/lospoliticosveracruz.com\/?p=99465"]}]},{"@type":"BreadcrumbList","@id":"https:\/\/lospoliticosveracruz.com\/?p=99465#breadcrumb","itemListElement":[{"@type":"ListItem","position":1,"name":"Portada","item":"https:\/\/lospoliticosveracruz.com\/"},{"@type":"ListItem","position":2,"name":"LEGOS"}]},{"@type":"WebSite","@id":"https:\/\/lospoliticosveracruz.com\/#website","url":"https:\/\/lospoliticosveracruz.com\/","name":"Los pol\u00edticos Veracruz","description":"","publisher":{"@id":"https:\/\/lospoliticosveracruz.com\/#organization"},"potentialAction":[{"@type":"SearchAction","target":{"@type":"EntryPoint","urlTemplate":"https:\/\/lospoliticosveracruz.com\/?s={search_term_string}"},"query-input":{"@type":"PropertyValueSpecification","valueRequired":true,"valueName":"search_term_string"}}],"inLanguage":"es"},{"@type":"Organization","@id":"https:\/\/lospoliticosveracruz.com\/#organization","name":"Los pol\u00edticos Veracruz","url":"https:\/\/lospoliticosveracruz.com\/","logo":{"@type":"ImageObject","inLanguage":"es","@id":"https:\/\/lospoliticosveracruz.com\/#\/schema\/logo\/image\/","url":"https:\/\/lospoliticosveracruz.com\/wp-content\/uploads\/2025\/12\/Logo-Nuevo-LOS-POLITICOS-1.jpg","contentUrl":"https:\/\/lospoliticosveracruz.com\/wp-content\/uploads\/2025\/12\/Logo-Nuevo-LOS-POLITICOS-1.jpg","width":260,"height":70,"caption":"Los pol\u00edticos Veracruz"},"image":{"@id":"https:\/\/lospoliticosveracruz.com\/#\/schema\/logo\/image\/"},"sameAs":["https:\/\/www.facebook.com\/people\/Notimemes-de-los-Polticos\/61565672886568\/","https:\/\/x.com\/LosPoliticosVer"]},{"@type":"Person","@id":"https:\/\/lospoliticosveracruz.com\/#\/schema\/person\/b8702bb0e538456e6efd07080bf2a4a2","name":"Lo viste en Los Pol\u00edticos","image":{"@type":"ImageObject","inLanguage":"es","@id":"https:\/\/secure.gravatar.com\/avatar\/3a8de04a2656d44082be478bd6c086daa447c4651605818287b9532d3d0bd435?s=96&d=mm&r=g","url":"https:\/\/secure.gravatar.com\/avatar\/3a8de04a2656d44082be478bd6c086daa447c4651605818287b9532d3d0bd435?s=96&d=mm&r=g","contentUrl":"https:\/\/secure.gravatar.com\/avatar\/3a8de04a2656d44082be478bd6c086daa447c4651605818287b9532d3d0bd435?s=96&d=mm&r=g","caption":"Lo viste en Los Pol\u00edticos"},"url":"https:\/\/lospoliticosveracruz.com\/?author=2"}]}},"_links":{"self":[{"href":"https:\/\/lospoliticosveracruz.com\/index.php?rest_route=\/wp\/v2\/posts\/99465","targetHints":{"allow":["GET"]}}],"collection":[{"href":"https:\/\/lospoliticosveracruz.com\/index.php?rest_route=\/wp\/v2\/posts"}],"about":[{"href":"https:\/\/lospoliticosveracruz.com\/index.php?rest_route=\/wp\/v2\/types\/post"}],"author":[{"embeddable":true,"href":"https:\/\/lospoliticosveracruz.com\/index.php?rest_route=\/wp\/v2\/users\/2"}],"replies":[{"embeddable":true,"href":"https:\/\/lospoliticosveracruz.com\/index.php?rest_route=%2Fwp%2Fv2%2Fcomments&post=99465"}],"version-history":[{"count":1,"href":"https:\/\/lospoliticosveracruz.com\/index.php?rest_route=\/wp\/v2\/posts\/99465\/revisions"}],"predecessor-version":[{"id":99466,"href":"https:\/\/lospoliticosveracruz.com\/index.php?rest_route=\/wp\/v2\/posts\/99465\/revisions\/99466"}],"wp:attachment":[{"href":"https:\/\/lospoliticosveracruz.com\/index.php?rest_route=%2Fwp%2Fv2%2Fmedia&parent=99465"}],"wp:term":[{"taxonomy":"category","embeddable":true,"href":"https:\/\/lospoliticosveracruz.com\/index.php?rest_route=%2Fwp%2Fv2%2Fcategories&post=99465"},{"taxonomy":"post_tag","embeddable":true,"href":"https:\/\/lospoliticosveracruz.com\/index.php?rest_route=%2Fwp%2Fv2%2Ftags&post=99465"}],"curies":[{"name":"wp","href":"https:\/\/api.w.org\/{rel}","templated":true}]}}