{"id":99477,"date":"2022-12-05T08:23:18","date_gmt":"2022-12-05T14:23:18","guid":{"rendered":"https:\/\/lospoliticosveracruz.com.mx\/?p=99477"},"modified":"2022-12-05T08:23:28","modified_gmt":"2022-12-05T14:23:28","slug":"despertaron-a-nahle","status":"publish","type":"post","link":"https:\/\/lospoliticosveracruz.com\/?p=99477","title":{"rendered":"DESPERTARON A NAHLE!"},"content":{"rendered":"\n<p><\/p>\n\n\n\n<ul class=\"wp-block-list\"><li><\/li><\/ul>\n\n\n\n<p><strong>Omar Z\u00fa\u00f1iga<br><\/strong><em>De Primera Mano<\/em><\/p>\n\n\n\n<p>El fin de semana pasado (contado a partir del viernes chiquito) el presidente Andr\u00e9s Manuel L\u00f3pez Obrador vino de gira a la patria chica donde aunque no se esperaba que hiciera grandes anuncios, s\u00ed tuvo dos intervenciones de la mayor relevancia para la pol\u00edtica local que influyen el concierto nacional y donde la m\u00e1xima de la pol\u00edtica, la forma es fondo, cobra la mayor relevancia.<br>El jelengue empez\u00f3 el jueves en Coatzacoalcos, durante la supervisi\u00f3n del Plan de Salud IMSS Bienestar en Veracruz, donde luego de la perorata de casi una hora, el se\u00f1or presidente se avent\u00f3 el primer garbanzo de a libra de la jornada de fin de semana.<br>Para cerrar su speech (discurso, para el joven Joseph Ivan Moon \u2013de nada-), AMLO dijo sobre los exgoberbadores de Veracruz \u201c(\u2026) eran muy corruptos, mediocres y ladrones, es la verd\u00e1, es la realid\u00e1 y este se\u00f1or (se\u00f1alando a Cuitl\u00e1huac Garc\u00eda) puede ser queeee, no est\u00e9 as\u00ed, ya ven cooomo son los publicista, \u00bfno?, -oye le falta carima (carisma)-, eeeeh, ense\u00f1a la mazorcaaa; pero lo m\u00e1j importante de todo es que es un hombre honesto\u201d.<br>Como dije en el lead, en pol\u00edtica la forma es fondo, y un an\u00e1lisis concienzudo -de esos de caf\u00e9- arrojan que el tabasque\u00f1o le dijo pendejo sin dec\u00edrselo, pues de tres adjetivos con los que calific\u00f3 a los exgobernadores, s\u00f3lo dos (van englobados) le quit\u00f3 a Cuitl\u00e1huac: corruptos y ladrones (aunque vox populi asegura que estos salieron peor que todos juntos, pero bueno) y le dej\u00f3 el mediocre.<br>As\u00ed todo cobra sentido y las leyendas que surgen del dicho \u201ces que presidente lo tiene ah\u00ed porque lo puede manejar a su antojo y no tiene voluntad propia\u201d, deja de ser leyenda y se convierte en la realidad de que Ciutl\u00e1huac es un gobernante mediocre que s\u00f3lo hace lo que le dicen y conste que no lo digo yo, sino el presidente L\u00f3pez Obrador.<br>Sin embargo, la mejor declaraci\u00f3n fue durante la ma\u00f1anera del viernes en Veracruz, cuando a pregunta expresa de mi broder Pablo Jair Ortega, el presidente le dio los santos \u00f3leos a las aspiraciones de la secretaria de Energ\u00eda, la zacatecana Roc\u00edo Nahle y la despert\u00f3 de su sue\u00f1o de querer para gobernar Veracruz.<br>Vuelvo al tema de la forma y el fondo, pues adem\u00e1s del mensaje es el escenario, Veracruz Puerto, la zona m\u00e1s yunista del Mundo Mundial, donde L\u00f3pez Obrador dijo que \u201cno, nonono, Roc\u00edo (Nahle) est\u00e1 terminando laaaa refiner\u00eda de Dos Bocas, no viene aqu\u00ed a Veracruz, \u00bfvea?\u201d, as\u00ed, de un plumazo,, en 15 segundos, mand\u00f3 el sue\u00f1o de la zacatecana a dormir el sue\u00f1o de los justos al rancho del presidente.<br>Luego de saberse esta declaraci\u00f3n, los nahlistas y sus huestes se movieron como nunca tratando de justificar lo injustificable y han terminado ahog\u00e1ndose en pantanos de arena movediza.<br>Los funcionarios a los que su corazoncito les late con fuerza por la primera posici\u00f3n del estado, estuvieron al borde de la taquicardia, pero lo cierto es que con esta declaraci\u00f3n-anuncio, las aguas deben regresar a los cauces de los que han amenazado salirse y quedar en los remansos de lo inevitable.<br>La designaci\u00f3n del candidato de Morena al gobierno de Veracruz est\u00e1 hoy, m\u00e1s que nunca, en la ribera del r\u00edo Coatzacoalcos, s\u00f3lo que m\u00e1s arribita, en Minatitl\u00e1n y sus iniciales son Sergio Guti\u00e9rrez Luna; si los inquilinos de los balcones de Parque Ju\u00e1rez en Xalapa saben lo que les conviene, est\u00e1n a tiempo de apoyar, porque si no, el karma no siempre tarda tanto en llegar\u2026<\/p>\n\n\n\n<hr class=\"wp-block-separator has-alpha-channel-opacity\"\/>\n\n\n\n<p>Para documentar el optimismo, este fin de semana, en el estado gobernado por el mediocre Cuitl\u00e1huac Garc\u00eda (AMLO dixit), este mismo personaje que se encarga de destacar que su estrategia contra la violencia ha funcionado, una mujer embarazada reportada como desaparecida el 30 de noviembre en Veracruz, fue encontrada muerta con el beb\u00e9 extra\u00eddo del vientre materno este s\u00e1bado 3 de diciembre a orillas del r\u00edo Jamapa en el municipio Medell\u00edn de Bravo este s\u00e1bado.<br>El reci\u00e9n nacido fue recuperado y una pareja probable responsable de los delitos de feminicidio y desaparici\u00f3n de personas, fue detenida.<br>Pero ayer domingo, fue localizada tambi\u00e9n muerta una menor de 13 a\u00f1os, que sali\u00f3 el s\u00e1bado de su casa a la tienda y nunca regres\u00f3; fue en Coatzacoalcos.<br>Sobre el primer caso, aparentemente ha sido esclarecido. Punto para la FGE, sin embargo hay que recordar que ellos entran cuando ya hay delito, ojal\u00e1 se esclarezca con la misma celeridad tambi\u00e9n el de la menor en Coatza.<br>Pero m\u00e1s all\u00e1 de la resoluci\u00f3n de los delitos, el gobierno en todos sus niveles ha fallando en las labores de prevenci\u00f3n, para salvaguardar la integridad y tranquilidad de los ciudadanos y aunque se rasguen las vestiduras y se empe\u00f1en en negarlo, las cifras ah\u00ed est\u00e1n.<br>La mediocridad tambi\u00e9n se paga y a un precio muy alto.<\/p>\n\n\n\n<p>\u00a1Qu\u00e9 barbaridad!<br>deprimera.mano2020@gmail.com<\/p>\n","protected":false},"excerpt":{"rendered":"<p>Omar Z\u00fa\u00f1igaDe Primera Mano El fin de semana pasado (contado a partir del viernes chiquito) el presidente Andr\u00e9s Manuel L\u00f3pez Obrador vino de gira a la patria chica donde aunque no se esperaba que hiciera grandes anuncios, s\u00ed tuvo dos intervenciones de la mayor relevancia para la pol\u00edtica local que influyen el concierto nacional y [&hellip;]<\/p>\n","protected":false},"author":2,"featured_media":0,"comment_status":"closed","ping_status":"closed","sticky":false,"template":"","format":"standard","meta":{"tdm_status":"","tdm_grid_status":"","footnotes":""},"categories":[70],"tags":[618,1563,1026,28705,195],"class_list":{"0":"post-99477","1":"post","2":"type-post","3":"status-publish","4":"format-standard","6":"category-de-opinion","7":"tag-andres-manuel-lopez-obrador","8":"tag-cuitlahuac-garcia-jimenez","9":"tag-morena","10":"tag-omar-zuniga","11":"tag-veracruz"},"yoast_head":"<!-- This site is optimized with the Yoast SEO plugin v27.4 - https:\/\/yoast.com\/product\/yoast-seo-wordpress\/ -->\n<title>DESPERTARON A NAHLE! - Los pol\u00edticos Veracruz<\/title>\n<meta name=\"robots\" content=\"index, follow, max-snippet:-1, max-image-preview:large, max-video-preview:-1\" \/>\n<link rel=\"canonical\" href=\"https:\/\/lospoliticosveracruz.com\/?p=99477\" \/>\n<meta property=\"og:locale\" content=\"es_ES\" \/>\n<meta property=\"og:type\" content=\"article\" \/>\n<meta property=\"og:title\" content=\"DESPERTARON A NAHLE! - Los pol\u00edticos Veracruz\" \/>\n<meta property=\"og:description\" content=\"Omar Z\u00fa\u00f1igaDe Primera Mano El fin de semana pasado (contado a partir del viernes chiquito) el presidente Andr\u00e9s Manuel L\u00f3pez Obrador vino de gira a la patria chica donde aunque no se esperaba que hiciera grandes anuncios, s\u00ed tuvo dos intervenciones de la mayor relevancia para la pol\u00edtica local que influyen el concierto nacional y [&hellip;]\" \/>\n<meta property=\"og:url\" content=\"https:\/\/lospoliticosveracruz.com\/?p=99477\" \/>\n<meta property=\"og:site_name\" content=\"Los pol\u00edticos Veracruz\" \/>\n<meta property=\"article:publisher\" content=\"https:\/\/www.facebook.com\/people\/Notimemes-de-los-Polticos\/61565672886568\/\" \/>\n<meta property=\"article:published_time\" content=\"2022-12-05T14:23:18+00:00\" \/>\n<meta property=\"article:modified_time\" content=\"2022-12-05T14:23:28+00:00\" \/>\n<meta property=\"og:image\" content=\"https:\/\/lospoliticosveracruz.com\/wp-content\/uploads\/2016\/07\/Logo-Dor.jpg\" \/>\n\t<meta property=\"og:image:width\" content=\"200\" \/>\n\t<meta property=\"og:image:height\" content=\"200\" \/>\n\t<meta property=\"og:image:type\" content=\"image\/jpeg\" \/>\n<meta name=\"author\" content=\"Lo viste en Los Pol\u00edticos\" \/>\n<meta name=\"twitter:card\" content=\"summary_large_image\" \/>\n<meta name=\"twitter:creator\" content=\"@LosPoliticosVer\" \/>\n<meta name=\"twitter:site\" content=\"@LosPoliticosVer\" \/>\n<meta name=\"twitter:label1\" content=\"Escrito por\" \/>\n\t<meta name=\"twitter:data1\" content=\"Lo viste en Los Pol\u00edticos\" \/>\n\t<meta name=\"twitter:label2\" content=\"Tiempo de lectura\" \/>\n\t<meta name=\"twitter:data2\" content=\"4 minutos\" \/>\n<script type=\"application\/ld+json\" class=\"yoast-schema-graph\">{\"@context\":\"https:\\\/\\\/schema.org\",\"@graph\":[{\"@type\":\"Article\",\"@id\":\"https:\\\/\\\/lospoliticosveracruz.com\\\/?p=99477#article\",\"isPartOf\":{\"@id\":\"https:\\\/\\\/lospoliticosveracruz.com\\\/?p=99477\"},\"author\":{\"name\":\"Lo viste en Los Pol\u00edticos\",\"@id\":\"https:\\\/\\\/lospoliticosveracruz.com\\\/#\\\/schema\\\/person\\\/b8702bb0e538456e6efd07080bf2a4a2\"},\"headline\":\"DESPERTARON A NAHLE!\",\"datePublished\":\"2022-12-05T14:23:18+00:00\",\"dateModified\":\"2022-12-05T14:23:28+00:00\",\"mainEntityOfPage\":{\"@id\":\"https:\\\/\\\/lospoliticosveracruz.com\\\/?p=99477\"},\"wordCount\":884,\"publisher\":{\"@id\":\"https:\\\/\\\/lospoliticosveracruz.com\\\/#organization\"},\"keywords\":[\"Andr\u00e9s Manuel L\u00f3pez Obrador\",\"Cuitl\u00e1huac Garc\u00eda Jim\u00e9nez\",\"Morena\",\"Omar Z\u00fa\u00f1iga\",\"Veracruz\"],\"articleSection\":[\"De Opini\u00f3n\"],\"inLanguage\":\"es\"},{\"@type\":\"WebPage\",\"@id\":\"https:\\\/\\\/lospoliticosveracruz.com\\\/?p=99477\",\"url\":\"https:\\\/\\\/lospoliticosveracruz.com\\\/?p=99477\",\"name\":\"DESPERTARON A NAHLE! - Los pol\u00edticos Veracruz\",\"isPartOf\":{\"@id\":\"https:\\\/\\\/lospoliticosveracruz.com\\\/#website\"},\"datePublished\":\"2022-12-05T14:23:18+00:00\",\"dateModified\":\"2022-12-05T14:23:28+00:00\",\"breadcrumb\":{\"@id\":\"https:\\\/\\\/lospoliticosveracruz.com\\\/?p=99477#breadcrumb\"},\"inLanguage\":\"es\",\"potentialAction\":[{\"@type\":\"ReadAction\",\"target\":[\"https:\\\/\\\/lospoliticosveracruz.com\\\/?p=99477\"]}]},{\"@type\":\"BreadcrumbList\",\"@id\":\"https:\\\/\\\/lospoliticosveracruz.com\\\/?p=99477#breadcrumb\",\"itemListElement\":[{\"@type\":\"ListItem\",\"position\":1,\"name\":\"Portada\",\"item\":\"https:\\\/\\\/lospoliticosveracruz.com\\\/\"},{\"@type\":\"ListItem\",\"position\":2,\"name\":\"DESPERTARON A NAHLE!\"}]},{\"@type\":\"WebSite\",\"@id\":\"https:\\\/\\\/lospoliticosveracruz.com\\\/#website\",\"url\":\"https:\\\/\\\/lospoliticosveracruz.com\\\/\",\"name\":\"Los pol\u00edticos Veracruz\",\"description\":\"\",\"publisher\":{\"@id\":\"https:\\\/\\\/lospoliticosveracruz.com\\\/#organization\"},\"potentialAction\":[{\"@type\":\"SearchAction\",\"target\":{\"@type\":\"EntryPoint\",\"urlTemplate\":\"https:\\\/\\\/lospoliticosveracruz.com\\\/?s={search_term_string}\"},\"query-input\":{\"@type\":\"PropertyValueSpecification\",\"valueRequired\":true,\"valueName\":\"search_term_string\"}}],\"inLanguage\":\"es\"},{\"@type\":\"Organization\",\"@id\":\"https:\\\/\\\/lospoliticosveracruz.com\\\/#organization\",\"name\":\"Los pol\u00edticos Veracruz\",\"url\":\"https:\\\/\\\/lospoliticosveracruz.com\\\/\",\"logo\":{\"@type\":\"ImageObject\",\"inLanguage\":\"es\",\"@id\":\"https:\\\/\\\/lospoliticosveracruz.com\\\/#\\\/schema\\\/logo\\\/image\\\/\",\"url\":\"https:\\\/\\\/lospoliticosveracruz.com\\\/wp-content\\\/uploads\\\/2025\\\/12\\\/Logo-Nuevo-LOS-POLITICOS-1.jpg\",\"contentUrl\":\"https:\\\/\\\/lospoliticosveracruz.com\\\/wp-content\\\/uploads\\\/2025\\\/12\\\/Logo-Nuevo-LOS-POLITICOS-1.jpg\",\"width\":260,\"height\":70,\"caption\":\"Los pol\u00edticos Veracruz\"},\"image\":{\"@id\":\"https:\\\/\\\/lospoliticosveracruz.com\\\/#\\\/schema\\\/logo\\\/image\\\/\"},\"sameAs\":[\"https:\\\/\\\/www.facebook.com\\\/people\\\/Notimemes-de-los-Polticos\\\/61565672886568\\\/\",\"https:\\\/\\\/x.com\\\/LosPoliticosVer\"]},{\"@type\":\"Person\",\"@id\":\"https:\\\/\\\/lospoliticosveracruz.com\\\/#\\\/schema\\\/person\\\/b8702bb0e538456e6efd07080bf2a4a2\",\"name\":\"Lo viste en Los Pol\u00edticos\",\"image\":{\"@type\":\"ImageObject\",\"inLanguage\":\"es\",\"@id\":\"https:\\\/\\\/secure.gravatar.com\\\/avatar\\\/3a8de04a2656d44082be478bd6c086daa447c4651605818287b9532d3d0bd435?s=96&d=mm&r=g\",\"url\":\"https:\\\/\\\/secure.gravatar.com\\\/avatar\\\/3a8de04a2656d44082be478bd6c086daa447c4651605818287b9532d3d0bd435?s=96&d=mm&r=g\",\"contentUrl\":\"https:\\\/\\\/secure.gravatar.com\\\/avatar\\\/3a8de04a2656d44082be478bd6c086daa447c4651605818287b9532d3d0bd435?s=96&d=mm&r=g\",\"caption\":\"Lo viste en Los Pol\u00edticos\"},\"url\":\"https:\\\/\\\/lospoliticosveracruz.com\\\/?author=2\"}]}<\/script>\n<!-- \/ Yoast SEO plugin. -->","yoast_head_json":{"title":"DESPERTARON A NAHLE! - Los pol\u00edticos Veracruz","robots":{"index":"index","follow":"follow","max-snippet":"max-snippet:-1","max-image-preview":"max-image-preview:large","max-video-preview":"max-video-preview:-1"},"canonical":"https:\/\/lospoliticosveracruz.com\/?p=99477","og_locale":"es_ES","og_type":"article","og_title":"DESPERTARON A NAHLE! - Los pol\u00edticos Veracruz","og_description":"Omar Z\u00fa\u00f1igaDe Primera Mano El fin de semana pasado (contado a partir del viernes chiquito) el presidente Andr\u00e9s Manuel L\u00f3pez Obrador vino de gira a la patria chica donde aunque no se esperaba que hiciera grandes anuncios, s\u00ed tuvo dos intervenciones de la mayor relevancia para la pol\u00edtica local que influyen el concierto nacional y [&hellip;]","og_url":"https:\/\/lospoliticosveracruz.com\/?p=99477","og_site_name":"Los pol\u00edticos Veracruz","article_publisher":"https:\/\/www.facebook.com\/people\/Notimemes-de-los-Polticos\/61565672886568\/","article_published_time":"2022-12-05T14:23:18+00:00","article_modified_time":"2022-12-05T14:23:28+00:00","og_image":[{"width":200,"height":200,"url":"https:\/\/lospoliticosveracruz.com\/wp-content\/uploads\/2016\/07\/Logo-Dor.jpg","type":"image\/jpeg"}],"author":"Lo viste en Los Pol\u00edticos","twitter_card":"summary_large_image","twitter_creator":"@LosPoliticosVer","twitter_site":"@LosPoliticosVer","twitter_misc":{"Escrito por":"Lo viste en Los Pol\u00edticos","Tiempo de lectura":"4 minutos"},"schema":{"@context":"https:\/\/schema.org","@graph":[{"@type":"Article","@id":"https:\/\/lospoliticosveracruz.com\/?p=99477#article","isPartOf":{"@id":"https:\/\/lospoliticosveracruz.com\/?p=99477"},"author":{"name":"Lo viste en Los Pol\u00edticos","@id":"https:\/\/lospoliticosveracruz.com\/#\/schema\/person\/b8702bb0e538456e6efd07080bf2a4a2"},"headline":"DESPERTARON A NAHLE!","datePublished":"2022-12-05T14:23:18+00:00","dateModified":"2022-12-05T14:23:28+00:00","mainEntityOfPage":{"@id":"https:\/\/lospoliticosveracruz.com\/?p=99477"},"wordCount":884,"publisher":{"@id":"https:\/\/lospoliticosveracruz.com\/#organization"},"keywords":["Andr\u00e9s Manuel L\u00f3pez Obrador","Cuitl\u00e1huac Garc\u00eda Jim\u00e9nez","Morena","Omar Z\u00fa\u00f1iga","Veracruz"],"articleSection":["De Opini\u00f3n"],"inLanguage":"es"},{"@type":"WebPage","@id":"https:\/\/lospoliticosveracruz.com\/?p=99477","url":"https:\/\/lospoliticosveracruz.com\/?p=99477","name":"DESPERTARON A NAHLE! - Los pol\u00edticos Veracruz","isPartOf":{"@id":"https:\/\/lospoliticosveracruz.com\/#website"},"datePublished":"2022-12-05T14:23:18+00:00","dateModified":"2022-12-05T14:23:28+00:00","breadcrumb":{"@id":"https:\/\/lospoliticosveracruz.com\/?p=99477#breadcrumb"},"inLanguage":"es","potentialAction":[{"@type":"ReadAction","target":["https:\/\/lospoliticosveracruz.com\/?p=99477"]}]},{"@type":"BreadcrumbList","@id":"https:\/\/lospoliticosveracruz.com\/?p=99477#breadcrumb","itemListElement":[{"@type":"ListItem","position":1,"name":"Portada","item":"https:\/\/lospoliticosveracruz.com\/"},{"@type":"ListItem","position":2,"name":"DESPERTARON A NAHLE!"}]},{"@type":"WebSite","@id":"https:\/\/lospoliticosveracruz.com\/#website","url":"https:\/\/lospoliticosveracruz.com\/","name":"Los pol\u00edticos Veracruz","description":"","publisher":{"@id":"https:\/\/lospoliticosveracruz.com\/#organization"},"potentialAction":[{"@type":"SearchAction","target":{"@type":"EntryPoint","urlTemplate":"https:\/\/lospoliticosveracruz.com\/?s={search_term_string}"},"query-input":{"@type":"PropertyValueSpecification","valueRequired":true,"valueName":"search_term_string"}}],"inLanguage":"es"},{"@type":"Organization","@id":"https:\/\/lospoliticosveracruz.com\/#organization","name":"Los pol\u00edticos Veracruz","url":"https:\/\/lospoliticosveracruz.com\/","logo":{"@type":"ImageObject","inLanguage":"es","@id":"https:\/\/lospoliticosveracruz.com\/#\/schema\/logo\/image\/","url":"https:\/\/lospoliticosveracruz.com\/wp-content\/uploads\/2025\/12\/Logo-Nuevo-LOS-POLITICOS-1.jpg","contentUrl":"https:\/\/lospoliticosveracruz.com\/wp-content\/uploads\/2025\/12\/Logo-Nuevo-LOS-POLITICOS-1.jpg","width":260,"height":70,"caption":"Los pol\u00edticos Veracruz"},"image":{"@id":"https:\/\/lospoliticosveracruz.com\/#\/schema\/logo\/image\/"},"sameAs":["https:\/\/www.facebook.com\/people\/Notimemes-de-los-Polticos\/61565672886568\/","https:\/\/x.com\/LosPoliticosVer"]},{"@type":"Person","@id":"https:\/\/lospoliticosveracruz.com\/#\/schema\/person\/b8702bb0e538456e6efd07080bf2a4a2","name":"Lo viste en Los Pol\u00edticos","image":{"@type":"ImageObject","inLanguage":"es","@id":"https:\/\/secure.gravatar.com\/avatar\/3a8de04a2656d44082be478bd6c086daa447c4651605818287b9532d3d0bd435?s=96&d=mm&r=g","url":"https:\/\/secure.gravatar.com\/avatar\/3a8de04a2656d44082be478bd6c086daa447c4651605818287b9532d3d0bd435?s=96&d=mm&r=g","contentUrl":"https:\/\/secure.gravatar.com\/avatar\/3a8de04a2656d44082be478bd6c086daa447c4651605818287b9532d3d0bd435?s=96&d=mm&r=g","caption":"Lo viste en Los Pol\u00edticos"},"url":"https:\/\/lospoliticosveracruz.com\/?author=2"}]}},"_links":{"self":[{"href":"https:\/\/lospoliticosveracruz.com\/index.php?rest_route=\/wp\/v2\/posts\/99477","targetHints":{"allow":["GET"]}}],"collection":[{"href":"https:\/\/lospoliticosveracruz.com\/index.php?rest_route=\/wp\/v2\/posts"}],"about":[{"href":"https:\/\/lospoliticosveracruz.com\/index.php?rest_route=\/wp\/v2\/types\/post"}],"author":[{"embeddable":true,"href":"https:\/\/lospoliticosveracruz.com\/index.php?rest_route=\/wp\/v2\/users\/2"}],"replies":[{"embeddable":true,"href":"https:\/\/lospoliticosveracruz.com\/index.php?rest_route=%2Fwp%2Fv2%2Fcomments&post=99477"}],"version-history":[{"count":1,"href":"https:\/\/lospoliticosveracruz.com\/index.php?rest_route=\/wp\/v2\/posts\/99477\/revisions"}],"predecessor-version":[{"id":99479,"href":"https:\/\/lospoliticosveracruz.com\/index.php?rest_route=\/wp\/v2\/posts\/99477\/revisions\/99479"}],"wp:attachment":[{"href":"https:\/\/lospoliticosveracruz.com\/index.php?rest_route=%2Fwp%2Fv2%2Fmedia&parent=99477"}],"wp:term":[{"taxonomy":"category","embeddable":true,"href":"https:\/\/lospoliticosveracruz.com\/index.php?rest_route=%2Fwp%2Fv2%2Fcategories&post=99477"},{"taxonomy":"post_tag","embeddable":true,"href":"https:\/\/lospoliticosveracruz.com\/index.php?rest_route=%2Fwp%2Fv2%2Ftags&post=99477"}],"curies":[{"name":"wp","href":"https:\/\/api.w.org\/{rel}","templated":true}]}}