{"id":9949,"date":"2007-07-03T00:47:00","date_gmt":"2007-07-03T00:47:00","guid":{"rendered":"http:\/\/www.lospoliticosveracruz.com.mx\/?p=9949"},"modified":"2014-10-09T03:09:16","modified_gmt":"2014-10-09T03:09:16","slug":"la-boda-de-armida","status":"publish","type":"post","link":"https:\/\/lospoliticosveracruz.com\/?p=9949","title":{"rendered":"\u00a1La boda de Armida!"},"content":{"rendered":"<p><a href=\"http:\/\/www.lospoliticosveracruz.com.mx\/wp-content\/uploads\/2007\/07\/P1000575.jpg\"><img decoding=\"async\" id=\"BLOGGER_PHOTO_ID_5082767701835746930\" style=\"FLOAT: right; MARGIN: 0px 0px 10px 10px; CURSOR: hand\" alt=\"\" src=\"http:\/\/www.lospoliticosveracruz.com.mx\/wp-content\/uploads\/2007\/07\/P1000575-300x225.jpg\" border=\"0\" \/><\/a><\/p>\n<div>\n<div><strong>Salvador Mu\u00f1oz<\/strong><\/p>\n<p>Motor de vida. Raz\u00f3n de la sinraz\u00f3n. Eje central donde giran todos los sentimientos. Afecto, sentimiento, emoci\u00f3n. Miles de definiciones y ninguna ser\u00e1 completa, total, expresiva, exacta ni tan cient\u00edfica o espiritual para definir al Amor.<br \/>Obras son amores y no buenas razones. La gente prefiere ahora hechos m\u00e1s que palabras. Las flores las quiere hoy, en el jard\u00edn, y no ma\u00f1ana, en el pante\u00f3n. <a href=\"http:\/\/www.lospoliticosveracruz.com.mx\/wp-content\/uploads\/2007\/07\/P1000570.jpg\"><img decoding=\"async\" id=\"BLOGGER_PHOTO_ID_5082767031820848738\" style=\"FLOAT: right; MARGIN: 0px 0px 10px 10px; CURSOR: hand\" alt=\"\" src=\"http:\/\/www.lospoliticosveracruz.com.mx\/wp-content\/uploads\/2007\/07\/P1000570-225x300.jpg\" border=\"0\" \/><\/a><br \/>Qu\u00e9 tanto entonces se parece, as\u00ed, el amor a la pol\u00edtica.<br \/>En \u00e9poca electoral, donde los candidatos se declaran siervos de la sociedad, capaces de morir por su colonia, pueblo y sociedad, por tan poco: nada m\u00e1s quieren de \u00e9l su votito.<br \/>Entonces hacen uso de su gran elocuencia, de su verbo, de su desenvolvimiento para hacer declaraciones incendiarias, efervescentes, reaccionarias, que enervan el coraz\u00f3n de quien pretenden enamorar, como todo un Don Juan.<br \/>Vendr\u00e1n esos calaveras a endulzarnos el o\u00eddo pero pocos ser\u00e1n los que hablen con hechos, con resultados, y para poner un ejemplo, ah\u00ed est\u00e1 Vicho Velasco Chedraui, quien como parte activa de la Fundaci\u00f3n que dirige, se comprometi\u00f3 con los vecinos de la unidad Jardines de Xalapa, a entregar la pintura para pintar los condominios.<br \/>El pasado domingo lleg\u00f3 con los botes de pintura. Palabra cumplida.<br \/>* Claro, parte del amor son los \u00f3sculos. \u00bfQui\u00e9n en su vida no ha dado el \u00f3sculo? \u00a1Todos! Nadie puede negar haber dado el \u00f3sculo en alg\u00fan momento de su vida\u2026<br \/>Adem\u00e1s, el beso es como la firma del amor; el sello que pacta a dos bocas a dejar escapar un suspiro; es la complicidad de dos corazones como el de Armida Ram\u00edrez y Cuauht\u00e9moc Vel\u00e1zquez, quienes celebraran una boda entre lo fant\u00e1stico, esot\u00e9rico, religioso, subliminal, el pasado s\u00e1bado, all\u00e1 en el rancho Gobernadores, el de JR.<br \/>Ella, dicen los testigos, parec\u00eda diosa griega; \u00e9l, dios prehisp\u00e1nico (las fotos puede verlas ac\u00e1: <a href=\"http:\/\/www.xclusiva.com.mx\/boda3\/boda3\/index.html\">http:\/\/www.xclusiva.com.mx\/boda3\/boda3\/index.html<\/a>).<br \/>Entre cuatro \u00e1rboles, haciendo un per\u00edmetro de tul, danzantes al ritmo de los tambores, eran parte del ritual de esta boda exclusiva.<br \/>Ten\u00eda algo de m\u00e1gico, aseguran, fogoso, ex\u00f3tico y fant\u00e1stico.<br \/>Hay que recordar que a la novia le gusta mucho la danza, el teatro.<br \/>No queda m\u00e1s que felicitar a la pareja por llevar a esos extremos, sus ideas, creencias y sue\u00f1os, su amor.<br \/>* S\u00ed, el amor es tan dulce, tan dulce que a veces hace da\u00f1o\u2026 como la diabetes. Por eso, ante el elevado porcentaje de personas enfermas de diabetes en Xalapa, el Ayuntamiento local coordinadamente con la Fundaci\u00f3n profesor Emilio Aburto Gonz\u00e1lez, AC, llevar\u00e1n a cabo durante esta semana en el Patio Mu\u00f1oz, las Jornadas M\u00e9dicas para Diab\u00e9ticos, en donde de las 11 a las 13:00 horas se dar\u00e1n pl\u00e1ticas de salud, cuidados, nutrici\u00f3n y atenci\u00f3n m\u00e9dica as\u00ed como orientaci\u00f3n de c\u00f3mo vivir mejor a quienes padecen esta enfermedad.<br \/>Recuerdo en alguna ocasi\u00f3n que Arnulfo Pancardo me platic\u00f3 su intenci\u00f3n de crear un restaurante para diab\u00e9ticos\u2026 espero que alg\u00fan d\u00eda se haga realidad no el sue\u00f1o de Pancardo, sino el de quienes padecen esta enfermedad: Tener un lugar propio donde no se est\u00e9n cuidando qu\u00e9 no pedir.<br \/>* Al comp\u00e1s del amor, est\u00e1 el odio. Junto con el odio, tambi\u00e9n a veces surge la violencia. Por cierto, este d\u00eda, a las 17: 00 horas, se llevar\u00e1 a cabo en el auditorio Sebasti\u00e1n Lerdo de Tejada del Congreso del Estado de Veracruz, el Foro de an\u00e1lisis a la iniciativa de ley \u201cPor una vida libre de violencia para las mujeres en Veracruz\u201d.<br \/>Este foro es organizado por el Colectivo para la Integraci\u00f3n, Desarrollo y Educaci\u00f3n entre Mujeres (CIDEM). La propuesta de Iniciativa es el resultado de una investigaci\u00f3n de violaciones ejercidas en contra de mujeres en Veracruz que realizaron Mayeli Garc\u00eda, Dalia P\u00e9rez Casta\u00f1eda (de las perlitas de Dalia) y Araceli Gonz\u00e1lez Saavedra, entre otras socias del Cidem.<br \/>Por cierto, saben a qu\u00e9 santo se encomienda el rector Ra\u00fal Arias Lovillo: A San-Dalia.<br \/>Su frase favorita: La Sandalia que me tiro, la vuelvo a re\u2026levantar.<br \/>Pintor favorito: Salvador Dal\u00ed..a.<br \/>En fin\u2026 pero volviendo al amor, hay una en particular que me fascina: La relatividad del amor es tan\u2026 tan\u2026 tan relativa que bien se dice: Que te quise, amor, es verdad\u2026 que ya no te quiero, tambi\u00e9n es verdad.<\/p>\n<p>e-mail: <a href=\"mailto:dor00@hotmail.com\">dor00@hotmail.com<\/a><\/div>\n<\/div>\n","protected":false},"excerpt":{"rendered":"<p>Salvador Mu\u00f1oz Motor de vida. Raz\u00f3n de la sinraz\u00f3n. Eje central donde giran todos los sentimientos. Afecto, sentimiento, emoci\u00f3n. Miles de definiciones y ninguna ser\u00e1 completa, total, expresiva, exacta ni tan cient\u00edfica o espiritual para definir al Amor.Obras son amores y no buenas razones. La gente prefiere ahora hechos m\u00e1s que palabras. Las flores las [&hellip;]<\/p>\n","protected":false},"author":1,"featured_media":0,"comment_status":"open","ping_status":"open","sticky":false,"template":"","format":"standard","meta":{"tdm_status":"","tdm_grid_status":"","footnotes":""},"categories":[1],"tags":[],"class_list":{"0":"post-9949","1":"post","2":"type-post","3":"status-publish","4":"format-standard","6":"category-sin-categoria"},"yoast_head":"<!-- This site is optimized with the Yoast SEO plugin v27.4 - https:\/\/yoast.com\/product\/yoast-seo-wordpress\/ -->\n<title>\u00a1La boda de Armida! - Los pol\u00edticos Veracruz<\/title>\n<meta name=\"robots\" content=\"index, follow, max-snippet:-1, max-image-preview:large, max-video-preview:-1\" \/>\n<link rel=\"canonical\" href=\"https:\/\/lospoliticosveracruz.com\/?p=9949\" \/>\n<meta property=\"og:locale\" content=\"es_ES\" \/>\n<meta property=\"og:type\" content=\"article\" \/>\n<meta property=\"og:title\" content=\"\u00a1La boda de Armida! - Los pol\u00edticos Veracruz\" \/>\n<meta property=\"og:description\" content=\"Salvador Mu\u00f1oz Motor de vida. Raz\u00f3n de la sinraz\u00f3n. Eje central donde giran todos los sentimientos. Afecto, sentimiento, emoci\u00f3n. Miles de definiciones y ninguna ser\u00e1 completa, total, expresiva, exacta ni tan cient\u00edfica o espiritual para definir al Amor.Obras son amores y no buenas razones. La gente prefiere ahora hechos m\u00e1s que palabras. Las flores las [&hellip;]\" \/>\n<meta property=\"og:url\" content=\"https:\/\/lospoliticosveracruz.com\/?p=9949\" \/>\n<meta property=\"og:site_name\" content=\"Los pol\u00edticos Veracruz\" \/>\n<meta property=\"article:publisher\" content=\"https:\/\/www.facebook.com\/people\/Notimemes-de-los-Polticos\/61565672886568\/\" \/>\n<meta property=\"article:published_time\" content=\"2007-07-03T00:47:00+00:00\" \/>\n<meta property=\"article:modified_time\" content=\"2014-10-09T03:09:16+00:00\" \/>\n<meta property=\"og:image\" content=\"http:\/\/www.lospoliticosveracruz.com.mx\/wp-content\/uploads\/2007\/07\/P1000575-300x225.jpg\" \/>\n<meta name=\"author\" content=\"lospoladmin\" \/>\n<meta name=\"twitter:card\" content=\"summary_large_image\" \/>\n<meta name=\"twitter:creator\" content=\"@LosPoliticosVer\" \/>\n<meta name=\"twitter:site\" content=\"@LosPoliticosVer\" \/>\n<meta name=\"twitter:label1\" content=\"Escrito por\" \/>\n\t<meta name=\"twitter:data1\" content=\"lospoladmin\" \/>\n\t<meta name=\"twitter:label2\" content=\"Tiempo de lectura\" \/>\n\t<meta name=\"twitter:data2\" content=\"4 minutos\" \/>\n<script type=\"application\/ld+json\" class=\"yoast-schema-graph\">{\"@context\":\"https:\\\/\\\/schema.org\",\"@graph\":[{\"@type\":\"Article\",\"@id\":\"https:\\\/\\\/lospoliticosveracruz.com\\\/?p=9949#article\",\"isPartOf\":{\"@id\":\"https:\\\/\\\/lospoliticosveracruz.com\\\/?p=9949\"},\"author\":{\"name\":\"lospoladmin\",\"@id\":\"https:\\\/\\\/lospoliticosveracruz.com\\\/#\\\/schema\\\/person\\\/c5fee8df75ee4700bd7f8e92859bd696\"},\"headline\":\"\u00a1La boda de Armida!\",\"datePublished\":\"2007-07-03T00:47:00+00:00\",\"dateModified\":\"2014-10-09T03:09:16+00:00\",\"mainEntityOfPage\":{\"@id\":\"https:\\\/\\\/lospoliticosveracruz.com\\\/?p=9949\"},\"wordCount\":782,\"commentCount\":0,\"publisher\":{\"@id\":\"https:\\\/\\\/lospoliticosveracruz.com\\\/#organization\"},\"image\":{\"@id\":\"https:\\\/\\\/lospoliticosveracruz.com\\\/?p=9949#primaryimage\"},\"thumbnailUrl\":\"http:\\\/\\\/www.lospoliticosveracruz.com.mx\\\/wp-content\\\/uploads\\\/2007\\\/07\\\/P1000575-300x225.jpg\",\"inLanguage\":\"es\",\"potentialAction\":[{\"@type\":\"CommentAction\",\"name\":\"Comment\",\"target\":[\"https:\\\/\\\/lospoliticosveracruz.com\\\/?p=9949#respond\"]}]},{\"@type\":\"WebPage\",\"@id\":\"https:\\\/\\\/lospoliticosveracruz.com\\\/?p=9949\",\"url\":\"https:\\\/\\\/lospoliticosveracruz.com\\\/?p=9949\",\"name\":\"\u00a1La boda de Armida! - Los pol\u00edticos Veracruz\",\"isPartOf\":{\"@id\":\"https:\\\/\\\/lospoliticosveracruz.com\\\/#website\"},\"primaryImageOfPage\":{\"@id\":\"https:\\\/\\\/lospoliticosveracruz.com\\\/?p=9949#primaryimage\"},\"image\":{\"@id\":\"https:\\\/\\\/lospoliticosveracruz.com\\\/?p=9949#primaryimage\"},\"thumbnailUrl\":\"http:\\\/\\\/www.lospoliticosveracruz.com.mx\\\/wp-content\\\/uploads\\\/2007\\\/07\\\/P1000575-300x225.jpg\",\"datePublished\":\"2007-07-03T00:47:00+00:00\",\"dateModified\":\"2014-10-09T03:09:16+00:00\",\"breadcrumb\":{\"@id\":\"https:\\\/\\\/lospoliticosveracruz.com\\\/?p=9949#breadcrumb\"},\"inLanguage\":\"es\",\"potentialAction\":[{\"@type\":\"ReadAction\",\"target\":[\"https:\\\/\\\/lospoliticosveracruz.com\\\/?p=9949\"]}]},{\"@type\":\"ImageObject\",\"inLanguage\":\"es\",\"@id\":\"https:\\\/\\\/lospoliticosveracruz.com\\\/?p=9949#primaryimage\",\"url\":\"http:\\\/\\\/www.lospoliticosveracruz.com.mx\\\/wp-content\\\/uploads\\\/2007\\\/07\\\/P1000575-300x225.jpg\",\"contentUrl\":\"http:\\\/\\\/www.lospoliticosveracruz.com.mx\\\/wp-content\\\/uploads\\\/2007\\\/07\\\/P1000575-300x225.jpg\"},{\"@type\":\"BreadcrumbList\",\"@id\":\"https:\\\/\\\/lospoliticosveracruz.com\\\/?p=9949#breadcrumb\",\"itemListElement\":[{\"@type\":\"ListItem\",\"position\":1,\"name\":\"Portada\",\"item\":\"https:\\\/\\\/lospoliticosveracruz.com\\\/\"},{\"@type\":\"ListItem\",\"position\":2,\"name\":\"\u00a1La boda de Armida!\"}]},{\"@type\":\"WebSite\",\"@id\":\"https:\\\/\\\/lospoliticosveracruz.com\\\/#website\",\"url\":\"https:\\\/\\\/lospoliticosveracruz.com\\\/\",\"name\":\"Los pol\u00edticos Veracruz\",\"description\":\"\",\"publisher\":{\"@id\":\"https:\\\/\\\/lospoliticosveracruz.com\\\/#organization\"},\"potentialAction\":[{\"@type\":\"SearchAction\",\"target\":{\"@type\":\"EntryPoint\",\"urlTemplate\":\"https:\\\/\\\/lospoliticosveracruz.com\\\/?s={search_term_string}\"},\"query-input\":{\"@type\":\"PropertyValueSpecification\",\"valueRequired\":true,\"valueName\":\"search_term_string\"}}],\"inLanguage\":\"es\"},{\"@type\":\"Organization\",\"@id\":\"https:\\\/\\\/lospoliticosveracruz.com\\\/#organization\",\"name\":\"Los pol\u00edticos Veracruz\",\"url\":\"https:\\\/\\\/lospoliticosveracruz.com\\\/\",\"logo\":{\"@type\":\"ImageObject\",\"inLanguage\":\"es\",\"@id\":\"https:\\\/\\\/lospoliticosveracruz.com\\\/#\\\/schema\\\/logo\\\/image\\\/\",\"url\":\"https:\\\/\\\/lospoliticosveracruz.com\\\/wp-content\\\/uploads\\\/2025\\\/12\\\/Logo-Nuevo-LOS-POLITICOS-1.jpg\",\"contentUrl\":\"https:\\\/\\\/lospoliticosveracruz.com\\\/wp-content\\\/uploads\\\/2025\\\/12\\\/Logo-Nuevo-LOS-POLITICOS-1.jpg\",\"width\":260,\"height\":70,\"caption\":\"Los pol\u00edticos Veracruz\"},\"image\":{\"@id\":\"https:\\\/\\\/lospoliticosveracruz.com\\\/#\\\/schema\\\/logo\\\/image\\\/\"},\"sameAs\":[\"https:\\\/\\\/www.facebook.com\\\/people\\\/Notimemes-de-los-Polticos\\\/61565672886568\\\/\",\"https:\\\/\\\/x.com\\\/LosPoliticosVer\"]},{\"@type\":\"Person\",\"@id\":\"https:\\\/\\\/lospoliticosveracruz.com\\\/#\\\/schema\\\/person\\\/c5fee8df75ee4700bd7f8e92859bd696\",\"name\":\"lospoladmin\",\"image\":{\"@type\":\"ImageObject\",\"inLanguage\":\"es\",\"@id\":\"https:\\\/\\\/secure.gravatar.com\\\/avatar\\\/f4a468785695515895c4d618820f242e33d3d72a0284244a0fad6d19795cb724?s=96&d=mm&r=g\",\"url\":\"https:\\\/\\\/secure.gravatar.com\\\/avatar\\\/f4a468785695515895c4d618820f242e33d3d72a0284244a0fad6d19795cb724?s=96&d=mm&r=g\",\"contentUrl\":\"https:\\\/\\\/secure.gravatar.com\\\/avatar\\\/f4a468785695515895c4d618820f242e33d3d72a0284244a0fad6d19795cb724?s=96&d=mm&r=g\",\"caption\":\"lospoladmin\"},\"url\":\"https:\\\/\\\/lospoliticosveracruz.com\\\/?author=1\"}]}<\/script>\n<!-- \/ Yoast SEO plugin. -->","yoast_head_json":{"title":"\u00a1La boda de Armida! - Los pol\u00edticos Veracruz","robots":{"index":"index","follow":"follow","max-snippet":"max-snippet:-1","max-image-preview":"max-image-preview:large","max-video-preview":"max-video-preview:-1"},"canonical":"https:\/\/lospoliticosveracruz.com\/?p=9949","og_locale":"es_ES","og_type":"article","og_title":"\u00a1La boda de Armida! - Los pol\u00edticos Veracruz","og_description":"Salvador Mu\u00f1oz Motor de vida. Raz\u00f3n de la sinraz\u00f3n. Eje central donde giran todos los sentimientos. Afecto, sentimiento, emoci\u00f3n. Miles de definiciones y ninguna ser\u00e1 completa, total, expresiva, exacta ni tan cient\u00edfica o espiritual para definir al Amor.Obras son amores y no buenas razones. La gente prefiere ahora hechos m\u00e1s que palabras. Las flores las [&hellip;]","og_url":"https:\/\/lospoliticosveracruz.com\/?p=9949","og_site_name":"Los pol\u00edticos Veracruz","article_publisher":"https:\/\/www.facebook.com\/people\/Notimemes-de-los-Polticos\/61565672886568\/","article_published_time":"2007-07-03T00:47:00+00:00","article_modified_time":"2014-10-09T03:09:16+00:00","og_image":[{"url":"http:\/\/www.lospoliticosveracruz.com.mx\/wp-content\/uploads\/2007\/07\/P1000575-300x225.jpg","type":"","width":"","height":""}],"author":"lospoladmin","twitter_card":"summary_large_image","twitter_creator":"@LosPoliticosVer","twitter_site":"@LosPoliticosVer","twitter_misc":{"Escrito por":"lospoladmin","Tiempo de lectura":"4 minutos"},"schema":{"@context":"https:\/\/schema.org","@graph":[{"@type":"Article","@id":"https:\/\/lospoliticosveracruz.com\/?p=9949#article","isPartOf":{"@id":"https:\/\/lospoliticosveracruz.com\/?p=9949"},"author":{"name":"lospoladmin","@id":"https:\/\/lospoliticosveracruz.com\/#\/schema\/person\/c5fee8df75ee4700bd7f8e92859bd696"},"headline":"\u00a1La boda de Armida!","datePublished":"2007-07-03T00:47:00+00:00","dateModified":"2014-10-09T03:09:16+00:00","mainEntityOfPage":{"@id":"https:\/\/lospoliticosveracruz.com\/?p=9949"},"wordCount":782,"commentCount":0,"publisher":{"@id":"https:\/\/lospoliticosveracruz.com\/#organization"},"image":{"@id":"https:\/\/lospoliticosveracruz.com\/?p=9949#primaryimage"},"thumbnailUrl":"http:\/\/www.lospoliticosveracruz.com.mx\/wp-content\/uploads\/2007\/07\/P1000575-300x225.jpg","inLanguage":"es","potentialAction":[{"@type":"CommentAction","name":"Comment","target":["https:\/\/lospoliticosveracruz.com\/?p=9949#respond"]}]},{"@type":"WebPage","@id":"https:\/\/lospoliticosveracruz.com\/?p=9949","url":"https:\/\/lospoliticosveracruz.com\/?p=9949","name":"\u00a1La boda de Armida! - Los pol\u00edticos Veracruz","isPartOf":{"@id":"https:\/\/lospoliticosveracruz.com\/#website"},"primaryImageOfPage":{"@id":"https:\/\/lospoliticosveracruz.com\/?p=9949#primaryimage"},"image":{"@id":"https:\/\/lospoliticosveracruz.com\/?p=9949#primaryimage"},"thumbnailUrl":"http:\/\/www.lospoliticosveracruz.com.mx\/wp-content\/uploads\/2007\/07\/P1000575-300x225.jpg","datePublished":"2007-07-03T00:47:00+00:00","dateModified":"2014-10-09T03:09:16+00:00","breadcrumb":{"@id":"https:\/\/lospoliticosveracruz.com\/?p=9949#breadcrumb"},"inLanguage":"es","potentialAction":[{"@type":"ReadAction","target":["https:\/\/lospoliticosveracruz.com\/?p=9949"]}]},{"@type":"ImageObject","inLanguage":"es","@id":"https:\/\/lospoliticosveracruz.com\/?p=9949#primaryimage","url":"http:\/\/www.lospoliticosveracruz.com.mx\/wp-content\/uploads\/2007\/07\/P1000575-300x225.jpg","contentUrl":"http:\/\/www.lospoliticosveracruz.com.mx\/wp-content\/uploads\/2007\/07\/P1000575-300x225.jpg"},{"@type":"BreadcrumbList","@id":"https:\/\/lospoliticosveracruz.com\/?p=9949#breadcrumb","itemListElement":[{"@type":"ListItem","position":1,"name":"Portada","item":"https:\/\/lospoliticosveracruz.com\/"},{"@type":"ListItem","position":2,"name":"\u00a1La boda de Armida!"}]},{"@type":"WebSite","@id":"https:\/\/lospoliticosveracruz.com\/#website","url":"https:\/\/lospoliticosveracruz.com\/","name":"Los pol\u00edticos Veracruz","description":"","publisher":{"@id":"https:\/\/lospoliticosveracruz.com\/#organization"},"potentialAction":[{"@type":"SearchAction","target":{"@type":"EntryPoint","urlTemplate":"https:\/\/lospoliticosveracruz.com\/?s={search_term_string}"},"query-input":{"@type":"PropertyValueSpecification","valueRequired":true,"valueName":"search_term_string"}}],"inLanguage":"es"},{"@type":"Organization","@id":"https:\/\/lospoliticosveracruz.com\/#organization","name":"Los pol\u00edticos Veracruz","url":"https:\/\/lospoliticosveracruz.com\/","logo":{"@type":"ImageObject","inLanguage":"es","@id":"https:\/\/lospoliticosveracruz.com\/#\/schema\/logo\/image\/","url":"https:\/\/lospoliticosveracruz.com\/wp-content\/uploads\/2025\/12\/Logo-Nuevo-LOS-POLITICOS-1.jpg","contentUrl":"https:\/\/lospoliticosveracruz.com\/wp-content\/uploads\/2025\/12\/Logo-Nuevo-LOS-POLITICOS-1.jpg","width":260,"height":70,"caption":"Los pol\u00edticos Veracruz"},"image":{"@id":"https:\/\/lospoliticosveracruz.com\/#\/schema\/logo\/image\/"},"sameAs":["https:\/\/www.facebook.com\/people\/Notimemes-de-los-Polticos\/61565672886568\/","https:\/\/x.com\/LosPoliticosVer"]},{"@type":"Person","@id":"https:\/\/lospoliticosveracruz.com\/#\/schema\/person\/c5fee8df75ee4700bd7f8e92859bd696","name":"lospoladmin","image":{"@type":"ImageObject","inLanguage":"es","@id":"https:\/\/secure.gravatar.com\/avatar\/f4a468785695515895c4d618820f242e33d3d72a0284244a0fad6d19795cb724?s=96&d=mm&r=g","url":"https:\/\/secure.gravatar.com\/avatar\/f4a468785695515895c4d618820f242e33d3d72a0284244a0fad6d19795cb724?s=96&d=mm&r=g","contentUrl":"https:\/\/secure.gravatar.com\/avatar\/f4a468785695515895c4d618820f242e33d3d72a0284244a0fad6d19795cb724?s=96&d=mm&r=g","caption":"lospoladmin"},"url":"https:\/\/lospoliticosveracruz.com\/?author=1"}]}},"_links":{"self":[{"href":"https:\/\/lospoliticosveracruz.com\/index.php?rest_route=\/wp\/v2\/posts\/9949","targetHints":{"allow":["GET"]}}],"collection":[{"href":"https:\/\/lospoliticosveracruz.com\/index.php?rest_route=\/wp\/v2\/posts"}],"about":[{"href":"https:\/\/lospoliticosveracruz.com\/index.php?rest_route=\/wp\/v2\/types\/post"}],"author":[{"embeddable":true,"href":"https:\/\/lospoliticosveracruz.com\/index.php?rest_route=\/wp\/v2\/users\/1"}],"replies":[{"embeddable":true,"href":"https:\/\/lospoliticosveracruz.com\/index.php?rest_route=%2Fwp%2Fv2%2Fcomments&post=9949"}],"version-history":[{"count":0,"href":"https:\/\/lospoliticosveracruz.com\/index.php?rest_route=\/wp\/v2\/posts\/9949\/revisions"}],"wp:attachment":[{"href":"https:\/\/lospoliticosveracruz.com\/index.php?rest_route=%2Fwp%2Fv2%2Fmedia&parent=9949"}],"wp:term":[{"taxonomy":"category","embeddable":true,"href":"https:\/\/lospoliticosveracruz.com\/index.php?rest_route=%2Fwp%2Fv2%2Fcategories&post=9949"},{"taxonomy":"post_tag","embeddable":true,"href":"https:\/\/lospoliticosveracruz.com\/index.php?rest_route=%2Fwp%2Fv2%2Ftags&post=9949"}],"curies":[{"name":"wp","href":"https:\/\/api.w.org\/{rel}","templated":true}]}}