{"id":9959,"date":"2007-06-13T00:04:00","date_gmt":"2007-06-13T00:04:00","guid":{"rendered":"http:\/\/www.lospoliticosveracruz.com.mx\/?p=9959"},"modified":"2014-10-09T03:09:19","modified_gmt":"2014-10-09T03:09:19","slug":"changarros-educativos-iii-o-checa-tu-mail-fidel","status":"publish","type":"post","link":"https:\/\/lospoliticosveracruz.com\/?p=9959","title":{"rendered":"Changarros educativos III o \u00a1checa tu mail, Fidel!"},"content":{"rendered":"<p>Salvador Mu\u00f1oz<\/p>\n<p>Respuestas. La gente quiere respuestas. El silencio es ofensivo, lastima, ofende m\u00e1s cuando ese vac\u00edo lo provoca alguien que aboga fidelidad a los veracruzanos.<br \/>No basta Puertas Abiertas, una direcci\u00f3n electr\u00f3nica o un blog (de moda en el fidelismo) porque entonces se transforman en golpes publicitarios de un gobernador que est\u00e1 \u201ca la moda\u201d\u2026 fashion.<br \/>Responder implica tambi\u00e9n educaci\u00f3n. Porque omitir una contestaci\u00f3n indica indiferencia y para la sociedad no debe existir tal por parte del encargado del Gobierno estatal.<br \/>Por eso, s\u00f3lo por eso se entiende que sea m\u00e1s f\u00e1cil que haya respuesta a los art\u00edculos sobre los \u201cChangarros educativos\u201d, por parte de un lector que manda copia de una carta que no tiene respuesta y s\u00ed, sin embargo, la esperanza de que, al menos haya sido recibida.<br \/>La pongo a consideraci\u00f3n de la direcci\u00f3n de Comunicaci\u00f3n Social, de Alfredo G\u00e1ndara; del amigo Rogelio Mar\u00edn, siempre atento y amable con quien escribe, para que, en aras de un servicio de \u201cpuente\u201d, hoy tambi\u00e9n de moda, el remitente de este e-mail obtenga lo que espera: Una respuesta del Gobernador. Esperando a ver qui\u00e9n de los dos responde primero, expongo la siguiente misiva\u2026 sin respuesta.<br \/>\u201cRespetable se\u00f1or:<br \/>Considero que mi correo ya ha sido recibido y tratado por quien corresponda, sin embargo no he recibido respuesta.<br \/>\u201cAh\u00ed le expongo la problem\u00e1tica vivida en la Universidad Euro Hispanoamericana, de quien hasta el momento no he recibido tampoco respuesta, me han informado que quiz\u00e1s el lunes por la tarde ya me digan algo.<br \/>\u201cPero le\u00ed Cr\u00f3nica de Xalapa del d\u00eda lunes 4 de Junio de este a\u00f1o y me sorprendi\u00f3 much\u00edsimo las declaraciones hechas por el Lic. Alcudia sobre la regularizaci\u00f3n de 151 Universidades, c\u00f3mo era posible que ahora s\u00ed se manifestara si cuando, una servidora, desde el a\u00f1o pasado sostuvo pl\u00e1ticas telef\u00f3nicas con su colaboradora Lic. Margarita L\u00f3pez y siempre respondi\u00f3 que la investigaci\u00f3n sobre el RVOE no correspond\u00eda a ellos pues este tr\u00e1mite se hab\u00eda hecho a nivel federal, igualmente sorprendida me encuentro cuando los oficios que anex\u00e9  al correo anterior fueron entregados a la SEV y al V\u00ednculo de la SEP y comentaron que ellos no ten\u00edan manera de resolver esto.<br \/>\u201cMe pregunto y le pregunto Se\u00f1or Gobernador, por haber sido en aquellos momentos una sola y simple ciudadana que ve\u00eda y daba a conocer el problema que se estaba gestando en la educaci\u00f3n y futuro de mi hija \u00bfno era digna de que se me prestara atenci\u00f3n y se investigara realmente que estaba sucediendo?<br \/>\u201cEn este momento comentan en la escuela: cambio total de plantilla de maestros para que un mes, las alumnas se den cuenta de que lo que no se hizo acad\u00e9micamente en un a\u00f1o lo hagan en ese tiempo.<br \/>\u201cLicenciado en todo momento solicit\u00e9 y he solicitado apoyo para rescatar este programa educativo, no es posible que desde entonces no pod\u00edan hacer nada y despu\u00e9s de un a\u00f1o perdido e irrecuperable escucho : No hay riesgo.<br \/>\u201cCuando se entregaron los oficios solicit\u00e9 que nos acompa\u00f1aran a la reuni\u00f3n que tendr\u00edamos con la C. Rectora e igualmente respondieron que no entraba en sus facultades.<br \/>\u201c\u00bfQue paso Se\u00f1or Gobernador\u2026 Disculpe el tiempo que he quitado por la lectura de mis dos correos, consider\u00e9 que si era importante pero nadie me escuch\u00f3.<br \/>Por su atenci\u00f3n quedo de usted:<br \/>ATENTAMENTE<br \/>Lic. Nelly Ladr\u00f3n de Guevara Castillo\u201d.<br \/>As\u00ed de sencillo. La gente quiere respuestas y no silencios. Si hay un servicio de correo electr\u00f3nico, que tenga utilidad, que no funcione s\u00f3lo como moda. As\u00ed que: T\u00edo Fide\u2026 \u00a1checa tu mail!<\/p>\n","protected":false},"excerpt":{"rendered":"<p>Salvador Mu\u00f1oz Respuestas. La gente quiere respuestas. El silencio es ofensivo, lastima, ofende m\u00e1s cuando ese vac\u00edo lo provoca alguien que aboga fidelidad a los veracruzanos.No basta Puertas Abiertas, una direcci\u00f3n electr\u00f3nica o un blog (de moda en el fidelismo) porque entonces se transforman en golpes publicitarios de un gobernador que est\u00e1 \u201ca la moda\u201d\u2026 [&hellip;]<\/p>\n","protected":false},"author":1,"featured_media":0,"comment_status":"open","ping_status":"open","sticky":false,"template":"","format":"standard","meta":{"tdm_status":"","tdm_grid_status":"","footnotes":""},"categories":[1],"tags":[],"class_list":{"0":"post-9959","1":"post","2":"type-post","3":"status-publish","4":"format-standard","6":"category-sin-categoria"},"yoast_head":"<!-- This site is optimized with the Yoast SEO plugin v27.4 - https:\/\/yoast.com\/product\/yoast-seo-wordpress\/ -->\n<title>Changarros educativos III o \u00a1checa tu mail, Fidel! - Los pol\u00edticos Veracruz<\/title>\n<meta name=\"robots\" content=\"index, follow, max-snippet:-1, max-image-preview:large, max-video-preview:-1\" \/>\n<link rel=\"canonical\" href=\"https:\/\/lospoliticosveracruz.com\/?p=9959\" \/>\n<meta property=\"og:locale\" content=\"es_ES\" \/>\n<meta property=\"og:type\" content=\"article\" \/>\n<meta property=\"og:title\" content=\"Changarros educativos III o \u00a1checa tu mail, Fidel! - Los pol\u00edticos Veracruz\" \/>\n<meta property=\"og:description\" content=\"Salvador Mu\u00f1oz Respuestas. La gente quiere respuestas. El silencio es ofensivo, lastima, ofende m\u00e1s cuando ese vac\u00edo lo provoca alguien que aboga fidelidad a los veracruzanos.No basta Puertas Abiertas, una direcci\u00f3n electr\u00f3nica o un blog (de moda en el fidelismo) porque entonces se transforman en golpes publicitarios de un gobernador que est\u00e1 \u201ca la moda\u201d\u2026 [&hellip;]\" \/>\n<meta property=\"og:url\" content=\"https:\/\/lospoliticosveracruz.com\/?p=9959\" \/>\n<meta property=\"og:site_name\" content=\"Los pol\u00edticos Veracruz\" \/>\n<meta property=\"article:publisher\" content=\"https:\/\/www.facebook.com\/people\/Notimemes-de-los-Polticos\/61565672886568\/\" \/>\n<meta property=\"article:published_time\" content=\"2007-06-13T00:04:00+00:00\" \/>\n<meta property=\"article:modified_time\" content=\"2014-10-09T03:09:19+00:00\" \/>\n<meta property=\"og:image\" content=\"https:\/\/lospoliticosveracruz.com\/wp-content\/uploads\/2016\/07\/Logo-Dor.jpg\" \/>\n\t<meta property=\"og:image:width\" content=\"200\" \/>\n\t<meta property=\"og:image:height\" content=\"200\" \/>\n\t<meta property=\"og:image:type\" content=\"image\/jpeg\" \/>\n<meta name=\"author\" content=\"lospoladmin\" \/>\n<meta name=\"twitter:card\" content=\"summary_large_image\" \/>\n<meta name=\"twitter:creator\" content=\"@LosPoliticosVer\" \/>\n<meta name=\"twitter:site\" content=\"@LosPoliticosVer\" \/>\n<meta name=\"twitter:label1\" content=\"Escrito por\" \/>\n\t<meta name=\"twitter:data1\" content=\"lospoladmin\" \/>\n\t<meta name=\"twitter:label2\" content=\"Tiempo de lectura\" \/>\n\t<meta name=\"twitter:data2\" content=\"3 minutos\" \/>\n<script type=\"application\/ld+json\" class=\"yoast-schema-graph\">{\"@context\":\"https:\\\/\\\/schema.org\",\"@graph\":[{\"@type\":\"Article\",\"@id\":\"https:\\\/\\\/lospoliticosveracruz.com\\\/?p=9959#article\",\"isPartOf\":{\"@id\":\"https:\\\/\\\/lospoliticosveracruz.com\\\/?p=9959\"},\"author\":{\"name\":\"lospoladmin\",\"@id\":\"https:\\\/\\\/lospoliticosveracruz.com\\\/#\\\/schema\\\/person\\\/c5fee8df75ee4700bd7f8e92859bd696\"},\"headline\":\"Changarros educativos III o \u00a1checa tu mail, Fidel!\",\"datePublished\":\"2007-06-13T00:04:00+00:00\",\"dateModified\":\"2014-10-09T03:09:19+00:00\",\"mainEntityOfPage\":{\"@id\":\"https:\\\/\\\/lospoliticosveracruz.com\\\/?p=9959\"},\"wordCount\":651,\"commentCount\":0,\"publisher\":{\"@id\":\"https:\\\/\\\/lospoliticosveracruz.com\\\/#organization\"},\"inLanguage\":\"es\",\"potentialAction\":[{\"@type\":\"CommentAction\",\"name\":\"Comment\",\"target\":[\"https:\\\/\\\/lospoliticosveracruz.com\\\/?p=9959#respond\"]}]},{\"@type\":\"WebPage\",\"@id\":\"https:\\\/\\\/lospoliticosveracruz.com\\\/?p=9959\",\"url\":\"https:\\\/\\\/lospoliticosveracruz.com\\\/?p=9959\",\"name\":\"Changarros educativos III o \u00a1checa tu mail, Fidel! - Los pol\u00edticos Veracruz\",\"isPartOf\":{\"@id\":\"https:\\\/\\\/lospoliticosveracruz.com\\\/#website\"},\"datePublished\":\"2007-06-13T00:04:00+00:00\",\"dateModified\":\"2014-10-09T03:09:19+00:00\",\"breadcrumb\":{\"@id\":\"https:\\\/\\\/lospoliticosveracruz.com\\\/?p=9959#breadcrumb\"},\"inLanguage\":\"es\",\"potentialAction\":[{\"@type\":\"ReadAction\",\"target\":[\"https:\\\/\\\/lospoliticosveracruz.com\\\/?p=9959\"]}]},{\"@type\":\"BreadcrumbList\",\"@id\":\"https:\\\/\\\/lospoliticosveracruz.com\\\/?p=9959#breadcrumb\",\"itemListElement\":[{\"@type\":\"ListItem\",\"position\":1,\"name\":\"Portada\",\"item\":\"https:\\\/\\\/lospoliticosveracruz.com\\\/\"},{\"@type\":\"ListItem\",\"position\":2,\"name\":\"Changarros educativos III o \u00a1checa tu mail, Fidel!\"}]},{\"@type\":\"WebSite\",\"@id\":\"https:\\\/\\\/lospoliticosveracruz.com\\\/#website\",\"url\":\"https:\\\/\\\/lospoliticosveracruz.com\\\/\",\"name\":\"Los pol\u00edticos Veracruz\",\"description\":\"\",\"publisher\":{\"@id\":\"https:\\\/\\\/lospoliticosveracruz.com\\\/#organization\"},\"potentialAction\":[{\"@type\":\"SearchAction\",\"target\":{\"@type\":\"EntryPoint\",\"urlTemplate\":\"https:\\\/\\\/lospoliticosveracruz.com\\\/?s={search_term_string}\"},\"query-input\":{\"@type\":\"PropertyValueSpecification\",\"valueRequired\":true,\"valueName\":\"search_term_string\"}}],\"inLanguage\":\"es\"},{\"@type\":\"Organization\",\"@id\":\"https:\\\/\\\/lospoliticosveracruz.com\\\/#organization\",\"name\":\"Los pol\u00edticos Veracruz\",\"url\":\"https:\\\/\\\/lospoliticosveracruz.com\\\/\",\"logo\":{\"@type\":\"ImageObject\",\"inLanguage\":\"es\",\"@id\":\"https:\\\/\\\/lospoliticosveracruz.com\\\/#\\\/schema\\\/logo\\\/image\\\/\",\"url\":\"https:\\\/\\\/lospoliticosveracruz.com\\\/wp-content\\\/uploads\\\/2025\\\/12\\\/Logo-Nuevo-LOS-POLITICOS-1.jpg\",\"contentUrl\":\"https:\\\/\\\/lospoliticosveracruz.com\\\/wp-content\\\/uploads\\\/2025\\\/12\\\/Logo-Nuevo-LOS-POLITICOS-1.jpg\",\"width\":260,\"height\":70,\"caption\":\"Los pol\u00edticos Veracruz\"},\"image\":{\"@id\":\"https:\\\/\\\/lospoliticosveracruz.com\\\/#\\\/schema\\\/logo\\\/image\\\/\"},\"sameAs\":[\"https:\\\/\\\/www.facebook.com\\\/people\\\/Notimemes-de-los-Polticos\\\/61565672886568\\\/\",\"https:\\\/\\\/x.com\\\/LosPoliticosVer\"]},{\"@type\":\"Person\",\"@id\":\"https:\\\/\\\/lospoliticosveracruz.com\\\/#\\\/schema\\\/person\\\/c5fee8df75ee4700bd7f8e92859bd696\",\"name\":\"lospoladmin\",\"image\":{\"@type\":\"ImageObject\",\"inLanguage\":\"es\",\"@id\":\"https:\\\/\\\/secure.gravatar.com\\\/avatar\\\/f4a468785695515895c4d618820f242e33d3d72a0284244a0fad6d19795cb724?s=96&d=mm&r=g\",\"url\":\"https:\\\/\\\/secure.gravatar.com\\\/avatar\\\/f4a468785695515895c4d618820f242e33d3d72a0284244a0fad6d19795cb724?s=96&d=mm&r=g\",\"contentUrl\":\"https:\\\/\\\/secure.gravatar.com\\\/avatar\\\/f4a468785695515895c4d618820f242e33d3d72a0284244a0fad6d19795cb724?s=96&d=mm&r=g\",\"caption\":\"lospoladmin\"},\"url\":\"https:\\\/\\\/lospoliticosveracruz.com\\\/?author=1\"}]}<\/script>\n<!-- \/ Yoast SEO plugin. -->","yoast_head_json":{"title":"Changarros educativos III o \u00a1checa tu mail, Fidel! - Los pol\u00edticos Veracruz","robots":{"index":"index","follow":"follow","max-snippet":"max-snippet:-1","max-image-preview":"max-image-preview:large","max-video-preview":"max-video-preview:-1"},"canonical":"https:\/\/lospoliticosveracruz.com\/?p=9959","og_locale":"es_ES","og_type":"article","og_title":"Changarros educativos III o \u00a1checa tu mail, Fidel! - Los pol\u00edticos Veracruz","og_description":"Salvador Mu\u00f1oz Respuestas. La gente quiere respuestas. El silencio es ofensivo, lastima, ofende m\u00e1s cuando ese vac\u00edo lo provoca alguien que aboga fidelidad a los veracruzanos.No basta Puertas Abiertas, una direcci\u00f3n electr\u00f3nica o un blog (de moda en el fidelismo) porque entonces se transforman en golpes publicitarios de un gobernador que est\u00e1 \u201ca la moda\u201d\u2026 [&hellip;]","og_url":"https:\/\/lospoliticosveracruz.com\/?p=9959","og_site_name":"Los pol\u00edticos Veracruz","article_publisher":"https:\/\/www.facebook.com\/people\/Notimemes-de-los-Polticos\/61565672886568\/","article_published_time":"2007-06-13T00:04:00+00:00","article_modified_time":"2014-10-09T03:09:19+00:00","og_image":[{"width":200,"height":200,"url":"https:\/\/lospoliticosveracruz.com\/wp-content\/uploads\/2016\/07\/Logo-Dor.jpg","type":"image\/jpeg"}],"author":"lospoladmin","twitter_card":"summary_large_image","twitter_creator":"@LosPoliticosVer","twitter_site":"@LosPoliticosVer","twitter_misc":{"Escrito por":"lospoladmin","Tiempo de lectura":"3 minutos"},"schema":{"@context":"https:\/\/schema.org","@graph":[{"@type":"Article","@id":"https:\/\/lospoliticosveracruz.com\/?p=9959#article","isPartOf":{"@id":"https:\/\/lospoliticosveracruz.com\/?p=9959"},"author":{"name":"lospoladmin","@id":"https:\/\/lospoliticosveracruz.com\/#\/schema\/person\/c5fee8df75ee4700bd7f8e92859bd696"},"headline":"Changarros educativos III o \u00a1checa tu mail, Fidel!","datePublished":"2007-06-13T00:04:00+00:00","dateModified":"2014-10-09T03:09:19+00:00","mainEntityOfPage":{"@id":"https:\/\/lospoliticosveracruz.com\/?p=9959"},"wordCount":651,"commentCount":0,"publisher":{"@id":"https:\/\/lospoliticosveracruz.com\/#organization"},"inLanguage":"es","potentialAction":[{"@type":"CommentAction","name":"Comment","target":["https:\/\/lospoliticosveracruz.com\/?p=9959#respond"]}]},{"@type":"WebPage","@id":"https:\/\/lospoliticosveracruz.com\/?p=9959","url":"https:\/\/lospoliticosveracruz.com\/?p=9959","name":"Changarros educativos III o \u00a1checa tu mail, Fidel! - Los pol\u00edticos Veracruz","isPartOf":{"@id":"https:\/\/lospoliticosveracruz.com\/#website"},"datePublished":"2007-06-13T00:04:00+00:00","dateModified":"2014-10-09T03:09:19+00:00","breadcrumb":{"@id":"https:\/\/lospoliticosveracruz.com\/?p=9959#breadcrumb"},"inLanguage":"es","potentialAction":[{"@type":"ReadAction","target":["https:\/\/lospoliticosveracruz.com\/?p=9959"]}]},{"@type":"BreadcrumbList","@id":"https:\/\/lospoliticosveracruz.com\/?p=9959#breadcrumb","itemListElement":[{"@type":"ListItem","position":1,"name":"Portada","item":"https:\/\/lospoliticosveracruz.com\/"},{"@type":"ListItem","position":2,"name":"Changarros educativos III o \u00a1checa tu mail, Fidel!"}]},{"@type":"WebSite","@id":"https:\/\/lospoliticosveracruz.com\/#website","url":"https:\/\/lospoliticosveracruz.com\/","name":"Los pol\u00edticos Veracruz","description":"","publisher":{"@id":"https:\/\/lospoliticosveracruz.com\/#organization"},"potentialAction":[{"@type":"SearchAction","target":{"@type":"EntryPoint","urlTemplate":"https:\/\/lospoliticosveracruz.com\/?s={search_term_string}"},"query-input":{"@type":"PropertyValueSpecification","valueRequired":true,"valueName":"search_term_string"}}],"inLanguage":"es"},{"@type":"Organization","@id":"https:\/\/lospoliticosveracruz.com\/#organization","name":"Los pol\u00edticos Veracruz","url":"https:\/\/lospoliticosveracruz.com\/","logo":{"@type":"ImageObject","inLanguage":"es","@id":"https:\/\/lospoliticosveracruz.com\/#\/schema\/logo\/image\/","url":"https:\/\/lospoliticosveracruz.com\/wp-content\/uploads\/2025\/12\/Logo-Nuevo-LOS-POLITICOS-1.jpg","contentUrl":"https:\/\/lospoliticosveracruz.com\/wp-content\/uploads\/2025\/12\/Logo-Nuevo-LOS-POLITICOS-1.jpg","width":260,"height":70,"caption":"Los pol\u00edticos Veracruz"},"image":{"@id":"https:\/\/lospoliticosveracruz.com\/#\/schema\/logo\/image\/"},"sameAs":["https:\/\/www.facebook.com\/people\/Notimemes-de-los-Polticos\/61565672886568\/","https:\/\/x.com\/LosPoliticosVer"]},{"@type":"Person","@id":"https:\/\/lospoliticosveracruz.com\/#\/schema\/person\/c5fee8df75ee4700bd7f8e92859bd696","name":"lospoladmin","image":{"@type":"ImageObject","inLanguage":"es","@id":"https:\/\/secure.gravatar.com\/avatar\/f4a468785695515895c4d618820f242e33d3d72a0284244a0fad6d19795cb724?s=96&d=mm&r=g","url":"https:\/\/secure.gravatar.com\/avatar\/f4a468785695515895c4d618820f242e33d3d72a0284244a0fad6d19795cb724?s=96&d=mm&r=g","contentUrl":"https:\/\/secure.gravatar.com\/avatar\/f4a468785695515895c4d618820f242e33d3d72a0284244a0fad6d19795cb724?s=96&d=mm&r=g","caption":"lospoladmin"},"url":"https:\/\/lospoliticosveracruz.com\/?author=1"}]}},"_links":{"self":[{"href":"https:\/\/lospoliticosveracruz.com\/index.php?rest_route=\/wp\/v2\/posts\/9959","targetHints":{"allow":["GET"]}}],"collection":[{"href":"https:\/\/lospoliticosveracruz.com\/index.php?rest_route=\/wp\/v2\/posts"}],"about":[{"href":"https:\/\/lospoliticosveracruz.com\/index.php?rest_route=\/wp\/v2\/types\/post"}],"author":[{"embeddable":true,"href":"https:\/\/lospoliticosveracruz.com\/index.php?rest_route=\/wp\/v2\/users\/1"}],"replies":[{"embeddable":true,"href":"https:\/\/lospoliticosveracruz.com\/index.php?rest_route=%2Fwp%2Fv2%2Fcomments&post=9959"}],"version-history":[{"count":0,"href":"https:\/\/lospoliticosveracruz.com\/index.php?rest_route=\/wp\/v2\/posts\/9959\/revisions"}],"wp:attachment":[{"href":"https:\/\/lospoliticosveracruz.com\/index.php?rest_route=%2Fwp%2Fv2%2Fmedia&parent=9959"}],"wp:term":[{"taxonomy":"category","embeddable":true,"href":"https:\/\/lospoliticosveracruz.com\/index.php?rest_route=%2Fwp%2Fv2%2Fcategories&post=9959"},{"taxonomy":"post_tag","embeddable":true,"href":"https:\/\/lospoliticosveracruz.com\/index.php?rest_route=%2Fwp%2Fv2%2Ftags&post=9959"}],"curies":[{"name":"wp","href":"https:\/\/api.w.org\/{rel}","templated":true}]}}