{"id":99591,"date":"2022-12-06T07:53:11","date_gmt":"2022-12-06T13:53:11","guid":{"rendered":"https:\/\/lospoliticosveracruz.com.mx\/?p=99591"},"modified":"2022-12-06T07:53:18","modified_gmt":"2022-12-06T13:53:18","slug":"veracruz-con-un-buen-gobierno","status":"publish","type":"post","link":"https:\/\/lospoliticosveracruz.com\/?p=99591","title":{"rendered":"VERACRUZ, CON UN BUEN GOBIERNO"},"content":{"rendered":"\n<p><strong>Yair Ademar Dom\u00ednguez<\/strong><\/p>\n\n\n\n<p><em>Punto y Coma<\/em><\/p>\n\n\n\n<p>La campa\u00f1a medi\u00e1tica que un senador panista de la Rep\u00fablica ha emprendido contra el gobierno de la 4T en Veracruz har\u00e1 lo que el viento a Ju\u00e1rez. Lo dijo el presidente Andr\u00e9s Manuel L\u00f3pez Obrador el pasado viernes 02 de diciembre en el puerto de Veracruz, citando justamente al Benem\u00e9rito de las Am\u00e9ricas: \u201cEl triunfo de la reacci\u00f3n es moralmente imposible. No hacen m\u00e1s que denunciar y criticar y cuestionar, insultar, pero no hay imaginaci\u00f3n, no hay talento, como no tienen convicciones, porque para hacer pol\u00edtica se necesita tenerle amor al pueblo y ellos son simuladores, por eso no han podido y nos acusan de todo\u201d.<\/p>\n\n\n\n<figure class=\"wp-block-image size-full is-resized\"><a href=\"https:\/\/lospoliticosveracruz.com.mx\/wp-content\/uploads\/2022\/05\/Seguro-Julio-Cerecedo.jpg\"><img loading=\"lazy\" decoding=\"async\" src=\"https:\/\/lospoliticosveracruz.com.mx\/wp-content\/uploads\/2022\/05\/Seguro-Julio-Cerecedo.jpg\" alt=\"\" class=\"wp-image-90414\" width=\"431\" height=\"165\"\/><\/a><\/figure>\n\n\n\n<p>Y es que ante las cr\u00edticas que este legislador ha lanzado contra el gobierno de Veracruz, el mandatario nacional, por en\u00e9sima ocasi\u00f3n hizo un reconocimiento p\u00fablico al mandato del gobernador Cuitl\u00e1huac Garc\u00eda Jim\u00e9nez. \u201cEs excepcional, que est\u00e1 haciendo un gobierno ejemplar, sobre todo, lo subrayo, en lo que tiene que ver con la honestidad, porque nada da\u00f1aba m\u00e1s a Veracruz que la deshonestidad de sus gobernantes\u201d.&nbsp;<\/p>\n\n\n\n<p>Ah\u00ed record\u00f3 que la deshonestidad de los gobiernos en Veracruz \u201cera lo que daba al traste con todo, esa era la causa principal de la desigualdad social, de que se fueran los veracruzanos a buscarse la vida a las ciudades fronterizas o a Estados Unidos, siendo Veracruz un estado con un gran potencial, como una Rep\u00fablica, sin embargo, por los malos gobiernos era un estado rico con pueblo pobre\u201d.<\/p>\n\n\n\n<p>\u201cAhora no, ahora tienen un buen gobernador, un hombre honesto y eso ayuda mucho, un buen gobierno depende de la honestidad. Si el gobernador es honrado, si no permite la corrupci\u00f3n, el presupuesto alcanza, rinde. Si el gobernador es mediocre, ladr\u00f3n, el presupuesto nunca alcanza y nunca le llega a la gente. Nos da mucho gusto estar aqu\u00ed\u201d, expuso de manera enf\u00e1tica.<\/p>\n\n\n\n<p>A los conservadores veracruzanos y a los conservadores de todo el pa\u00eds, el jefe de las instituciones del pa\u00eds todav\u00eda les recomend\u00f3 revisar su estrategia para entender por qu\u00e9 fracasan. \u201cPrimero, porque para ellos no existe el pueblo, menosprecian al pueblo, no le tienen amor al pueblo. Para ellos, la pol\u00edtica es asunto de los pol\u00edticos, la clase pol\u00edtica, el c\u00edrculo rojo, la c\u00fapula. Eso ya cambi\u00f3, ahora la pol\u00edtica es asunto de todos. Hay que entender una nueva realidad que se est\u00e1 viviendo en el pa\u00eds\u201d.<\/p>\n\n\n\n<p>Esa es la gran diferencia entre la lucha que los conservadores han emprendido para conservar el poder que perdieron y la estrategia del presidente y de los gobiernos de la Cuarta Transformaci\u00f3n. Aqu\u00ed, como lo hemos se\u00f1alado en m\u00faltiples ocasiones, el principio, el camino, el punto de partida y de llegada es la gente de nuestro pueblo, los hombres y las mujeres, los ni\u00f1os y las ni\u00f1as. Si un gobierno no piensa en la gente tarde o temprano ir\u00e1 al fracaso.<\/p>\n\n\n\n<p>*Encuesta, para selecci\u00f3n de candidatos*<\/p>\n\n\n\n<p>Otro punto interesante que aclar\u00f3 en Veracruz el mandatario mexicano fue el de la selecci\u00f3n de candidatos a gubernaturas. Reiter\u00f3 que el m\u00e9todo ser\u00e1 el de las encuestas y coment\u00f3 que sin abandonar sus funciones, los que sienten que tienen posibilidades pues ya empezaron a sonre\u00edr m\u00e1s, porque va a llegar la encuesta y entonces el que gane la encuesta pues ese va a ser.<\/p>\n\n\n\n<p>\u201cYo no me voy a meter, refrend\u00f3 enf\u00e1tico, pero s\u00ed voy a apoyar al que gane la encuesta, es decir, al que el pueblo elija con este m\u00e9todo, a ese voy a apoyar, mujer u hombre. Y estoy seguro que todos los que participen o los que est\u00e1n participando est\u00e1n conformes con ese m\u00e9todo, porque no hay favoritismo\u201d.<\/p>\n\n\n\n<p>\u201cLos que est\u00e1n para ser candidatos de nuestro movimiento son de primera. Me siento yo muy contento, muy satisfecho. No son iguales, porque pues cada quien tiene su personalidad, su criterio, su formaci\u00f3n, pero son gentes con mucha experiencia. Ser\u00eda lamentable que despu\u00e9s de iniciar un proceso de transformaci\u00f3n no tuvi\u00e9semos relevo, pero a nosotros ahora s\u00ed que nos sobra capacidad. En el caso de Veracruz pues es lo mismo, es el m\u00e9todo, se tiene que hacer una encuesta y van a ser los veracruzanos los que van a decidir\u201d, refrend\u00f3.<\/p>\n\n\n\n<p>As\u00ed van las cosas en Veracruz, con un buen gobierno y con buenas proyecciones para el futuro inmediato.&nbsp;<\/p>\n\n\n\n<p>Comentarios: Facebook Yair Ademar Dominguez&nbsp;&nbsp;Twitter @YairAdemar<\/p>\n","protected":false},"excerpt":{"rendered":"<p>Yair Ademar Dom\u00ednguez Punto y Coma La campa\u00f1a medi\u00e1tica que un senador panista de la Rep\u00fablica ha emprendido contra el gobierno de la 4T en Veracruz har\u00e1 lo que el viento a Ju\u00e1rez. Lo dijo el presidente Andr\u00e9s Manuel L\u00f3pez Obrador el pasado viernes 02 de diciembre en el puerto de Veracruz, citando justamente al [&hellip;]<\/p>\n","protected":false},"author":2,"featured_media":0,"comment_status":"closed","ping_status":"closed","sticky":false,"template":"","format":"standard","meta":{"tdm_status":"","tdm_grid_status":"","footnotes":""},"categories":[70],"tags":[618,1563,1026,195,20652],"class_list":{"0":"post-99591","1":"post","2":"type-post","3":"status-publish","4":"format-standard","6":"category-de-opinion","7":"tag-andres-manuel-lopez-obrador","8":"tag-cuitlahuac-garcia-jimenez","9":"tag-morena","10":"tag-veracruz","11":"tag-yair-ademar-dominguez"},"yoast_head":"<!-- This site is optimized with the Yoast SEO plugin v27.4 - https:\/\/yoast.com\/product\/yoast-seo-wordpress\/ -->\n<title>VERACRUZ, CON UN BUEN GOBIERNO - Los pol\u00edticos Veracruz<\/title>\n<meta name=\"robots\" content=\"index, follow, max-snippet:-1, max-image-preview:large, max-video-preview:-1\" \/>\n<link rel=\"canonical\" href=\"https:\/\/lospoliticosveracruz.com\/?p=99591\" \/>\n<meta property=\"og:locale\" content=\"es_ES\" \/>\n<meta property=\"og:type\" content=\"article\" \/>\n<meta property=\"og:title\" content=\"VERACRUZ, CON UN BUEN GOBIERNO - Los pol\u00edticos Veracruz\" \/>\n<meta property=\"og:description\" content=\"Yair Ademar Dom\u00ednguez Punto y Coma La campa\u00f1a medi\u00e1tica que un senador panista de la Rep\u00fablica ha emprendido contra el gobierno de la 4T en Veracruz har\u00e1 lo que el viento a Ju\u00e1rez. Lo dijo el presidente Andr\u00e9s Manuel L\u00f3pez Obrador el pasado viernes 02 de diciembre en el puerto de Veracruz, citando justamente al [&hellip;]\" \/>\n<meta property=\"og:url\" content=\"https:\/\/lospoliticosveracruz.com\/?p=99591\" \/>\n<meta property=\"og:site_name\" content=\"Los pol\u00edticos Veracruz\" \/>\n<meta property=\"article:publisher\" content=\"https:\/\/www.facebook.com\/people\/Notimemes-de-los-Polticos\/61565672886568\/\" \/>\n<meta property=\"article:published_time\" content=\"2022-12-06T13:53:11+00:00\" \/>\n<meta property=\"article:modified_time\" content=\"2022-12-06T13:53:18+00:00\" \/>\n<meta property=\"og:image\" content=\"https:\/\/lospoliticosveracruz.com.mx\/wp-content\/uploads\/2022\/05\/Seguro-Julio-Cerecedo.jpg\" \/>\n<meta name=\"author\" content=\"Lo viste en Los Pol\u00edticos\" \/>\n<meta name=\"twitter:card\" content=\"summary_large_image\" \/>\n<meta name=\"twitter:creator\" content=\"@LosPoliticosVer\" \/>\n<meta name=\"twitter:site\" content=\"@LosPoliticosVer\" \/>\n<meta name=\"twitter:label1\" content=\"Escrito por\" \/>\n\t<meta name=\"twitter:data1\" content=\"Lo viste en Los Pol\u00edticos\" \/>\n\t<meta name=\"twitter:label2\" content=\"Tiempo de lectura\" \/>\n\t<meta name=\"twitter:data2\" content=\"4 minutos\" \/>\n<script type=\"application\/ld+json\" class=\"yoast-schema-graph\">{\"@context\":\"https:\\\/\\\/schema.org\",\"@graph\":[{\"@type\":\"Article\",\"@id\":\"https:\\\/\\\/lospoliticosveracruz.com\\\/?p=99591#article\",\"isPartOf\":{\"@id\":\"https:\\\/\\\/lospoliticosveracruz.com\\\/?p=99591\"},\"author\":{\"name\":\"Lo viste en Los Pol\u00edticos\",\"@id\":\"https:\\\/\\\/lospoliticosveracruz.com\\\/#\\\/schema\\\/person\\\/b8702bb0e538456e6efd07080bf2a4a2\"},\"headline\":\"VERACRUZ, CON UN BUEN GOBIERNO\",\"datePublished\":\"2022-12-06T13:53:11+00:00\",\"dateModified\":\"2022-12-06T13:53:18+00:00\",\"mainEntityOfPage\":{\"@id\":\"https:\\\/\\\/lospoliticosveracruz.com\\\/?p=99591\"},\"wordCount\":787,\"publisher\":{\"@id\":\"https:\\\/\\\/lospoliticosveracruz.com\\\/#organization\"},\"image\":{\"@id\":\"https:\\\/\\\/lospoliticosveracruz.com\\\/?p=99591#primaryimage\"},\"thumbnailUrl\":\"https:\\\/\\\/lospoliticosveracruz.com.mx\\\/wp-content\\\/uploads\\\/2022\\\/05\\\/Seguro-Julio-Cerecedo.jpg\",\"keywords\":[\"Andr\u00e9s Manuel L\u00f3pez Obrador\",\"Cuitl\u00e1huac Garc\u00eda Jim\u00e9nez\",\"Morena\",\"Veracruz\",\"Yair Ademar Dom\u00ednguez\"],\"articleSection\":[\"De Opini\u00f3n\"],\"inLanguage\":\"es\"},{\"@type\":\"WebPage\",\"@id\":\"https:\\\/\\\/lospoliticosveracruz.com\\\/?p=99591\",\"url\":\"https:\\\/\\\/lospoliticosveracruz.com\\\/?p=99591\",\"name\":\"VERACRUZ, CON UN BUEN GOBIERNO - Los pol\u00edticos Veracruz\",\"isPartOf\":{\"@id\":\"https:\\\/\\\/lospoliticosveracruz.com\\\/#website\"},\"primaryImageOfPage\":{\"@id\":\"https:\\\/\\\/lospoliticosveracruz.com\\\/?p=99591#primaryimage\"},\"image\":{\"@id\":\"https:\\\/\\\/lospoliticosveracruz.com\\\/?p=99591#primaryimage\"},\"thumbnailUrl\":\"https:\\\/\\\/lospoliticosveracruz.com.mx\\\/wp-content\\\/uploads\\\/2022\\\/05\\\/Seguro-Julio-Cerecedo.jpg\",\"datePublished\":\"2022-12-06T13:53:11+00:00\",\"dateModified\":\"2022-12-06T13:53:18+00:00\",\"breadcrumb\":{\"@id\":\"https:\\\/\\\/lospoliticosveracruz.com\\\/?p=99591#breadcrumb\"},\"inLanguage\":\"es\",\"potentialAction\":[{\"@type\":\"ReadAction\",\"target\":[\"https:\\\/\\\/lospoliticosveracruz.com\\\/?p=99591\"]}]},{\"@type\":\"ImageObject\",\"inLanguage\":\"es\",\"@id\":\"https:\\\/\\\/lospoliticosveracruz.com\\\/?p=99591#primaryimage\",\"url\":\"https:\\\/\\\/lospoliticosveracruz.com.mx\\\/wp-content\\\/uploads\\\/2022\\\/05\\\/Seguro-Julio-Cerecedo.jpg\",\"contentUrl\":\"https:\\\/\\\/lospoliticosveracruz.com.mx\\\/wp-content\\\/uploads\\\/2022\\\/05\\\/Seguro-Julio-Cerecedo.jpg\"},{\"@type\":\"BreadcrumbList\",\"@id\":\"https:\\\/\\\/lospoliticosveracruz.com\\\/?p=99591#breadcrumb\",\"itemListElement\":[{\"@type\":\"ListItem\",\"position\":1,\"name\":\"Portada\",\"item\":\"https:\\\/\\\/lospoliticosveracruz.com\\\/\"},{\"@type\":\"ListItem\",\"position\":2,\"name\":\"VERACRUZ, CON UN BUEN GOBIERNO\"}]},{\"@type\":\"WebSite\",\"@id\":\"https:\\\/\\\/lospoliticosveracruz.com\\\/#website\",\"url\":\"https:\\\/\\\/lospoliticosveracruz.com\\\/\",\"name\":\"Los pol\u00edticos Veracruz\",\"description\":\"\",\"publisher\":{\"@id\":\"https:\\\/\\\/lospoliticosveracruz.com\\\/#organization\"},\"potentialAction\":[{\"@type\":\"SearchAction\",\"target\":{\"@type\":\"EntryPoint\",\"urlTemplate\":\"https:\\\/\\\/lospoliticosveracruz.com\\\/?s={search_term_string}\"},\"query-input\":{\"@type\":\"PropertyValueSpecification\",\"valueRequired\":true,\"valueName\":\"search_term_string\"}}],\"inLanguage\":\"es\"},{\"@type\":\"Organization\",\"@id\":\"https:\\\/\\\/lospoliticosveracruz.com\\\/#organization\",\"name\":\"Los pol\u00edticos Veracruz\",\"url\":\"https:\\\/\\\/lospoliticosveracruz.com\\\/\",\"logo\":{\"@type\":\"ImageObject\",\"inLanguage\":\"es\",\"@id\":\"https:\\\/\\\/lospoliticosveracruz.com\\\/#\\\/schema\\\/logo\\\/image\\\/\",\"url\":\"https:\\\/\\\/lospoliticosveracruz.com\\\/wp-content\\\/uploads\\\/2025\\\/12\\\/Logo-Nuevo-LOS-POLITICOS-1.jpg\",\"contentUrl\":\"https:\\\/\\\/lospoliticosveracruz.com\\\/wp-content\\\/uploads\\\/2025\\\/12\\\/Logo-Nuevo-LOS-POLITICOS-1.jpg\",\"width\":260,\"height\":70,\"caption\":\"Los pol\u00edticos Veracruz\"},\"image\":{\"@id\":\"https:\\\/\\\/lospoliticosveracruz.com\\\/#\\\/schema\\\/logo\\\/image\\\/\"},\"sameAs\":[\"https:\\\/\\\/www.facebook.com\\\/people\\\/Notimemes-de-los-Polticos\\\/61565672886568\\\/\",\"https:\\\/\\\/x.com\\\/LosPoliticosVer\"]},{\"@type\":\"Person\",\"@id\":\"https:\\\/\\\/lospoliticosveracruz.com\\\/#\\\/schema\\\/person\\\/b8702bb0e538456e6efd07080bf2a4a2\",\"name\":\"Lo viste en Los Pol\u00edticos\",\"image\":{\"@type\":\"ImageObject\",\"inLanguage\":\"es\",\"@id\":\"https:\\\/\\\/secure.gravatar.com\\\/avatar\\\/3a8de04a2656d44082be478bd6c086daa447c4651605818287b9532d3d0bd435?s=96&d=mm&r=g\",\"url\":\"https:\\\/\\\/secure.gravatar.com\\\/avatar\\\/3a8de04a2656d44082be478bd6c086daa447c4651605818287b9532d3d0bd435?s=96&d=mm&r=g\",\"contentUrl\":\"https:\\\/\\\/secure.gravatar.com\\\/avatar\\\/3a8de04a2656d44082be478bd6c086daa447c4651605818287b9532d3d0bd435?s=96&d=mm&r=g\",\"caption\":\"Lo viste en Los Pol\u00edticos\"},\"url\":\"https:\\\/\\\/lospoliticosveracruz.com\\\/?author=2\"}]}<\/script>\n<!-- \/ Yoast SEO plugin. -->","yoast_head_json":{"title":"VERACRUZ, CON UN BUEN GOBIERNO - Los pol\u00edticos Veracruz","robots":{"index":"index","follow":"follow","max-snippet":"max-snippet:-1","max-image-preview":"max-image-preview:large","max-video-preview":"max-video-preview:-1"},"canonical":"https:\/\/lospoliticosveracruz.com\/?p=99591","og_locale":"es_ES","og_type":"article","og_title":"VERACRUZ, CON UN BUEN GOBIERNO - Los pol\u00edticos Veracruz","og_description":"Yair Ademar Dom\u00ednguez Punto y Coma La campa\u00f1a medi\u00e1tica que un senador panista de la Rep\u00fablica ha emprendido contra el gobierno de la 4T en Veracruz har\u00e1 lo que el viento a Ju\u00e1rez. Lo dijo el presidente Andr\u00e9s Manuel L\u00f3pez Obrador el pasado viernes 02 de diciembre en el puerto de Veracruz, citando justamente al [&hellip;]","og_url":"https:\/\/lospoliticosveracruz.com\/?p=99591","og_site_name":"Los pol\u00edticos Veracruz","article_publisher":"https:\/\/www.facebook.com\/people\/Notimemes-de-los-Polticos\/61565672886568\/","article_published_time":"2022-12-06T13:53:11+00:00","article_modified_time":"2022-12-06T13:53:18+00:00","og_image":[{"url":"https:\/\/lospoliticosveracruz.com.mx\/wp-content\/uploads\/2022\/05\/Seguro-Julio-Cerecedo.jpg","type":"","width":"","height":""}],"author":"Lo viste en Los Pol\u00edticos","twitter_card":"summary_large_image","twitter_creator":"@LosPoliticosVer","twitter_site":"@LosPoliticosVer","twitter_misc":{"Escrito por":"Lo viste en Los Pol\u00edticos","Tiempo de lectura":"4 minutos"},"schema":{"@context":"https:\/\/schema.org","@graph":[{"@type":"Article","@id":"https:\/\/lospoliticosveracruz.com\/?p=99591#article","isPartOf":{"@id":"https:\/\/lospoliticosveracruz.com\/?p=99591"},"author":{"name":"Lo viste en Los Pol\u00edticos","@id":"https:\/\/lospoliticosveracruz.com\/#\/schema\/person\/b8702bb0e538456e6efd07080bf2a4a2"},"headline":"VERACRUZ, CON UN BUEN GOBIERNO","datePublished":"2022-12-06T13:53:11+00:00","dateModified":"2022-12-06T13:53:18+00:00","mainEntityOfPage":{"@id":"https:\/\/lospoliticosveracruz.com\/?p=99591"},"wordCount":787,"publisher":{"@id":"https:\/\/lospoliticosveracruz.com\/#organization"},"image":{"@id":"https:\/\/lospoliticosveracruz.com\/?p=99591#primaryimage"},"thumbnailUrl":"https:\/\/lospoliticosveracruz.com.mx\/wp-content\/uploads\/2022\/05\/Seguro-Julio-Cerecedo.jpg","keywords":["Andr\u00e9s Manuel L\u00f3pez Obrador","Cuitl\u00e1huac Garc\u00eda Jim\u00e9nez","Morena","Veracruz","Yair Ademar Dom\u00ednguez"],"articleSection":["De Opini\u00f3n"],"inLanguage":"es"},{"@type":"WebPage","@id":"https:\/\/lospoliticosveracruz.com\/?p=99591","url":"https:\/\/lospoliticosveracruz.com\/?p=99591","name":"VERACRUZ, CON UN BUEN GOBIERNO - Los pol\u00edticos Veracruz","isPartOf":{"@id":"https:\/\/lospoliticosveracruz.com\/#website"},"primaryImageOfPage":{"@id":"https:\/\/lospoliticosveracruz.com\/?p=99591#primaryimage"},"image":{"@id":"https:\/\/lospoliticosveracruz.com\/?p=99591#primaryimage"},"thumbnailUrl":"https:\/\/lospoliticosveracruz.com.mx\/wp-content\/uploads\/2022\/05\/Seguro-Julio-Cerecedo.jpg","datePublished":"2022-12-06T13:53:11+00:00","dateModified":"2022-12-06T13:53:18+00:00","breadcrumb":{"@id":"https:\/\/lospoliticosveracruz.com\/?p=99591#breadcrumb"},"inLanguage":"es","potentialAction":[{"@type":"ReadAction","target":["https:\/\/lospoliticosveracruz.com\/?p=99591"]}]},{"@type":"ImageObject","inLanguage":"es","@id":"https:\/\/lospoliticosveracruz.com\/?p=99591#primaryimage","url":"https:\/\/lospoliticosveracruz.com.mx\/wp-content\/uploads\/2022\/05\/Seguro-Julio-Cerecedo.jpg","contentUrl":"https:\/\/lospoliticosveracruz.com.mx\/wp-content\/uploads\/2022\/05\/Seguro-Julio-Cerecedo.jpg"},{"@type":"BreadcrumbList","@id":"https:\/\/lospoliticosveracruz.com\/?p=99591#breadcrumb","itemListElement":[{"@type":"ListItem","position":1,"name":"Portada","item":"https:\/\/lospoliticosveracruz.com\/"},{"@type":"ListItem","position":2,"name":"VERACRUZ, CON UN BUEN GOBIERNO"}]},{"@type":"WebSite","@id":"https:\/\/lospoliticosveracruz.com\/#website","url":"https:\/\/lospoliticosveracruz.com\/","name":"Los pol\u00edticos Veracruz","description":"","publisher":{"@id":"https:\/\/lospoliticosveracruz.com\/#organization"},"potentialAction":[{"@type":"SearchAction","target":{"@type":"EntryPoint","urlTemplate":"https:\/\/lospoliticosveracruz.com\/?s={search_term_string}"},"query-input":{"@type":"PropertyValueSpecification","valueRequired":true,"valueName":"search_term_string"}}],"inLanguage":"es"},{"@type":"Organization","@id":"https:\/\/lospoliticosveracruz.com\/#organization","name":"Los pol\u00edticos Veracruz","url":"https:\/\/lospoliticosveracruz.com\/","logo":{"@type":"ImageObject","inLanguage":"es","@id":"https:\/\/lospoliticosveracruz.com\/#\/schema\/logo\/image\/","url":"https:\/\/lospoliticosveracruz.com\/wp-content\/uploads\/2025\/12\/Logo-Nuevo-LOS-POLITICOS-1.jpg","contentUrl":"https:\/\/lospoliticosveracruz.com\/wp-content\/uploads\/2025\/12\/Logo-Nuevo-LOS-POLITICOS-1.jpg","width":260,"height":70,"caption":"Los pol\u00edticos Veracruz"},"image":{"@id":"https:\/\/lospoliticosveracruz.com\/#\/schema\/logo\/image\/"},"sameAs":["https:\/\/www.facebook.com\/people\/Notimemes-de-los-Polticos\/61565672886568\/","https:\/\/x.com\/LosPoliticosVer"]},{"@type":"Person","@id":"https:\/\/lospoliticosveracruz.com\/#\/schema\/person\/b8702bb0e538456e6efd07080bf2a4a2","name":"Lo viste en Los Pol\u00edticos","image":{"@type":"ImageObject","inLanguage":"es","@id":"https:\/\/secure.gravatar.com\/avatar\/3a8de04a2656d44082be478bd6c086daa447c4651605818287b9532d3d0bd435?s=96&d=mm&r=g","url":"https:\/\/secure.gravatar.com\/avatar\/3a8de04a2656d44082be478bd6c086daa447c4651605818287b9532d3d0bd435?s=96&d=mm&r=g","contentUrl":"https:\/\/secure.gravatar.com\/avatar\/3a8de04a2656d44082be478bd6c086daa447c4651605818287b9532d3d0bd435?s=96&d=mm&r=g","caption":"Lo viste en Los Pol\u00edticos"},"url":"https:\/\/lospoliticosveracruz.com\/?author=2"}]}},"_links":{"self":[{"href":"https:\/\/lospoliticosveracruz.com\/index.php?rest_route=\/wp\/v2\/posts\/99591","targetHints":{"allow":["GET"]}}],"collection":[{"href":"https:\/\/lospoliticosveracruz.com\/index.php?rest_route=\/wp\/v2\/posts"}],"about":[{"href":"https:\/\/lospoliticosveracruz.com\/index.php?rest_route=\/wp\/v2\/types\/post"}],"author":[{"embeddable":true,"href":"https:\/\/lospoliticosveracruz.com\/index.php?rest_route=\/wp\/v2\/users\/2"}],"replies":[{"embeddable":true,"href":"https:\/\/lospoliticosveracruz.com\/index.php?rest_route=%2Fwp%2Fv2%2Fcomments&post=99591"}],"version-history":[{"count":1,"href":"https:\/\/lospoliticosveracruz.com\/index.php?rest_route=\/wp\/v2\/posts\/99591\/revisions"}],"predecessor-version":[{"id":99592,"href":"https:\/\/lospoliticosveracruz.com\/index.php?rest_route=\/wp\/v2\/posts\/99591\/revisions\/99592"}],"wp:attachment":[{"href":"https:\/\/lospoliticosveracruz.com\/index.php?rest_route=%2Fwp%2Fv2%2Fmedia&parent=99591"}],"wp:term":[{"taxonomy":"category","embeddable":true,"href":"https:\/\/lospoliticosveracruz.com\/index.php?rest_route=%2Fwp%2Fv2%2Fcategories&post=99591"},{"taxonomy":"post_tag","embeddable":true,"href":"https:\/\/lospoliticosveracruz.com\/index.php?rest_route=%2Fwp%2Fv2%2Ftags&post=99591"}],"curies":[{"name":"wp","href":"https:\/\/api.w.org\/{rel}","templated":true}]}}