{"id":99594,"date":"2022-12-06T08:20:55","date_gmt":"2022-12-06T14:20:55","guid":{"rendered":"https:\/\/lospoliticosveracruz.com.mx\/?p=99594"},"modified":"2022-12-06T08:21:09","modified_gmt":"2022-12-06T14:21:09","slug":"gustavo-cadena-y-el-tsj","status":"publish","type":"post","link":"https:\/\/lospoliticosveracruz.com\/?p=99594","title":{"rendered":"GUSTAVO CADENA Y EL TSJ"},"content":{"rendered":"\n<p><strong>Sergio Gonz\u00e1lez Levet<br><\/strong><em>Sin tacto<\/em><\/p>\n\n\n\n<p>Gustavo Cadena Mathey es uno de los reporteros m\u00e1s reconocidos de Veracruz. Con una carrera de casi 50 a\u00f1os, su trabajo period\u00edstico es parte del abolengo de la comunicaci\u00f3n jarocha.<br>Pero Gustavo Cadena tambi\u00e9n ha sido un dedicado trabajador al servicio del Tribunal Superior de Justicia, en donde por muchos y fecundos a\u00f1os desempe\u00f1\u00f3 labores de prensa y asesor\u00eda.<br>Y resulta que el maestro Cadena Mathey fue v\u00edctima de una injusticia.<br>Dejo que lo cuente \u00e9l mismo con la claridad que es su blas\u00f3n:<br>\u00abApenas llegado a la Presidencia del Tribunal, Edel \u00c1lvarez Pe\u00f1a me despidi\u00f3 arbitrariamente en febrero de 2017, y por eso demand\u00e9 en marzo de ese a\u00f1o. Es la mayor injusticia que se haya cometido porque tambi\u00e9n despidi\u00f3 al poco tiempo a otro empleado del \u00e1rea de prensa, Manuel Antonio Santiago, que llevaba m\u00e1s de 20 a\u00f1os en la instituci\u00f3n y tambi\u00e9n demand\u00f3, aunque todav\u00eda no le resuelven.<br>\u00abMi laudo se resolvi\u00f3 en 2019. Ya me iba a reinstalar la Magistrada Presidenta Sof\u00eda Martinez Huerta, pero se muri\u00f3, seguramente a consecuencia de lo que padeci\u00f3. Desde entonces llevo tres audiencias de reinstalaci\u00f3n y no han querido resolver.<br>Yo llevaba m\u00e1s de seis a\u00f1os en ese poder y ten\u00eda base.\u00bb<br>Gustavo tambi\u00e9n me muestra lo que se resolvi\u00f3 a su favor en el juicio laboral:<br>\u00abSe condena a la demandada (Consejo de la Judicatura del Poder Judicial del Estado de Veracruz) a reinstalar al actor (\u00c1ngel Gustavo Cadena Mathey) con la categor\u00eda de Secretario &#8216;I&#8217; adscrito al \u00e1rea de Comunicaci\u00f3n Social\u00bb.<br>Y pues resulta que tres a\u00f1os despu\u00e9s, el TSJ no ha cumplido la orden de la corte federal.<br>Cadena Mathey tiene confianza en que con el cambio de la titular finalmente se resuelva su caso y sea reinstalado:<br>\u00abMe dicen que la nueva Presidenta, la maestra Lisbeth Aurelia Jim\u00e9nez Aguirre, sabe escuchar y s\u00ed conoce de leyes.<br>\u00abYo tratar\u00e9 de hablar con ella antes de irme al amparo. Incluso, a ella misma le ayudar\u00eda que yo le apoye digamos en relaciones p\u00fablicas o algo as\u00ed y resolverme le cae como anillo al dedo, modestia aparte.<br>\u00abLa verdad a Edel le estar\u00e1 cayendo la desgracia porque a muchos nos ha causado da\u00f1os irreparables que la justicia divina le estar\u00e1 cobrando, porque la de aqu\u00ed se duda.\u00bb<br>Buen tanto inicial se anotar\u00eda do\u00f1a Lisbeth, la flamante titular del TSJ, al tomar una acci\u00f3n que finalmente le d\u00e9 a Gustavo Cadena la justicia que merece.<br>Ac\u00e1 estaremos pendientes.<\/p>\n\n\n\n<p>sglevet@gmail.com<\/p>\n\n\n\n<p>sglevet@gmail.com<\/p>\n","protected":false},"excerpt":{"rendered":"<p>Sergio Gonz\u00e1lez LevetSin tacto Gustavo Cadena Mathey es uno de los reporteros m\u00e1s reconocidos de Veracruz. Con una carrera de casi 50 a\u00f1os, su trabajo period\u00edstico es parte del abolengo de la comunicaci\u00f3n jarocha.Pero Gustavo Cadena tambi\u00e9n ha sido un dedicado trabajador al servicio del Tribunal Superior de Justicia, en donde por muchos y fecundos [&hellip;]<\/p>\n","protected":false},"author":2,"featured_media":0,"comment_status":"closed","ping_status":"closed","sticky":false,"template":"","format":"standard","meta":{"tdm_status":"","tdm_grid_status":"","footnotes":""},"categories":[70],"tags":[18574,1282],"class_list":{"0":"post-99594","1":"post","2":"type-post","3":"status-publish","4":"format-standard","6":"category-de-opinion","7":"tag-manuel-antonio-santiago","8":"tag-sergio-gonzalez-levet"},"yoast_head":"<!-- This site is optimized with the Yoast SEO plugin v27.4 - https:\/\/yoast.com\/product\/yoast-seo-wordpress\/ -->\n<title>GUSTAVO CADENA Y EL TSJ - Los pol\u00edticos Veracruz<\/title>\n<meta name=\"robots\" content=\"index, follow, max-snippet:-1, max-image-preview:large, max-video-preview:-1\" \/>\n<link rel=\"canonical\" href=\"https:\/\/lospoliticosveracruz.com\/?p=99594\" \/>\n<meta property=\"og:locale\" content=\"es_ES\" \/>\n<meta property=\"og:type\" content=\"article\" \/>\n<meta property=\"og:title\" content=\"GUSTAVO CADENA Y EL TSJ - Los pol\u00edticos Veracruz\" \/>\n<meta property=\"og:description\" content=\"Sergio Gonz\u00e1lez LevetSin tacto Gustavo Cadena Mathey es uno de los reporteros m\u00e1s reconocidos de Veracruz. Con una carrera de casi 50 a\u00f1os, su trabajo period\u00edstico es parte del abolengo de la comunicaci\u00f3n jarocha.Pero Gustavo Cadena tambi\u00e9n ha sido un dedicado trabajador al servicio del Tribunal Superior de Justicia, en donde por muchos y fecundos [&hellip;]\" \/>\n<meta property=\"og:url\" content=\"https:\/\/lospoliticosveracruz.com\/?p=99594\" \/>\n<meta property=\"og:site_name\" content=\"Los pol\u00edticos Veracruz\" \/>\n<meta property=\"article:publisher\" content=\"https:\/\/www.facebook.com\/people\/Notimemes-de-los-Polticos\/61565672886568\/\" \/>\n<meta property=\"article:published_time\" content=\"2022-12-06T14:20:55+00:00\" \/>\n<meta property=\"article:modified_time\" content=\"2022-12-06T14:21:09+00:00\" \/>\n<meta property=\"og:image\" content=\"https:\/\/lospoliticosveracruz.com\/wp-content\/uploads\/2016\/07\/Logo-Dor.jpg\" \/>\n\t<meta property=\"og:image:width\" content=\"200\" \/>\n\t<meta property=\"og:image:height\" content=\"200\" \/>\n\t<meta property=\"og:image:type\" content=\"image\/jpeg\" \/>\n<meta name=\"author\" content=\"Lo viste en Los Pol\u00edticos\" \/>\n<meta name=\"twitter:card\" content=\"summary_large_image\" \/>\n<meta name=\"twitter:creator\" content=\"@LosPoliticosVer\" \/>\n<meta name=\"twitter:site\" content=\"@LosPoliticosVer\" \/>\n<meta name=\"twitter:label1\" content=\"Escrito por\" \/>\n\t<meta name=\"twitter:data1\" content=\"Lo viste en Los Pol\u00edticos\" \/>\n\t<meta name=\"twitter:label2\" content=\"Tiempo de lectura\" \/>\n\t<meta name=\"twitter:data2\" content=\"2 minutos\" \/>\n<script type=\"application\/ld+json\" class=\"yoast-schema-graph\">{\"@context\":\"https:\\\/\\\/schema.org\",\"@graph\":[{\"@type\":\"Article\",\"@id\":\"https:\\\/\\\/lospoliticosveracruz.com\\\/?p=99594#article\",\"isPartOf\":{\"@id\":\"https:\\\/\\\/lospoliticosveracruz.com\\\/?p=99594\"},\"author\":{\"name\":\"Lo viste en Los Pol\u00edticos\",\"@id\":\"https:\\\/\\\/lospoliticosveracruz.com\\\/#\\\/schema\\\/person\\\/b8702bb0e538456e6efd07080bf2a4a2\"},\"headline\":\"GUSTAVO CADENA Y EL TSJ\",\"datePublished\":\"2022-12-06T14:20:55+00:00\",\"dateModified\":\"2022-12-06T14:21:09+00:00\",\"mainEntityOfPage\":{\"@id\":\"https:\\\/\\\/lospoliticosveracruz.com\\\/?p=99594\"},\"wordCount\":455,\"publisher\":{\"@id\":\"https:\\\/\\\/lospoliticosveracruz.com\\\/#organization\"},\"keywords\":[\"Manuel Antonio Santiago\",\"Sergio Gonz\u00e1lez Levet\"],\"articleSection\":[\"De Opini\u00f3n\"],\"inLanguage\":\"es\"},{\"@type\":\"WebPage\",\"@id\":\"https:\\\/\\\/lospoliticosveracruz.com\\\/?p=99594\",\"url\":\"https:\\\/\\\/lospoliticosveracruz.com\\\/?p=99594\",\"name\":\"GUSTAVO CADENA Y EL TSJ - Los pol\u00edticos Veracruz\",\"isPartOf\":{\"@id\":\"https:\\\/\\\/lospoliticosveracruz.com\\\/#website\"},\"datePublished\":\"2022-12-06T14:20:55+00:00\",\"dateModified\":\"2022-12-06T14:21:09+00:00\",\"breadcrumb\":{\"@id\":\"https:\\\/\\\/lospoliticosveracruz.com\\\/?p=99594#breadcrumb\"},\"inLanguage\":\"es\",\"potentialAction\":[{\"@type\":\"ReadAction\",\"target\":[\"https:\\\/\\\/lospoliticosveracruz.com\\\/?p=99594\"]}]},{\"@type\":\"BreadcrumbList\",\"@id\":\"https:\\\/\\\/lospoliticosveracruz.com\\\/?p=99594#breadcrumb\",\"itemListElement\":[{\"@type\":\"ListItem\",\"position\":1,\"name\":\"Portada\",\"item\":\"https:\\\/\\\/lospoliticosveracruz.com\\\/\"},{\"@type\":\"ListItem\",\"position\":2,\"name\":\"GUSTAVO CADENA Y EL TSJ\"}]},{\"@type\":\"WebSite\",\"@id\":\"https:\\\/\\\/lospoliticosveracruz.com\\\/#website\",\"url\":\"https:\\\/\\\/lospoliticosveracruz.com\\\/\",\"name\":\"Los pol\u00edticos Veracruz\",\"description\":\"\",\"publisher\":{\"@id\":\"https:\\\/\\\/lospoliticosveracruz.com\\\/#organization\"},\"potentialAction\":[{\"@type\":\"SearchAction\",\"target\":{\"@type\":\"EntryPoint\",\"urlTemplate\":\"https:\\\/\\\/lospoliticosveracruz.com\\\/?s={search_term_string}\"},\"query-input\":{\"@type\":\"PropertyValueSpecification\",\"valueRequired\":true,\"valueName\":\"search_term_string\"}}],\"inLanguage\":\"es\"},{\"@type\":\"Organization\",\"@id\":\"https:\\\/\\\/lospoliticosveracruz.com\\\/#organization\",\"name\":\"Los pol\u00edticos Veracruz\",\"url\":\"https:\\\/\\\/lospoliticosveracruz.com\\\/\",\"logo\":{\"@type\":\"ImageObject\",\"inLanguage\":\"es\",\"@id\":\"https:\\\/\\\/lospoliticosveracruz.com\\\/#\\\/schema\\\/logo\\\/image\\\/\",\"url\":\"https:\\\/\\\/lospoliticosveracruz.com\\\/wp-content\\\/uploads\\\/2025\\\/12\\\/Logo-Nuevo-LOS-POLITICOS-1.jpg\",\"contentUrl\":\"https:\\\/\\\/lospoliticosveracruz.com\\\/wp-content\\\/uploads\\\/2025\\\/12\\\/Logo-Nuevo-LOS-POLITICOS-1.jpg\",\"width\":260,\"height\":70,\"caption\":\"Los pol\u00edticos Veracruz\"},\"image\":{\"@id\":\"https:\\\/\\\/lospoliticosveracruz.com\\\/#\\\/schema\\\/logo\\\/image\\\/\"},\"sameAs\":[\"https:\\\/\\\/www.facebook.com\\\/people\\\/Notimemes-de-los-Polticos\\\/61565672886568\\\/\",\"https:\\\/\\\/x.com\\\/LosPoliticosVer\"]},{\"@type\":\"Person\",\"@id\":\"https:\\\/\\\/lospoliticosveracruz.com\\\/#\\\/schema\\\/person\\\/b8702bb0e538456e6efd07080bf2a4a2\",\"name\":\"Lo viste en Los Pol\u00edticos\",\"image\":{\"@type\":\"ImageObject\",\"inLanguage\":\"es\",\"@id\":\"https:\\\/\\\/secure.gravatar.com\\\/avatar\\\/3a8de04a2656d44082be478bd6c086daa447c4651605818287b9532d3d0bd435?s=96&d=mm&r=g\",\"url\":\"https:\\\/\\\/secure.gravatar.com\\\/avatar\\\/3a8de04a2656d44082be478bd6c086daa447c4651605818287b9532d3d0bd435?s=96&d=mm&r=g\",\"contentUrl\":\"https:\\\/\\\/secure.gravatar.com\\\/avatar\\\/3a8de04a2656d44082be478bd6c086daa447c4651605818287b9532d3d0bd435?s=96&d=mm&r=g\",\"caption\":\"Lo viste en Los Pol\u00edticos\"},\"url\":\"https:\\\/\\\/lospoliticosveracruz.com\\\/?author=2\"}]}<\/script>\n<!-- \/ Yoast SEO plugin. -->","yoast_head_json":{"title":"GUSTAVO CADENA Y EL TSJ - Los pol\u00edticos Veracruz","robots":{"index":"index","follow":"follow","max-snippet":"max-snippet:-1","max-image-preview":"max-image-preview:large","max-video-preview":"max-video-preview:-1"},"canonical":"https:\/\/lospoliticosveracruz.com\/?p=99594","og_locale":"es_ES","og_type":"article","og_title":"GUSTAVO CADENA Y EL TSJ - Los pol\u00edticos Veracruz","og_description":"Sergio Gonz\u00e1lez LevetSin tacto Gustavo Cadena Mathey es uno de los reporteros m\u00e1s reconocidos de Veracruz. Con una carrera de casi 50 a\u00f1os, su trabajo period\u00edstico es parte del abolengo de la comunicaci\u00f3n jarocha.Pero Gustavo Cadena tambi\u00e9n ha sido un dedicado trabajador al servicio del Tribunal Superior de Justicia, en donde por muchos y fecundos [&hellip;]","og_url":"https:\/\/lospoliticosveracruz.com\/?p=99594","og_site_name":"Los pol\u00edticos Veracruz","article_publisher":"https:\/\/www.facebook.com\/people\/Notimemes-de-los-Polticos\/61565672886568\/","article_published_time":"2022-12-06T14:20:55+00:00","article_modified_time":"2022-12-06T14:21:09+00:00","og_image":[{"width":200,"height":200,"url":"https:\/\/lospoliticosveracruz.com\/wp-content\/uploads\/2016\/07\/Logo-Dor.jpg","type":"image\/jpeg"}],"author":"Lo viste en Los Pol\u00edticos","twitter_card":"summary_large_image","twitter_creator":"@LosPoliticosVer","twitter_site":"@LosPoliticosVer","twitter_misc":{"Escrito por":"Lo viste en Los Pol\u00edticos","Tiempo de lectura":"2 minutos"},"schema":{"@context":"https:\/\/schema.org","@graph":[{"@type":"Article","@id":"https:\/\/lospoliticosveracruz.com\/?p=99594#article","isPartOf":{"@id":"https:\/\/lospoliticosveracruz.com\/?p=99594"},"author":{"name":"Lo viste en Los Pol\u00edticos","@id":"https:\/\/lospoliticosveracruz.com\/#\/schema\/person\/b8702bb0e538456e6efd07080bf2a4a2"},"headline":"GUSTAVO CADENA Y EL TSJ","datePublished":"2022-12-06T14:20:55+00:00","dateModified":"2022-12-06T14:21:09+00:00","mainEntityOfPage":{"@id":"https:\/\/lospoliticosveracruz.com\/?p=99594"},"wordCount":455,"publisher":{"@id":"https:\/\/lospoliticosveracruz.com\/#organization"},"keywords":["Manuel Antonio Santiago","Sergio Gonz\u00e1lez Levet"],"articleSection":["De Opini\u00f3n"],"inLanguage":"es"},{"@type":"WebPage","@id":"https:\/\/lospoliticosveracruz.com\/?p=99594","url":"https:\/\/lospoliticosveracruz.com\/?p=99594","name":"GUSTAVO CADENA Y EL TSJ - Los pol\u00edticos Veracruz","isPartOf":{"@id":"https:\/\/lospoliticosveracruz.com\/#website"},"datePublished":"2022-12-06T14:20:55+00:00","dateModified":"2022-12-06T14:21:09+00:00","breadcrumb":{"@id":"https:\/\/lospoliticosveracruz.com\/?p=99594#breadcrumb"},"inLanguage":"es","potentialAction":[{"@type":"ReadAction","target":["https:\/\/lospoliticosveracruz.com\/?p=99594"]}]},{"@type":"BreadcrumbList","@id":"https:\/\/lospoliticosveracruz.com\/?p=99594#breadcrumb","itemListElement":[{"@type":"ListItem","position":1,"name":"Portada","item":"https:\/\/lospoliticosveracruz.com\/"},{"@type":"ListItem","position":2,"name":"GUSTAVO CADENA Y EL TSJ"}]},{"@type":"WebSite","@id":"https:\/\/lospoliticosveracruz.com\/#website","url":"https:\/\/lospoliticosveracruz.com\/","name":"Los pol\u00edticos Veracruz","description":"","publisher":{"@id":"https:\/\/lospoliticosveracruz.com\/#organization"},"potentialAction":[{"@type":"SearchAction","target":{"@type":"EntryPoint","urlTemplate":"https:\/\/lospoliticosveracruz.com\/?s={search_term_string}"},"query-input":{"@type":"PropertyValueSpecification","valueRequired":true,"valueName":"search_term_string"}}],"inLanguage":"es"},{"@type":"Organization","@id":"https:\/\/lospoliticosveracruz.com\/#organization","name":"Los pol\u00edticos Veracruz","url":"https:\/\/lospoliticosveracruz.com\/","logo":{"@type":"ImageObject","inLanguage":"es","@id":"https:\/\/lospoliticosveracruz.com\/#\/schema\/logo\/image\/","url":"https:\/\/lospoliticosveracruz.com\/wp-content\/uploads\/2025\/12\/Logo-Nuevo-LOS-POLITICOS-1.jpg","contentUrl":"https:\/\/lospoliticosveracruz.com\/wp-content\/uploads\/2025\/12\/Logo-Nuevo-LOS-POLITICOS-1.jpg","width":260,"height":70,"caption":"Los pol\u00edticos Veracruz"},"image":{"@id":"https:\/\/lospoliticosveracruz.com\/#\/schema\/logo\/image\/"},"sameAs":["https:\/\/www.facebook.com\/people\/Notimemes-de-los-Polticos\/61565672886568\/","https:\/\/x.com\/LosPoliticosVer"]},{"@type":"Person","@id":"https:\/\/lospoliticosveracruz.com\/#\/schema\/person\/b8702bb0e538456e6efd07080bf2a4a2","name":"Lo viste en Los Pol\u00edticos","image":{"@type":"ImageObject","inLanguage":"es","@id":"https:\/\/secure.gravatar.com\/avatar\/3a8de04a2656d44082be478bd6c086daa447c4651605818287b9532d3d0bd435?s=96&d=mm&r=g","url":"https:\/\/secure.gravatar.com\/avatar\/3a8de04a2656d44082be478bd6c086daa447c4651605818287b9532d3d0bd435?s=96&d=mm&r=g","contentUrl":"https:\/\/secure.gravatar.com\/avatar\/3a8de04a2656d44082be478bd6c086daa447c4651605818287b9532d3d0bd435?s=96&d=mm&r=g","caption":"Lo viste en Los Pol\u00edticos"},"url":"https:\/\/lospoliticosveracruz.com\/?author=2"}]}},"_links":{"self":[{"href":"https:\/\/lospoliticosveracruz.com\/index.php?rest_route=\/wp\/v2\/posts\/99594","targetHints":{"allow":["GET"]}}],"collection":[{"href":"https:\/\/lospoliticosveracruz.com\/index.php?rest_route=\/wp\/v2\/posts"}],"about":[{"href":"https:\/\/lospoliticosveracruz.com\/index.php?rest_route=\/wp\/v2\/types\/post"}],"author":[{"embeddable":true,"href":"https:\/\/lospoliticosveracruz.com\/index.php?rest_route=\/wp\/v2\/users\/2"}],"replies":[{"embeddable":true,"href":"https:\/\/lospoliticosveracruz.com\/index.php?rest_route=%2Fwp%2Fv2%2Fcomments&post=99594"}],"version-history":[{"count":1,"href":"https:\/\/lospoliticosveracruz.com\/index.php?rest_route=\/wp\/v2\/posts\/99594\/revisions"}],"predecessor-version":[{"id":99595,"href":"https:\/\/lospoliticosveracruz.com\/index.php?rest_route=\/wp\/v2\/posts\/99594\/revisions\/99595"}],"wp:attachment":[{"href":"https:\/\/lospoliticosveracruz.com\/index.php?rest_route=%2Fwp%2Fv2%2Fmedia&parent=99594"}],"wp:term":[{"taxonomy":"category","embeddable":true,"href":"https:\/\/lospoliticosveracruz.com\/index.php?rest_route=%2Fwp%2Fv2%2Fcategories&post=99594"},{"taxonomy":"post_tag","embeddable":true,"href":"https:\/\/lospoliticosveracruz.com\/index.php?rest_route=%2Fwp%2Fv2%2Ftags&post=99594"}],"curies":[{"name":"wp","href":"https:\/\/api.w.org\/{rel}","templated":true}]}}