{"id":9960,"date":"2007-06-11T23:33:00","date_gmt":"2007-06-11T23:33:00","guid":{"rendered":"http:\/\/www.lospoliticosveracruz.com.mx\/?p=9960"},"modified":"2014-10-09T03:09:19","modified_gmt":"2014-10-09T03:09:19","slug":"los-bichos-de-vicho","status":"publish","type":"post","link":"https:\/\/lospoliticosveracruz.com\/?p=9960","title":{"rendered":"Los bichos de Vicho"},"content":{"rendered":"<p>Salvador Mu\u00f1oz<\/p>\n<p>David Velasco Chedraui, <em>Vicho<\/em> para los cuates, cuenta con un punto a favor: tiene una idea clara de lo que es la administraci\u00f3n. Lamentablemente tiene m\u00e1s puntos en contra: Los \u201ccandidatos\u201d a regidores del PRI.<br \/>As\u00ed, a la sombra de <em>Vicho<\/em>, aparecen los mismos bichos de siempre, aquellos que no dan oportunidad a la dem\u00e1s militancia municipal a crecer, a desarrollarse, a tener la oportunidad de servir a la sociedad o al partido. No. Estos encontraron en las regidur\u00edas un <em>modus vivendi<\/em> que no est\u00e1n dispuestos a soltar por nada del mundo.<br \/>As\u00ed, se habla de que Jaime Cisneros y Mauro Solano, por en\u00e9sima ocasi\u00f3n, buscar\u00edan armarse para agarrar <em>hueso<\/em> por tres a\u00f1os en una regidur\u00eda al lado de <em>Vicho<\/em> Velasco. Pero no es el \u00fanico caso: A Carlos Rodr\u00edguez Velasco, subsecretario de Gobierno, le est\u00e1n colgando un <em>milagrito<\/em>\u2026<br \/>Si ha notado en ruedas de prensa, desayunos, similares o parecidos de <em>Vicho<\/em> Velasco, la presencia de Francis Beltr\u00e1n es porque aseguran que la dama tambi\u00e9n se siente merecedora de un <em>hueso<\/em>.<br \/>Lo malo es que dicho <em>milagrito<\/em> se lo est\u00e1n colgando, unos, a Carlos Rodr\u00edguez; otros, a H\u00e9ctor Yunes Landa.<br \/>Pareciera que la encomienda es armarse de un <em>hueso<\/em> para los tres a\u00f1os que vienen\u2026 a costa de quien sea. Ojal\u00e1 <em>Vicho<\/em> se sacuda esos bichos y arme su propio cuadro.<br \/>Y hablando de armar, ah\u00ed tenemos al padre Quint\u00edn:<br \/>Con la unificaci\u00f3n de Tr\u00e1nsito y Ceresos a Seguridad P\u00fablica existe la posibilidad de que los \u201ctamarindos\u201d est\u00e9n armados en aras de que el abanico de la seguridad se ampl\u00ede a\u00fan m\u00e1s.<br \/>Para muchos, es buena idea; para otro tanto igual, no. Para los primeros, los \u201ctamarindos\u201d dejar\u00edan de ser agarrados de \u201cpendejos\u201d, as\u00ed, dicho en esas palabras, por prepotentes conductores infractores. Para los segundos, se correr\u00eda el riesgo de que un \u201ctamarindo\u201d perdiera la cabeza y se le escapara un tiro.<br \/>\u00a1Calmantes montes! Aqu\u00ed en Veracruz, los \u00fanicos que pierden la cabeza son los Zetas y Gente Nueva. Se supone que antes de que les den una pistola se les har\u00eda un examen \u00bfpsicom\u00e9trico? para ver si est\u00e1n aptos para portar un arma.<br \/>Aunque para ello faltar\u00eda reformar la Ley de Tr\u00e1nsito. Cambiarle nombre: Polic\u00eda de Tr\u00e1nsito, quiz\u00e1s. \u00bfO ser\u00e1 que Seguridad P\u00fablica dirigir\u00e1 el tr\u00e1fico y la direcci\u00f3n de Tr\u00e1nsito se dedicar\u00e1 a lo administrativo? Es cuesti\u00f3n de echarle cabeza\u2026<br \/>* Hablando de cabezas, dicen que posiblemente ruede la de Pancardo, administrativo de G\u00e1ndara. El gober ya est\u00e1 molesto de que cada vez que pase por sus negocios, le griten: <em>\u00a1G\u00fcero, g\u00fcero! \u00a1G\u00fcero, g\u00fcero!<br \/><\/em>* La Gente Nueva lleg\u00f3 a Salud: Manuel Lila de Arce lleg\u00f3 cortando cabezas\u2026 con justa raz\u00f3n ha cambiado a directores de Hospitales. Quien haya pensado que ascendi\u00f3 en blanco, estaba equivocado. Se prepar\u00f3, est\u00e1 al tanto de lo que ocurre en Veracruz. Hombre visionario, prevenido, trata de ir un pie delante de los eventos naturales.<br \/>* \u00a1Tranquila Gente Bonita de Las Animas! Cuando se habla de que se liber\u00f3 el distribuidor de Araucarias, se refiere a la obra vial que agiliza el tr\u00e1fico a su zona residencial\u2026 no a un distribuidor de sustancias alucin\u00f3genas, energ\u00e9ticas, poderosas\u2026<br \/>* Este martes 12, el futuro yerno de Domingo Yorio Saqui, Am\u00e9rico Z\u00fa\u00f1iga Mart\u00ednez, americanista de closet (al menos por este sexenio) atestiguar\u00e1, como titular de la Secretar\u00eda del Trabajo, la firma del Contrato Colectivo de Trabajo entre el director del Instituto Tecnol\u00f3gico Superior de \u00c1lamo Temapache, Jos\u00e9 Alfredo Palma Gonz\u00e1lez y el secretario general Sindicato \u00danico de Trabajadores, Rodrigo Vald\u00e9s Ponce.<br \/>Por cierto, Domingo Yorio ocupa la direcci\u00f3n general de Catastro (\u00bfo <em>Castrato<\/em>?) Geograf\u00eda y Evaluaci\u00f3n de Gobierno del Estado. \u00a1Sigue en la Polaca!<br \/>* Por cierto, ya que mencionamos a la polaca, uno que le entra duro a la polaca es Rafael Hern\u00e1ndez Villalpando. \u00bfEh? S\u00ed, claro, nos referimos a la pol\u00edtica, a la grilla\u2026 Es innegable que el ex rector ha perdido credibilidad, sea lo que sea le haya ocurrido.<br \/>* PD Pendientes, los supuestos socios del \u201cChangarro Educativo\u201d Euro Hispanoamericana\u2026<\/p>\n<p>e-mail: <a href=\"mailto:dor00@hotmail.com\">dor00@hotmail.com<\/a><\/p>\n","protected":false},"excerpt":{"rendered":"<p>Salvador Mu\u00f1oz David Velasco Chedraui, Vicho para los cuates, cuenta con un punto a favor: tiene una idea clara de lo que es la administraci\u00f3n. Lamentablemente tiene m\u00e1s puntos en contra: Los \u201ccandidatos\u201d a regidores del PRI.As\u00ed, a la sombra de Vicho, aparecen los mismos bichos de siempre, aquellos que no dan oportunidad a la [&hellip;]<\/p>\n","protected":false},"author":1,"featured_media":0,"comment_status":"open","ping_status":"open","sticky":false,"template":"","format":"standard","meta":{"tdm_status":"","tdm_grid_status":"","footnotes":""},"categories":[1],"tags":[],"class_list":{"0":"post-9960","1":"post","2":"type-post","3":"status-publish","4":"format-standard","6":"category-sin-categoria"},"yoast_head":"<!-- This site is optimized with the Yoast SEO plugin v27.4 - https:\/\/yoast.com\/product\/yoast-seo-wordpress\/ -->\n<title>Los bichos de Vicho - Los pol\u00edticos Veracruz<\/title>\n<meta name=\"robots\" content=\"index, follow, max-snippet:-1, max-image-preview:large, max-video-preview:-1\" \/>\n<link rel=\"canonical\" href=\"https:\/\/lospoliticosveracruz.com\/?p=9960\" \/>\n<meta property=\"og:locale\" content=\"es_ES\" \/>\n<meta property=\"og:type\" content=\"article\" \/>\n<meta property=\"og:title\" content=\"Los bichos de Vicho - Los pol\u00edticos Veracruz\" \/>\n<meta property=\"og:description\" content=\"Salvador Mu\u00f1oz David Velasco Chedraui, Vicho para los cuates, cuenta con un punto a favor: tiene una idea clara de lo que es la administraci\u00f3n. Lamentablemente tiene m\u00e1s puntos en contra: Los \u201ccandidatos\u201d a regidores del PRI.As\u00ed, a la sombra de Vicho, aparecen los mismos bichos de siempre, aquellos que no dan oportunidad a la [&hellip;]\" \/>\n<meta property=\"og:url\" content=\"https:\/\/lospoliticosveracruz.com\/?p=9960\" \/>\n<meta property=\"og:site_name\" content=\"Los pol\u00edticos Veracruz\" \/>\n<meta property=\"article:publisher\" content=\"https:\/\/www.facebook.com\/people\/Notimemes-de-los-Polticos\/61565672886568\/\" \/>\n<meta property=\"article:published_time\" content=\"2007-06-11T23:33:00+00:00\" \/>\n<meta property=\"article:modified_time\" content=\"2014-10-09T03:09:19+00:00\" \/>\n<meta property=\"og:image\" content=\"https:\/\/lospoliticosveracruz.com\/wp-content\/uploads\/2016\/07\/Logo-Dor.jpg\" \/>\n\t<meta property=\"og:image:width\" content=\"200\" \/>\n\t<meta property=\"og:image:height\" content=\"200\" \/>\n\t<meta property=\"og:image:type\" content=\"image\/jpeg\" \/>\n<meta name=\"author\" content=\"lospoladmin\" \/>\n<meta name=\"twitter:card\" content=\"summary_large_image\" \/>\n<meta name=\"twitter:creator\" content=\"@LosPoliticosVer\" \/>\n<meta name=\"twitter:site\" content=\"@LosPoliticosVer\" \/>\n<meta name=\"twitter:label1\" content=\"Escrito por\" \/>\n\t<meta name=\"twitter:data1\" content=\"lospoladmin\" \/>\n\t<meta name=\"twitter:label2\" content=\"Tiempo de lectura\" \/>\n\t<meta name=\"twitter:data2\" content=\"4 minutos\" \/>\n<script type=\"application\/ld+json\" class=\"yoast-schema-graph\">{\"@context\":\"https:\\\/\\\/schema.org\",\"@graph\":[{\"@type\":\"Article\",\"@id\":\"https:\\\/\\\/lospoliticosveracruz.com\\\/?p=9960#article\",\"isPartOf\":{\"@id\":\"https:\\\/\\\/lospoliticosveracruz.com\\\/?p=9960\"},\"author\":{\"name\":\"lospoladmin\",\"@id\":\"https:\\\/\\\/lospoliticosveracruz.com\\\/#\\\/schema\\\/person\\\/c5fee8df75ee4700bd7f8e92859bd696\"},\"headline\":\"Los bichos de Vicho\",\"datePublished\":\"2007-06-11T23:33:00+00:00\",\"dateModified\":\"2014-10-09T03:09:19+00:00\",\"mainEntityOfPage\":{\"@id\":\"https:\\\/\\\/lospoliticosveracruz.com\\\/?p=9960\"},\"wordCount\":733,\"commentCount\":0,\"publisher\":{\"@id\":\"https:\\\/\\\/lospoliticosveracruz.com\\\/#organization\"},\"inLanguage\":\"es\",\"potentialAction\":[{\"@type\":\"CommentAction\",\"name\":\"Comment\",\"target\":[\"https:\\\/\\\/lospoliticosveracruz.com\\\/?p=9960#respond\"]}]},{\"@type\":\"WebPage\",\"@id\":\"https:\\\/\\\/lospoliticosveracruz.com\\\/?p=9960\",\"url\":\"https:\\\/\\\/lospoliticosveracruz.com\\\/?p=9960\",\"name\":\"Los bichos de Vicho - Los pol\u00edticos Veracruz\",\"isPartOf\":{\"@id\":\"https:\\\/\\\/lospoliticosveracruz.com\\\/#website\"},\"datePublished\":\"2007-06-11T23:33:00+00:00\",\"dateModified\":\"2014-10-09T03:09:19+00:00\",\"breadcrumb\":{\"@id\":\"https:\\\/\\\/lospoliticosveracruz.com\\\/?p=9960#breadcrumb\"},\"inLanguage\":\"es\",\"potentialAction\":[{\"@type\":\"ReadAction\",\"target\":[\"https:\\\/\\\/lospoliticosveracruz.com\\\/?p=9960\"]}]},{\"@type\":\"BreadcrumbList\",\"@id\":\"https:\\\/\\\/lospoliticosveracruz.com\\\/?p=9960#breadcrumb\",\"itemListElement\":[{\"@type\":\"ListItem\",\"position\":1,\"name\":\"Portada\",\"item\":\"https:\\\/\\\/lospoliticosveracruz.com\\\/\"},{\"@type\":\"ListItem\",\"position\":2,\"name\":\"Los bichos de Vicho\"}]},{\"@type\":\"WebSite\",\"@id\":\"https:\\\/\\\/lospoliticosveracruz.com\\\/#website\",\"url\":\"https:\\\/\\\/lospoliticosveracruz.com\\\/\",\"name\":\"Los pol\u00edticos Veracruz\",\"description\":\"\",\"publisher\":{\"@id\":\"https:\\\/\\\/lospoliticosveracruz.com\\\/#organization\"},\"potentialAction\":[{\"@type\":\"SearchAction\",\"target\":{\"@type\":\"EntryPoint\",\"urlTemplate\":\"https:\\\/\\\/lospoliticosveracruz.com\\\/?s={search_term_string}\"},\"query-input\":{\"@type\":\"PropertyValueSpecification\",\"valueRequired\":true,\"valueName\":\"search_term_string\"}}],\"inLanguage\":\"es\"},{\"@type\":\"Organization\",\"@id\":\"https:\\\/\\\/lospoliticosveracruz.com\\\/#organization\",\"name\":\"Los pol\u00edticos Veracruz\",\"url\":\"https:\\\/\\\/lospoliticosveracruz.com\\\/\",\"logo\":{\"@type\":\"ImageObject\",\"inLanguage\":\"es\",\"@id\":\"https:\\\/\\\/lospoliticosveracruz.com\\\/#\\\/schema\\\/logo\\\/image\\\/\",\"url\":\"https:\\\/\\\/lospoliticosveracruz.com\\\/wp-content\\\/uploads\\\/2025\\\/12\\\/Logo-Nuevo-LOS-POLITICOS-1.jpg\",\"contentUrl\":\"https:\\\/\\\/lospoliticosveracruz.com\\\/wp-content\\\/uploads\\\/2025\\\/12\\\/Logo-Nuevo-LOS-POLITICOS-1.jpg\",\"width\":260,\"height\":70,\"caption\":\"Los pol\u00edticos Veracruz\"},\"image\":{\"@id\":\"https:\\\/\\\/lospoliticosveracruz.com\\\/#\\\/schema\\\/logo\\\/image\\\/\"},\"sameAs\":[\"https:\\\/\\\/www.facebook.com\\\/people\\\/Notimemes-de-los-Polticos\\\/61565672886568\\\/\",\"https:\\\/\\\/x.com\\\/LosPoliticosVer\"]},{\"@type\":\"Person\",\"@id\":\"https:\\\/\\\/lospoliticosveracruz.com\\\/#\\\/schema\\\/person\\\/c5fee8df75ee4700bd7f8e92859bd696\",\"name\":\"lospoladmin\",\"image\":{\"@type\":\"ImageObject\",\"inLanguage\":\"es\",\"@id\":\"https:\\\/\\\/secure.gravatar.com\\\/avatar\\\/f4a468785695515895c4d618820f242e33d3d72a0284244a0fad6d19795cb724?s=96&d=mm&r=g\",\"url\":\"https:\\\/\\\/secure.gravatar.com\\\/avatar\\\/f4a468785695515895c4d618820f242e33d3d72a0284244a0fad6d19795cb724?s=96&d=mm&r=g\",\"contentUrl\":\"https:\\\/\\\/secure.gravatar.com\\\/avatar\\\/f4a468785695515895c4d618820f242e33d3d72a0284244a0fad6d19795cb724?s=96&d=mm&r=g\",\"caption\":\"lospoladmin\"},\"url\":\"https:\\\/\\\/lospoliticosveracruz.com\\\/?author=1\"}]}<\/script>\n<!-- \/ Yoast SEO plugin. -->","yoast_head_json":{"title":"Los bichos de Vicho - Los pol\u00edticos Veracruz","robots":{"index":"index","follow":"follow","max-snippet":"max-snippet:-1","max-image-preview":"max-image-preview:large","max-video-preview":"max-video-preview:-1"},"canonical":"https:\/\/lospoliticosveracruz.com\/?p=9960","og_locale":"es_ES","og_type":"article","og_title":"Los bichos de Vicho - Los pol\u00edticos Veracruz","og_description":"Salvador Mu\u00f1oz David Velasco Chedraui, Vicho para los cuates, cuenta con un punto a favor: tiene una idea clara de lo que es la administraci\u00f3n. Lamentablemente tiene m\u00e1s puntos en contra: Los \u201ccandidatos\u201d a regidores del PRI.As\u00ed, a la sombra de Vicho, aparecen los mismos bichos de siempre, aquellos que no dan oportunidad a la [&hellip;]","og_url":"https:\/\/lospoliticosveracruz.com\/?p=9960","og_site_name":"Los pol\u00edticos Veracruz","article_publisher":"https:\/\/www.facebook.com\/people\/Notimemes-de-los-Polticos\/61565672886568\/","article_published_time":"2007-06-11T23:33:00+00:00","article_modified_time":"2014-10-09T03:09:19+00:00","og_image":[{"width":200,"height":200,"url":"https:\/\/lospoliticosveracruz.com\/wp-content\/uploads\/2016\/07\/Logo-Dor.jpg","type":"image\/jpeg"}],"author":"lospoladmin","twitter_card":"summary_large_image","twitter_creator":"@LosPoliticosVer","twitter_site":"@LosPoliticosVer","twitter_misc":{"Escrito por":"lospoladmin","Tiempo de lectura":"4 minutos"},"schema":{"@context":"https:\/\/schema.org","@graph":[{"@type":"Article","@id":"https:\/\/lospoliticosveracruz.com\/?p=9960#article","isPartOf":{"@id":"https:\/\/lospoliticosveracruz.com\/?p=9960"},"author":{"name":"lospoladmin","@id":"https:\/\/lospoliticosveracruz.com\/#\/schema\/person\/c5fee8df75ee4700bd7f8e92859bd696"},"headline":"Los bichos de Vicho","datePublished":"2007-06-11T23:33:00+00:00","dateModified":"2014-10-09T03:09:19+00:00","mainEntityOfPage":{"@id":"https:\/\/lospoliticosveracruz.com\/?p=9960"},"wordCount":733,"commentCount":0,"publisher":{"@id":"https:\/\/lospoliticosveracruz.com\/#organization"},"inLanguage":"es","potentialAction":[{"@type":"CommentAction","name":"Comment","target":["https:\/\/lospoliticosveracruz.com\/?p=9960#respond"]}]},{"@type":"WebPage","@id":"https:\/\/lospoliticosveracruz.com\/?p=9960","url":"https:\/\/lospoliticosveracruz.com\/?p=9960","name":"Los bichos de Vicho - Los pol\u00edticos Veracruz","isPartOf":{"@id":"https:\/\/lospoliticosveracruz.com\/#website"},"datePublished":"2007-06-11T23:33:00+00:00","dateModified":"2014-10-09T03:09:19+00:00","breadcrumb":{"@id":"https:\/\/lospoliticosveracruz.com\/?p=9960#breadcrumb"},"inLanguage":"es","potentialAction":[{"@type":"ReadAction","target":["https:\/\/lospoliticosveracruz.com\/?p=9960"]}]},{"@type":"BreadcrumbList","@id":"https:\/\/lospoliticosveracruz.com\/?p=9960#breadcrumb","itemListElement":[{"@type":"ListItem","position":1,"name":"Portada","item":"https:\/\/lospoliticosveracruz.com\/"},{"@type":"ListItem","position":2,"name":"Los bichos de Vicho"}]},{"@type":"WebSite","@id":"https:\/\/lospoliticosveracruz.com\/#website","url":"https:\/\/lospoliticosveracruz.com\/","name":"Los pol\u00edticos Veracruz","description":"","publisher":{"@id":"https:\/\/lospoliticosveracruz.com\/#organization"},"potentialAction":[{"@type":"SearchAction","target":{"@type":"EntryPoint","urlTemplate":"https:\/\/lospoliticosveracruz.com\/?s={search_term_string}"},"query-input":{"@type":"PropertyValueSpecification","valueRequired":true,"valueName":"search_term_string"}}],"inLanguage":"es"},{"@type":"Organization","@id":"https:\/\/lospoliticosveracruz.com\/#organization","name":"Los pol\u00edticos Veracruz","url":"https:\/\/lospoliticosveracruz.com\/","logo":{"@type":"ImageObject","inLanguage":"es","@id":"https:\/\/lospoliticosveracruz.com\/#\/schema\/logo\/image\/","url":"https:\/\/lospoliticosveracruz.com\/wp-content\/uploads\/2025\/12\/Logo-Nuevo-LOS-POLITICOS-1.jpg","contentUrl":"https:\/\/lospoliticosveracruz.com\/wp-content\/uploads\/2025\/12\/Logo-Nuevo-LOS-POLITICOS-1.jpg","width":260,"height":70,"caption":"Los pol\u00edticos Veracruz"},"image":{"@id":"https:\/\/lospoliticosveracruz.com\/#\/schema\/logo\/image\/"},"sameAs":["https:\/\/www.facebook.com\/people\/Notimemes-de-los-Polticos\/61565672886568\/","https:\/\/x.com\/LosPoliticosVer"]},{"@type":"Person","@id":"https:\/\/lospoliticosveracruz.com\/#\/schema\/person\/c5fee8df75ee4700bd7f8e92859bd696","name":"lospoladmin","image":{"@type":"ImageObject","inLanguage":"es","@id":"https:\/\/secure.gravatar.com\/avatar\/f4a468785695515895c4d618820f242e33d3d72a0284244a0fad6d19795cb724?s=96&d=mm&r=g","url":"https:\/\/secure.gravatar.com\/avatar\/f4a468785695515895c4d618820f242e33d3d72a0284244a0fad6d19795cb724?s=96&d=mm&r=g","contentUrl":"https:\/\/secure.gravatar.com\/avatar\/f4a468785695515895c4d618820f242e33d3d72a0284244a0fad6d19795cb724?s=96&d=mm&r=g","caption":"lospoladmin"},"url":"https:\/\/lospoliticosveracruz.com\/?author=1"}]}},"_links":{"self":[{"href":"https:\/\/lospoliticosveracruz.com\/index.php?rest_route=\/wp\/v2\/posts\/9960","targetHints":{"allow":["GET"]}}],"collection":[{"href":"https:\/\/lospoliticosveracruz.com\/index.php?rest_route=\/wp\/v2\/posts"}],"about":[{"href":"https:\/\/lospoliticosveracruz.com\/index.php?rest_route=\/wp\/v2\/types\/post"}],"author":[{"embeddable":true,"href":"https:\/\/lospoliticosveracruz.com\/index.php?rest_route=\/wp\/v2\/users\/1"}],"replies":[{"embeddable":true,"href":"https:\/\/lospoliticosveracruz.com\/index.php?rest_route=%2Fwp%2Fv2%2Fcomments&post=9960"}],"version-history":[{"count":0,"href":"https:\/\/lospoliticosveracruz.com\/index.php?rest_route=\/wp\/v2\/posts\/9960\/revisions"}],"wp:attachment":[{"href":"https:\/\/lospoliticosveracruz.com\/index.php?rest_route=%2Fwp%2Fv2%2Fmedia&parent=9960"}],"wp:term":[{"taxonomy":"category","embeddable":true,"href":"https:\/\/lospoliticosveracruz.com\/index.php?rest_route=%2Fwp%2Fv2%2Fcategories&post=9960"},{"taxonomy":"post_tag","embeddable":true,"href":"https:\/\/lospoliticosveracruz.com\/index.php?rest_route=%2Fwp%2Fv2%2Ftags&post=9960"}],"curies":[{"name":"wp","href":"https:\/\/api.w.org\/{rel}","templated":true}]}}