{"id":99696,"date":"2022-12-07T16:56:28","date_gmt":"2022-12-07T22:56:28","guid":{"rendered":"https:\/\/lospoliticosveracruz.com.mx\/?p=99696"},"modified":"2022-12-07T16:56:33","modified_gmt":"2022-12-07T22:56:33","slug":"poder-judicial-sin-cambios","status":"publish","type":"post","link":"https:\/\/lospoliticosveracruz.com\/?p=99696","title":{"rendered":"PODER JUDICIAL, SIN CAMBIOS"},"content":{"rendered":"\n<p><strong>Miguel \u00c1ngel G\u00f3mez Ruiz<\/strong><\/p>\n\n\n\n<p><em>Contrapunto<\/em><\/p>\n\n\n\n<p>Se agrava la crisis legislativa en M\u00e9xico<\/p>\n\n\n\n<p>Hace apenas unas horas, las fracciones de Morena, Partido del Trabajo y Verde Ecologista vieron como el proyecto de reforma electoral que envi\u00f3 el gobierno federal no obtuvo los votos suficientes y el proyect\u00f3 qued\u00f3 \u2013como otros- en el olvido.<\/p>\n\n\n\n<p>En efecto, para que se aprobara la reforma electoral requer\u00edan de 334 votos, dos terceras partes de los 500 diputados y les fue imposible. No cedieron los priistas con todo y que volvieron a amenazar con desaforar a Alito Moreno, l\u00edder nacional del PRI y tampoco lograron convencer a Dante Delgado a que se les uniera, como ocurri\u00f3 hace mucho tiempo.<\/p>\n\n\n\n<p>Horas despu\u00e9s, ya sin los diputados de oposici\u00f3n en el legislativo, aprobaron leyes secundarias que muchos de ellos ni siquiera conoc\u00edan. No, ni leyeron nada, todo se trat\u00f3 \u00fanica y exclusivamente de aprobar lo que envi\u00f3 su l\u00edder absolutista, el presidente L\u00f3pez Obrador.<\/p>\n\n\n\n<p>Nadie traicion\u00f3 a nadie, ni al pa\u00eds, ni al legislativo, ni a ellos mismos. Simplemente la oposici\u00f3n se neg\u00f3 a que se violentara la ley al entregarse el padr\u00f3n electoral a la Secretar\u00eda de Gobernaci\u00f3n. Evitar que el gobierno controle las elecciones. Por amor de Dios, muchos de los gobernantes e inclusive los legisladores de Morena no controlan ni sus casas, imag\u00ednenlos tratando de controlar las elecciones.<\/p>\n\n\n\n<p>Y lo que es peor, Morena y sus aliados guardan silencio tras los ataques que han sufrido diputados locales y federales, as\u00ed como presidentes municipales, s\u00edndicos, tesoreros y regidores en distintas zonas del pa\u00eds de 2018 a la fecha. S\u00ed, toda esa violencia en esta administraci\u00f3n que pregona la paz pero que no la garantiza.<\/p>\n\n\n\n<p>El Instituto Nacional Electoral (INE) deber\u00e1 ser m\u00e1s creativo ante los recortes y continuar su lucha por mantenerse independiente, ajeno a los partidos pol\u00edticos y los pr\u00f3ximos consejeros que ser\u00e1n electos deben ser leales al pa\u00eds y no a los gobernantes.<\/p>\n\n\n\n<p>Creo que todos y cada uno de los mexicanos debemos trabajar para garantizar que tengamos organismos independientes, que no tengan ning\u00fan sesgo con los gobiernos pues s\u00f3lo as\u00ed seremos independientes, sin que nadie quiera obligarnos a algo que no queremos.<\/p>\n\n\n\n<p>En tanto, la crisis legislativa seguir\u00e1 mientras haya diputados que cataloguen a sus compa\u00f1eros de traidores de la patria. Inclusive que haya diputados que quieran extender el mandato presidencial o que se declare a Leonel Messi como persona non grata en nuestro pa\u00eds. As\u00ed la calidad de nuestros legisladores guindas.<\/p>\n\n\n\n<p><strong>Dinero al pueblo<\/strong><\/p>\n\n\n\n<p>Hace unos d\u00edas, se determin\u00f3 un aumento al salario m\u00ednimo en el pa\u00eds. As\u00ed, de un plumazo se determin\u00f3 que los mexicanos deben ganar m\u00e1s de 200 pesos diarios.<\/p>\n\n\n\n<p>En un pa\u00eds en el que el gobierno ha hecho sus \u201cmejores obras\u201d dando dinero a madres solteras, emprendedores, j\u00f3venes y estudiantes, as\u00ed como a adultos mayores, se tom\u00f3 la decisi\u00f3n de que los que ganan el salario m\u00ednimo deben ganar m\u00e1s, sin importar lo que piense o gaste el patr\u00f3n.<\/p>\n\n\n\n<p>Y no es que aumentar el salario sea malo, simplemente que la situaci\u00f3n que vive el pa\u00eds no es la ideal, pues la mayor parte de los empresarios y empleadores sufren una crisis grave, de verdad grave.<\/p>\n\n\n\n<p>Encima, millones de mexicanos ganan menos del m\u00ednimo y as\u00ed continuar\u00e1, porque s\u00f3lo se decretan aumentos, pero no se escarba en el tema laboral para obligar a que realmente se pague el salario m\u00ednimo.<\/p>\n\n\n\n<p>Es decir, en negocios como tiendas de abarrotes, de ropa, de lencer\u00eda, salones de belleza, reparaci\u00f3n de celulares y otros giros, los empleados ganan a la semana entre 700 y 900 pesos. Quiz\u00e1 algunos con suerte ganen mil pesos y eso sin seguro social ni mucho menos Infonavit.<\/p>\n\n\n\n<p>\u00bfQui\u00e9n les obligar\u00e1 a pagar el m\u00ednimo? Adem\u00e1s, muchas empresas establecidas pagan m\u00e1s del m\u00ednimo, lo que convierte este aumento en una simple simulaci\u00f3n.<\/p>\n\n\n\n<p>Agrego, los diputados de Morena y aliados no han podido resolver el tema de las vacaciones de doce d\u00edas para aquellos que cumplan su primer a\u00f1o de trabajo. Ahora quieren aprobar en el Senado que al primer a\u00f1o se les den seis d\u00edas y posteriormente, los otros seis d\u00edas los negocien con el patr\u00f3n. Por eso es importante que conozcamos a las personas antes de elegirlas, en serio.<\/p>\n\n\n\n<p><strong>Poder Judicial, sin cambios<\/strong><\/p>\n\n\n\n<p>M\u00e1s o menos lo imaginaba, pero una vez que asumi\u00f3 su cargo la nueva presidenta del Poder Judicial, Lisbeth Aurelia Jim\u00e9nez Aguirre abri\u00f3 la boca y dijo que seguir\u00eda la misma pol\u00edtica que el presidente L\u00f3pez Obrador y el gobernador Cuitl\u00e1huac Garc\u00eda. As\u00ed.<\/p>\n\n\n\n<p>Quiz\u00e1 no entendi\u00f3 que el organismo que rige es independiente y que no est\u00e1 al servicio m\u00e1s que de los veracruzanos. No habl\u00f3 sobre pelear por recursos que han dejado de darle al Poder Judicial, mucho menos de la corrupci\u00f3n que hubo en el mandato de Isabel Romero Cruz.<\/p>\n\n\n\n<p>Tampoco habl\u00f3 sobre el personal que fue impuesto y que no conoce la ley, ni mucho menos sobre jueces que est\u00e1n al servicio del gobierno. Tampoco sobre las 12 Ciudades Judiciales que ya no quieren construir.<\/p>\n\n\n\n<p>Por Dios, qu\u00e9 va a decir sobre los magistrados que fueron despedidos injustamente. Pero aprovecho para comentarle pues s\u00e9 que lee esta columna, el magistrado Marco Antonio Lezama Moo cuenta con un amparo que le garantiza retomar su cargo y que la magistrada Yolanda Cecilia Casta\u00f1eda Palmeros fue despedida injustamente pues cuenta con un nombramiento con car\u00e1cter de inamovible. S\u00ed, inamovible. Ya le tocar\u00e1 a usted analizar esto y lo digo para que no cometa los mismos errores que su antecesora.<\/p>\n\n\n\n<p>PD En Coatepec y siete destinos m\u00e1s se colocaron pistas de hielo, promovidas por Eric Cisneros que m\u00e1s que secretario de gobierno parece un vendedor comisionista. En el caso de esta ciudad, se coment\u00f3 que los vendedores que siempre utilizan el sal\u00f3n de la Cruz Roja se quedar\u00edan sin lugar para vender sus productos desde mediados de diciembre y hasta el 8 de enero. El funcionario y el alcalde del lugar, Raymundo Andrade lo pensaron un minuto y decidieron que los comerciantes vender\u00e1n sus productos en la calle.<\/p>\n","protected":false},"excerpt":{"rendered":"<p>Miguel \u00c1ngel G\u00f3mez Ruiz Contrapunto Se agrava la crisis legislativa en M\u00e9xico Hace apenas unas horas, las fracciones de Morena, Partido del Trabajo y Verde Ecologista vieron como el proyecto de reforma electoral que envi\u00f3 el gobierno federal no obtuvo los votos suficientes y el proyect\u00f3 qued\u00f3 \u2013como otros- en el olvido. En efecto, para [&hellip;]<\/p>\n","protected":false},"author":2,"featured_media":0,"comment_status":"closed","ping_status":"closed","sticky":false,"template":"","format":"standard","meta":{"tdm_status":"","tdm_grid_status":"","footnotes":""},"categories":[70],"tags":[554,36463,1026],"class_list":{"0":"post-99696","1":"post","2":"type-post","3":"status-publish","4":"format-standard","6":"category-de-opinion","7":"tag-ine","8":"tag-lisbeth-aurelia-jimenez-aguirre","9":"tag-morena"},"yoast_head":"<!-- This site is optimized with the Yoast SEO plugin v27.4 - https:\/\/yoast.com\/product\/yoast-seo-wordpress\/ -->\n<title>PODER JUDICIAL, SIN CAMBIOS - Los pol\u00edticos Veracruz<\/title>\n<meta name=\"robots\" content=\"index, follow, max-snippet:-1, max-image-preview:large, max-video-preview:-1\" \/>\n<link rel=\"canonical\" href=\"https:\/\/lospoliticosveracruz.com\/?p=99696\" \/>\n<meta property=\"og:locale\" content=\"es_ES\" \/>\n<meta property=\"og:type\" content=\"article\" \/>\n<meta property=\"og:title\" content=\"PODER JUDICIAL, SIN CAMBIOS - Los pol\u00edticos Veracruz\" \/>\n<meta property=\"og:description\" content=\"Miguel \u00c1ngel G\u00f3mez Ruiz Contrapunto Se agrava la crisis legislativa en M\u00e9xico Hace apenas unas horas, las fracciones de Morena, Partido del Trabajo y Verde Ecologista vieron como el proyecto de reforma electoral que envi\u00f3 el gobierno federal no obtuvo los votos suficientes y el proyect\u00f3 qued\u00f3 \u2013como otros- en el olvido. En efecto, para [&hellip;]\" \/>\n<meta property=\"og:url\" content=\"https:\/\/lospoliticosveracruz.com\/?p=99696\" \/>\n<meta property=\"og:site_name\" content=\"Los pol\u00edticos Veracruz\" \/>\n<meta property=\"article:publisher\" content=\"https:\/\/www.facebook.com\/people\/Notimemes-de-los-Polticos\/61565672886568\/\" \/>\n<meta property=\"article:published_time\" content=\"2022-12-07T22:56:28+00:00\" \/>\n<meta property=\"article:modified_time\" content=\"2022-12-07T22:56:33+00:00\" \/>\n<meta property=\"og:image\" content=\"https:\/\/lospoliticosveracruz.com\/wp-content\/uploads\/2016\/07\/Logo-Dor.jpg\" \/>\n\t<meta property=\"og:image:width\" content=\"200\" \/>\n\t<meta property=\"og:image:height\" content=\"200\" \/>\n\t<meta property=\"og:image:type\" content=\"image\/jpeg\" \/>\n<meta name=\"author\" content=\"Lo viste en Los Pol\u00edticos\" \/>\n<meta name=\"twitter:card\" content=\"summary_large_image\" \/>\n<meta name=\"twitter:creator\" content=\"@LosPoliticosVer\" \/>\n<meta name=\"twitter:site\" content=\"@LosPoliticosVer\" \/>\n<meta name=\"twitter:label1\" content=\"Escrito por\" \/>\n\t<meta name=\"twitter:data1\" content=\"Lo viste en Los Pol\u00edticos\" \/>\n\t<meta name=\"twitter:label2\" content=\"Tiempo de lectura\" \/>\n\t<meta name=\"twitter:data2\" content=\"5 minutos\" \/>\n<script type=\"application\/ld+json\" class=\"yoast-schema-graph\">{\"@context\":\"https:\\\/\\\/schema.org\",\"@graph\":[{\"@type\":\"Article\",\"@id\":\"https:\\\/\\\/lospoliticosveracruz.com\\\/?p=99696#article\",\"isPartOf\":{\"@id\":\"https:\\\/\\\/lospoliticosveracruz.com\\\/?p=99696\"},\"author\":{\"name\":\"Lo viste en Los Pol\u00edticos\",\"@id\":\"https:\\\/\\\/lospoliticosveracruz.com\\\/#\\\/schema\\\/person\\\/b8702bb0e538456e6efd07080bf2a4a2\"},\"headline\":\"PODER JUDICIAL, SIN CAMBIOS\",\"datePublished\":\"2022-12-07T22:56:28+00:00\",\"dateModified\":\"2022-12-07T22:56:33+00:00\",\"mainEntityOfPage\":{\"@id\":\"https:\\\/\\\/lospoliticosveracruz.com\\\/?p=99696\"},\"wordCount\":1073,\"publisher\":{\"@id\":\"https:\\\/\\\/lospoliticosveracruz.com\\\/#organization\"},\"keywords\":[\"INE\",\"Lisbeth Aurelia Jim\u00e9nez Aguirre\",\"Morena\"],\"articleSection\":[\"De Opini\u00f3n\"],\"inLanguage\":\"es\"},{\"@type\":\"WebPage\",\"@id\":\"https:\\\/\\\/lospoliticosveracruz.com\\\/?p=99696\",\"url\":\"https:\\\/\\\/lospoliticosveracruz.com\\\/?p=99696\",\"name\":\"PODER JUDICIAL, SIN CAMBIOS - Los pol\u00edticos Veracruz\",\"isPartOf\":{\"@id\":\"https:\\\/\\\/lospoliticosveracruz.com\\\/#website\"},\"datePublished\":\"2022-12-07T22:56:28+00:00\",\"dateModified\":\"2022-12-07T22:56:33+00:00\",\"breadcrumb\":{\"@id\":\"https:\\\/\\\/lospoliticosveracruz.com\\\/?p=99696#breadcrumb\"},\"inLanguage\":\"es\",\"potentialAction\":[{\"@type\":\"ReadAction\",\"target\":[\"https:\\\/\\\/lospoliticosveracruz.com\\\/?p=99696\"]}]},{\"@type\":\"BreadcrumbList\",\"@id\":\"https:\\\/\\\/lospoliticosveracruz.com\\\/?p=99696#breadcrumb\",\"itemListElement\":[{\"@type\":\"ListItem\",\"position\":1,\"name\":\"Portada\",\"item\":\"https:\\\/\\\/lospoliticosveracruz.com\\\/\"},{\"@type\":\"ListItem\",\"position\":2,\"name\":\"PODER JUDICIAL, SIN CAMBIOS\"}]},{\"@type\":\"WebSite\",\"@id\":\"https:\\\/\\\/lospoliticosveracruz.com\\\/#website\",\"url\":\"https:\\\/\\\/lospoliticosveracruz.com\\\/\",\"name\":\"Los pol\u00edticos Veracruz\",\"description\":\"\",\"publisher\":{\"@id\":\"https:\\\/\\\/lospoliticosveracruz.com\\\/#organization\"},\"potentialAction\":[{\"@type\":\"SearchAction\",\"target\":{\"@type\":\"EntryPoint\",\"urlTemplate\":\"https:\\\/\\\/lospoliticosveracruz.com\\\/?s={search_term_string}\"},\"query-input\":{\"@type\":\"PropertyValueSpecification\",\"valueRequired\":true,\"valueName\":\"search_term_string\"}}],\"inLanguage\":\"es\"},{\"@type\":\"Organization\",\"@id\":\"https:\\\/\\\/lospoliticosveracruz.com\\\/#organization\",\"name\":\"Los pol\u00edticos Veracruz\",\"url\":\"https:\\\/\\\/lospoliticosveracruz.com\\\/\",\"logo\":{\"@type\":\"ImageObject\",\"inLanguage\":\"es\",\"@id\":\"https:\\\/\\\/lospoliticosveracruz.com\\\/#\\\/schema\\\/logo\\\/image\\\/\",\"url\":\"https:\\\/\\\/lospoliticosveracruz.com\\\/wp-content\\\/uploads\\\/2025\\\/12\\\/Logo-Nuevo-LOS-POLITICOS-1.jpg\",\"contentUrl\":\"https:\\\/\\\/lospoliticosveracruz.com\\\/wp-content\\\/uploads\\\/2025\\\/12\\\/Logo-Nuevo-LOS-POLITICOS-1.jpg\",\"width\":260,\"height\":70,\"caption\":\"Los pol\u00edticos Veracruz\"},\"image\":{\"@id\":\"https:\\\/\\\/lospoliticosveracruz.com\\\/#\\\/schema\\\/logo\\\/image\\\/\"},\"sameAs\":[\"https:\\\/\\\/www.facebook.com\\\/people\\\/Notimemes-de-los-Polticos\\\/61565672886568\\\/\",\"https:\\\/\\\/x.com\\\/LosPoliticosVer\"]},{\"@type\":\"Person\",\"@id\":\"https:\\\/\\\/lospoliticosveracruz.com\\\/#\\\/schema\\\/person\\\/b8702bb0e538456e6efd07080bf2a4a2\",\"name\":\"Lo viste en Los Pol\u00edticos\",\"image\":{\"@type\":\"ImageObject\",\"inLanguage\":\"es\",\"@id\":\"https:\\\/\\\/secure.gravatar.com\\\/avatar\\\/3a8de04a2656d44082be478bd6c086daa447c4651605818287b9532d3d0bd435?s=96&d=mm&r=g\",\"url\":\"https:\\\/\\\/secure.gravatar.com\\\/avatar\\\/3a8de04a2656d44082be478bd6c086daa447c4651605818287b9532d3d0bd435?s=96&d=mm&r=g\",\"contentUrl\":\"https:\\\/\\\/secure.gravatar.com\\\/avatar\\\/3a8de04a2656d44082be478bd6c086daa447c4651605818287b9532d3d0bd435?s=96&d=mm&r=g\",\"caption\":\"Lo viste en Los Pol\u00edticos\"},\"url\":\"https:\\\/\\\/lospoliticosveracruz.com\\\/?author=2\"}]}<\/script>\n<!-- \/ Yoast SEO plugin. -->","yoast_head_json":{"title":"PODER JUDICIAL, SIN CAMBIOS - Los pol\u00edticos Veracruz","robots":{"index":"index","follow":"follow","max-snippet":"max-snippet:-1","max-image-preview":"max-image-preview:large","max-video-preview":"max-video-preview:-1"},"canonical":"https:\/\/lospoliticosveracruz.com\/?p=99696","og_locale":"es_ES","og_type":"article","og_title":"PODER JUDICIAL, SIN CAMBIOS - Los pol\u00edticos Veracruz","og_description":"Miguel \u00c1ngel G\u00f3mez Ruiz Contrapunto Se agrava la crisis legislativa en M\u00e9xico Hace apenas unas horas, las fracciones de Morena, Partido del Trabajo y Verde Ecologista vieron como el proyecto de reforma electoral que envi\u00f3 el gobierno federal no obtuvo los votos suficientes y el proyect\u00f3 qued\u00f3 \u2013como otros- en el olvido. En efecto, para [&hellip;]","og_url":"https:\/\/lospoliticosveracruz.com\/?p=99696","og_site_name":"Los pol\u00edticos Veracruz","article_publisher":"https:\/\/www.facebook.com\/people\/Notimemes-de-los-Polticos\/61565672886568\/","article_published_time":"2022-12-07T22:56:28+00:00","article_modified_time":"2022-12-07T22:56:33+00:00","og_image":[{"width":200,"height":200,"url":"https:\/\/lospoliticosveracruz.com\/wp-content\/uploads\/2016\/07\/Logo-Dor.jpg","type":"image\/jpeg"}],"author":"Lo viste en Los Pol\u00edticos","twitter_card":"summary_large_image","twitter_creator":"@LosPoliticosVer","twitter_site":"@LosPoliticosVer","twitter_misc":{"Escrito por":"Lo viste en Los Pol\u00edticos","Tiempo de lectura":"5 minutos"},"schema":{"@context":"https:\/\/schema.org","@graph":[{"@type":"Article","@id":"https:\/\/lospoliticosveracruz.com\/?p=99696#article","isPartOf":{"@id":"https:\/\/lospoliticosveracruz.com\/?p=99696"},"author":{"name":"Lo viste en Los Pol\u00edticos","@id":"https:\/\/lospoliticosveracruz.com\/#\/schema\/person\/b8702bb0e538456e6efd07080bf2a4a2"},"headline":"PODER JUDICIAL, SIN CAMBIOS","datePublished":"2022-12-07T22:56:28+00:00","dateModified":"2022-12-07T22:56:33+00:00","mainEntityOfPage":{"@id":"https:\/\/lospoliticosveracruz.com\/?p=99696"},"wordCount":1073,"publisher":{"@id":"https:\/\/lospoliticosveracruz.com\/#organization"},"keywords":["INE","Lisbeth Aurelia Jim\u00e9nez Aguirre","Morena"],"articleSection":["De Opini\u00f3n"],"inLanguage":"es"},{"@type":"WebPage","@id":"https:\/\/lospoliticosveracruz.com\/?p=99696","url":"https:\/\/lospoliticosveracruz.com\/?p=99696","name":"PODER JUDICIAL, SIN CAMBIOS - Los pol\u00edticos Veracruz","isPartOf":{"@id":"https:\/\/lospoliticosveracruz.com\/#website"},"datePublished":"2022-12-07T22:56:28+00:00","dateModified":"2022-12-07T22:56:33+00:00","breadcrumb":{"@id":"https:\/\/lospoliticosveracruz.com\/?p=99696#breadcrumb"},"inLanguage":"es","potentialAction":[{"@type":"ReadAction","target":["https:\/\/lospoliticosveracruz.com\/?p=99696"]}]},{"@type":"BreadcrumbList","@id":"https:\/\/lospoliticosveracruz.com\/?p=99696#breadcrumb","itemListElement":[{"@type":"ListItem","position":1,"name":"Portada","item":"https:\/\/lospoliticosveracruz.com\/"},{"@type":"ListItem","position":2,"name":"PODER JUDICIAL, SIN CAMBIOS"}]},{"@type":"WebSite","@id":"https:\/\/lospoliticosveracruz.com\/#website","url":"https:\/\/lospoliticosveracruz.com\/","name":"Los pol\u00edticos Veracruz","description":"","publisher":{"@id":"https:\/\/lospoliticosveracruz.com\/#organization"},"potentialAction":[{"@type":"SearchAction","target":{"@type":"EntryPoint","urlTemplate":"https:\/\/lospoliticosveracruz.com\/?s={search_term_string}"},"query-input":{"@type":"PropertyValueSpecification","valueRequired":true,"valueName":"search_term_string"}}],"inLanguage":"es"},{"@type":"Organization","@id":"https:\/\/lospoliticosveracruz.com\/#organization","name":"Los pol\u00edticos Veracruz","url":"https:\/\/lospoliticosveracruz.com\/","logo":{"@type":"ImageObject","inLanguage":"es","@id":"https:\/\/lospoliticosveracruz.com\/#\/schema\/logo\/image\/","url":"https:\/\/lospoliticosveracruz.com\/wp-content\/uploads\/2025\/12\/Logo-Nuevo-LOS-POLITICOS-1.jpg","contentUrl":"https:\/\/lospoliticosveracruz.com\/wp-content\/uploads\/2025\/12\/Logo-Nuevo-LOS-POLITICOS-1.jpg","width":260,"height":70,"caption":"Los pol\u00edticos Veracruz"},"image":{"@id":"https:\/\/lospoliticosveracruz.com\/#\/schema\/logo\/image\/"},"sameAs":["https:\/\/www.facebook.com\/people\/Notimemes-de-los-Polticos\/61565672886568\/","https:\/\/x.com\/LosPoliticosVer"]},{"@type":"Person","@id":"https:\/\/lospoliticosveracruz.com\/#\/schema\/person\/b8702bb0e538456e6efd07080bf2a4a2","name":"Lo viste en Los Pol\u00edticos","image":{"@type":"ImageObject","inLanguage":"es","@id":"https:\/\/secure.gravatar.com\/avatar\/3a8de04a2656d44082be478bd6c086daa447c4651605818287b9532d3d0bd435?s=96&d=mm&r=g","url":"https:\/\/secure.gravatar.com\/avatar\/3a8de04a2656d44082be478bd6c086daa447c4651605818287b9532d3d0bd435?s=96&d=mm&r=g","contentUrl":"https:\/\/secure.gravatar.com\/avatar\/3a8de04a2656d44082be478bd6c086daa447c4651605818287b9532d3d0bd435?s=96&d=mm&r=g","caption":"Lo viste en Los Pol\u00edticos"},"url":"https:\/\/lospoliticosveracruz.com\/?author=2"}]}},"_links":{"self":[{"href":"https:\/\/lospoliticosveracruz.com\/index.php?rest_route=\/wp\/v2\/posts\/99696","targetHints":{"allow":["GET"]}}],"collection":[{"href":"https:\/\/lospoliticosveracruz.com\/index.php?rest_route=\/wp\/v2\/posts"}],"about":[{"href":"https:\/\/lospoliticosveracruz.com\/index.php?rest_route=\/wp\/v2\/types\/post"}],"author":[{"embeddable":true,"href":"https:\/\/lospoliticosveracruz.com\/index.php?rest_route=\/wp\/v2\/users\/2"}],"replies":[{"embeddable":true,"href":"https:\/\/lospoliticosveracruz.com\/index.php?rest_route=%2Fwp%2Fv2%2Fcomments&post=99696"}],"version-history":[{"count":1,"href":"https:\/\/lospoliticosveracruz.com\/index.php?rest_route=\/wp\/v2\/posts\/99696\/revisions"}],"predecessor-version":[{"id":99698,"href":"https:\/\/lospoliticosveracruz.com\/index.php?rest_route=\/wp\/v2\/posts\/99696\/revisions\/99698"}],"wp:attachment":[{"href":"https:\/\/lospoliticosveracruz.com\/index.php?rest_route=%2Fwp%2Fv2%2Fmedia&parent=99696"}],"wp:term":[{"taxonomy":"category","embeddable":true,"href":"https:\/\/lospoliticosveracruz.com\/index.php?rest_route=%2Fwp%2Fv2%2Fcategories&post=99696"},{"taxonomy":"post_tag","embeddable":true,"href":"https:\/\/lospoliticosveracruz.com\/index.php?rest_route=%2Fwp%2Fv2%2Ftags&post=99696"}],"curies":[{"name":"wp","href":"https:\/\/api.w.org\/{rel}","templated":true}]}}