{"id":9970,"date":"2007-05-18T20:24:00","date_gmt":"2007-05-18T20:24:00","guid":{"rendered":"http:\/\/www.lospoliticosveracruz.com.mx\/?p=9970"},"modified":"2014-10-09T03:09:24","modified_gmt":"2014-10-09T03:09:24","slug":"entrevista-a-shakira","status":"publish","type":"post","link":"https:\/\/lospoliticosveracruz.com\/?p=9970","title":{"rendered":"\u00a1Entrevista a Shakira!"},"content":{"rendered":"<p>Salvador Mu\u00f1oz<\/p>\n<p>Ah\u00ed estaba. Ense\u00f1ando a mover cadera a dos que tres funcionarias y alguno que otro funcionario. No pod\u00edamos evitar la entrevista y deleitarnos la vista \u2013con la cantante, por supuesto\u2013 y nos acercamos a la colombiana\u2026 tranquilo V\u00edctor, quise decir, a la cantante de Barranquilla.<br \/><strong>\u2013\u00bfNos podr\u00eda conceder unos minutos, Shakira\u2026?<\/strong><br \/>\u2013\u201cTe lo agradezco, pero no\u2026\u201d<br \/><strong>\u2013\u00a1Oiga\u2026 s\u00f3lo unos minutos! Somos prensa\u2026<\/strong><br \/>\u2013Lo s\u00e9 nada m\u00e1s estaba ensayando mi \u00faltima canci\u00f3n con Alejandro Sanz\u2026 \u00bfqu\u00e9 se te ofrece?<br \/><strong>\u2013Ah, saber c\u00f3mo la ha tratado M\u00e9xico y sobre todo Veracruz\u2026<\/strong><br \/>\u2013De maravilla, hasta me siento como en mi casa\u2026<br \/><strong>\u2013\u00bfEn serio?<\/strong><br \/>\u2013S\u00ed, porque en Barranquilla, cuando ni\u00f1a, dec\u00edan que cantaba como chivo y ac\u00e1 nada m\u00e1s se oye c\u00f3mo cantan los cuernos de chivo\u2026<br \/><strong>\u2013Eh\u2026 veo que est\u00e1 enterada de la situaci\u00f3n del pa\u00eds\u2026<\/strong><br \/>\u2013\u201cCiega, sordomuda\u201d nada m\u00e1s es el t\u00edtulo de una de mis canciones\u2026 ahora s\u00ed, como dijera Eugenio Derbez: \u00a1Preg\u00fauuntame! \u00a1Preg\u00fauuntame!<br \/><strong>\u2013No, no le vayan a aplicar el 33, mejor d\u00edgame: tienen dedicatoria algunas de sus canciones que present\u00f3 en el Pirata?<br \/><\/strong>\u2013\u00a1Claro! Como supe que estuvo por ac\u00e1 hace poco Miguel Alem\u00e1n, le dediqu\u00e9 una\u2026<br \/><strong>\u2013\u00bfCu\u00e1l?<\/strong><br \/>\u2013\u201c\u00bfD\u00f3nde est\u00e1n los ladrones?\u201d<br \/><strong>\u2013Ah\u2026 esa est\u00e1 bonita\u2026 \u00bfy a qui\u00e9n m\u00e1s?<\/strong><br \/>\u2013A mi amigo Emeterio L\u00f3pez M\u00e1rquez le cant\u00e9\u2026<br \/><strong>\u2013D\u00e9jeme adivinar: \u201cTe aviso, te anuncio, que hoy renuncio, a tus negocios sucios\u2026\u201d<\/strong><br \/>\u2013No, reportero, no, te fall\u00f3\u2026 le cant\u00e9 \u201c\u00bfD\u00f3nde est\u00e1s coraz\u00f3n?\u201d\u2026 porque no lo vi\u2026<br \/><strong>\u2013Pues yo creo que se fue a ver el partido de Chivas contra Am\u00e9rica a Guadalajara&#8230; pero, \u00bfhubo otras dedicadas?<\/strong><br \/>\u2013El Gobernador me pidi\u00f3 que le dedicara una al mismo Emeterio: \u201cSi te vas\u201d.<br \/><strong>\u2013\u00bfHubo m\u00e1s?<\/strong><br \/>\u2013Ah claro, a Alfredo G\u00e1ndara le cant\u00e9 esta \u201c\u00a1Ojos as\u00ed!\u201d<br \/><strong>\u2013\u00bfA poco es bien\u2026?<\/strong><br \/>\u2013\u00a1Encantador!<br \/><strong>\u2013Bueno, mejor cambiamos de tema: Oiga, usted tiene sangre libanesa, verdad\u2026 Ac\u00e1 en Veracruz tambi\u00e9n tenemos a nuestro Shakira, el del gas Mabarak\u2026<br \/><\/strong>\u2013Ah pero yo soy Mebarak. \u00bfY sabes qu\u00e9 significa Shakira en \u00e1rabe?<br \/><strong>\u2013\u00a1No!<\/strong><br \/>\u2013\u00a1Llena de gracia!<br \/><strong>\u2013\u00bfC\u00f3mo Duarte, Nemi, G\u00e1ndara y Juan de Dios?<\/strong><br \/>\u2013Dije \u201cGracia, gracia\u201d\u2026<br \/><strong>\u2013Entiendo. Tiene admiradores libaneses \u00bfno?<br \/><\/strong>\u2013Ah, claro\u2026 libaneses, \u00e1rabes, turcos, etc\u00e9tera\u2026 por cierto, tengo unos admiradores que siguieron mi carrera desde que era ni\u00f1a: Un tal Kuri y un tal Yunes\u2026<br \/><strong>\u2013\u00a1Huy! \u00a1Pues con eso de que hay muchos Yunes por ac\u00e1, qui\u00e9n sabe cu\u00e1l sea! Ya para concluir: en pr\u00f3ximas fechas habr\u00e1 elecciones\u2026 \u00bfalguna canci\u00f3n para los candidatos a diputados y alcaldes en general?<\/strong><br \/>\u2013\u00a1La de La Tortura!<br \/><strong>\u2013Cante un pedacito, \u00bfs\u00ed?<br \/><\/strong>\u2013AAaaay&#8230; A otro perro con ese hueso y nos decimos adi\u00f3s\u2026 AAaaay&#8230; A otro perro con ese hueso y nos decimos adi\u00f3s\u2026<br \/>Y le dijimos adi\u00f3s.<\/p>\n<p>e-mail: <a href=\"mailto:dor00@hotmail.com\">dor00@hotmail.com<\/a><\/p>\n","protected":false},"excerpt":{"rendered":"<p>Salvador Mu\u00f1oz Ah\u00ed estaba. Ense\u00f1ando a mover cadera a dos que tres funcionarias y alguno que otro funcionario. No pod\u00edamos evitar la entrevista y deleitarnos la vista \u2013con la cantante, por supuesto\u2013 y nos acercamos a la colombiana\u2026 tranquilo V\u00edctor, quise decir, a la cantante de Barranquilla.\u2013\u00bfNos podr\u00eda conceder unos minutos, Shakira\u2026?\u2013\u201cTe lo agradezco, pero [&hellip;]<\/p>\n","protected":false},"author":1,"featured_media":0,"comment_status":"open","ping_status":"open","sticky":false,"template":"","format":"standard","meta":{"tdm_status":"","tdm_grid_status":"","footnotes":""},"categories":[1],"tags":[],"class_list":{"0":"post-9970","1":"post","2":"type-post","3":"status-publish","4":"format-standard","6":"category-sin-categoria"},"yoast_head":"<!-- This site is optimized with the Yoast SEO plugin v27.4 - https:\/\/yoast.com\/product\/yoast-seo-wordpress\/ -->\n<title>\u00a1Entrevista a Shakira! - Los pol\u00edticos Veracruz<\/title>\n<meta name=\"robots\" content=\"index, follow, max-snippet:-1, max-image-preview:large, max-video-preview:-1\" \/>\n<link rel=\"canonical\" href=\"https:\/\/lospoliticosveracruz.com\/?p=9970\" \/>\n<meta property=\"og:locale\" content=\"es_ES\" \/>\n<meta property=\"og:type\" content=\"article\" \/>\n<meta property=\"og:title\" content=\"\u00a1Entrevista a Shakira! - Los pol\u00edticos Veracruz\" \/>\n<meta property=\"og:description\" content=\"Salvador Mu\u00f1oz Ah\u00ed estaba. Ense\u00f1ando a mover cadera a dos que tres funcionarias y alguno que otro funcionario. No pod\u00edamos evitar la entrevista y deleitarnos la vista \u2013con la cantante, por supuesto\u2013 y nos acercamos a la colombiana\u2026 tranquilo V\u00edctor, quise decir, a la cantante de Barranquilla.\u2013\u00bfNos podr\u00eda conceder unos minutos, Shakira\u2026?\u2013\u201cTe lo agradezco, pero [&hellip;]\" \/>\n<meta property=\"og:url\" content=\"https:\/\/lospoliticosveracruz.com\/?p=9970\" \/>\n<meta property=\"og:site_name\" content=\"Los pol\u00edticos Veracruz\" \/>\n<meta property=\"article:publisher\" content=\"https:\/\/www.facebook.com\/people\/Notimemes-de-los-Polticos\/61565672886568\/\" \/>\n<meta property=\"article:published_time\" content=\"2007-05-18T20:24:00+00:00\" \/>\n<meta property=\"article:modified_time\" content=\"2014-10-09T03:09:24+00:00\" \/>\n<meta property=\"og:image\" content=\"https:\/\/lospoliticosveracruz.com\/wp-content\/uploads\/2016\/07\/Logo-Dor.jpg\" \/>\n\t<meta property=\"og:image:width\" content=\"200\" \/>\n\t<meta property=\"og:image:height\" content=\"200\" \/>\n\t<meta property=\"og:image:type\" content=\"image\/jpeg\" \/>\n<meta name=\"author\" content=\"lospoladmin\" \/>\n<meta name=\"twitter:card\" content=\"summary_large_image\" \/>\n<meta name=\"twitter:creator\" content=\"@LosPoliticosVer\" \/>\n<meta name=\"twitter:site\" content=\"@LosPoliticosVer\" \/>\n<meta name=\"twitter:label1\" content=\"Escrito por\" \/>\n\t<meta name=\"twitter:data1\" content=\"lospoladmin\" \/>\n\t<meta name=\"twitter:label2\" content=\"Tiempo de lectura\" \/>\n\t<meta name=\"twitter:data2\" content=\"2 minutos\" \/>\n<script type=\"application\/ld+json\" class=\"yoast-schema-graph\">{\"@context\":\"https:\\\/\\\/schema.org\",\"@graph\":[{\"@type\":\"Article\",\"@id\":\"https:\\\/\\\/lospoliticosveracruz.com\\\/?p=9970#article\",\"isPartOf\":{\"@id\":\"https:\\\/\\\/lospoliticosveracruz.com\\\/?p=9970\"},\"author\":{\"name\":\"lospoladmin\",\"@id\":\"https:\\\/\\\/lospoliticosveracruz.com\\\/#\\\/schema\\\/person\\\/c5fee8df75ee4700bd7f8e92859bd696\"},\"headline\":\"\u00a1Entrevista a Shakira!\",\"datePublished\":\"2007-05-18T20:24:00+00:00\",\"dateModified\":\"2014-10-09T03:09:24+00:00\",\"mainEntityOfPage\":{\"@id\":\"https:\\\/\\\/lospoliticosveracruz.com\\\/?p=9970\"},\"wordCount\":492,\"commentCount\":0,\"publisher\":{\"@id\":\"https:\\\/\\\/lospoliticosveracruz.com\\\/#organization\"},\"inLanguage\":\"es\",\"potentialAction\":[{\"@type\":\"CommentAction\",\"name\":\"Comment\",\"target\":[\"https:\\\/\\\/lospoliticosveracruz.com\\\/?p=9970#respond\"]}]},{\"@type\":\"WebPage\",\"@id\":\"https:\\\/\\\/lospoliticosveracruz.com\\\/?p=9970\",\"url\":\"https:\\\/\\\/lospoliticosveracruz.com\\\/?p=9970\",\"name\":\"\u00a1Entrevista a Shakira! - Los pol\u00edticos Veracruz\",\"isPartOf\":{\"@id\":\"https:\\\/\\\/lospoliticosveracruz.com\\\/#website\"},\"datePublished\":\"2007-05-18T20:24:00+00:00\",\"dateModified\":\"2014-10-09T03:09:24+00:00\",\"breadcrumb\":{\"@id\":\"https:\\\/\\\/lospoliticosveracruz.com\\\/?p=9970#breadcrumb\"},\"inLanguage\":\"es\",\"potentialAction\":[{\"@type\":\"ReadAction\",\"target\":[\"https:\\\/\\\/lospoliticosveracruz.com\\\/?p=9970\"]}]},{\"@type\":\"BreadcrumbList\",\"@id\":\"https:\\\/\\\/lospoliticosveracruz.com\\\/?p=9970#breadcrumb\",\"itemListElement\":[{\"@type\":\"ListItem\",\"position\":1,\"name\":\"Portada\",\"item\":\"https:\\\/\\\/lospoliticosveracruz.com\\\/\"},{\"@type\":\"ListItem\",\"position\":2,\"name\":\"\u00a1Entrevista a Shakira!\"}]},{\"@type\":\"WebSite\",\"@id\":\"https:\\\/\\\/lospoliticosveracruz.com\\\/#website\",\"url\":\"https:\\\/\\\/lospoliticosveracruz.com\\\/\",\"name\":\"Los pol\u00edticos Veracruz\",\"description\":\"\",\"publisher\":{\"@id\":\"https:\\\/\\\/lospoliticosveracruz.com\\\/#organization\"},\"potentialAction\":[{\"@type\":\"SearchAction\",\"target\":{\"@type\":\"EntryPoint\",\"urlTemplate\":\"https:\\\/\\\/lospoliticosveracruz.com\\\/?s={search_term_string}\"},\"query-input\":{\"@type\":\"PropertyValueSpecification\",\"valueRequired\":true,\"valueName\":\"search_term_string\"}}],\"inLanguage\":\"es\"},{\"@type\":\"Organization\",\"@id\":\"https:\\\/\\\/lospoliticosveracruz.com\\\/#organization\",\"name\":\"Los pol\u00edticos Veracruz\",\"url\":\"https:\\\/\\\/lospoliticosveracruz.com\\\/\",\"logo\":{\"@type\":\"ImageObject\",\"inLanguage\":\"es\",\"@id\":\"https:\\\/\\\/lospoliticosveracruz.com\\\/#\\\/schema\\\/logo\\\/image\\\/\",\"url\":\"https:\\\/\\\/lospoliticosveracruz.com\\\/wp-content\\\/uploads\\\/2025\\\/12\\\/Logo-Nuevo-LOS-POLITICOS-1.jpg\",\"contentUrl\":\"https:\\\/\\\/lospoliticosveracruz.com\\\/wp-content\\\/uploads\\\/2025\\\/12\\\/Logo-Nuevo-LOS-POLITICOS-1.jpg\",\"width\":260,\"height\":70,\"caption\":\"Los pol\u00edticos Veracruz\"},\"image\":{\"@id\":\"https:\\\/\\\/lospoliticosveracruz.com\\\/#\\\/schema\\\/logo\\\/image\\\/\"},\"sameAs\":[\"https:\\\/\\\/www.facebook.com\\\/people\\\/Notimemes-de-los-Polticos\\\/61565672886568\\\/\",\"https:\\\/\\\/x.com\\\/LosPoliticosVer\"]},{\"@type\":\"Person\",\"@id\":\"https:\\\/\\\/lospoliticosveracruz.com\\\/#\\\/schema\\\/person\\\/c5fee8df75ee4700bd7f8e92859bd696\",\"name\":\"lospoladmin\",\"image\":{\"@type\":\"ImageObject\",\"inLanguage\":\"es\",\"@id\":\"https:\\\/\\\/secure.gravatar.com\\\/avatar\\\/f4a468785695515895c4d618820f242e33d3d72a0284244a0fad6d19795cb724?s=96&d=mm&r=g\",\"url\":\"https:\\\/\\\/secure.gravatar.com\\\/avatar\\\/f4a468785695515895c4d618820f242e33d3d72a0284244a0fad6d19795cb724?s=96&d=mm&r=g\",\"contentUrl\":\"https:\\\/\\\/secure.gravatar.com\\\/avatar\\\/f4a468785695515895c4d618820f242e33d3d72a0284244a0fad6d19795cb724?s=96&d=mm&r=g\",\"caption\":\"lospoladmin\"},\"url\":\"https:\\\/\\\/lospoliticosveracruz.com\\\/?author=1\"}]}<\/script>\n<!-- \/ Yoast SEO plugin. -->","yoast_head_json":{"title":"\u00a1Entrevista a Shakira! - Los pol\u00edticos Veracruz","robots":{"index":"index","follow":"follow","max-snippet":"max-snippet:-1","max-image-preview":"max-image-preview:large","max-video-preview":"max-video-preview:-1"},"canonical":"https:\/\/lospoliticosveracruz.com\/?p=9970","og_locale":"es_ES","og_type":"article","og_title":"\u00a1Entrevista a Shakira! - Los pol\u00edticos Veracruz","og_description":"Salvador Mu\u00f1oz Ah\u00ed estaba. Ense\u00f1ando a mover cadera a dos que tres funcionarias y alguno que otro funcionario. No pod\u00edamos evitar la entrevista y deleitarnos la vista \u2013con la cantante, por supuesto\u2013 y nos acercamos a la colombiana\u2026 tranquilo V\u00edctor, quise decir, a la cantante de Barranquilla.\u2013\u00bfNos podr\u00eda conceder unos minutos, Shakira\u2026?\u2013\u201cTe lo agradezco, pero [&hellip;]","og_url":"https:\/\/lospoliticosveracruz.com\/?p=9970","og_site_name":"Los pol\u00edticos Veracruz","article_publisher":"https:\/\/www.facebook.com\/people\/Notimemes-de-los-Polticos\/61565672886568\/","article_published_time":"2007-05-18T20:24:00+00:00","article_modified_time":"2014-10-09T03:09:24+00:00","og_image":[{"width":200,"height":200,"url":"https:\/\/lospoliticosveracruz.com\/wp-content\/uploads\/2016\/07\/Logo-Dor.jpg","type":"image\/jpeg"}],"author":"lospoladmin","twitter_card":"summary_large_image","twitter_creator":"@LosPoliticosVer","twitter_site":"@LosPoliticosVer","twitter_misc":{"Escrito por":"lospoladmin","Tiempo de lectura":"2 minutos"},"schema":{"@context":"https:\/\/schema.org","@graph":[{"@type":"Article","@id":"https:\/\/lospoliticosveracruz.com\/?p=9970#article","isPartOf":{"@id":"https:\/\/lospoliticosveracruz.com\/?p=9970"},"author":{"name":"lospoladmin","@id":"https:\/\/lospoliticosveracruz.com\/#\/schema\/person\/c5fee8df75ee4700bd7f8e92859bd696"},"headline":"\u00a1Entrevista a Shakira!","datePublished":"2007-05-18T20:24:00+00:00","dateModified":"2014-10-09T03:09:24+00:00","mainEntityOfPage":{"@id":"https:\/\/lospoliticosveracruz.com\/?p=9970"},"wordCount":492,"commentCount":0,"publisher":{"@id":"https:\/\/lospoliticosveracruz.com\/#organization"},"inLanguage":"es","potentialAction":[{"@type":"CommentAction","name":"Comment","target":["https:\/\/lospoliticosveracruz.com\/?p=9970#respond"]}]},{"@type":"WebPage","@id":"https:\/\/lospoliticosveracruz.com\/?p=9970","url":"https:\/\/lospoliticosveracruz.com\/?p=9970","name":"\u00a1Entrevista a Shakira! - Los pol\u00edticos Veracruz","isPartOf":{"@id":"https:\/\/lospoliticosveracruz.com\/#website"},"datePublished":"2007-05-18T20:24:00+00:00","dateModified":"2014-10-09T03:09:24+00:00","breadcrumb":{"@id":"https:\/\/lospoliticosveracruz.com\/?p=9970#breadcrumb"},"inLanguage":"es","potentialAction":[{"@type":"ReadAction","target":["https:\/\/lospoliticosveracruz.com\/?p=9970"]}]},{"@type":"BreadcrumbList","@id":"https:\/\/lospoliticosveracruz.com\/?p=9970#breadcrumb","itemListElement":[{"@type":"ListItem","position":1,"name":"Portada","item":"https:\/\/lospoliticosveracruz.com\/"},{"@type":"ListItem","position":2,"name":"\u00a1Entrevista a Shakira!"}]},{"@type":"WebSite","@id":"https:\/\/lospoliticosveracruz.com\/#website","url":"https:\/\/lospoliticosveracruz.com\/","name":"Los pol\u00edticos Veracruz","description":"","publisher":{"@id":"https:\/\/lospoliticosveracruz.com\/#organization"},"potentialAction":[{"@type":"SearchAction","target":{"@type":"EntryPoint","urlTemplate":"https:\/\/lospoliticosveracruz.com\/?s={search_term_string}"},"query-input":{"@type":"PropertyValueSpecification","valueRequired":true,"valueName":"search_term_string"}}],"inLanguage":"es"},{"@type":"Organization","@id":"https:\/\/lospoliticosveracruz.com\/#organization","name":"Los pol\u00edticos Veracruz","url":"https:\/\/lospoliticosveracruz.com\/","logo":{"@type":"ImageObject","inLanguage":"es","@id":"https:\/\/lospoliticosveracruz.com\/#\/schema\/logo\/image\/","url":"https:\/\/lospoliticosveracruz.com\/wp-content\/uploads\/2025\/12\/Logo-Nuevo-LOS-POLITICOS-1.jpg","contentUrl":"https:\/\/lospoliticosveracruz.com\/wp-content\/uploads\/2025\/12\/Logo-Nuevo-LOS-POLITICOS-1.jpg","width":260,"height":70,"caption":"Los pol\u00edticos Veracruz"},"image":{"@id":"https:\/\/lospoliticosveracruz.com\/#\/schema\/logo\/image\/"},"sameAs":["https:\/\/www.facebook.com\/people\/Notimemes-de-los-Polticos\/61565672886568\/","https:\/\/x.com\/LosPoliticosVer"]},{"@type":"Person","@id":"https:\/\/lospoliticosveracruz.com\/#\/schema\/person\/c5fee8df75ee4700bd7f8e92859bd696","name":"lospoladmin","image":{"@type":"ImageObject","inLanguage":"es","@id":"https:\/\/secure.gravatar.com\/avatar\/f4a468785695515895c4d618820f242e33d3d72a0284244a0fad6d19795cb724?s=96&d=mm&r=g","url":"https:\/\/secure.gravatar.com\/avatar\/f4a468785695515895c4d618820f242e33d3d72a0284244a0fad6d19795cb724?s=96&d=mm&r=g","contentUrl":"https:\/\/secure.gravatar.com\/avatar\/f4a468785695515895c4d618820f242e33d3d72a0284244a0fad6d19795cb724?s=96&d=mm&r=g","caption":"lospoladmin"},"url":"https:\/\/lospoliticosveracruz.com\/?author=1"}]}},"_links":{"self":[{"href":"https:\/\/lospoliticosveracruz.com\/index.php?rest_route=\/wp\/v2\/posts\/9970","targetHints":{"allow":["GET"]}}],"collection":[{"href":"https:\/\/lospoliticosveracruz.com\/index.php?rest_route=\/wp\/v2\/posts"}],"about":[{"href":"https:\/\/lospoliticosveracruz.com\/index.php?rest_route=\/wp\/v2\/types\/post"}],"author":[{"embeddable":true,"href":"https:\/\/lospoliticosveracruz.com\/index.php?rest_route=\/wp\/v2\/users\/1"}],"replies":[{"embeddable":true,"href":"https:\/\/lospoliticosveracruz.com\/index.php?rest_route=%2Fwp%2Fv2%2Fcomments&post=9970"}],"version-history":[{"count":0,"href":"https:\/\/lospoliticosveracruz.com\/index.php?rest_route=\/wp\/v2\/posts\/9970\/revisions"}],"wp:attachment":[{"href":"https:\/\/lospoliticosveracruz.com\/index.php?rest_route=%2Fwp%2Fv2%2Fmedia&parent=9970"}],"wp:term":[{"taxonomy":"category","embeddable":true,"href":"https:\/\/lospoliticosveracruz.com\/index.php?rest_route=%2Fwp%2Fv2%2Fcategories&post=9970"},{"taxonomy":"post_tag","embeddable":true,"href":"https:\/\/lospoliticosveracruz.com\/index.php?rest_route=%2Fwp%2Fv2%2Ftags&post=9970"}],"curies":[{"name":"wp","href":"https:\/\/api.w.org\/{rel}","templated":true}]}}