{"id":99767,"date":"2022-12-09T07:45:10","date_gmt":"2022-12-09T13:45:10","guid":{"rendered":"https:\/\/lospoliticosveracruz.com.mx\/?p=99767"},"modified":"2022-12-09T07:45:16","modified_gmt":"2022-12-09T13:45:16","slug":"unidos","status":"publish","type":"post","link":"https:\/\/lospoliticosveracruz.com\/?p=99767","title":{"rendered":"UNIDOS"},"content":{"rendered":"\n<p><strong>Guadalupe H. Mar<br><\/strong><em>Mira Pol\u00edtica<\/em><\/p>\n\n\n\n<p>POR LOS CAPRICHOS\u2026 Luego de que en principio la C\u00e1mara de Diputados aprob\u00f3 el llamado \u201cPlan B\u201d de la reforma electoral propuesta por el presidente de la rep\u00fablica Andr\u00e9s Manuel L\u00f3pez Obrador, diversas organizaciones, entre ellas la Confederaci\u00f3n Patronal de la Rep\u00fablica Mexicana (Coparmex), han fijado su inconformidad en contra de esa pretendida acci\u00f3n gubernamental.<\/p>\n\n\n<div class=\"wp-block-image\">\n<figure class=\"alignleft size-full is-resized\"><a href=\"https:\/\/lospoliticosveracruz.com.mx\/wp-content\/uploads\/2021\/10\/Zacauilt.jpg\"><img loading=\"lazy\" decoding=\"async\" src=\"https:\/\/lospoliticosveracruz.com.mx\/wp-content\/uploads\/2021\/10\/Zacauilt.jpg\" alt=\"\" class=\"wp-image-80558\" width=\"175\" height=\"350\"\/><\/a><\/figure>\n<\/div>\n\n\n<p><br>En un comunicado que circul\u00f3 en todas las sedes regionales de la Coparmex, este el \u00fanico sindicato patronal precisa \u201cEl llamado Plan B representa un amago en contra de la democracia y un desaf\u00edo a los millones de ciudadanos que se manifestaron en todo el pa\u00eds; es una maniobra para desmantelar los organismos electorales y allanar el camino para elecciones con influencia del gobierno. No es fruto del consenso, sino de una imposici\u00f3n\u201d.<br>Al igual que Coparmex, otras organizaciones han fijado su postura negativa a esta reforma electoral, por lo que estaremos conociendo al paso de los d\u00edas, diversas posturas que ahondan m\u00e1s la brecha en la sociedad mexicana.<br>SERENO MORENO \u2026 Quiz\u00e1 la m\u00e1s r\u00edspida de las comparecencias de los secretarios de despacho del gobierno del estado de Veracruz, fue la del titular de la Secretar\u00eda estatal de Medio Ambiente (Sedema) Juan Carlos Contreras Bautista, cuyos m\u00e9ritos para el cargo se concentran en su a\u00f1eja amistad con el mandatario veracruzano, el ingeniero mec\u00e1nico electricista, Cuitl\u00e1huac Garc\u00eda Jim\u00e9nez.<br>Fue tan abrupta la comparecencia de Contreras Bautista, que hasta tarea para su casa le dejaron diputados locales, pues no supo dar respuesta a observaciones que le hicieron.<br>Fue m\u00e1s r\u00edspida la comparecencia porque afuera del recinto legislativo, un grupo de ex trabajadores de la Sedema se plantaron con lonas demandando desde la reinstalaci\u00f3n en sus empleos y se\u00f1alando graves actos de corrupci\u00f3n en esa secretar\u00eda de despacho, como, por ejemplo, con la adquisici\u00f3n, de varias casetas fijas de monitoreo de calidad del aire, en las que supuestamente se invirtieron m\u00e1s de 50 millones de pesos, pero sin previa licitaci\u00f3n.<br>Desafortunadamente para los veracruzanos la Contralor\u00eda General del Estado anda tan de cabeza, que no atina a ver siquiera lo que tiene enfrente.<br>CON CAUSA \u2026 Este s\u00e1bado, en el teatro Fernando Guti\u00e9rrez Barrios, en Boca del R\u00edo, se presentar\u00e1n Vivir Quintana, Prania Esponda y Dayra Fyah, en un concierto con causa denominado \u201cMarea Violeta\u201d, pues lo recaudado en esta campa\u00f1a se destinar\u00e1 a los 75 refugios que tiene la Red Nacional de Refugios (RNR) en el pa\u00eds.<br>PREMIO NACIONAL \u2026 Al mediod\u00eda de este viernes, all\u00e1 en la ciudad de M\u00e9xico, se llevar\u00e1 a cabo la ceremonia de entrega del Premio Nacional de Periodismo en sus distintas categor\u00edas, esto organizado por el Consejo Ciudadano que conforman diversas instituciones educativas y organizaciones, entre ellas la Universidad Veracruzana.<br>La periodista Adela Navarro Bello, Directora General del Semanario Zeta, ser\u00e1 la maestra de ceremonia en esta fiesta en donde se reconoce al periodismo de excelencia.<br>En la Ceremonia virtual de entrega del Premio Nacional de Periodismo 2021 estar\u00e1n ganadoras y ganadores, el grupo de jurado, las y los representantes de las instituciones que conforman el Consejo Ciudadano.<br>Si usted amable lectora y lector quiere seguir este evento, puede hacerlo a trav\u00e9s del Facebook en la liga <strong><em><a href=\"https:\/\/bit.ly\/3JdQ0hQ\">https:\/\/bit.ly\/3JdQ0hQ<\/a><\/em><\/strong><br>D\u00cdGALO SIN MIEDO \u2026 Al correo electr\u00f3nico guadalupehmar@yahoo.com<\/p>\n","protected":false},"excerpt":{"rendered":"<p>Guadalupe H. MarMira Pol\u00edtica POR LOS CAPRICHOS\u2026 Luego de que en principio la C\u00e1mara de Diputados aprob\u00f3 el llamado \u201cPlan B\u201d de la reforma electoral propuesta por el presidente de la rep\u00fablica Andr\u00e9s Manuel L\u00f3pez Obrador, diversas organizaciones, entre ellas la Confederaci\u00f3n Patronal de la Rep\u00fablica Mexicana (Coparmex), han fijado su inconformidad en contra de [&hellip;]<\/p>\n","protected":false},"author":2,"featured_media":0,"comment_status":"closed","ping_status":"closed","sticky":false,"template":"","format":"standard","meta":{"tdm_status":"","tdm_grid_status":"","footnotes":""},"categories":[70],"tags":[618,6293,1563,1606,29118,1026,1036],"class_list":{"0":"post-99767","1":"post","2":"type-post","3":"status-publish","4":"format-standard","6":"category-de-opinion","7":"tag-andres-manuel-lopez-obrador","8":"tag-coparmex","9":"tag-cuitlahuac-garcia-jimenez","10":"tag-guadalupe-h-mar","11":"tag-juan-carlos-contreras-bautista","12":"tag-morena","13":"tag-sedema"},"yoast_head":"<!-- This site is optimized with the Yoast SEO plugin v27.4 - https:\/\/yoast.com\/product\/yoast-seo-wordpress\/ -->\n<title>UNIDOS - Los pol\u00edticos Veracruz<\/title>\n<meta name=\"robots\" content=\"index, follow, max-snippet:-1, max-image-preview:large, max-video-preview:-1\" \/>\n<link rel=\"canonical\" href=\"https:\/\/lospoliticosveracruz.com\/?p=99767\" \/>\n<meta property=\"og:locale\" content=\"es_ES\" \/>\n<meta property=\"og:type\" content=\"article\" \/>\n<meta property=\"og:title\" content=\"UNIDOS - Los pol\u00edticos Veracruz\" \/>\n<meta property=\"og:description\" content=\"Guadalupe H. MarMira Pol\u00edtica POR LOS CAPRICHOS\u2026 Luego de que en principio la C\u00e1mara de Diputados aprob\u00f3 el llamado \u201cPlan B\u201d de la reforma electoral propuesta por el presidente de la rep\u00fablica Andr\u00e9s Manuel L\u00f3pez Obrador, diversas organizaciones, entre ellas la Confederaci\u00f3n Patronal de la Rep\u00fablica Mexicana (Coparmex), han fijado su inconformidad en contra de [&hellip;]\" \/>\n<meta property=\"og:url\" content=\"https:\/\/lospoliticosveracruz.com\/?p=99767\" \/>\n<meta property=\"og:site_name\" content=\"Los pol\u00edticos Veracruz\" \/>\n<meta property=\"article:publisher\" content=\"https:\/\/www.facebook.com\/people\/Notimemes-de-los-Polticos\/61565672886568\/\" \/>\n<meta property=\"article:published_time\" content=\"2022-12-09T13:45:10+00:00\" \/>\n<meta property=\"article:modified_time\" content=\"2022-12-09T13:45:16+00:00\" \/>\n<meta property=\"og:image\" content=\"https:\/\/lospoliticosveracruz.com.mx\/wp-content\/uploads\/2021\/10\/Zacauilt.jpg\" \/>\n<meta name=\"author\" content=\"Lo viste en Los Pol\u00edticos\" \/>\n<meta name=\"twitter:card\" content=\"summary_large_image\" \/>\n<meta name=\"twitter:creator\" content=\"@LosPoliticosVer\" \/>\n<meta name=\"twitter:site\" content=\"@LosPoliticosVer\" \/>\n<meta name=\"twitter:label1\" content=\"Escrito por\" \/>\n\t<meta name=\"twitter:data1\" content=\"Lo viste en Los Pol\u00edticos\" \/>\n\t<meta name=\"twitter:label2\" content=\"Tiempo de lectura\" \/>\n\t<meta name=\"twitter:data2\" content=\"3 minutos\" \/>\n<script type=\"application\/ld+json\" class=\"yoast-schema-graph\">{\"@context\":\"https:\\\/\\\/schema.org\",\"@graph\":[{\"@type\":\"Article\",\"@id\":\"https:\\\/\\\/lospoliticosveracruz.com\\\/?p=99767#article\",\"isPartOf\":{\"@id\":\"https:\\\/\\\/lospoliticosveracruz.com\\\/?p=99767\"},\"author\":{\"name\":\"Lo viste en Los Pol\u00edticos\",\"@id\":\"https:\\\/\\\/lospoliticosveracruz.com\\\/#\\\/schema\\\/person\\\/b8702bb0e538456e6efd07080bf2a4a2\"},\"headline\":\"UNIDOS\",\"datePublished\":\"2022-12-09T13:45:10+00:00\",\"dateModified\":\"2022-12-09T13:45:16+00:00\",\"mainEntityOfPage\":{\"@id\":\"https:\\\/\\\/lospoliticosveracruz.com\\\/?p=99767\"},\"wordCount\":586,\"publisher\":{\"@id\":\"https:\\\/\\\/lospoliticosveracruz.com\\\/#organization\"},\"image\":{\"@id\":\"https:\\\/\\\/lospoliticosveracruz.com\\\/?p=99767#primaryimage\"},\"thumbnailUrl\":\"https:\\\/\\\/lospoliticosveracruz.com.mx\\\/wp-content\\\/uploads\\\/2021\\\/10\\\/Zacauilt.jpg\",\"keywords\":[\"Andr\u00e9s Manuel L\u00f3pez Obrador\",\"Coparmex\",\"Cuitl\u00e1huac Garc\u00eda Jim\u00e9nez\",\"Guadalupe H. Mar\",\"Juan Carlos Contreras Bautista\",\"Morena\",\"Sedema\"],\"articleSection\":[\"De Opini\u00f3n\"],\"inLanguage\":\"es\"},{\"@type\":\"WebPage\",\"@id\":\"https:\\\/\\\/lospoliticosveracruz.com\\\/?p=99767\",\"url\":\"https:\\\/\\\/lospoliticosveracruz.com\\\/?p=99767\",\"name\":\"UNIDOS - Los pol\u00edticos Veracruz\",\"isPartOf\":{\"@id\":\"https:\\\/\\\/lospoliticosveracruz.com\\\/#website\"},\"primaryImageOfPage\":{\"@id\":\"https:\\\/\\\/lospoliticosveracruz.com\\\/?p=99767#primaryimage\"},\"image\":{\"@id\":\"https:\\\/\\\/lospoliticosveracruz.com\\\/?p=99767#primaryimage\"},\"thumbnailUrl\":\"https:\\\/\\\/lospoliticosveracruz.com.mx\\\/wp-content\\\/uploads\\\/2021\\\/10\\\/Zacauilt.jpg\",\"datePublished\":\"2022-12-09T13:45:10+00:00\",\"dateModified\":\"2022-12-09T13:45:16+00:00\",\"breadcrumb\":{\"@id\":\"https:\\\/\\\/lospoliticosveracruz.com\\\/?p=99767#breadcrumb\"},\"inLanguage\":\"es\",\"potentialAction\":[{\"@type\":\"ReadAction\",\"target\":[\"https:\\\/\\\/lospoliticosveracruz.com\\\/?p=99767\"]}]},{\"@type\":\"ImageObject\",\"inLanguage\":\"es\",\"@id\":\"https:\\\/\\\/lospoliticosveracruz.com\\\/?p=99767#primaryimage\",\"url\":\"https:\\\/\\\/lospoliticosveracruz.com.mx\\\/wp-content\\\/uploads\\\/2021\\\/10\\\/Zacauilt.jpg\",\"contentUrl\":\"https:\\\/\\\/lospoliticosveracruz.com.mx\\\/wp-content\\\/uploads\\\/2021\\\/10\\\/Zacauilt.jpg\"},{\"@type\":\"BreadcrumbList\",\"@id\":\"https:\\\/\\\/lospoliticosveracruz.com\\\/?p=99767#breadcrumb\",\"itemListElement\":[{\"@type\":\"ListItem\",\"position\":1,\"name\":\"Portada\",\"item\":\"https:\\\/\\\/lospoliticosveracruz.com\\\/\"},{\"@type\":\"ListItem\",\"position\":2,\"name\":\"UNIDOS\"}]},{\"@type\":\"WebSite\",\"@id\":\"https:\\\/\\\/lospoliticosveracruz.com\\\/#website\",\"url\":\"https:\\\/\\\/lospoliticosveracruz.com\\\/\",\"name\":\"Los pol\u00edticos Veracruz\",\"description\":\"\",\"publisher\":{\"@id\":\"https:\\\/\\\/lospoliticosveracruz.com\\\/#organization\"},\"potentialAction\":[{\"@type\":\"SearchAction\",\"target\":{\"@type\":\"EntryPoint\",\"urlTemplate\":\"https:\\\/\\\/lospoliticosveracruz.com\\\/?s={search_term_string}\"},\"query-input\":{\"@type\":\"PropertyValueSpecification\",\"valueRequired\":true,\"valueName\":\"search_term_string\"}}],\"inLanguage\":\"es\"},{\"@type\":\"Organization\",\"@id\":\"https:\\\/\\\/lospoliticosveracruz.com\\\/#organization\",\"name\":\"Los pol\u00edticos Veracruz\",\"url\":\"https:\\\/\\\/lospoliticosveracruz.com\\\/\",\"logo\":{\"@type\":\"ImageObject\",\"inLanguage\":\"es\",\"@id\":\"https:\\\/\\\/lospoliticosveracruz.com\\\/#\\\/schema\\\/logo\\\/image\\\/\",\"url\":\"https:\\\/\\\/lospoliticosveracruz.com\\\/wp-content\\\/uploads\\\/2025\\\/12\\\/Logo-Nuevo-LOS-POLITICOS-1.jpg\",\"contentUrl\":\"https:\\\/\\\/lospoliticosveracruz.com\\\/wp-content\\\/uploads\\\/2025\\\/12\\\/Logo-Nuevo-LOS-POLITICOS-1.jpg\",\"width\":260,\"height\":70,\"caption\":\"Los pol\u00edticos Veracruz\"},\"image\":{\"@id\":\"https:\\\/\\\/lospoliticosveracruz.com\\\/#\\\/schema\\\/logo\\\/image\\\/\"},\"sameAs\":[\"https:\\\/\\\/www.facebook.com\\\/people\\\/Notimemes-de-los-Polticos\\\/61565672886568\\\/\",\"https:\\\/\\\/x.com\\\/LosPoliticosVer\"]},{\"@type\":\"Person\",\"@id\":\"https:\\\/\\\/lospoliticosveracruz.com\\\/#\\\/schema\\\/person\\\/b8702bb0e538456e6efd07080bf2a4a2\",\"name\":\"Lo viste en Los Pol\u00edticos\",\"image\":{\"@type\":\"ImageObject\",\"inLanguage\":\"es\",\"@id\":\"https:\\\/\\\/secure.gravatar.com\\\/avatar\\\/3a8de04a2656d44082be478bd6c086daa447c4651605818287b9532d3d0bd435?s=96&d=mm&r=g\",\"url\":\"https:\\\/\\\/secure.gravatar.com\\\/avatar\\\/3a8de04a2656d44082be478bd6c086daa447c4651605818287b9532d3d0bd435?s=96&d=mm&r=g\",\"contentUrl\":\"https:\\\/\\\/secure.gravatar.com\\\/avatar\\\/3a8de04a2656d44082be478bd6c086daa447c4651605818287b9532d3d0bd435?s=96&d=mm&r=g\",\"caption\":\"Lo viste en Los Pol\u00edticos\"},\"url\":\"https:\\\/\\\/lospoliticosveracruz.com\\\/?author=2\"}]}<\/script>\n<!-- \/ Yoast SEO plugin. -->","yoast_head_json":{"title":"UNIDOS - Los pol\u00edticos Veracruz","robots":{"index":"index","follow":"follow","max-snippet":"max-snippet:-1","max-image-preview":"max-image-preview:large","max-video-preview":"max-video-preview:-1"},"canonical":"https:\/\/lospoliticosveracruz.com\/?p=99767","og_locale":"es_ES","og_type":"article","og_title":"UNIDOS - Los pol\u00edticos Veracruz","og_description":"Guadalupe H. MarMira Pol\u00edtica POR LOS CAPRICHOS\u2026 Luego de que en principio la C\u00e1mara de Diputados aprob\u00f3 el llamado \u201cPlan B\u201d de la reforma electoral propuesta por el presidente de la rep\u00fablica Andr\u00e9s Manuel L\u00f3pez Obrador, diversas organizaciones, entre ellas la Confederaci\u00f3n Patronal de la Rep\u00fablica Mexicana (Coparmex), han fijado su inconformidad en contra de [&hellip;]","og_url":"https:\/\/lospoliticosveracruz.com\/?p=99767","og_site_name":"Los pol\u00edticos Veracruz","article_publisher":"https:\/\/www.facebook.com\/people\/Notimemes-de-los-Polticos\/61565672886568\/","article_published_time":"2022-12-09T13:45:10+00:00","article_modified_time":"2022-12-09T13:45:16+00:00","og_image":[{"url":"https:\/\/lospoliticosveracruz.com.mx\/wp-content\/uploads\/2021\/10\/Zacauilt.jpg","type":"","width":"","height":""}],"author":"Lo viste en Los Pol\u00edticos","twitter_card":"summary_large_image","twitter_creator":"@LosPoliticosVer","twitter_site":"@LosPoliticosVer","twitter_misc":{"Escrito por":"Lo viste en Los Pol\u00edticos","Tiempo de lectura":"3 minutos"},"schema":{"@context":"https:\/\/schema.org","@graph":[{"@type":"Article","@id":"https:\/\/lospoliticosveracruz.com\/?p=99767#article","isPartOf":{"@id":"https:\/\/lospoliticosveracruz.com\/?p=99767"},"author":{"name":"Lo viste en Los Pol\u00edticos","@id":"https:\/\/lospoliticosveracruz.com\/#\/schema\/person\/b8702bb0e538456e6efd07080bf2a4a2"},"headline":"UNIDOS","datePublished":"2022-12-09T13:45:10+00:00","dateModified":"2022-12-09T13:45:16+00:00","mainEntityOfPage":{"@id":"https:\/\/lospoliticosveracruz.com\/?p=99767"},"wordCount":586,"publisher":{"@id":"https:\/\/lospoliticosveracruz.com\/#organization"},"image":{"@id":"https:\/\/lospoliticosveracruz.com\/?p=99767#primaryimage"},"thumbnailUrl":"https:\/\/lospoliticosveracruz.com.mx\/wp-content\/uploads\/2021\/10\/Zacauilt.jpg","keywords":["Andr\u00e9s Manuel L\u00f3pez Obrador","Coparmex","Cuitl\u00e1huac Garc\u00eda Jim\u00e9nez","Guadalupe H. Mar","Juan Carlos Contreras Bautista","Morena","Sedema"],"articleSection":["De Opini\u00f3n"],"inLanguage":"es"},{"@type":"WebPage","@id":"https:\/\/lospoliticosveracruz.com\/?p=99767","url":"https:\/\/lospoliticosveracruz.com\/?p=99767","name":"UNIDOS - Los pol\u00edticos Veracruz","isPartOf":{"@id":"https:\/\/lospoliticosveracruz.com\/#website"},"primaryImageOfPage":{"@id":"https:\/\/lospoliticosveracruz.com\/?p=99767#primaryimage"},"image":{"@id":"https:\/\/lospoliticosveracruz.com\/?p=99767#primaryimage"},"thumbnailUrl":"https:\/\/lospoliticosveracruz.com.mx\/wp-content\/uploads\/2021\/10\/Zacauilt.jpg","datePublished":"2022-12-09T13:45:10+00:00","dateModified":"2022-12-09T13:45:16+00:00","breadcrumb":{"@id":"https:\/\/lospoliticosveracruz.com\/?p=99767#breadcrumb"},"inLanguage":"es","potentialAction":[{"@type":"ReadAction","target":["https:\/\/lospoliticosveracruz.com\/?p=99767"]}]},{"@type":"ImageObject","inLanguage":"es","@id":"https:\/\/lospoliticosveracruz.com\/?p=99767#primaryimage","url":"https:\/\/lospoliticosveracruz.com.mx\/wp-content\/uploads\/2021\/10\/Zacauilt.jpg","contentUrl":"https:\/\/lospoliticosveracruz.com.mx\/wp-content\/uploads\/2021\/10\/Zacauilt.jpg"},{"@type":"BreadcrumbList","@id":"https:\/\/lospoliticosveracruz.com\/?p=99767#breadcrumb","itemListElement":[{"@type":"ListItem","position":1,"name":"Portada","item":"https:\/\/lospoliticosveracruz.com\/"},{"@type":"ListItem","position":2,"name":"UNIDOS"}]},{"@type":"WebSite","@id":"https:\/\/lospoliticosveracruz.com\/#website","url":"https:\/\/lospoliticosveracruz.com\/","name":"Los pol\u00edticos Veracruz","description":"","publisher":{"@id":"https:\/\/lospoliticosveracruz.com\/#organization"},"potentialAction":[{"@type":"SearchAction","target":{"@type":"EntryPoint","urlTemplate":"https:\/\/lospoliticosveracruz.com\/?s={search_term_string}"},"query-input":{"@type":"PropertyValueSpecification","valueRequired":true,"valueName":"search_term_string"}}],"inLanguage":"es"},{"@type":"Organization","@id":"https:\/\/lospoliticosveracruz.com\/#organization","name":"Los pol\u00edticos Veracruz","url":"https:\/\/lospoliticosveracruz.com\/","logo":{"@type":"ImageObject","inLanguage":"es","@id":"https:\/\/lospoliticosveracruz.com\/#\/schema\/logo\/image\/","url":"https:\/\/lospoliticosveracruz.com\/wp-content\/uploads\/2025\/12\/Logo-Nuevo-LOS-POLITICOS-1.jpg","contentUrl":"https:\/\/lospoliticosveracruz.com\/wp-content\/uploads\/2025\/12\/Logo-Nuevo-LOS-POLITICOS-1.jpg","width":260,"height":70,"caption":"Los pol\u00edticos Veracruz"},"image":{"@id":"https:\/\/lospoliticosveracruz.com\/#\/schema\/logo\/image\/"},"sameAs":["https:\/\/www.facebook.com\/people\/Notimemes-de-los-Polticos\/61565672886568\/","https:\/\/x.com\/LosPoliticosVer"]},{"@type":"Person","@id":"https:\/\/lospoliticosveracruz.com\/#\/schema\/person\/b8702bb0e538456e6efd07080bf2a4a2","name":"Lo viste en Los Pol\u00edticos","image":{"@type":"ImageObject","inLanguage":"es","@id":"https:\/\/secure.gravatar.com\/avatar\/3a8de04a2656d44082be478bd6c086daa447c4651605818287b9532d3d0bd435?s=96&d=mm&r=g","url":"https:\/\/secure.gravatar.com\/avatar\/3a8de04a2656d44082be478bd6c086daa447c4651605818287b9532d3d0bd435?s=96&d=mm&r=g","contentUrl":"https:\/\/secure.gravatar.com\/avatar\/3a8de04a2656d44082be478bd6c086daa447c4651605818287b9532d3d0bd435?s=96&d=mm&r=g","caption":"Lo viste en Los Pol\u00edticos"},"url":"https:\/\/lospoliticosveracruz.com\/?author=2"}]}},"_links":{"self":[{"href":"https:\/\/lospoliticosveracruz.com\/index.php?rest_route=\/wp\/v2\/posts\/99767","targetHints":{"allow":["GET"]}}],"collection":[{"href":"https:\/\/lospoliticosveracruz.com\/index.php?rest_route=\/wp\/v2\/posts"}],"about":[{"href":"https:\/\/lospoliticosveracruz.com\/index.php?rest_route=\/wp\/v2\/types\/post"}],"author":[{"embeddable":true,"href":"https:\/\/lospoliticosveracruz.com\/index.php?rest_route=\/wp\/v2\/users\/2"}],"replies":[{"embeddable":true,"href":"https:\/\/lospoliticosveracruz.com\/index.php?rest_route=%2Fwp%2Fv2%2Fcomments&post=99767"}],"version-history":[{"count":1,"href":"https:\/\/lospoliticosveracruz.com\/index.php?rest_route=\/wp\/v2\/posts\/99767\/revisions"}],"predecessor-version":[{"id":99768,"href":"https:\/\/lospoliticosveracruz.com\/index.php?rest_route=\/wp\/v2\/posts\/99767\/revisions\/99768"}],"wp:attachment":[{"href":"https:\/\/lospoliticosveracruz.com\/index.php?rest_route=%2Fwp%2Fv2%2Fmedia&parent=99767"}],"wp:term":[{"taxonomy":"category","embeddable":true,"href":"https:\/\/lospoliticosveracruz.com\/index.php?rest_route=%2Fwp%2Fv2%2Fcategories&post=99767"},{"taxonomy":"post_tag","embeddable":true,"href":"https:\/\/lospoliticosveracruz.com\/index.php?rest_route=%2Fwp%2Fv2%2Ftags&post=99767"}],"curies":[{"name":"wp","href":"https:\/\/api.w.org\/{rel}","templated":true}]}}