{"id":9978,"date":"2007-04-24T00:14:00","date_gmt":"2007-04-24T00:14:00","guid":{"rendered":"http:\/\/www.lospoliticosveracruz.com.mx\/?p=9978"},"modified":"2014-10-09T03:09:26","modified_gmt":"2014-10-09T03:09:26","slug":"los-colores-de-montiel","status":"publish","type":"post","link":"https:\/\/lospoliticosveracruz.com\/?p=9978","title":{"rendered":"Los colores de Montiel"},"content":{"rendered":"<p>* Lengua de trapo<br \/>* El ladr\u00f3n y Tlacuilo<\/p>\n<p>Salvador Mu\u00f1oz<\/p>\n<p>\u00bfCu\u00e1l es la diferencia entre Marcelo Montiel y Fidel Herrera? Es muy sencilla. Aunque muchos dir\u00edan que Marcelo es un \u201ccaballo de Troya\u201d de Tom\u00e1s Ruiz y Miguel \u00c1ngel Yunes, hay colores m\u00e1s f\u00e1ciles para describirlo.<br \/>a) Cuando era ni\u00f1o y en su adulterio (\u00bfo adultez? \u00bfc\u00f3mo se dice?), le gustan las cosas rosadas\u2026<br \/>b) Cuando lo cacharon con Theurel, se puso blanco\u2026<br \/>c) Cuando supo que Fidel Herrera era Gobernador, se puso rojo\u2026<br \/>d) Cuando era alcalde de Coatza, se pon\u00eda verde\u2026<br \/>e) Si no es candidato, j\u00farelo que se viste de azul\u2026<br \/>f) Pero si no lo pelan los del PAN, se va al amarillo\u2026<br \/>g) Y si perdiera, simplemente ser\u00eda un pol\u00edtico gris\u2026<\/p>\n<p>Fidel\u2026 es negro, por donde quiera que lo vean\u2026<\/p>\n<p>** Dicen que del grueso de la poblaci\u00f3n veracruzana, un alto porcentaje le va a las \u00c1guilas del Am\u00e9rica seguido del reba\u00f1o sagrado. En \u00faltimo lugar, los jarochos se ponen la camiseta del Tibur\u00f3n. Quiz\u00e1s por eso la intenci\u00f3n de vender a los escualos al cien por ciento con la idea de que el equipo se quede en el terru\u00f1o. Si los romanos no eran bueyes: Al pueblo, pan y circo.<br \/>Por eso, dicen que hace unos d\u00edas se encontraba \u201cLengua de trapo\u201d o \u201cLa Hormiga At\u00f3mica\u201d, mejor conocido en el barrio bajo como Chistian Morales, en el \u201cPirata\u201d Fuente apoyando a los Tiburones \u00a1con la camiseta de las \u00c1guilas del Am\u00e9rica!<br \/>En eso se acerc\u00f3 Fidel Kuri Grajales, quien le inquiri\u00f3:<br \/>\u2013Oye, hermanito, \u00bfpor qu\u00e9 no te pones la camiseta del Veracruz?<br \/>A lo que el morenito funcionario resping\u00f3 trazando una l\u00ednea con la mano sobre su torso:<br \/>\u2013Me la pongo si t\u00fa te pones la del Puebla\u2026 \u00a125 por ciento!<br \/>Como el orizabe\u00f1o es re obediente, accedi\u00f3 \u00a1y se puso la del Puebla!<br \/>Entonces, en Orizaba, \u201cla Hormiga At\u00f3mica\u201d junto con otros encargados de manejar la pol\u00edtica social en el Gobierno estatal, de repente hicieron que algunos precandidatos con m\u00ednimas posibilidades, \u201ccrecieran\u201d porcentualmente porque los apoyos en especie \u2013l\u00e9ase l\u00e1minas, guarniciones, luminarias, piso Fiel\u2013 fueron entregados directamente a estos \u201clusers\u201d.<br \/>La obra est\u00e1, que es lo importante. Pero tambi\u00e9n hay un desconcierto y descontento entre la militancia pri\u00edsta, que trabajando con sus propios recursos, en diversos municipios, se sienten desplazados.<br \/>Por eso no extra\u00f1e a la dirigencia estatal del PRI, que culpa es lo que menos tiene, que estos pri\u00edstas que se sienten desplazados por esos que se pusieron \u201cla del Puebla\u201d con \u201cLa \u00b4Hormiga At\u00f3mica\u201d, quieran, de repente, cambiar de partido.<br \/>Y aqu\u00ed, quienes salen perdiendo, son dos: El CDE del PRI y por supuesto, Fidel Herrera, a quien ven estos pri\u00edstas desplazados, como el que dio \u201cl\u00ednea\u201d para que la avanzada de algunos pri\u00edstas advenedizos, aprovechando igual la oportunidad de \u201cLengua de Trapo\u201d, se pavonearan dici\u00e9ndose \u201clos candidatos del se\u00f1or\u201d.<br \/>Mientras, en Orizaba, sufren a Fidel Kuri, \u201cLenguardo\u201d, porque c\u00f3mo le cuesta pronunciar tres palabras seguidas, en otros municipios igual lleg\u00f3 la plaga de \u201cpre candidatos\u201d de \u201cLengua de Trapo\u201d.<br \/>Al contrario de Actopan, donde Nacho del Moral Acosta trabaja parejo, para todos, ciudadanos, pri\u00edstas y dem\u00e1s a trav\u00e9s del Icadep. All\u00ed, se ve el trabajo que conjunto con Ricardo Landa, se ha hecho: En Actopan, los comit\u00e9s seccionales est\u00e1n trabajando, dando fortaleza a la base del PRI para las elecciones del pr\u00f3ximo dos de septiembre. Ricky Landa debe tener confianza de que en el Icadep, es fundamental en el comit\u00e9 directivo municipal para lograr el triunfo.<br \/>All\u00ed la lleva la Secretar\u00eda de Gesti\u00f3n Comunitaria, por medio de la cual se han obtenido una serie de apoyos del Gobierno Federal, Estatal y Municipal para las personas de escasos recursos. \u00a1Nacho del Moral ah\u00ed la lleva!<br \/>** El asunto es complejo para Tlacuilo\u2026 entiendo que no entiendas. A veces, la mente de algunos individuos, tarda, se retarda en captar el mensaje. Ese retraso en que vives no te permite entender que eres gracioso, ingenioso y muy inteligente, pero no entiendo por qu\u00e9 te cuesta crear, ser original, porque tu publicaci\u00f3n, es visto, que no lo es; por lo mismo, por segunda ocasi\u00f3n, te exijo: Tlacuilo, para que me agarres mis text\u00edculos que tanto te gustan, debes ped\u00edrmelos. Para qu\u00e9 quieres agregar otra demanda al buen Orlando, ya deshojaste su margarita por tus caprichos\u2026 en buena onda, deja de fastidiar, si somos compa\u00f1eros. \u00bfQuieres hacer dinero? \u00a1No lucres con mis ideas! Agiliza un poco tus neuronas, mu\u00e9velas, crea, s\u00e9 original, no causes que sienta pena por ti\u2026 trata de ser inteligente, tienes capacidad, estoy seguro que la tienes, es cuesti\u00f3n de buscarla, \u00a1int\u00e9ntalo! \u00a1esfu\u00e9rzarte! F\u00e1cil es hacer con lo hecho\u2026 crearlo, \u00a1all\u00ed est\u00e1 cabr\u00f3n! Pero.. \u00a1t\u00fa puedes! Anda, anima a tu cerebrito a materializar tus propias ideas\u2026 pero no con las m\u00edas\u2026 \u00bfsudas?\u2026 claro, si no es f\u00e1cil\u2026 tiene su chiste. De verdad\u2026 si quieres tomar mis text\u00edculos, p\u00eddelos. S\u00e9 que est\u00e1s acostumbrado a agarrar las cosas sin consentimiento. Por ello, te comento: Los romanos, para evitar que extra\u00f1os tomaran sus cosas, pon\u00edan a canes a cuidarlas. Entonces, cuando alguien quer\u00eda tomarlas, los perros emit\u00edan unos sonidos que los romanos llamaron \u201cladridos\u201d. La palabra viene de latrocinio\u2026 de ladr\u00f3n, Tlacuilo. No seas as\u00ed\u2026 recuerda que las ideas igual se roban. T\u00fa eres ingenioso para llegar al latrocinio\u2026 s\u00f3lo es cuesti\u00f3n de que trabajes\u2026 \u00a1te har\u00e1 bien!<\/p>\n<p>e-mail: <a href=\"mailto:dor00@hotmail.com\">dor00@hotmail.com<\/a><\/p>\n","protected":false},"excerpt":{"rendered":"<p>* Lengua de trapo* El ladr\u00f3n y Tlacuilo Salvador Mu\u00f1oz \u00bfCu\u00e1l es la diferencia entre Marcelo Montiel y Fidel Herrera? Es muy sencilla. Aunque muchos dir\u00edan que Marcelo es un \u201ccaballo de Troya\u201d de Tom\u00e1s Ruiz y Miguel \u00c1ngel Yunes, hay colores m\u00e1s f\u00e1ciles para describirlo.a) Cuando era ni\u00f1o y en su adulterio (\u00bfo adultez? [&hellip;]<\/p>\n","protected":false},"author":1,"featured_media":0,"comment_status":"open","ping_status":"open","sticky":false,"template":"","format":"standard","meta":{"tdm_status":"","tdm_grid_status":"","footnotes":""},"categories":[1],"tags":[],"class_list":{"0":"post-9978","1":"post","2":"type-post","3":"status-publish","4":"format-standard","6":"category-sin-categoria"},"yoast_head":"<!-- This site is optimized with the Yoast SEO plugin v27.4 - https:\/\/yoast.com\/product\/yoast-seo-wordpress\/ -->\n<title>Los colores de Montiel - Los pol\u00edticos Veracruz<\/title>\n<meta name=\"robots\" content=\"index, follow, max-snippet:-1, max-image-preview:large, max-video-preview:-1\" \/>\n<link rel=\"canonical\" href=\"https:\/\/lospoliticosveracruz.com\/?p=9978\" \/>\n<meta property=\"og:locale\" content=\"es_ES\" \/>\n<meta property=\"og:type\" content=\"article\" \/>\n<meta property=\"og:title\" content=\"Los colores de Montiel - Los pol\u00edticos Veracruz\" \/>\n<meta property=\"og:description\" content=\"* Lengua de trapo* El ladr\u00f3n y Tlacuilo Salvador Mu\u00f1oz \u00bfCu\u00e1l es la diferencia entre Marcelo Montiel y Fidel Herrera? Es muy sencilla. Aunque muchos dir\u00edan que Marcelo es un \u201ccaballo de Troya\u201d de Tom\u00e1s Ruiz y Miguel \u00c1ngel Yunes, hay colores m\u00e1s f\u00e1ciles para describirlo.a) Cuando era ni\u00f1o y en su adulterio (\u00bfo adultez? [&hellip;]\" \/>\n<meta property=\"og:url\" content=\"https:\/\/lospoliticosveracruz.com\/?p=9978\" \/>\n<meta property=\"og:site_name\" content=\"Los pol\u00edticos Veracruz\" \/>\n<meta property=\"article:publisher\" content=\"https:\/\/www.facebook.com\/people\/Notimemes-de-los-Polticos\/61565672886568\/\" \/>\n<meta property=\"article:published_time\" content=\"2007-04-24T00:14:00+00:00\" \/>\n<meta property=\"article:modified_time\" content=\"2014-10-09T03:09:26+00:00\" \/>\n<meta property=\"og:image\" content=\"https:\/\/lospoliticosveracruz.com\/wp-content\/uploads\/2016\/07\/Logo-Dor.jpg\" \/>\n\t<meta property=\"og:image:width\" content=\"200\" \/>\n\t<meta property=\"og:image:height\" content=\"200\" \/>\n\t<meta property=\"og:image:type\" content=\"image\/jpeg\" \/>\n<meta name=\"author\" content=\"lospoladmin\" \/>\n<meta name=\"twitter:card\" content=\"summary_large_image\" \/>\n<meta name=\"twitter:creator\" content=\"@LosPoliticosVer\" \/>\n<meta name=\"twitter:site\" content=\"@LosPoliticosVer\" \/>\n<meta name=\"twitter:label1\" content=\"Escrito por\" \/>\n\t<meta name=\"twitter:data1\" content=\"lospoladmin\" \/>\n\t<meta name=\"twitter:label2\" content=\"Tiempo de lectura\" \/>\n\t<meta name=\"twitter:data2\" content=\"5 minutos\" \/>\n<script type=\"application\/ld+json\" class=\"yoast-schema-graph\">{\"@context\":\"https:\\\/\\\/schema.org\",\"@graph\":[{\"@type\":\"Article\",\"@id\":\"https:\\\/\\\/lospoliticosveracruz.com\\\/?p=9978#article\",\"isPartOf\":{\"@id\":\"https:\\\/\\\/lospoliticosveracruz.com\\\/?p=9978\"},\"author\":{\"name\":\"lospoladmin\",\"@id\":\"https:\\\/\\\/lospoliticosveracruz.com\\\/#\\\/schema\\\/person\\\/c5fee8df75ee4700bd7f8e92859bd696\"},\"headline\":\"Los colores de Montiel\",\"datePublished\":\"2007-04-24T00:14:00+00:00\",\"dateModified\":\"2014-10-09T03:09:26+00:00\",\"mainEntityOfPage\":{\"@id\":\"https:\\\/\\\/lospoliticosveracruz.com\\\/?p=9978\"},\"wordCount\":969,\"commentCount\":0,\"publisher\":{\"@id\":\"https:\\\/\\\/lospoliticosveracruz.com\\\/#organization\"},\"inLanguage\":\"es\",\"potentialAction\":[{\"@type\":\"CommentAction\",\"name\":\"Comment\",\"target\":[\"https:\\\/\\\/lospoliticosveracruz.com\\\/?p=9978#respond\"]}]},{\"@type\":\"WebPage\",\"@id\":\"https:\\\/\\\/lospoliticosveracruz.com\\\/?p=9978\",\"url\":\"https:\\\/\\\/lospoliticosveracruz.com\\\/?p=9978\",\"name\":\"Los colores de Montiel - Los pol\u00edticos Veracruz\",\"isPartOf\":{\"@id\":\"https:\\\/\\\/lospoliticosveracruz.com\\\/#website\"},\"datePublished\":\"2007-04-24T00:14:00+00:00\",\"dateModified\":\"2014-10-09T03:09:26+00:00\",\"breadcrumb\":{\"@id\":\"https:\\\/\\\/lospoliticosveracruz.com\\\/?p=9978#breadcrumb\"},\"inLanguage\":\"es\",\"potentialAction\":[{\"@type\":\"ReadAction\",\"target\":[\"https:\\\/\\\/lospoliticosveracruz.com\\\/?p=9978\"]}]},{\"@type\":\"BreadcrumbList\",\"@id\":\"https:\\\/\\\/lospoliticosveracruz.com\\\/?p=9978#breadcrumb\",\"itemListElement\":[{\"@type\":\"ListItem\",\"position\":1,\"name\":\"Portada\",\"item\":\"https:\\\/\\\/lospoliticosveracruz.com\\\/\"},{\"@type\":\"ListItem\",\"position\":2,\"name\":\"Los colores de Montiel\"}]},{\"@type\":\"WebSite\",\"@id\":\"https:\\\/\\\/lospoliticosveracruz.com\\\/#website\",\"url\":\"https:\\\/\\\/lospoliticosveracruz.com\\\/\",\"name\":\"Los pol\u00edticos Veracruz\",\"description\":\"\",\"publisher\":{\"@id\":\"https:\\\/\\\/lospoliticosveracruz.com\\\/#organization\"},\"potentialAction\":[{\"@type\":\"SearchAction\",\"target\":{\"@type\":\"EntryPoint\",\"urlTemplate\":\"https:\\\/\\\/lospoliticosveracruz.com\\\/?s={search_term_string}\"},\"query-input\":{\"@type\":\"PropertyValueSpecification\",\"valueRequired\":true,\"valueName\":\"search_term_string\"}}],\"inLanguage\":\"es\"},{\"@type\":\"Organization\",\"@id\":\"https:\\\/\\\/lospoliticosveracruz.com\\\/#organization\",\"name\":\"Los pol\u00edticos Veracruz\",\"url\":\"https:\\\/\\\/lospoliticosveracruz.com\\\/\",\"logo\":{\"@type\":\"ImageObject\",\"inLanguage\":\"es\",\"@id\":\"https:\\\/\\\/lospoliticosveracruz.com\\\/#\\\/schema\\\/logo\\\/image\\\/\",\"url\":\"https:\\\/\\\/lospoliticosveracruz.com\\\/wp-content\\\/uploads\\\/2025\\\/12\\\/Logo-Nuevo-LOS-POLITICOS-1.jpg\",\"contentUrl\":\"https:\\\/\\\/lospoliticosveracruz.com\\\/wp-content\\\/uploads\\\/2025\\\/12\\\/Logo-Nuevo-LOS-POLITICOS-1.jpg\",\"width\":260,\"height\":70,\"caption\":\"Los pol\u00edticos Veracruz\"},\"image\":{\"@id\":\"https:\\\/\\\/lospoliticosveracruz.com\\\/#\\\/schema\\\/logo\\\/image\\\/\"},\"sameAs\":[\"https:\\\/\\\/www.facebook.com\\\/people\\\/Notimemes-de-los-Polticos\\\/61565672886568\\\/\",\"https:\\\/\\\/x.com\\\/LosPoliticosVer\"]},{\"@type\":\"Person\",\"@id\":\"https:\\\/\\\/lospoliticosveracruz.com\\\/#\\\/schema\\\/person\\\/c5fee8df75ee4700bd7f8e92859bd696\",\"name\":\"lospoladmin\",\"image\":{\"@type\":\"ImageObject\",\"inLanguage\":\"es\",\"@id\":\"https:\\\/\\\/secure.gravatar.com\\\/avatar\\\/f4a468785695515895c4d618820f242e33d3d72a0284244a0fad6d19795cb724?s=96&d=mm&r=g\",\"url\":\"https:\\\/\\\/secure.gravatar.com\\\/avatar\\\/f4a468785695515895c4d618820f242e33d3d72a0284244a0fad6d19795cb724?s=96&d=mm&r=g\",\"contentUrl\":\"https:\\\/\\\/secure.gravatar.com\\\/avatar\\\/f4a468785695515895c4d618820f242e33d3d72a0284244a0fad6d19795cb724?s=96&d=mm&r=g\",\"caption\":\"lospoladmin\"},\"url\":\"https:\\\/\\\/lospoliticosveracruz.com\\\/?author=1\"}]}<\/script>\n<!-- \/ Yoast SEO plugin. -->","yoast_head_json":{"title":"Los colores de Montiel - Los pol\u00edticos Veracruz","robots":{"index":"index","follow":"follow","max-snippet":"max-snippet:-1","max-image-preview":"max-image-preview:large","max-video-preview":"max-video-preview:-1"},"canonical":"https:\/\/lospoliticosveracruz.com\/?p=9978","og_locale":"es_ES","og_type":"article","og_title":"Los colores de Montiel - Los pol\u00edticos Veracruz","og_description":"* Lengua de trapo* El ladr\u00f3n y Tlacuilo Salvador Mu\u00f1oz \u00bfCu\u00e1l es la diferencia entre Marcelo Montiel y Fidel Herrera? Es muy sencilla. Aunque muchos dir\u00edan que Marcelo es un \u201ccaballo de Troya\u201d de Tom\u00e1s Ruiz y Miguel \u00c1ngel Yunes, hay colores m\u00e1s f\u00e1ciles para describirlo.a) Cuando era ni\u00f1o y en su adulterio (\u00bfo adultez? [&hellip;]","og_url":"https:\/\/lospoliticosveracruz.com\/?p=9978","og_site_name":"Los pol\u00edticos Veracruz","article_publisher":"https:\/\/www.facebook.com\/people\/Notimemes-de-los-Polticos\/61565672886568\/","article_published_time":"2007-04-24T00:14:00+00:00","article_modified_time":"2014-10-09T03:09:26+00:00","og_image":[{"width":200,"height":200,"url":"https:\/\/lospoliticosveracruz.com\/wp-content\/uploads\/2016\/07\/Logo-Dor.jpg","type":"image\/jpeg"}],"author":"lospoladmin","twitter_card":"summary_large_image","twitter_creator":"@LosPoliticosVer","twitter_site":"@LosPoliticosVer","twitter_misc":{"Escrito por":"lospoladmin","Tiempo de lectura":"5 minutos"},"schema":{"@context":"https:\/\/schema.org","@graph":[{"@type":"Article","@id":"https:\/\/lospoliticosveracruz.com\/?p=9978#article","isPartOf":{"@id":"https:\/\/lospoliticosveracruz.com\/?p=9978"},"author":{"name":"lospoladmin","@id":"https:\/\/lospoliticosveracruz.com\/#\/schema\/person\/c5fee8df75ee4700bd7f8e92859bd696"},"headline":"Los colores de Montiel","datePublished":"2007-04-24T00:14:00+00:00","dateModified":"2014-10-09T03:09:26+00:00","mainEntityOfPage":{"@id":"https:\/\/lospoliticosveracruz.com\/?p=9978"},"wordCount":969,"commentCount":0,"publisher":{"@id":"https:\/\/lospoliticosveracruz.com\/#organization"},"inLanguage":"es","potentialAction":[{"@type":"CommentAction","name":"Comment","target":["https:\/\/lospoliticosveracruz.com\/?p=9978#respond"]}]},{"@type":"WebPage","@id":"https:\/\/lospoliticosveracruz.com\/?p=9978","url":"https:\/\/lospoliticosveracruz.com\/?p=9978","name":"Los colores de Montiel - Los pol\u00edticos Veracruz","isPartOf":{"@id":"https:\/\/lospoliticosveracruz.com\/#website"},"datePublished":"2007-04-24T00:14:00+00:00","dateModified":"2014-10-09T03:09:26+00:00","breadcrumb":{"@id":"https:\/\/lospoliticosveracruz.com\/?p=9978#breadcrumb"},"inLanguage":"es","potentialAction":[{"@type":"ReadAction","target":["https:\/\/lospoliticosveracruz.com\/?p=9978"]}]},{"@type":"BreadcrumbList","@id":"https:\/\/lospoliticosveracruz.com\/?p=9978#breadcrumb","itemListElement":[{"@type":"ListItem","position":1,"name":"Portada","item":"https:\/\/lospoliticosveracruz.com\/"},{"@type":"ListItem","position":2,"name":"Los colores de Montiel"}]},{"@type":"WebSite","@id":"https:\/\/lospoliticosveracruz.com\/#website","url":"https:\/\/lospoliticosveracruz.com\/","name":"Los pol\u00edticos Veracruz","description":"","publisher":{"@id":"https:\/\/lospoliticosveracruz.com\/#organization"},"potentialAction":[{"@type":"SearchAction","target":{"@type":"EntryPoint","urlTemplate":"https:\/\/lospoliticosveracruz.com\/?s={search_term_string}"},"query-input":{"@type":"PropertyValueSpecification","valueRequired":true,"valueName":"search_term_string"}}],"inLanguage":"es"},{"@type":"Organization","@id":"https:\/\/lospoliticosveracruz.com\/#organization","name":"Los pol\u00edticos Veracruz","url":"https:\/\/lospoliticosveracruz.com\/","logo":{"@type":"ImageObject","inLanguage":"es","@id":"https:\/\/lospoliticosveracruz.com\/#\/schema\/logo\/image\/","url":"https:\/\/lospoliticosveracruz.com\/wp-content\/uploads\/2025\/12\/Logo-Nuevo-LOS-POLITICOS-1.jpg","contentUrl":"https:\/\/lospoliticosveracruz.com\/wp-content\/uploads\/2025\/12\/Logo-Nuevo-LOS-POLITICOS-1.jpg","width":260,"height":70,"caption":"Los pol\u00edticos Veracruz"},"image":{"@id":"https:\/\/lospoliticosveracruz.com\/#\/schema\/logo\/image\/"},"sameAs":["https:\/\/www.facebook.com\/people\/Notimemes-de-los-Polticos\/61565672886568\/","https:\/\/x.com\/LosPoliticosVer"]},{"@type":"Person","@id":"https:\/\/lospoliticosveracruz.com\/#\/schema\/person\/c5fee8df75ee4700bd7f8e92859bd696","name":"lospoladmin","image":{"@type":"ImageObject","inLanguage":"es","@id":"https:\/\/secure.gravatar.com\/avatar\/f4a468785695515895c4d618820f242e33d3d72a0284244a0fad6d19795cb724?s=96&d=mm&r=g","url":"https:\/\/secure.gravatar.com\/avatar\/f4a468785695515895c4d618820f242e33d3d72a0284244a0fad6d19795cb724?s=96&d=mm&r=g","contentUrl":"https:\/\/secure.gravatar.com\/avatar\/f4a468785695515895c4d618820f242e33d3d72a0284244a0fad6d19795cb724?s=96&d=mm&r=g","caption":"lospoladmin"},"url":"https:\/\/lospoliticosveracruz.com\/?author=1"}]}},"_links":{"self":[{"href":"https:\/\/lospoliticosveracruz.com\/index.php?rest_route=\/wp\/v2\/posts\/9978","targetHints":{"allow":["GET"]}}],"collection":[{"href":"https:\/\/lospoliticosveracruz.com\/index.php?rest_route=\/wp\/v2\/posts"}],"about":[{"href":"https:\/\/lospoliticosveracruz.com\/index.php?rest_route=\/wp\/v2\/types\/post"}],"author":[{"embeddable":true,"href":"https:\/\/lospoliticosveracruz.com\/index.php?rest_route=\/wp\/v2\/users\/1"}],"replies":[{"embeddable":true,"href":"https:\/\/lospoliticosveracruz.com\/index.php?rest_route=%2Fwp%2Fv2%2Fcomments&post=9978"}],"version-history":[{"count":0,"href":"https:\/\/lospoliticosveracruz.com\/index.php?rest_route=\/wp\/v2\/posts\/9978\/revisions"}],"wp:attachment":[{"href":"https:\/\/lospoliticosveracruz.com\/index.php?rest_route=%2Fwp%2Fv2%2Fmedia&parent=9978"}],"wp:term":[{"taxonomy":"category","embeddable":true,"href":"https:\/\/lospoliticosveracruz.com\/index.php?rest_route=%2Fwp%2Fv2%2Fcategories&post=9978"},{"taxonomy":"post_tag","embeddable":true,"href":"https:\/\/lospoliticosveracruz.com\/index.php?rest_route=%2Fwp%2Fv2%2Ftags&post=9978"}],"curies":[{"name":"wp","href":"https:\/\/api.w.org\/{rel}","templated":true}]}}