{"id":9980,"date":"2007-04-20T00:01:00","date_gmt":"2007-04-20T00:01:00","guid":{"rendered":"http:\/\/www.lospoliticosveracruz.com.mx\/?p=9980"},"modified":"2014-10-09T03:09:27","modified_gmt":"2014-10-09T03:09:27","slug":"los-grillos-y-cri-cri","status":"publish","type":"post","link":"https:\/\/lospoliticosveracruz.com\/?p=9980","title":{"rendered":"Los grillos y Cri Cri"},"content":{"rendered":"<p>Salvador Mu\u00f1oz<\/p>\n<p>En la alameda central de Orizaba, tierra del \u201cchayote\u201d, de donde son originarios los amigos Ra\u00fal Torres, fiel seguidor del Dios Lagarto, Jim Morrison, as\u00ed como el buen Luis Rodr\u00edguez Zavala, hay un monumento a un hombre que sigue trascendiendo y deja gratos recuerdos en la ni\u00f1ez de cada mexicano, y posiblemente allende las fronteras entre los hispanoparlantes: Don Francisco Gabilondo Soler, el famoso grillo cantor.<br \/>T\u00edo Fide dijo hace unos d\u00edas: \u201cPronto habremos de decretar a este a\u00f1o como El a\u00f1o de Francisco Gabilondo Soler\u201d.<br \/>Para ello, el Instituto Veracruzano de Cultura y la Secretar\u00eda de Educaci\u00f3n preparan celebraciones.<br \/>El que escribe, no queriendo quedarse atr\u00e1s para celebrar a su paisano, quiere proponer, para que se comprometan todos los funcionarios, pol\u00edticos, personajes veracruzanos, en este justo homenaje a Cri Cri, nombrar algunos embajadores de las canciones del orizabe\u00f1o. \u00a1He aqu\u00ed mis propuestas!<\/p>\n<p>Para la canci\u00f3n: \u201cDos mayates\u201d\u2026 Marcelo Montiel y Marcos Theurel.<\/p>\n<p>Para la canci\u00f3n: \u201cCochinitos dormilones\u201d\u2026 Javier Duarte, To\u00f1o Nemi y Juan de Dios S\u00e1nchez Abreu.<\/p>\n<p>Para la canci\u00f3n: \u201cLa cocada\u201d\u2026 \u00bfQui\u00e9n creen?&#8230; \u00a1s\u00ed! \u00a1V\u00edctor Arredondo!<\/p>\n<p>Para la canci\u00f3n: \u201cLa mu\u00f1eca fea\u201d\u2026 \u00a1Otra sure\u00f1a!&#8230; Claudia Ram\u00f3n Perea.<\/p>\n<p>Para la canci\u00f3n: \u201cLos ratones bomberos\u201d\u2026 El inolvidable Miguel Alem\u00e1n y sus 40 funcionarios.<\/p>\n<p>Para la canci\u00f3n: \u201cMi burrita\u201d\u2026 S\u00ed, c\u00f3mo no, hay que darle chance a los que ya se fueron: \u00a1Leonor de la Miyar!<\/p>\n<p>Para la canci\u00f3n: \u201cPap\u00e1 Elefante\u201d\u2026 \u00a1No hay otro! \u00a1Alfredo \u201cBola de nieve\u201d G\u00e1ndara!<\/p>\n<p>Para la canci\u00f3n: \u201cBomb\u00f3n I\u201d\u2026 Francisco Monfort Guill\u00e9n\u2026 \u00a1por la nariz de cacahuate!<\/p>\n<p>Para la canci\u00f3n: \u201cChe Ara\u00f1a\u201d\u2026 Yazm\u00edn Copete Zapot. Sin palabras\u2026<\/p>\n<p>Para la canci\u00f3n: \u201cEl Chivo en bicicleta\u201d\u2026 Silvio Lagos Galindo, esperando que no se le caiga la CNOP\u2026 \u00a1que se cae! \u00a1que se cae!<\/p>\n<p>Para la canci\u00f3n: \u201cEl rat\u00f3n vaquero\u201d\u2026 S\u00ed, no hay otro: Peperrat\u00f3n Guti\u00e9rrez de Velasco\u2026 \u201cdijo el muy ladino que se va a reformar\u201d\u2026<\/p>\n<p>Para la canci\u00f3n: \u201cCaminito de la escuela\u201d\u2026 A la \u201cAgust\u00edn Lara\u201d de este gobierno\u2026 Karime Aguilera, de Coeduca\u2026 con eso de que es \u201cLa Flaca de Oro\u201d.<\/p>\n<p>Para la canci\u00f3n: \u201cCasamiento de los Palomos\u201d\u2026 Aldo Zavala y Adolfo Mota \u00a1cucurrucuc\u00fa!<\/p>\n<p>Para la canci\u00f3n: \u201cDi por qu\u00e9\u201d\u2026 la abuelita de los sindicalizados del Poder Ejecutivo del Estado, Do\u00f1a Mun-Ra, Juana Consuelo M\u00e9ndez.<\/p>\n<p>Para la canci\u00f3n: \u201cMarcha de los Grillos\u201d\u2026 Tonicho, Tavo Sousa, Bertha Hern\u00e1ndez y To\u00f1o Ferrari (que parece vochito) Cazar\u00edn, paredistas hasta en el pared\u00f3n.<\/p>\n<p>Para la canci\u00f3n: \u201cLos enanos toreros\u201d\u2026 Vicente Montiel, Jorge Uscanga, Emeterio L\u00f3pez y hasta Ren\u00e9 Poblete.<\/p>\n<p>Para la canci\u00f3n: \u201cOrquesta de los animales\u201d\u2026 El CDE del PAN que defendi\u00f3 a Pedro Delf\u00edn, alcalde de Alvarado.<\/p>\n<p>Para la canci\u00f3n: \u201cPobre Cuc\u00fa\u201d\u2026 La joven Iresine Calzada Rivera. Ni modo de ponerle rico Cuc\u00fa.<\/p>\n<p>Para la canci\u00f3n: \u201cTema de Cri Cri\u201d\u2026 No pod\u00eda ser otro que el grillito Bizcayzac\u00fa, nuestro ex goleador.<\/p>\n<p>Y para concluir, \u201cNegrito Sand\u00eda\u201d\u2026 \u00a1Fidel Herrera! Quien esperamos ponga nombre a una avenida a este ilustre veracruzano\u2026 ya se lo merece\u2026 y si se quiere deleitar escuchando las canciones: <a href=\"http:\/\/www.cri-cri.net\/\">http:\/\/www.cri-cri.net\/<\/a> No se arrepentir\u00e1.<\/p>\n<p>e-mail: <a href=\"mailto:dor00@hotmail.com\">dor00@hotmail.com<\/a><\/p>\n<p><\/p>\n","protected":false},"excerpt":{"rendered":"<p>Salvador Mu\u00f1oz En la alameda central de Orizaba, tierra del \u201cchayote\u201d, de donde son originarios los amigos Ra\u00fal Torres, fiel seguidor del Dios Lagarto, Jim Morrison, as\u00ed como el buen Luis Rodr\u00edguez Zavala, hay un monumento a un hombre que sigue trascendiendo y deja gratos recuerdos en la ni\u00f1ez de cada mexicano, y posiblemente allende [&hellip;]<\/p>\n","protected":false},"author":1,"featured_media":0,"comment_status":"open","ping_status":"open","sticky":false,"template":"","format":"standard","meta":{"tdm_status":"","tdm_grid_status":"","footnotes":""},"categories":[1],"tags":[],"class_list":{"0":"post-9980","1":"post","2":"type-post","3":"status-publish","4":"format-standard","6":"category-sin-categoria"},"yoast_head":"<!-- This site is optimized with the Yoast SEO plugin v27.4 - https:\/\/yoast.com\/product\/yoast-seo-wordpress\/ -->\n<title>Los grillos y Cri Cri - Los pol\u00edticos Veracruz<\/title>\n<meta name=\"robots\" content=\"index, follow, max-snippet:-1, max-image-preview:large, max-video-preview:-1\" \/>\n<link rel=\"canonical\" href=\"https:\/\/lospoliticosveracruz.com\/?p=9980\" \/>\n<meta property=\"og:locale\" content=\"es_ES\" \/>\n<meta property=\"og:type\" content=\"article\" \/>\n<meta property=\"og:title\" content=\"Los grillos y Cri Cri - Los pol\u00edticos Veracruz\" \/>\n<meta property=\"og:description\" content=\"Salvador Mu\u00f1oz En la alameda central de Orizaba, tierra del \u201cchayote\u201d, de donde son originarios los amigos Ra\u00fal Torres, fiel seguidor del Dios Lagarto, Jim Morrison, as\u00ed como el buen Luis Rodr\u00edguez Zavala, hay un monumento a un hombre que sigue trascendiendo y deja gratos recuerdos en la ni\u00f1ez de cada mexicano, y posiblemente allende [&hellip;]\" \/>\n<meta property=\"og:url\" content=\"https:\/\/lospoliticosveracruz.com\/?p=9980\" \/>\n<meta property=\"og:site_name\" content=\"Los pol\u00edticos Veracruz\" \/>\n<meta property=\"article:publisher\" content=\"https:\/\/www.facebook.com\/people\/Notimemes-de-los-Polticos\/61565672886568\/\" \/>\n<meta property=\"article:published_time\" content=\"2007-04-20T00:01:00+00:00\" \/>\n<meta property=\"article:modified_time\" content=\"2014-10-09T03:09:27+00:00\" \/>\n<meta property=\"og:image\" content=\"https:\/\/lospoliticosveracruz.com\/wp-content\/uploads\/2016\/07\/Logo-Dor.jpg\" \/>\n\t<meta property=\"og:image:width\" content=\"200\" \/>\n\t<meta property=\"og:image:height\" content=\"200\" \/>\n\t<meta property=\"og:image:type\" content=\"image\/jpeg\" \/>\n<meta name=\"author\" content=\"lospoladmin\" \/>\n<meta name=\"twitter:card\" content=\"summary_large_image\" \/>\n<meta name=\"twitter:creator\" content=\"@LosPoliticosVer\" \/>\n<meta name=\"twitter:site\" content=\"@LosPoliticosVer\" \/>\n<meta name=\"twitter:label1\" content=\"Escrito por\" \/>\n\t<meta name=\"twitter:data1\" content=\"lospoladmin\" \/>\n\t<meta name=\"twitter:label2\" content=\"Tiempo de lectura\" \/>\n\t<meta name=\"twitter:data2\" content=\"3 minutos\" \/>\n<script type=\"application\/ld+json\" class=\"yoast-schema-graph\">{\"@context\":\"https:\\\/\\\/schema.org\",\"@graph\":[{\"@type\":\"Article\",\"@id\":\"https:\\\/\\\/lospoliticosveracruz.com\\\/?p=9980#article\",\"isPartOf\":{\"@id\":\"https:\\\/\\\/lospoliticosveracruz.com\\\/?p=9980\"},\"author\":{\"name\":\"lospoladmin\",\"@id\":\"https:\\\/\\\/lospoliticosveracruz.com\\\/#\\\/schema\\\/person\\\/c5fee8df75ee4700bd7f8e92859bd696\"},\"headline\":\"Los grillos y Cri Cri\",\"datePublished\":\"2007-04-20T00:01:00+00:00\",\"dateModified\":\"2014-10-09T03:09:27+00:00\",\"mainEntityOfPage\":{\"@id\":\"https:\\\/\\\/lospoliticosveracruz.com\\\/?p=9980\"},\"wordCount\":569,\"commentCount\":0,\"publisher\":{\"@id\":\"https:\\\/\\\/lospoliticosveracruz.com\\\/#organization\"},\"inLanguage\":\"es\",\"potentialAction\":[{\"@type\":\"CommentAction\",\"name\":\"Comment\",\"target\":[\"https:\\\/\\\/lospoliticosveracruz.com\\\/?p=9980#respond\"]}]},{\"@type\":\"WebPage\",\"@id\":\"https:\\\/\\\/lospoliticosveracruz.com\\\/?p=9980\",\"url\":\"https:\\\/\\\/lospoliticosveracruz.com\\\/?p=9980\",\"name\":\"Los grillos y Cri Cri - Los pol\u00edticos Veracruz\",\"isPartOf\":{\"@id\":\"https:\\\/\\\/lospoliticosveracruz.com\\\/#website\"},\"datePublished\":\"2007-04-20T00:01:00+00:00\",\"dateModified\":\"2014-10-09T03:09:27+00:00\",\"breadcrumb\":{\"@id\":\"https:\\\/\\\/lospoliticosveracruz.com\\\/?p=9980#breadcrumb\"},\"inLanguage\":\"es\",\"potentialAction\":[{\"@type\":\"ReadAction\",\"target\":[\"https:\\\/\\\/lospoliticosveracruz.com\\\/?p=9980\"]}]},{\"@type\":\"BreadcrumbList\",\"@id\":\"https:\\\/\\\/lospoliticosveracruz.com\\\/?p=9980#breadcrumb\",\"itemListElement\":[{\"@type\":\"ListItem\",\"position\":1,\"name\":\"Portada\",\"item\":\"https:\\\/\\\/lospoliticosveracruz.com\\\/\"},{\"@type\":\"ListItem\",\"position\":2,\"name\":\"Los grillos y Cri Cri\"}]},{\"@type\":\"WebSite\",\"@id\":\"https:\\\/\\\/lospoliticosveracruz.com\\\/#website\",\"url\":\"https:\\\/\\\/lospoliticosveracruz.com\\\/\",\"name\":\"Los pol\u00edticos Veracruz\",\"description\":\"\",\"publisher\":{\"@id\":\"https:\\\/\\\/lospoliticosveracruz.com\\\/#organization\"},\"potentialAction\":[{\"@type\":\"SearchAction\",\"target\":{\"@type\":\"EntryPoint\",\"urlTemplate\":\"https:\\\/\\\/lospoliticosveracruz.com\\\/?s={search_term_string}\"},\"query-input\":{\"@type\":\"PropertyValueSpecification\",\"valueRequired\":true,\"valueName\":\"search_term_string\"}}],\"inLanguage\":\"es\"},{\"@type\":\"Organization\",\"@id\":\"https:\\\/\\\/lospoliticosveracruz.com\\\/#organization\",\"name\":\"Los pol\u00edticos Veracruz\",\"url\":\"https:\\\/\\\/lospoliticosveracruz.com\\\/\",\"logo\":{\"@type\":\"ImageObject\",\"inLanguage\":\"es\",\"@id\":\"https:\\\/\\\/lospoliticosveracruz.com\\\/#\\\/schema\\\/logo\\\/image\\\/\",\"url\":\"https:\\\/\\\/lospoliticosveracruz.com\\\/wp-content\\\/uploads\\\/2025\\\/12\\\/Logo-Nuevo-LOS-POLITICOS-1.jpg\",\"contentUrl\":\"https:\\\/\\\/lospoliticosveracruz.com\\\/wp-content\\\/uploads\\\/2025\\\/12\\\/Logo-Nuevo-LOS-POLITICOS-1.jpg\",\"width\":260,\"height\":70,\"caption\":\"Los pol\u00edticos Veracruz\"},\"image\":{\"@id\":\"https:\\\/\\\/lospoliticosveracruz.com\\\/#\\\/schema\\\/logo\\\/image\\\/\"},\"sameAs\":[\"https:\\\/\\\/www.facebook.com\\\/people\\\/Notimemes-de-los-Polticos\\\/61565672886568\\\/\",\"https:\\\/\\\/x.com\\\/LosPoliticosVer\"]},{\"@type\":\"Person\",\"@id\":\"https:\\\/\\\/lospoliticosveracruz.com\\\/#\\\/schema\\\/person\\\/c5fee8df75ee4700bd7f8e92859bd696\",\"name\":\"lospoladmin\",\"image\":{\"@type\":\"ImageObject\",\"inLanguage\":\"es\",\"@id\":\"https:\\\/\\\/secure.gravatar.com\\\/avatar\\\/f4a468785695515895c4d618820f242e33d3d72a0284244a0fad6d19795cb724?s=96&d=mm&r=g\",\"url\":\"https:\\\/\\\/secure.gravatar.com\\\/avatar\\\/f4a468785695515895c4d618820f242e33d3d72a0284244a0fad6d19795cb724?s=96&d=mm&r=g\",\"contentUrl\":\"https:\\\/\\\/secure.gravatar.com\\\/avatar\\\/f4a468785695515895c4d618820f242e33d3d72a0284244a0fad6d19795cb724?s=96&d=mm&r=g\",\"caption\":\"lospoladmin\"},\"url\":\"https:\\\/\\\/lospoliticosveracruz.com\\\/?author=1\"}]}<\/script>\n<!-- \/ Yoast SEO plugin. -->","yoast_head_json":{"title":"Los grillos y Cri Cri - Los pol\u00edticos Veracruz","robots":{"index":"index","follow":"follow","max-snippet":"max-snippet:-1","max-image-preview":"max-image-preview:large","max-video-preview":"max-video-preview:-1"},"canonical":"https:\/\/lospoliticosveracruz.com\/?p=9980","og_locale":"es_ES","og_type":"article","og_title":"Los grillos y Cri Cri - Los pol\u00edticos Veracruz","og_description":"Salvador Mu\u00f1oz En la alameda central de Orizaba, tierra del \u201cchayote\u201d, de donde son originarios los amigos Ra\u00fal Torres, fiel seguidor del Dios Lagarto, Jim Morrison, as\u00ed como el buen Luis Rodr\u00edguez Zavala, hay un monumento a un hombre que sigue trascendiendo y deja gratos recuerdos en la ni\u00f1ez de cada mexicano, y posiblemente allende [&hellip;]","og_url":"https:\/\/lospoliticosveracruz.com\/?p=9980","og_site_name":"Los pol\u00edticos Veracruz","article_publisher":"https:\/\/www.facebook.com\/people\/Notimemes-de-los-Polticos\/61565672886568\/","article_published_time":"2007-04-20T00:01:00+00:00","article_modified_time":"2014-10-09T03:09:27+00:00","og_image":[{"width":200,"height":200,"url":"https:\/\/lospoliticosveracruz.com\/wp-content\/uploads\/2016\/07\/Logo-Dor.jpg","type":"image\/jpeg"}],"author":"lospoladmin","twitter_card":"summary_large_image","twitter_creator":"@LosPoliticosVer","twitter_site":"@LosPoliticosVer","twitter_misc":{"Escrito por":"lospoladmin","Tiempo de lectura":"3 minutos"},"schema":{"@context":"https:\/\/schema.org","@graph":[{"@type":"Article","@id":"https:\/\/lospoliticosveracruz.com\/?p=9980#article","isPartOf":{"@id":"https:\/\/lospoliticosveracruz.com\/?p=9980"},"author":{"name":"lospoladmin","@id":"https:\/\/lospoliticosveracruz.com\/#\/schema\/person\/c5fee8df75ee4700bd7f8e92859bd696"},"headline":"Los grillos y Cri Cri","datePublished":"2007-04-20T00:01:00+00:00","dateModified":"2014-10-09T03:09:27+00:00","mainEntityOfPage":{"@id":"https:\/\/lospoliticosveracruz.com\/?p=9980"},"wordCount":569,"commentCount":0,"publisher":{"@id":"https:\/\/lospoliticosveracruz.com\/#organization"},"inLanguage":"es","potentialAction":[{"@type":"CommentAction","name":"Comment","target":["https:\/\/lospoliticosveracruz.com\/?p=9980#respond"]}]},{"@type":"WebPage","@id":"https:\/\/lospoliticosveracruz.com\/?p=9980","url":"https:\/\/lospoliticosveracruz.com\/?p=9980","name":"Los grillos y Cri Cri - Los pol\u00edticos Veracruz","isPartOf":{"@id":"https:\/\/lospoliticosveracruz.com\/#website"},"datePublished":"2007-04-20T00:01:00+00:00","dateModified":"2014-10-09T03:09:27+00:00","breadcrumb":{"@id":"https:\/\/lospoliticosveracruz.com\/?p=9980#breadcrumb"},"inLanguage":"es","potentialAction":[{"@type":"ReadAction","target":["https:\/\/lospoliticosveracruz.com\/?p=9980"]}]},{"@type":"BreadcrumbList","@id":"https:\/\/lospoliticosveracruz.com\/?p=9980#breadcrumb","itemListElement":[{"@type":"ListItem","position":1,"name":"Portada","item":"https:\/\/lospoliticosveracruz.com\/"},{"@type":"ListItem","position":2,"name":"Los grillos y Cri Cri"}]},{"@type":"WebSite","@id":"https:\/\/lospoliticosveracruz.com\/#website","url":"https:\/\/lospoliticosveracruz.com\/","name":"Los pol\u00edticos Veracruz","description":"","publisher":{"@id":"https:\/\/lospoliticosveracruz.com\/#organization"},"potentialAction":[{"@type":"SearchAction","target":{"@type":"EntryPoint","urlTemplate":"https:\/\/lospoliticosveracruz.com\/?s={search_term_string}"},"query-input":{"@type":"PropertyValueSpecification","valueRequired":true,"valueName":"search_term_string"}}],"inLanguage":"es"},{"@type":"Organization","@id":"https:\/\/lospoliticosveracruz.com\/#organization","name":"Los pol\u00edticos Veracruz","url":"https:\/\/lospoliticosveracruz.com\/","logo":{"@type":"ImageObject","inLanguage":"es","@id":"https:\/\/lospoliticosveracruz.com\/#\/schema\/logo\/image\/","url":"https:\/\/lospoliticosveracruz.com\/wp-content\/uploads\/2025\/12\/Logo-Nuevo-LOS-POLITICOS-1.jpg","contentUrl":"https:\/\/lospoliticosveracruz.com\/wp-content\/uploads\/2025\/12\/Logo-Nuevo-LOS-POLITICOS-1.jpg","width":260,"height":70,"caption":"Los pol\u00edticos Veracruz"},"image":{"@id":"https:\/\/lospoliticosveracruz.com\/#\/schema\/logo\/image\/"},"sameAs":["https:\/\/www.facebook.com\/people\/Notimemes-de-los-Polticos\/61565672886568\/","https:\/\/x.com\/LosPoliticosVer"]},{"@type":"Person","@id":"https:\/\/lospoliticosveracruz.com\/#\/schema\/person\/c5fee8df75ee4700bd7f8e92859bd696","name":"lospoladmin","image":{"@type":"ImageObject","inLanguage":"es","@id":"https:\/\/secure.gravatar.com\/avatar\/f4a468785695515895c4d618820f242e33d3d72a0284244a0fad6d19795cb724?s=96&d=mm&r=g","url":"https:\/\/secure.gravatar.com\/avatar\/f4a468785695515895c4d618820f242e33d3d72a0284244a0fad6d19795cb724?s=96&d=mm&r=g","contentUrl":"https:\/\/secure.gravatar.com\/avatar\/f4a468785695515895c4d618820f242e33d3d72a0284244a0fad6d19795cb724?s=96&d=mm&r=g","caption":"lospoladmin"},"url":"https:\/\/lospoliticosveracruz.com\/?author=1"}]}},"_links":{"self":[{"href":"https:\/\/lospoliticosveracruz.com\/index.php?rest_route=\/wp\/v2\/posts\/9980","targetHints":{"allow":["GET"]}}],"collection":[{"href":"https:\/\/lospoliticosveracruz.com\/index.php?rest_route=\/wp\/v2\/posts"}],"about":[{"href":"https:\/\/lospoliticosveracruz.com\/index.php?rest_route=\/wp\/v2\/types\/post"}],"author":[{"embeddable":true,"href":"https:\/\/lospoliticosveracruz.com\/index.php?rest_route=\/wp\/v2\/users\/1"}],"replies":[{"embeddable":true,"href":"https:\/\/lospoliticosveracruz.com\/index.php?rest_route=%2Fwp%2Fv2%2Fcomments&post=9980"}],"version-history":[{"count":0,"href":"https:\/\/lospoliticosveracruz.com\/index.php?rest_route=\/wp\/v2\/posts\/9980\/revisions"}],"wp:attachment":[{"href":"https:\/\/lospoliticosveracruz.com\/index.php?rest_route=%2Fwp%2Fv2%2Fmedia&parent=9980"}],"wp:term":[{"taxonomy":"category","embeddable":true,"href":"https:\/\/lospoliticosveracruz.com\/index.php?rest_route=%2Fwp%2Fv2%2Fcategories&post=9980"},{"taxonomy":"post_tag","embeddable":true,"href":"https:\/\/lospoliticosveracruz.com\/index.php?rest_route=%2Fwp%2Fv2%2Ftags&post=9980"}],"curies":[{"name":"wp","href":"https:\/\/api.w.org\/{rel}","templated":true}]}}