{"id":9982,"date":"2007-04-19T23:48:00","date_gmt":"2007-04-19T23:48:00","guid":{"rendered":"http:\/\/www.lospoliticosveracruz.com.mx\/?p=9982"},"modified":"2014-10-09T03:09:27","modified_gmt":"2014-10-09T03:09:27","slug":"preguntas-y-respuestas","status":"publish","type":"post","link":"https:\/\/lospoliticosveracruz.com\/?p=9982","title":{"rendered":"Preguntas y respuestas"},"content":{"rendered":"<p>Salvador Mu\u00f1oz<\/p>\n<p>Quienes hemos tenido la oportunidad de ser reporteros, de esos con grabadora o libreta en mano, sabemos que muchas de nuestras preguntas, con sus consabidas respuestas, se quedan en el tintero, ya sea por falta de espacio o porque el criterio del \u201ctundeteclas\u201d considera que no era muy importante, cheque los ejemplos siguientes:<\/p>\n<p>Reportero\u2013 \u00bfC\u00f3mo van a contrarrestar la posible candidatura de Cinthya por el PAN en Convergencia?<br \/>Alfredo Tress\u2013 \u00a1Al fuego se combate con fuego, y al PAN, con pan! Si Cinthya quiere PAN nosotros tenemos al panadero: \u00a1Armando M\u00e9ndez de la Luz!<\/p>\n<p>Reportero\u2013 Cuando hace referencia al \u201cente mal\u00e9volo\u201d que se apoder\u00f3 del partido, \u00bfse refiere al PAN\u2026 o a Convergencia?<br \/>Alfredo Tress\u2013 (Inaudible\u2026 suponemos que hab\u00eda mucho ruido o a alguien se le activ\u00f3 su celular causando interferencia en la grabaci\u00f3n)<\/p>\n<p>Reportero\u2013 \u00bfConvergencia aceptar\u00e1 las sobras de otros partidos para postularlos?<br \/>Dante Delgado\u2013 \u00a1S\u00f3lo acepto Sobrinos! \u00a1Sobras no!<\/p>\n<p>Reportero\u2013 A su juicio, Se\u00f1or Preciso, \u00bfqui\u00e9n es m\u00e1s peligroso: El Boca de Argentina o el Boca del R\u00edo?<br \/>El Preciso\u2013 \u00a1Tu Boca!<\/p>\n<p>Reportero\u2013 \u00bfC\u00f3mo ve a nuestro Veracruz, Se\u00f1or Preciso?<br \/>El Preciso\u2013 Ya no sentimos lo duro sino lo tupido\u2026<br \/>Reportero\u2013 \u00bfCree que los del norte nos acribillen?<br \/>El Preciso\u2013 \u00bfOtra vez?<br \/>Reportero\u2013 Los del Santos, Se\u00f1or Preciso, los del Santos de Torre\u00f3n\u2026<\/p>\n<p>Reportero\u2013 Y usted, alcalde Julen, \u00bfc\u00f3mo ve al Tibur\u00f3n?<br \/>Julen\u2013 Apenas me voy enterando que Jorge Iv\u00e1n Castillo Hern\u00e1ndez, el Tibur\u00f3n, ten\u00eda nexos con don Albino Quintero\u2026<br \/>Reportero\u2013 \u00bfcon \u201cDon\u201d Albino\u2026? \u00a1Mucho respeto! \u00bfno? \u00a1hey! \u00a1No se vaya!<\/p>\n<p>Reportero\u2013Tavo Sousa, \u00bfqu\u00e9 nos queda tras los \u00faltimos acontecimientos en Boca del R\u00edo y teniendo encima las vacaciones de Semana Santa?<br \/>Tavo Sousa\u2013 \u00a1Paz!<br \/>Reportero\u2013 \u00bfPerd\u00f3n?<br \/>Tavo Sousa\u2013 \u00a1Paz! \u00a1Paz!<br \/>Reportero\u2013 \u00bfDisculpe\u2026?<br \/>Tavo Sousa\u2013 \u00a1Paz! \u00a1Paz! \u00a1Paz! \u00a1ratatatatatatatatatata!<\/p>\n<p>Reportero\u2013 Se\u00f1or secretario, su opini\u00f3n de Boca, por favor\u2026<br \/>Secretario\u2013 Pues nada m\u00e1s deja que me \u201cempede\u201d para irme de Boca\u2026<\/p>\n<p>Reportero\u2013 \u00bfCu\u00e1l es la acci\u00f3n inmediata ante los hechos del domingo tr\u00e1gico, General?<br \/>General\u2013 Pedir a Marco Antonio Rodr\u00edguez que aplique el reglamento\u2026 \u00a1hab\u00eda dos pinches balones cuando nos clavaron el Gol! \u00bfQu\u00e9 clase de cl\u00e1sico es \u00e9se?<\/p>\n<p>Reportero\u2013 Rector de Educaci\u00f3n\u2026 \u00bfqu\u00e9 medida tomar\u00e1 ante la ola de narco en Veracruz?<br \/>Rector de Educaci\u00f3n\u2013 \u00a1La mitad de una grapa!<\/p>\n<p>Reportero\u2013 Se\u00f1or Preciso, \u00bfqu\u00e9 va a hacer tras los \u00faltimos acontecimientos de violencia?<br \/>Se\u00f1or Preciso\u2013 Ya mand\u00e9 una iniciativa para que Veracruz sea Veracr\u00fa\u2026<br \/>Reportero\u2013 \u00bfY eso para qu\u00e9?<br \/>Se\u00f1or Preciso\u2013 \u00a1Empezamos a eliminar Zetas!<\/p>\n<p>e-mail: <a href=\"mailto:dor00@hotmail.com\">dor00@hotmail.com<\/a><\/p>\n","protected":false},"excerpt":{"rendered":"<p>Salvador Mu\u00f1oz Quienes hemos tenido la oportunidad de ser reporteros, de esos con grabadora o libreta en mano, sabemos que muchas de nuestras preguntas, con sus consabidas respuestas, se quedan en el tintero, ya sea por falta de espacio o porque el criterio del \u201ctundeteclas\u201d considera que no era muy importante, cheque los ejemplos siguientes: [&hellip;]<\/p>\n","protected":false},"author":1,"featured_media":0,"comment_status":"open","ping_status":"open","sticky":false,"template":"","format":"standard","meta":{"tdm_status":"","tdm_grid_status":"","footnotes":""},"categories":[1],"tags":[],"class_list":{"0":"post-9982","1":"post","2":"type-post","3":"status-publish","4":"format-standard","6":"category-sin-categoria"},"yoast_head":"<!-- This site is optimized with the Yoast SEO plugin v27.4 - https:\/\/yoast.com\/product\/yoast-seo-wordpress\/ -->\n<title>Preguntas y respuestas - Los pol\u00edticos Veracruz<\/title>\n<meta name=\"robots\" content=\"index, follow, max-snippet:-1, max-image-preview:large, max-video-preview:-1\" \/>\n<link rel=\"canonical\" href=\"https:\/\/lospoliticosveracruz.com\/?p=9982\" \/>\n<meta property=\"og:locale\" content=\"es_ES\" \/>\n<meta property=\"og:type\" content=\"article\" \/>\n<meta property=\"og:title\" content=\"Preguntas y respuestas - Los pol\u00edticos Veracruz\" \/>\n<meta property=\"og:description\" content=\"Salvador Mu\u00f1oz Quienes hemos tenido la oportunidad de ser reporteros, de esos con grabadora o libreta en mano, sabemos que muchas de nuestras preguntas, con sus consabidas respuestas, se quedan en el tintero, ya sea por falta de espacio o porque el criterio del \u201ctundeteclas\u201d considera que no era muy importante, cheque los ejemplos siguientes: [&hellip;]\" \/>\n<meta property=\"og:url\" content=\"https:\/\/lospoliticosveracruz.com\/?p=9982\" \/>\n<meta property=\"og:site_name\" content=\"Los pol\u00edticos Veracruz\" \/>\n<meta property=\"article:publisher\" content=\"https:\/\/www.facebook.com\/people\/Notimemes-de-los-Polticos\/61565672886568\/\" \/>\n<meta property=\"article:published_time\" content=\"2007-04-19T23:48:00+00:00\" \/>\n<meta property=\"article:modified_time\" content=\"2014-10-09T03:09:27+00:00\" \/>\n<meta property=\"og:image\" content=\"https:\/\/lospoliticosveracruz.com\/wp-content\/uploads\/2016\/07\/Logo-Dor.jpg\" \/>\n\t<meta property=\"og:image:width\" content=\"200\" \/>\n\t<meta property=\"og:image:height\" content=\"200\" \/>\n\t<meta property=\"og:image:type\" content=\"image\/jpeg\" \/>\n<meta name=\"author\" content=\"lospoladmin\" \/>\n<meta name=\"twitter:card\" content=\"summary_large_image\" \/>\n<meta name=\"twitter:creator\" content=\"@LosPoliticosVer\" \/>\n<meta name=\"twitter:site\" content=\"@LosPoliticosVer\" \/>\n<meta name=\"twitter:label1\" content=\"Escrito por\" \/>\n\t<meta name=\"twitter:data1\" content=\"lospoladmin\" \/>\n\t<meta name=\"twitter:label2\" content=\"Tiempo de lectura\" \/>\n\t<meta name=\"twitter:data2\" content=\"2 minutos\" \/>\n<script type=\"application\/ld+json\" class=\"yoast-schema-graph\">{\"@context\":\"https:\\\/\\\/schema.org\",\"@graph\":[{\"@type\":\"Article\",\"@id\":\"https:\\\/\\\/lospoliticosveracruz.com\\\/?p=9982#article\",\"isPartOf\":{\"@id\":\"https:\\\/\\\/lospoliticosveracruz.com\\\/?p=9982\"},\"author\":{\"name\":\"lospoladmin\",\"@id\":\"https:\\\/\\\/lospoliticosveracruz.com\\\/#\\\/schema\\\/person\\\/c5fee8df75ee4700bd7f8e92859bd696\"},\"headline\":\"Preguntas y respuestas\",\"datePublished\":\"2007-04-19T23:48:00+00:00\",\"dateModified\":\"2014-10-09T03:09:27+00:00\",\"mainEntityOfPage\":{\"@id\":\"https:\\\/\\\/lospoliticosveracruz.com\\\/?p=9982\"},\"wordCount\":454,\"commentCount\":0,\"publisher\":{\"@id\":\"https:\\\/\\\/lospoliticosveracruz.com\\\/#organization\"},\"inLanguage\":\"es\",\"potentialAction\":[{\"@type\":\"CommentAction\",\"name\":\"Comment\",\"target\":[\"https:\\\/\\\/lospoliticosveracruz.com\\\/?p=9982#respond\"]}]},{\"@type\":\"WebPage\",\"@id\":\"https:\\\/\\\/lospoliticosveracruz.com\\\/?p=9982\",\"url\":\"https:\\\/\\\/lospoliticosveracruz.com\\\/?p=9982\",\"name\":\"Preguntas y respuestas - Los pol\u00edticos Veracruz\",\"isPartOf\":{\"@id\":\"https:\\\/\\\/lospoliticosveracruz.com\\\/#website\"},\"datePublished\":\"2007-04-19T23:48:00+00:00\",\"dateModified\":\"2014-10-09T03:09:27+00:00\",\"breadcrumb\":{\"@id\":\"https:\\\/\\\/lospoliticosveracruz.com\\\/?p=9982#breadcrumb\"},\"inLanguage\":\"es\",\"potentialAction\":[{\"@type\":\"ReadAction\",\"target\":[\"https:\\\/\\\/lospoliticosveracruz.com\\\/?p=9982\"]}]},{\"@type\":\"BreadcrumbList\",\"@id\":\"https:\\\/\\\/lospoliticosveracruz.com\\\/?p=9982#breadcrumb\",\"itemListElement\":[{\"@type\":\"ListItem\",\"position\":1,\"name\":\"Portada\",\"item\":\"https:\\\/\\\/lospoliticosveracruz.com\\\/\"},{\"@type\":\"ListItem\",\"position\":2,\"name\":\"Preguntas y respuestas\"}]},{\"@type\":\"WebSite\",\"@id\":\"https:\\\/\\\/lospoliticosveracruz.com\\\/#website\",\"url\":\"https:\\\/\\\/lospoliticosveracruz.com\\\/\",\"name\":\"Los pol\u00edticos Veracruz\",\"description\":\"\",\"publisher\":{\"@id\":\"https:\\\/\\\/lospoliticosveracruz.com\\\/#organization\"},\"potentialAction\":[{\"@type\":\"SearchAction\",\"target\":{\"@type\":\"EntryPoint\",\"urlTemplate\":\"https:\\\/\\\/lospoliticosveracruz.com\\\/?s={search_term_string}\"},\"query-input\":{\"@type\":\"PropertyValueSpecification\",\"valueRequired\":true,\"valueName\":\"search_term_string\"}}],\"inLanguage\":\"es\"},{\"@type\":\"Organization\",\"@id\":\"https:\\\/\\\/lospoliticosveracruz.com\\\/#organization\",\"name\":\"Los pol\u00edticos Veracruz\",\"url\":\"https:\\\/\\\/lospoliticosveracruz.com\\\/\",\"logo\":{\"@type\":\"ImageObject\",\"inLanguage\":\"es\",\"@id\":\"https:\\\/\\\/lospoliticosveracruz.com\\\/#\\\/schema\\\/logo\\\/image\\\/\",\"url\":\"https:\\\/\\\/lospoliticosveracruz.com\\\/wp-content\\\/uploads\\\/2025\\\/12\\\/Logo-Nuevo-LOS-POLITICOS-1.jpg\",\"contentUrl\":\"https:\\\/\\\/lospoliticosveracruz.com\\\/wp-content\\\/uploads\\\/2025\\\/12\\\/Logo-Nuevo-LOS-POLITICOS-1.jpg\",\"width\":260,\"height\":70,\"caption\":\"Los pol\u00edticos Veracruz\"},\"image\":{\"@id\":\"https:\\\/\\\/lospoliticosveracruz.com\\\/#\\\/schema\\\/logo\\\/image\\\/\"},\"sameAs\":[\"https:\\\/\\\/www.facebook.com\\\/people\\\/Notimemes-de-los-Polticos\\\/61565672886568\\\/\",\"https:\\\/\\\/x.com\\\/LosPoliticosVer\"]},{\"@type\":\"Person\",\"@id\":\"https:\\\/\\\/lospoliticosveracruz.com\\\/#\\\/schema\\\/person\\\/c5fee8df75ee4700bd7f8e92859bd696\",\"name\":\"lospoladmin\",\"image\":{\"@type\":\"ImageObject\",\"inLanguage\":\"es\",\"@id\":\"https:\\\/\\\/secure.gravatar.com\\\/avatar\\\/f4a468785695515895c4d618820f242e33d3d72a0284244a0fad6d19795cb724?s=96&d=mm&r=g\",\"url\":\"https:\\\/\\\/secure.gravatar.com\\\/avatar\\\/f4a468785695515895c4d618820f242e33d3d72a0284244a0fad6d19795cb724?s=96&d=mm&r=g\",\"contentUrl\":\"https:\\\/\\\/secure.gravatar.com\\\/avatar\\\/f4a468785695515895c4d618820f242e33d3d72a0284244a0fad6d19795cb724?s=96&d=mm&r=g\",\"caption\":\"lospoladmin\"},\"url\":\"https:\\\/\\\/lospoliticosveracruz.com\\\/?author=1\"}]}<\/script>\n<!-- \/ Yoast SEO plugin. -->","yoast_head_json":{"title":"Preguntas y respuestas - Los pol\u00edticos Veracruz","robots":{"index":"index","follow":"follow","max-snippet":"max-snippet:-1","max-image-preview":"max-image-preview:large","max-video-preview":"max-video-preview:-1"},"canonical":"https:\/\/lospoliticosveracruz.com\/?p=9982","og_locale":"es_ES","og_type":"article","og_title":"Preguntas y respuestas - Los pol\u00edticos Veracruz","og_description":"Salvador Mu\u00f1oz Quienes hemos tenido la oportunidad de ser reporteros, de esos con grabadora o libreta en mano, sabemos que muchas de nuestras preguntas, con sus consabidas respuestas, se quedan en el tintero, ya sea por falta de espacio o porque el criterio del \u201ctundeteclas\u201d considera que no era muy importante, cheque los ejemplos siguientes: [&hellip;]","og_url":"https:\/\/lospoliticosveracruz.com\/?p=9982","og_site_name":"Los pol\u00edticos Veracruz","article_publisher":"https:\/\/www.facebook.com\/people\/Notimemes-de-los-Polticos\/61565672886568\/","article_published_time":"2007-04-19T23:48:00+00:00","article_modified_time":"2014-10-09T03:09:27+00:00","og_image":[{"width":200,"height":200,"url":"https:\/\/lospoliticosveracruz.com\/wp-content\/uploads\/2016\/07\/Logo-Dor.jpg","type":"image\/jpeg"}],"author":"lospoladmin","twitter_card":"summary_large_image","twitter_creator":"@LosPoliticosVer","twitter_site":"@LosPoliticosVer","twitter_misc":{"Escrito por":"lospoladmin","Tiempo de lectura":"2 minutos"},"schema":{"@context":"https:\/\/schema.org","@graph":[{"@type":"Article","@id":"https:\/\/lospoliticosveracruz.com\/?p=9982#article","isPartOf":{"@id":"https:\/\/lospoliticosveracruz.com\/?p=9982"},"author":{"name":"lospoladmin","@id":"https:\/\/lospoliticosveracruz.com\/#\/schema\/person\/c5fee8df75ee4700bd7f8e92859bd696"},"headline":"Preguntas y respuestas","datePublished":"2007-04-19T23:48:00+00:00","dateModified":"2014-10-09T03:09:27+00:00","mainEntityOfPage":{"@id":"https:\/\/lospoliticosveracruz.com\/?p=9982"},"wordCount":454,"commentCount":0,"publisher":{"@id":"https:\/\/lospoliticosveracruz.com\/#organization"},"inLanguage":"es","potentialAction":[{"@type":"CommentAction","name":"Comment","target":["https:\/\/lospoliticosveracruz.com\/?p=9982#respond"]}]},{"@type":"WebPage","@id":"https:\/\/lospoliticosveracruz.com\/?p=9982","url":"https:\/\/lospoliticosveracruz.com\/?p=9982","name":"Preguntas y respuestas - Los pol\u00edticos Veracruz","isPartOf":{"@id":"https:\/\/lospoliticosveracruz.com\/#website"},"datePublished":"2007-04-19T23:48:00+00:00","dateModified":"2014-10-09T03:09:27+00:00","breadcrumb":{"@id":"https:\/\/lospoliticosveracruz.com\/?p=9982#breadcrumb"},"inLanguage":"es","potentialAction":[{"@type":"ReadAction","target":["https:\/\/lospoliticosveracruz.com\/?p=9982"]}]},{"@type":"BreadcrumbList","@id":"https:\/\/lospoliticosveracruz.com\/?p=9982#breadcrumb","itemListElement":[{"@type":"ListItem","position":1,"name":"Portada","item":"https:\/\/lospoliticosveracruz.com\/"},{"@type":"ListItem","position":2,"name":"Preguntas y respuestas"}]},{"@type":"WebSite","@id":"https:\/\/lospoliticosveracruz.com\/#website","url":"https:\/\/lospoliticosveracruz.com\/","name":"Los pol\u00edticos Veracruz","description":"","publisher":{"@id":"https:\/\/lospoliticosveracruz.com\/#organization"},"potentialAction":[{"@type":"SearchAction","target":{"@type":"EntryPoint","urlTemplate":"https:\/\/lospoliticosveracruz.com\/?s={search_term_string}"},"query-input":{"@type":"PropertyValueSpecification","valueRequired":true,"valueName":"search_term_string"}}],"inLanguage":"es"},{"@type":"Organization","@id":"https:\/\/lospoliticosveracruz.com\/#organization","name":"Los pol\u00edticos Veracruz","url":"https:\/\/lospoliticosveracruz.com\/","logo":{"@type":"ImageObject","inLanguage":"es","@id":"https:\/\/lospoliticosveracruz.com\/#\/schema\/logo\/image\/","url":"https:\/\/lospoliticosveracruz.com\/wp-content\/uploads\/2025\/12\/Logo-Nuevo-LOS-POLITICOS-1.jpg","contentUrl":"https:\/\/lospoliticosveracruz.com\/wp-content\/uploads\/2025\/12\/Logo-Nuevo-LOS-POLITICOS-1.jpg","width":260,"height":70,"caption":"Los pol\u00edticos Veracruz"},"image":{"@id":"https:\/\/lospoliticosveracruz.com\/#\/schema\/logo\/image\/"},"sameAs":["https:\/\/www.facebook.com\/people\/Notimemes-de-los-Polticos\/61565672886568\/","https:\/\/x.com\/LosPoliticosVer"]},{"@type":"Person","@id":"https:\/\/lospoliticosveracruz.com\/#\/schema\/person\/c5fee8df75ee4700bd7f8e92859bd696","name":"lospoladmin","image":{"@type":"ImageObject","inLanguage":"es","@id":"https:\/\/secure.gravatar.com\/avatar\/f4a468785695515895c4d618820f242e33d3d72a0284244a0fad6d19795cb724?s=96&d=mm&r=g","url":"https:\/\/secure.gravatar.com\/avatar\/f4a468785695515895c4d618820f242e33d3d72a0284244a0fad6d19795cb724?s=96&d=mm&r=g","contentUrl":"https:\/\/secure.gravatar.com\/avatar\/f4a468785695515895c4d618820f242e33d3d72a0284244a0fad6d19795cb724?s=96&d=mm&r=g","caption":"lospoladmin"},"url":"https:\/\/lospoliticosveracruz.com\/?author=1"}]}},"_links":{"self":[{"href":"https:\/\/lospoliticosveracruz.com\/index.php?rest_route=\/wp\/v2\/posts\/9982","targetHints":{"allow":["GET"]}}],"collection":[{"href":"https:\/\/lospoliticosveracruz.com\/index.php?rest_route=\/wp\/v2\/posts"}],"about":[{"href":"https:\/\/lospoliticosveracruz.com\/index.php?rest_route=\/wp\/v2\/types\/post"}],"author":[{"embeddable":true,"href":"https:\/\/lospoliticosveracruz.com\/index.php?rest_route=\/wp\/v2\/users\/1"}],"replies":[{"embeddable":true,"href":"https:\/\/lospoliticosveracruz.com\/index.php?rest_route=%2Fwp%2Fv2%2Fcomments&post=9982"}],"version-history":[{"count":0,"href":"https:\/\/lospoliticosveracruz.com\/index.php?rest_route=\/wp\/v2\/posts\/9982\/revisions"}],"wp:attachment":[{"href":"https:\/\/lospoliticosveracruz.com\/index.php?rest_route=%2Fwp%2Fv2%2Fmedia&parent=9982"}],"wp:term":[{"taxonomy":"category","embeddable":true,"href":"https:\/\/lospoliticosveracruz.com\/index.php?rest_route=%2Fwp%2Fv2%2Fcategories&post=9982"},{"taxonomy":"post_tag","embeddable":true,"href":"https:\/\/lospoliticosveracruz.com\/index.php?rest_route=%2Fwp%2Fv2%2Ftags&post=9982"}],"curies":[{"name":"wp","href":"https:\/\/api.w.org\/{rel}","templated":true}]}}