{"id":9984,"date":"2007-04-19T23:26:00","date_gmt":"2007-04-19T23:26:00","guid":{"rendered":"http:\/\/www.lospoliticosveracruz.com.mx\/?p=9984"},"modified":"2014-10-09T03:09:28","modified_gmt":"2014-10-09T03:09:28","slug":"que-pasa-en-veracruz-2","status":"publish","type":"post","link":"https:\/\/lospoliticosveracruz.com\/?p=9984","title":{"rendered":"\u00bfQu\u00e9 pasa en Veracruz?"},"content":{"rendered":"<p>Salvador Mu\u00f1oz<\/p>\n<p>Veracruz es un Estado que cuenta con seguridad y tranquilidad, gracias a que contamos con un Gobernador como Fidel Herrrera Beltr\u00e1n, atento y preocupado porque nuestros paisanos cuenten con espacios dignos para el esparcimiento y la libre convivencia. Eso no lo digo yo, eso lo dice Juan de Dios S\u00e1nchez Abreu, l\u00edder del Movimiento Territorial en Veracruz, quien asegur\u00f3 que los hechos recientes ocurridos son hechos completamente aislados y de car\u00e1cter federal, por lo que no empa\u00f1ar\u00e1n la gran imagen que tiene Veracruz para el turismo nacional y extranjero.<br \/>Puede que el carvajalista m\u00e1s fidelista tenga raz\u00f3n, puede que no\u2026 lo cierto es que hubo cierta reuni\u00f3n privada que a continuaci\u00f3n detallo:**<br \/>Era una reuni\u00f3n urgente\u2026 \u00a1super urgente! Alrededor de la mesa se concentraban los m\u00e1s altos funcionarios del gabinete y el mero mero petatero\u2026 el Preciso, quien levant\u00f3 la voz, que dej\u00f3 escucharse como un trueno:<br \/>\u2013\u00a1Sor Yey\u00e9! \u00bfCu\u00e1l dijimos que es el tema de hoy?<br \/>Estir\u00e1ndose el cuello, como siempre, Arturo carraspe\u00f3 y dijo: Veracruz, \u00bfqu\u00e9 pasa en Veracruz?<br \/>\u2013A ver, colaboradores, amigos, colados y compromisos\u2026 quiero respuestas.<br \/>Un dedo temeroso se alz\u00f3 en la mesa, temblaba tanto que apenas si se alcanzaba a ver entre la cabeza de los presentes.<br \/>\u201c\u00bfQu\u00e9 te pasa, Juan?\u201d, pregunt\u00f3 el Preciso.<br \/>\u2013\u00a1Tengo miedo!<br \/>La mirada fr\u00eda del Preciso atemoriz\u00f3 a los dem\u00e1s, pero fue ben\u00e9volo\u2026 s\u00f3lo le pidi\u00f3 que fuera al ba\u00f1o y Juan con Miedo (perdi\u00f3 el \u201csin\u201d) sali\u00f3 a disipar su temor.<br \/>\u2013\u00a1A ver, Jorge Alejandro! Ag\u00e9ndale a Juanito una cita con el m\u00e9dico para que atiendan su incontinencia\u2026<br \/>\u2013\u00bfA poco se hizo pip\u00ed?<br \/>\u2013\u00a1No! \u00a1Su incontinencia verbal! Mira que decir ante los medios que tiene miedo\u2026 Continuemos\u2026 \u00bfen qu\u00e9 nos quedamos Sor Yey\u00e9?<br \/>\u201c\u00bfQu\u00e9 pasa en Veracruz?\u201d, respondi\u00f3 el secretario.<br \/>\u2013\u00a1Exacto! \u00bfQu\u00e9 saben ustedes de lo que est\u00e1 ocurriendo en Veracruz?<br \/>Otro dedo se alz\u00f3, temeroso, m\u00e1s temeroso que el de Juan\u2026 \u00a1era Bola de Nieve! Todos se sorprendieron\u2026 \u00a1lo va a calabacear de nuevo!, pensaron algunos; otros s\u00f3lo esperaban el ba\u00f1o al fiel Bola de Nieve, pero no, a lo mejor por la desesperaci\u00f3n, el Preciso accedi\u00f3 esta vez escucharlo:<br \/>\u2013\u00bfQu\u00e9 sabes t\u00fa, Bola de Nieve?<br \/>Bola de Nieve se levant\u00f3, orgulloso, con la mirada altiva, con papeles en mano, activ\u00f3 un control remoto, baj\u00f3 una pantalla y acto seguido apareci\u00f3 un t\u00edtulo: \u00bfQu\u00e9 pasa en Veracruz?<br \/>\u2013\u00a1Ejem! \u00a1ejem! Mis colaboradores y yo hicimos un sondeo mejor que el de Orbit Media y preguntamos a los veracruzanos \u00bfQu\u00e9 pasa en Veracruz? Y como el pueblo siempre tiene la raz\u00f3n, le muestro los resultados siguientes: A la pregunta de \u00bfQui\u00e9n cree que sea responsable de lo que pasa en Veracruz? Todos respondieron que\u2026<br \/>El silencio se hizo sepulcral cuando apareci\u00f3 en la pantalla dos palabras. Sab\u00edan que ahora s\u00ed, iban a matar a Bola de Nieve, algunos cerraron los ojos, algunos perversos dejaron escapar una sonrisa malvada mientras que otros, ve\u00edan con odio a Bola de Nieve. Estas eran las dos palabras:<br \/>\u00a1\u00a1\u00a1EL NEGRO!!!<br \/>\u00a1Cri! \u00a1Cri! \u00a1Cri! \u00a1Cri! \u00a1Cri! \u00a1Cri!<br \/>\u00a1Todo era silencio! Hasta que el Preciso dijo: \u201c\u00a1Contin\u00faa!\u201d Todos volvieron a respirar. Bola de Nieve se acomod\u00f3 la corbata, carraspe\u00f3 y continu\u00f3:<br \/>\u2013A la pregunta \u00bfQu\u00e9 debe hacer el Gobierno con lo que pasa en Veracruz? Todos respondieron\u2026<br \/>Y el silencio, fr\u00edo como muerto, se hizo de nuevo presente cuando aparecieron en la pantalla tres palabras. Ahora s\u00ed, ahora s\u00ed lo mataba por esas tres palabras:<br \/>\u00a1\u00a1\u00a1FUERA EL NEGRO!!!<br \/>\u00a1Cri! \u00a1Cri! \u00a1Cri! \u00a1Cri! \u00a1Cri! \u00a1Cri!<br \/>\u00a1Todo era silencio! Hasta que el Preciso dijo: \u201c\u00a1Contin\u00faa!\u201d.<br \/>\u2013\u00a1Eso es todo!<br \/>Y el Preciso se dirigi\u00f3 a sus dem\u00e1s subordinados y les pregunt\u00f3:<br \/>\u2013\u00bfQui\u00e9n est\u00e1 de acuerdo con lo expuesto por Bola de Nieve?<br \/>Nadie. Hab\u00eda m\u00e1s miedo del que ten\u00eda Juanito y nadie se atrev\u00eda a hablar hasta que Hugo, el jefe de asesores de Rey, dijo:<br \/>\u2013\u00a1Yo!<br \/>\u00a1Gulp! Tragaron saliva todos.<br \/>\u201c\u00bfPor qu\u00e9?\u201d pregunt\u00f3 el Preciso.<br \/>\u2013Pues si no funciona el Negro Sandoval, hay que dejarlo fuera y probar con nuestra cantera en Coatzacoalcos. No debemos permitirnos caer en la primera A, Veracruz se merece un equipo de lujo\u2026 hay que decirle a \u201cChafagol\u201d (Nota del columnista: bautizado as\u00ed por el sobrino-nieto de el Tlacuache Garizurieta, mi amigo Hugo, hoy corresponsal en TV Azteca \u00a1viviendo en el error!) que se deje de antros, al igual que al otro negro cabr\u00f3n, Tressor Moreno, que hasta perdi\u00f3 el avi\u00f3n para ir a Colombia\u2026<br \/>El Preciso aplaudi\u00f3 los pantalones de Hugo y prometi\u00f3 tomar cartas en el asunto a la vez que felicitaba a Bola de Nieve por su trabajo.<br \/>As\u00ed que si usted se pregunta \u00bfQu\u00e9 pasa en Veracruz? No se preocupe\u2026 el Preciso ya est\u00e1 trabajando en ello.<\/p>\n<p>** Por supuesto: Todo es ficticio. Nuestro reconocimiento a El Negro Sandoval por su gran talento. Tambi\u00e9n al Gober, para que no se sienta y al amigo Hugo Vega Morales, de los funcionarios empecinados en ayudar a Fidel Herrera\u2026<\/p>\n<p>e-mail: <a href=\"mailto:dor00@hotmail.com\">dor00@hotmail.com<\/a><\/p>\n","protected":false},"excerpt":{"rendered":"<p>Salvador Mu\u00f1oz Veracruz es un Estado que cuenta con seguridad y tranquilidad, gracias a que contamos con un Gobernador como Fidel Herrrera Beltr\u00e1n, atento y preocupado porque nuestros paisanos cuenten con espacios dignos para el esparcimiento y la libre convivencia. Eso no lo digo yo, eso lo dice Juan de Dios S\u00e1nchez Abreu, l\u00edder del [&hellip;]<\/p>\n","protected":false},"author":1,"featured_media":0,"comment_status":"open","ping_status":"open","sticky":false,"template":"","format":"standard","meta":{"tdm_status":"","tdm_grid_status":"","footnotes":""},"categories":[1],"tags":[],"class_list":{"0":"post-9984","1":"post","2":"type-post","3":"status-publish","4":"format-standard","6":"category-sin-categoria"},"yoast_head":"<!-- This site is optimized with the Yoast SEO plugin v27.4 - https:\/\/yoast.com\/product\/yoast-seo-wordpress\/ -->\n<title>\u00bfQu\u00e9 pasa en Veracruz? - Los pol\u00edticos Veracruz<\/title>\n<meta name=\"robots\" content=\"index, follow, max-snippet:-1, max-image-preview:large, max-video-preview:-1\" \/>\n<link rel=\"canonical\" href=\"https:\/\/lospoliticosveracruz.com\/?p=9984\" \/>\n<meta property=\"og:locale\" content=\"es_ES\" \/>\n<meta property=\"og:type\" content=\"article\" \/>\n<meta property=\"og:title\" content=\"\u00bfQu\u00e9 pasa en Veracruz? - Los pol\u00edticos Veracruz\" \/>\n<meta property=\"og:description\" content=\"Salvador Mu\u00f1oz Veracruz es un Estado que cuenta con seguridad y tranquilidad, gracias a que contamos con un Gobernador como Fidel Herrrera Beltr\u00e1n, atento y preocupado porque nuestros paisanos cuenten con espacios dignos para el esparcimiento y la libre convivencia. Eso no lo digo yo, eso lo dice Juan de Dios S\u00e1nchez Abreu, l\u00edder del [&hellip;]\" \/>\n<meta property=\"og:url\" content=\"https:\/\/lospoliticosveracruz.com\/?p=9984\" \/>\n<meta property=\"og:site_name\" content=\"Los pol\u00edticos Veracruz\" \/>\n<meta property=\"article:publisher\" content=\"https:\/\/www.facebook.com\/people\/Notimemes-de-los-Polticos\/61565672886568\/\" \/>\n<meta property=\"article:published_time\" content=\"2007-04-19T23:26:00+00:00\" \/>\n<meta property=\"article:modified_time\" content=\"2014-10-09T03:09:28+00:00\" \/>\n<meta property=\"og:image\" content=\"https:\/\/lospoliticosveracruz.com\/wp-content\/uploads\/2016\/07\/Logo-Dor.jpg\" \/>\n\t<meta property=\"og:image:width\" content=\"200\" \/>\n\t<meta property=\"og:image:height\" content=\"200\" \/>\n\t<meta property=\"og:image:type\" content=\"image\/jpeg\" \/>\n<meta name=\"author\" content=\"lospoladmin\" \/>\n<meta name=\"twitter:card\" content=\"summary_large_image\" \/>\n<meta name=\"twitter:creator\" content=\"@LosPoliticosVer\" \/>\n<meta name=\"twitter:site\" content=\"@LosPoliticosVer\" \/>\n<meta name=\"twitter:label1\" content=\"Escrito por\" \/>\n\t<meta name=\"twitter:data1\" content=\"lospoladmin\" \/>\n\t<meta name=\"twitter:label2\" content=\"Tiempo de lectura\" \/>\n\t<meta name=\"twitter:data2\" content=\"4 minutos\" \/>\n<script type=\"application\/ld+json\" class=\"yoast-schema-graph\">{\"@context\":\"https:\\\/\\\/schema.org\",\"@graph\":[{\"@type\":\"Article\",\"@id\":\"https:\\\/\\\/lospoliticosveracruz.com\\\/?p=9984#article\",\"isPartOf\":{\"@id\":\"https:\\\/\\\/lospoliticosveracruz.com\\\/?p=9984\"},\"author\":{\"name\":\"lospoladmin\",\"@id\":\"https:\\\/\\\/lospoliticosveracruz.com\\\/#\\\/schema\\\/person\\\/c5fee8df75ee4700bd7f8e92859bd696\"},\"headline\":\"\u00bfQu\u00e9 pasa en Veracruz?\",\"datePublished\":\"2007-04-19T23:26:00+00:00\",\"dateModified\":\"2014-10-09T03:09:28+00:00\",\"mainEntityOfPage\":{\"@id\":\"https:\\\/\\\/lospoliticosveracruz.com\\\/?p=9984\"},\"wordCount\":869,\"commentCount\":2,\"publisher\":{\"@id\":\"https:\\\/\\\/lospoliticosveracruz.com\\\/#organization\"},\"inLanguage\":\"es\",\"potentialAction\":[{\"@type\":\"CommentAction\",\"name\":\"Comment\",\"target\":[\"https:\\\/\\\/lospoliticosveracruz.com\\\/?p=9984#respond\"]}]},{\"@type\":\"WebPage\",\"@id\":\"https:\\\/\\\/lospoliticosveracruz.com\\\/?p=9984\",\"url\":\"https:\\\/\\\/lospoliticosveracruz.com\\\/?p=9984\",\"name\":\"\u00bfQu\u00e9 pasa en Veracruz? - Los pol\u00edticos Veracruz\",\"isPartOf\":{\"@id\":\"https:\\\/\\\/lospoliticosveracruz.com\\\/#website\"},\"datePublished\":\"2007-04-19T23:26:00+00:00\",\"dateModified\":\"2014-10-09T03:09:28+00:00\",\"breadcrumb\":{\"@id\":\"https:\\\/\\\/lospoliticosveracruz.com\\\/?p=9984#breadcrumb\"},\"inLanguage\":\"es\",\"potentialAction\":[{\"@type\":\"ReadAction\",\"target\":[\"https:\\\/\\\/lospoliticosveracruz.com\\\/?p=9984\"]}]},{\"@type\":\"BreadcrumbList\",\"@id\":\"https:\\\/\\\/lospoliticosveracruz.com\\\/?p=9984#breadcrumb\",\"itemListElement\":[{\"@type\":\"ListItem\",\"position\":1,\"name\":\"Portada\",\"item\":\"https:\\\/\\\/lospoliticosveracruz.com\\\/\"},{\"@type\":\"ListItem\",\"position\":2,\"name\":\"\u00bfQu\u00e9 pasa en Veracruz?\"}]},{\"@type\":\"WebSite\",\"@id\":\"https:\\\/\\\/lospoliticosveracruz.com\\\/#website\",\"url\":\"https:\\\/\\\/lospoliticosveracruz.com\\\/\",\"name\":\"Los pol\u00edticos Veracruz\",\"description\":\"\",\"publisher\":{\"@id\":\"https:\\\/\\\/lospoliticosveracruz.com\\\/#organization\"},\"potentialAction\":[{\"@type\":\"SearchAction\",\"target\":{\"@type\":\"EntryPoint\",\"urlTemplate\":\"https:\\\/\\\/lospoliticosveracruz.com\\\/?s={search_term_string}\"},\"query-input\":{\"@type\":\"PropertyValueSpecification\",\"valueRequired\":true,\"valueName\":\"search_term_string\"}}],\"inLanguage\":\"es\"},{\"@type\":\"Organization\",\"@id\":\"https:\\\/\\\/lospoliticosveracruz.com\\\/#organization\",\"name\":\"Los pol\u00edticos Veracruz\",\"url\":\"https:\\\/\\\/lospoliticosveracruz.com\\\/\",\"logo\":{\"@type\":\"ImageObject\",\"inLanguage\":\"es\",\"@id\":\"https:\\\/\\\/lospoliticosveracruz.com\\\/#\\\/schema\\\/logo\\\/image\\\/\",\"url\":\"https:\\\/\\\/lospoliticosveracruz.com\\\/wp-content\\\/uploads\\\/2025\\\/12\\\/Logo-Nuevo-LOS-POLITICOS-1.jpg\",\"contentUrl\":\"https:\\\/\\\/lospoliticosveracruz.com\\\/wp-content\\\/uploads\\\/2025\\\/12\\\/Logo-Nuevo-LOS-POLITICOS-1.jpg\",\"width\":260,\"height\":70,\"caption\":\"Los pol\u00edticos Veracruz\"},\"image\":{\"@id\":\"https:\\\/\\\/lospoliticosveracruz.com\\\/#\\\/schema\\\/logo\\\/image\\\/\"},\"sameAs\":[\"https:\\\/\\\/www.facebook.com\\\/people\\\/Notimemes-de-los-Polticos\\\/61565672886568\\\/\",\"https:\\\/\\\/x.com\\\/LosPoliticosVer\"]},{\"@type\":\"Person\",\"@id\":\"https:\\\/\\\/lospoliticosveracruz.com\\\/#\\\/schema\\\/person\\\/c5fee8df75ee4700bd7f8e92859bd696\",\"name\":\"lospoladmin\",\"image\":{\"@type\":\"ImageObject\",\"inLanguage\":\"es\",\"@id\":\"https:\\\/\\\/secure.gravatar.com\\\/avatar\\\/f4a468785695515895c4d618820f242e33d3d72a0284244a0fad6d19795cb724?s=96&d=mm&r=g\",\"url\":\"https:\\\/\\\/secure.gravatar.com\\\/avatar\\\/f4a468785695515895c4d618820f242e33d3d72a0284244a0fad6d19795cb724?s=96&d=mm&r=g\",\"contentUrl\":\"https:\\\/\\\/secure.gravatar.com\\\/avatar\\\/f4a468785695515895c4d618820f242e33d3d72a0284244a0fad6d19795cb724?s=96&d=mm&r=g\",\"caption\":\"lospoladmin\"},\"url\":\"https:\\\/\\\/lospoliticosveracruz.com\\\/?author=1\"}]}<\/script>\n<!-- \/ Yoast SEO plugin. -->","yoast_head_json":{"title":"\u00bfQu\u00e9 pasa en Veracruz? - Los pol\u00edticos Veracruz","robots":{"index":"index","follow":"follow","max-snippet":"max-snippet:-1","max-image-preview":"max-image-preview:large","max-video-preview":"max-video-preview:-1"},"canonical":"https:\/\/lospoliticosveracruz.com\/?p=9984","og_locale":"es_ES","og_type":"article","og_title":"\u00bfQu\u00e9 pasa en Veracruz? - Los pol\u00edticos Veracruz","og_description":"Salvador Mu\u00f1oz Veracruz es un Estado que cuenta con seguridad y tranquilidad, gracias a que contamos con un Gobernador como Fidel Herrrera Beltr\u00e1n, atento y preocupado porque nuestros paisanos cuenten con espacios dignos para el esparcimiento y la libre convivencia. Eso no lo digo yo, eso lo dice Juan de Dios S\u00e1nchez Abreu, l\u00edder del [&hellip;]","og_url":"https:\/\/lospoliticosveracruz.com\/?p=9984","og_site_name":"Los pol\u00edticos Veracruz","article_publisher":"https:\/\/www.facebook.com\/people\/Notimemes-de-los-Polticos\/61565672886568\/","article_published_time":"2007-04-19T23:26:00+00:00","article_modified_time":"2014-10-09T03:09:28+00:00","og_image":[{"width":200,"height":200,"url":"https:\/\/lospoliticosveracruz.com\/wp-content\/uploads\/2016\/07\/Logo-Dor.jpg","type":"image\/jpeg"}],"author":"lospoladmin","twitter_card":"summary_large_image","twitter_creator":"@LosPoliticosVer","twitter_site":"@LosPoliticosVer","twitter_misc":{"Escrito por":"lospoladmin","Tiempo de lectura":"4 minutos"},"schema":{"@context":"https:\/\/schema.org","@graph":[{"@type":"Article","@id":"https:\/\/lospoliticosveracruz.com\/?p=9984#article","isPartOf":{"@id":"https:\/\/lospoliticosveracruz.com\/?p=9984"},"author":{"name":"lospoladmin","@id":"https:\/\/lospoliticosveracruz.com\/#\/schema\/person\/c5fee8df75ee4700bd7f8e92859bd696"},"headline":"\u00bfQu\u00e9 pasa en Veracruz?","datePublished":"2007-04-19T23:26:00+00:00","dateModified":"2014-10-09T03:09:28+00:00","mainEntityOfPage":{"@id":"https:\/\/lospoliticosveracruz.com\/?p=9984"},"wordCount":869,"commentCount":2,"publisher":{"@id":"https:\/\/lospoliticosveracruz.com\/#organization"},"inLanguage":"es","potentialAction":[{"@type":"CommentAction","name":"Comment","target":["https:\/\/lospoliticosveracruz.com\/?p=9984#respond"]}]},{"@type":"WebPage","@id":"https:\/\/lospoliticosveracruz.com\/?p=9984","url":"https:\/\/lospoliticosveracruz.com\/?p=9984","name":"\u00bfQu\u00e9 pasa en Veracruz? - Los pol\u00edticos Veracruz","isPartOf":{"@id":"https:\/\/lospoliticosveracruz.com\/#website"},"datePublished":"2007-04-19T23:26:00+00:00","dateModified":"2014-10-09T03:09:28+00:00","breadcrumb":{"@id":"https:\/\/lospoliticosveracruz.com\/?p=9984#breadcrumb"},"inLanguage":"es","potentialAction":[{"@type":"ReadAction","target":["https:\/\/lospoliticosveracruz.com\/?p=9984"]}]},{"@type":"BreadcrumbList","@id":"https:\/\/lospoliticosveracruz.com\/?p=9984#breadcrumb","itemListElement":[{"@type":"ListItem","position":1,"name":"Portada","item":"https:\/\/lospoliticosveracruz.com\/"},{"@type":"ListItem","position":2,"name":"\u00bfQu\u00e9 pasa en Veracruz?"}]},{"@type":"WebSite","@id":"https:\/\/lospoliticosveracruz.com\/#website","url":"https:\/\/lospoliticosveracruz.com\/","name":"Los pol\u00edticos Veracruz","description":"","publisher":{"@id":"https:\/\/lospoliticosveracruz.com\/#organization"},"potentialAction":[{"@type":"SearchAction","target":{"@type":"EntryPoint","urlTemplate":"https:\/\/lospoliticosveracruz.com\/?s={search_term_string}"},"query-input":{"@type":"PropertyValueSpecification","valueRequired":true,"valueName":"search_term_string"}}],"inLanguage":"es"},{"@type":"Organization","@id":"https:\/\/lospoliticosveracruz.com\/#organization","name":"Los pol\u00edticos Veracruz","url":"https:\/\/lospoliticosveracruz.com\/","logo":{"@type":"ImageObject","inLanguage":"es","@id":"https:\/\/lospoliticosveracruz.com\/#\/schema\/logo\/image\/","url":"https:\/\/lospoliticosveracruz.com\/wp-content\/uploads\/2025\/12\/Logo-Nuevo-LOS-POLITICOS-1.jpg","contentUrl":"https:\/\/lospoliticosveracruz.com\/wp-content\/uploads\/2025\/12\/Logo-Nuevo-LOS-POLITICOS-1.jpg","width":260,"height":70,"caption":"Los pol\u00edticos Veracruz"},"image":{"@id":"https:\/\/lospoliticosveracruz.com\/#\/schema\/logo\/image\/"},"sameAs":["https:\/\/www.facebook.com\/people\/Notimemes-de-los-Polticos\/61565672886568\/","https:\/\/x.com\/LosPoliticosVer"]},{"@type":"Person","@id":"https:\/\/lospoliticosveracruz.com\/#\/schema\/person\/c5fee8df75ee4700bd7f8e92859bd696","name":"lospoladmin","image":{"@type":"ImageObject","inLanguage":"es","@id":"https:\/\/secure.gravatar.com\/avatar\/f4a468785695515895c4d618820f242e33d3d72a0284244a0fad6d19795cb724?s=96&d=mm&r=g","url":"https:\/\/secure.gravatar.com\/avatar\/f4a468785695515895c4d618820f242e33d3d72a0284244a0fad6d19795cb724?s=96&d=mm&r=g","contentUrl":"https:\/\/secure.gravatar.com\/avatar\/f4a468785695515895c4d618820f242e33d3d72a0284244a0fad6d19795cb724?s=96&d=mm&r=g","caption":"lospoladmin"},"url":"https:\/\/lospoliticosveracruz.com\/?author=1"}]}},"_links":{"self":[{"href":"https:\/\/lospoliticosveracruz.com\/index.php?rest_route=\/wp\/v2\/posts\/9984","targetHints":{"allow":["GET"]}}],"collection":[{"href":"https:\/\/lospoliticosveracruz.com\/index.php?rest_route=\/wp\/v2\/posts"}],"about":[{"href":"https:\/\/lospoliticosveracruz.com\/index.php?rest_route=\/wp\/v2\/types\/post"}],"author":[{"embeddable":true,"href":"https:\/\/lospoliticosveracruz.com\/index.php?rest_route=\/wp\/v2\/users\/1"}],"replies":[{"embeddable":true,"href":"https:\/\/lospoliticosveracruz.com\/index.php?rest_route=%2Fwp%2Fv2%2Fcomments&post=9984"}],"version-history":[{"count":0,"href":"https:\/\/lospoliticosveracruz.com\/index.php?rest_route=\/wp\/v2\/posts\/9984\/revisions"}],"wp:attachment":[{"href":"https:\/\/lospoliticosveracruz.com\/index.php?rest_route=%2Fwp%2Fv2%2Fmedia&parent=9984"}],"wp:term":[{"taxonomy":"category","embeddable":true,"href":"https:\/\/lospoliticosveracruz.com\/index.php?rest_route=%2Fwp%2Fv2%2Fcategories&post=9984"},{"taxonomy":"post_tag","embeddable":true,"href":"https:\/\/lospoliticosveracruz.com\/index.php?rest_route=%2Fwp%2Fv2%2Ftags&post=9984"}],"curies":[{"name":"wp","href":"https:\/\/api.w.org\/{rel}","templated":true}]}}