{"id":99981,"date":"2022-12-14T07:43:48","date_gmt":"2022-12-14T13:43:48","guid":{"rendered":"https:\/\/lospoliticosveracruz.com.mx\/?p=99981"},"modified":"2022-12-14T07:43:53","modified_gmt":"2022-12-14T13:43:53","slug":"senado-y-el-tev","status":"publish","type":"post","link":"https:\/\/lospoliticosveracruz.com\/?p=99981","title":{"rendered":"SENADO Y EL TEV"},"content":{"rendered":"\n<p><strong>Ricardo Ch\u00faa<\/strong><\/p>\n\n\n\n<p><em>Sale y Vale<\/em><\/p>\n\n\n\n<p>Despu\u00e9s de que fuera publicada la informaci\u00f3n donde se aprecia a la nueva Presidenta del Tribunal Electoral de Veracruz (TEV), Tania V\u00e1zquez Mu\u00f1oz, acudiendo a un evento el pasado domingo del municipio de Emiliano Zapata, del grupo al interior de MORENA, llamado \u00abUnidos Todos\u00bb que financia y maneja el subsecretario de Finanzas del gobierno estatal, Eleazar Guerrero P\u00e9rez.. Muchos se han preguntado: \u00bfEl Senado y Ricardo Monreal no tomar\u00e1n cartas en el asunto?&#8230; Ya que es un tema que le compete a los senadores&#8230;<\/p>\n\n\n<div class=\"wp-block-image\">\n<figure class=\"alignleft size-medium\"><a href=\"https:\/\/lospoliticosveracruz.com.mx\/wp-content\/uploads\/2021\/10\/WhatsApp-Image-2021-10-02-at-15.20.25.jpeg\"><img loading=\"lazy\" decoding=\"async\" width=\"212\" height=\"300\" src=\"https:\/\/lospoliticosveracruz.com.mx\/wp-content\/uploads\/2021\/10\/WhatsApp-Image-2021-10-02-at-15.20.25-212x300.jpeg\" alt=\"\" class=\"wp-image-80177\" srcset=\"https:\/\/lospoliticosveracruz.com\/wp-content\/uploads\/2021\/10\/WhatsApp-Image-2021-10-02-at-15.20.25-212x300.jpeg 212w, https:\/\/lospoliticosveracruz.com\/wp-content\/uploads\/2021\/10\/WhatsApp-Image-2021-10-02-at-15.20.25-724x1024.jpeg 724w, https:\/\/lospoliticosveracruz.com\/wp-content\/uploads\/2021\/10\/WhatsApp-Image-2021-10-02-at-15.20.25-768x1086.jpeg 768w, https:\/\/lospoliticosveracruz.com\/wp-content\/uploads\/2021\/10\/WhatsApp-Image-2021-10-02-at-15.20.25.jpeg 905w\" sizes=\"auto, (max-width: 212px) 100vw, 212px\" \/><\/a><\/figure>\n<\/div>\n\n\n<p>Tambi\u00e9n en Veracruz, ya parte de la sociedad civil organizada, se est\u00e1n preguntando: \u00bfD\u00f3nde est\u00e1n los senadores de oposici\u00f3n en Veracruz?.. De los cuales, no se conoce postura por este tema, cuando la elecci\u00f3n estatal est\u00e1 a menos de un a\u00f1o de empezar su proceso de manera legal&#8230; \u00bfD\u00f3nde est\u00e1 Dante Delgado o Julen Rementer\u00eda?.. Los dos senadores m\u00e1s cr\u00edticos del gobierno de Cuitl\u00e1huac Garc\u00eda y que no han dicho nada del tema de Tania V\u00e1zquez&#8230; Sea como sea, ella como presidenta del TEV acudi\u00f3 a un evento partidista aunque digan que no&#8230;<\/p>\n\n\n\n<p>Ya que si Ricardo Monreal no dice nada, pese a ser Veracruz y que \u00e9l tiene cuentas pendientes con Cuitl\u00e1huac Garc\u00eda.. Por lo menos, que le pase la estafeta a Miguel \u00c1ngel Osorio Chong, que conoce bien a Veracruz&#8230; Y cuando menos, que vean que el caso de Tania V\u00e1zquez se puede repetir en otros estados del pa\u00eds, cuyos gobiernos locales encabeza MORENA&#8230; Puede que ponga en riesgo la imparcialidad de las 9 entidades donde habr\u00e1 elecciones locales en 2024&#8230; Veracruz es una de ellas, por eso el tema de V\u00e1zquez Mu\u00f1oz llama la atenci\u00f3n&#8230;<\/p>\n\n\n\n<p>\u00abEn pol\u00edtica, las casualidades no existen\u00bb, dec\u00eda Jes\u00fas Reyes Heroles&#8230; Y su presencia en el evento del funcionario m\u00e1s poderoso del gabinete de Cuitl\u00e1huac Garc\u00eda, ya que a parte de ser su primo, maneja todos los recursos p\u00fablicos del gobierno, no se puede decir que fue \u00abcausal\u00bb o por invitaci\u00f3n a una \u00abposada\u00bb&#8230; La presidente del TEV es una persona muy preparada pol\u00edtica y acad\u00e9micamente para caer en estas \u00abequivocaciones\u00bb.. Por ello, los partidos de oposici\u00f3n sienten que es GRAVE su presencia al acto del \u00abPrimo\u00bb Eleazar.. Y NO ES JUEGO&#8230;&nbsp;<\/p>\n\n\n\n<p>Los que saben de temas pol\u00edticos y obvio electorales.. Con la presencia de la Presidenta del TEV en una \u00abposada\u00bb pol\u00edtica donde se habl\u00f3 de \u00abherencias\u00bb de la transformaci\u00f3n&#8230; Donde hubo m\u00e1s de 10 mil personas que vitoreaban a MORENA y Cuitl\u00e1huac Garc\u00eda.. Donde hab\u00eda un espectacular con la foto del gobernador de alrededor de 6 metros de largo&#8230; No puede decir, que fue \u00abenga\u00f1ada\u00bb al asistir a este evento.. Por lo menos, al llegar y darse cuenta de lo que era esa \u00abposada\u00bb, se hubiera ido del lugar&#8230; Pero no fue as\u00ed&#8230; CRASO ERROR&#8230;<\/p>\n\n\n\n<p>Ya que ahora cuando vengan los procesos electorales locales en Veracruz en 2024&#8230; Si este asunto crece y no la mueven de la Presidencia o ella no renuncia al cargo, por esta omisi\u00f3n cometida aunque haya sido en d\u00eda de descanso&#8230; Cualquier tema electoral donde tenga que ver MORENA en la elecci\u00f3n a gobernador o diputados locales en ese a\u00f1o, Tania V\u00e1zquez tendr\u00e1 que EXCUSARSE porque se podr\u00eda poner en entredicho su funci\u00f3n imparcial como funcionaria de un tribunal electoral&#8230;<\/p>\n\n\n\n<p>Sobre todo porque la finalidad de un tribunal electoral es que haya justicia, imparcialidad y objetividad en una elecci\u00f3n.. Mismo que se pondr\u00eda en duda, cuando uno de sus funcionarios acuden a un evento partidista&#8230; As\u00ed sea una \u00abposada\u00bb&#8230; Donde acude el gobernador y habla de pol\u00edtica.. Y no fue un evento institucional del gobierno estatal, Congreso Local o de un ayuntamiento o de un colegio de profesionistas.. Fue un acto del grupo pol\u00edtico que maneja el subsecretario de Finanzas de Veracruz y que tiene Consejeros Estatales en MORENA&#8230;&nbsp; &nbsp;<\/p>\n\n\n\n<p>Se puede hasta deducir, que Tania V\u00e1zquez acudi\u00f3 a un acto de un grupo al interior de MORENA.. Donde hubo \u00abarengas\u00bb pol\u00edticas para dejar ver el buen funcionamiento de un partido en el poder.. Donde se puede presumir que hasta hubo un \u00abdestape\u00bb para buscar la candidatura Presidencial de este organismo&#8230; Presuntamente del gobernador de Veracruz, despu\u00e9s de que proclam\u00f3 que ante el retiro pol\u00edtico de Andr\u00e9s Manuel L\u00f3pez Obrador, hay \u00abherederos\u00bb que pueden tomar las riendas de la 4T en M\u00e9xico y que \u00e9l ser\u00eda uno de ellos&#8230;&nbsp;<\/p>\n\n\n\n<p>Acaso no se dio cuenta la funcionaria del TEV \u00bfA qu\u00e9 se refer\u00eda Cuitl\u00e1huac Garc\u00eda en ese evento con esa declaraci\u00f3n?&#8230; \u00bfA qu\u00e9 \u00e9l buscar\u00eda la Presidencia de M\u00e9xico y en Veracruz dejar\u00eda a uno de los suyos como candidato a gobernador?.. \u00bfQu\u00e9 podr\u00eda poner a su interino mientras se va a campa\u00f1a?&#8230; \u00bfQu\u00e9 ya est\u00e1 \u00abrompiendo\u00bb con Roc\u00edo Nahle? o \u00bfQu\u00e9 le est\u00e1 negando la posibilidad a Eric Cisneros de ser candidato a gobernador?&#8230; A ese acto fue la nueva presidenta del Tribunal Electoral de Veracruz&#8230; Donde las arengas pol\u00edticas fueron evidentes&#8230;<\/p>\n\n\n\n<p>Situaci\u00f3n por lo cual, se provoca que todo el tema de la justicia electoral que se pueda esperar para la elecci\u00f3n estatal en Veracruz en 2024&#8230; Se pueda poner en duda&#8230; Y que por ello, todas las quejas que pueda haber contra MORENA antes, durante y despu\u00e9s del proceso electoral si no procede, los partidos oposici\u00f3n pueden se\u00f1alar que los resultados quedar\u00e1n BAJO SOSPECHA&#8230; A esta persona que es tan inteligente&#8230; \u00bfQui\u00e9n le habr\u00e1 recomendado ir a la \u00abposada\u00bb?&#8230; Pero sobre todo por qu\u00e9 hizo caso y fue&#8230; SIN COMENTARIOS..<\/p>\n\n\n\n<p>PD&#8230; Ahora todo queda en manos de Dante Delgado y Julen Rementer\u00eda&#8230; Los senadores de oposici\u00f3n en Veracruz&#8230; Ya que dif\u00edcilmente Gloria S\u00e1nchez o Ernesto P\u00e9rez Astorga manifestar\u00e1n algo al respecto, ambos son de MORENA&#8230; Pero la prueba real ser\u00e1 para Dante Delgado&#8230; Aqu\u00ed se ver\u00e1 la postura que podr\u00eda tomar ante los futuros comicios electorales del 2024&#8230; El TEV es un tema fundamental para la imparcialidad de esa elecci\u00f3n&#8230; EL QUE ENTENDI\u00d3, ENTENDI\u00d3.. AMEN&#8230;<\/p>\n","protected":false},"excerpt":{"rendered":"<p>Ricardo Ch\u00faa Sale y Vale Despu\u00e9s de que fuera publicada la informaci\u00f3n donde se aprecia a la nueva Presidenta del Tribunal Electoral de Veracruz (TEV), Tania V\u00e1zquez Mu\u00f1oz, acudiendo a un evento el pasado domingo del municipio de Emiliano Zapata, del grupo al interior de MORENA, llamado \u00abUnidos Todos\u00bb que financia y maneja el subsecretario [&hellip;]<\/p>\n","protected":false},"author":2,"featured_media":0,"comment_status":"closed","ping_status":"closed","sticky":false,"template":"","format":"standard","meta":{"tdm_status":"","tdm_grid_status":"","footnotes":""},"categories":[70],"tags":[1563,2219,13912,12605,1130,1026,13604,10353,7070,33403,195],"class_list":{"0":"post-99981","1":"post","2":"type-post","3":"status-publish","4":"format-standard","6":"category-de-opinion","7":"tag-cuitlahuac-garcia-jimenez","8":"tag-dante-delgado","9":"tag-eleazar-guerrero-perez","10":"tag-ernesto-perez-astorga","11":"tag-julen-rementeria","12":"tag-morena","13":"tag-ricardo-chua","14":"tag-ricardo-monreal","15":"tag-tania-vazquez-munoz","16":"tag-unidos-todos","17":"tag-veracruz"},"yoast_head":"<!-- This site is optimized with the Yoast SEO plugin v27.4 - https:\/\/yoast.com\/product\/yoast-seo-wordpress\/ -->\n<title>SENADO Y EL TEV - Los pol\u00edticos Veracruz<\/title>\n<meta name=\"robots\" content=\"index, follow, max-snippet:-1, max-image-preview:large, max-video-preview:-1\" \/>\n<link rel=\"canonical\" href=\"https:\/\/lospoliticosveracruz.com\/?p=99981\" \/>\n<meta property=\"og:locale\" content=\"es_ES\" \/>\n<meta property=\"og:type\" content=\"article\" \/>\n<meta property=\"og:title\" content=\"SENADO Y EL TEV - Los pol\u00edticos Veracruz\" \/>\n<meta property=\"og:description\" content=\"Ricardo Ch\u00faa Sale y Vale Despu\u00e9s de que fuera publicada la informaci\u00f3n donde se aprecia a la nueva Presidenta del Tribunal Electoral de Veracruz (TEV), Tania V\u00e1zquez Mu\u00f1oz, acudiendo a un evento el pasado domingo del municipio de Emiliano Zapata, del grupo al interior de MORENA, llamado \u00abUnidos Todos\u00bb que financia y maneja el subsecretario [&hellip;]\" \/>\n<meta property=\"og:url\" content=\"https:\/\/lospoliticosveracruz.com\/?p=99981\" \/>\n<meta property=\"og:site_name\" content=\"Los pol\u00edticos Veracruz\" \/>\n<meta property=\"article:publisher\" content=\"https:\/\/www.facebook.com\/people\/Notimemes-de-los-Polticos\/61565672886568\/\" \/>\n<meta property=\"article:published_time\" content=\"2022-12-14T13:43:48+00:00\" \/>\n<meta property=\"article:modified_time\" content=\"2022-12-14T13:43:53+00:00\" \/>\n<meta property=\"og:image\" content=\"https:\/\/lospoliticosveracruz.com.mx\/wp-content\/uploads\/2021\/10\/WhatsApp-Image-2021-10-02-at-15.20.25-212x300.jpeg\" \/>\n<meta name=\"author\" content=\"Lo viste en Los Pol\u00edticos\" \/>\n<meta name=\"twitter:card\" content=\"summary_large_image\" \/>\n<meta name=\"twitter:creator\" content=\"@LosPoliticosVer\" \/>\n<meta name=\"twitter:site\" content=\"@LosPoliticosVer\" \/>\n<meta name=\"twitter:label1\" content=\"Escrito por\" \/>\n\t<meta name=\"twitter:data1\" content=\"Lo viste en Los Pol\u00edticos\" \/>\n\t<meta name=\"twitter:label2\" content=\"Tiempo de lectura\" \/>\n\t<meta name=\"twitter:data2\" content=\"5 minutos\" \/>\n<script type=\"application\/ld+json\" class=\"yoast-schema-graph\">{\"@context\":\"https:\\\/\\\/schema.org\",\"@graph\":[{\"@type\":\"Article\",\"@id\":\"https:\\\/\\\/lospoliticosveracruz.com\\\/?p=99981#article\",\"isPartOf\":{\"@id\":\"https:\\\/\\\/lospoliticosveracruz.com\\\/?p=99981\"},\"author\":{\"name\":\"Lo viste en Los Pol\u00edticos\",\"@id\":\"https:\\\/\\\/lospoliticosveracruz.com\\\/#\\\/schema\\\/person\\\/b8702bb0e538456e6efd07080bf2a4a2\"},\"headline\":\"SENADO Y EL TEV\",\"datePublished\":\"2022-12-14T13:43:48+00:00\",\"dateModified\":\"2022-12-14T13:43:53+00:00\",\"mainEntityOfPage\":{\"@id\":\"https:\\\/\\\/lospoliticosveracruz.com\\\/?p=99981\"},\"wordCount\":1072,\"publisher\":{\"@id\":\"https:\\\/\\\/lospoliticosveracruz.com\\\/#organization\"},\"image\":{\"@id\":\"https:\\\/\\\/lospoliticosveracruz.com\\\/?p=99981#primaryimage\"},\"thumbnailUrl\":\"https:\\\/\\\/lospoliticosveracruz.com.mx\\\/wp-content\\\/uploads\\\/2021\\\/10\\\/WhatsApp-Image-2021-10-02-at-15.20.25-212x300.jpeg\",\"keywords\":[\"Cuitl\u00e1huac Garc\u00eda Jim\u00e9nez\",\"Dante Delgado\",\"Eleazar Guerrero P\u00e9rez\",\"Ernesto P\u00e9rez Astorga\",\"Julen Rementer\u00eda\",\"Morena\",\"Ricardo Ch\u00faa\",\"Ricardo Monreal\",\"Tania V\u00e1zquez Mu\u00f1oz\",\"Unidos Todos\",\"Veracruz\"],\"articleSection\":[\"De Opini\u00f3n\"],\"inLanguage\":\"es\"},{\"@type\":\"WebPage\",\"@id\":\"https:\\\/\\\/lospoliticosveracruz.com\\\/?p=99981\",\"url\":\"https:\\\/\\\/lospoliticosveracruz.com\\\/?p=99981\",\"name\":\"SENADO Y EL TEV - Los pol\u00edticos Veracruz\",\"isPartOf\":{\"@id\":\"https:\\\/\\\/lospoliticosveracruz.com\\\/#website\"},\"primaryImageOfPage\":{\"@id\":\"https:\\\/\\\/lospoliticosveracruz.com\\\/?p=99981#primaryimage\"},\"image\":{\"@id\":\"https:\\\/\\\/lospoliticosveracruz.com\\\/?p=99981#primaryimage\"},\"thumbnailUrl\":\"https:\\\/\\\/lospoliticosveracruz.com.mx\\\/wp-content\\\/uploads\\\/2021\\\/10\\\/WhatsApp-Image-2021-10-02-at-15.20.25-212x300.jpeg\",\"datePublished\":\"2022-12-14T13:43:48+00:00\",\"dateModified\":\"2022-12-14T13:43:53+00:00\",\"breadcrumb\":{\"@id\":\"https:\\\/\\\/lospoliticosveracruz.com\\\/?p=99981#breadcrumb\"},\"inLanguage\":\"es\",\"potentialAction\":[{\"@type\":\"ReadAction\",\"target\":[\"https:\\\/\\\/lospoliticosveracruz.com\\\/?p=99981\"]}]},{\"@type\":\"ImageObject\",\"inLanguage\":\"es\",\"@id\":\"https:\\\/\\\/lospoliticosveracruz.com\\\/?p=99981#primaryimage\",\"url\":\"https:\\\/\\\/lospoliticosveracruz.com.mx\\\/wp-content\\\/uploads\\\/2021\\\/10\\\/WhatsApp-Image-2021-10-02-at-15.20.25-212x300.jpeg\",\"contentUrl\":\"https:\\\/\\\/lospoliticosveracruz.com.mx\\\/wp-content\\\/uploads\\\/2021\\\/10\\\/WhatsApp-Image-2021-10-02-at-15.20.25-212x300.jpeg\"},{\"@type\":\"BreadcrumbList\",\"@id\":\"https:\\\/\\\/lospoliticosveracruz.com\\\/?p=99981#breadcrumb\",\"itemListElement\":[{\"@type\":\"ListItem\",\"position\":1,\"name\":\"Portada\",\"item\":\"https:\\\/\\\/lospoliticosveracruz.com\\\/\"},{\"@type\":\"ListItem\",\"position\":2,\"name\":\"SENADO Y EL TEV\"}]},{\"@type\":\"WebSite\",\"@id\":\"https:\\\/\\\/lospoliticosveracruz.com\\\/#website\",\"url\":\"https:\\\/\\\/lospoliticosveracruz.com\\\/\",\"name\":\"Los pol\u00edticos Veracruz\",\"description\":\"\",\"publisher\":{\"@id\":\"https:\\\/\\\/lospoliticosveracruz.com\\\/#organization\"},\"potentialAction\":[{\"@type\":\"SearchAction\",\"target\":{\"@type\":\"EntryPoint\",\"urlTemplate\":\"https:\\\/\\\/lospoliticosveracruz.com\\\/?s={search_term_string}\"},\"query-input\":{\"@type\":\"PropertyValueSpecification\",\"valueRequired\":true,\"valueName\":\"search_term_string\"}}],\"inLanguage\":\"es\"},{\"@type\":\"Organization\",\"@id\":\"https:\\\/\\\/lospoliticosveracruz.com\\\/#organization\",\"name\":\"Los pol\u00edticos Veracruz\",\"url\":\"https:\\\/\\\/lospoliticosveracruz.com\\\/\",\"logo\":{\"@type\":\"ImageObject\",\"inLanguage\":\"es\",\"@id\":\"https:\\\/\\\/lospoliticosveracruz.com\\\/#\\\/schema\\\/logo\\\/image\\\/\",\"url\":\"https:\\\/\\\/lospoliticosveracruz.com\\\/wp-content\\\/uploads\\\/2025\\\/12\\\/Logo-Nuevo-LOS-POLITICOS-1.jpg\",\"contentUrl\":\"https:\\\/\\\/lospoliticosveracruz.com\\\/wp-content\\\/uploads\\\/2025\\\/12\\\/Logo-Nuevo-LOS-POLITICOS-1.jpg\",\"width\":260,\"height\":70,\"caption\":\"Los pol\u00edticos Veracruz\"},\"image\":{\"@id\":\"https:\\\/\\\/lospoliticosveracruz.com\\\/#\\\/schema\\\/logo\\\/image\\\/\"},\"sameAs\":[\"https:\\\/\\\/www.facebook.com\\\/people\\\/Notimemes-de-los-Polticos\\\/61565672886568\\\/\",\"https:\\\/\\\/x.com\\\/LosPoliticosVer\"]},{\"@type\":\"Person\",\"@id\":\"https:\\\/\\\/lospoliticosveracruz.com\\\/#\\\/schema\\\/person\\\/b8702bb0e538456e6efd07080bf2a4a2\",\"name\":\"Lo viste en Los Pol\u00edticos\",\"image\":{\"@type\":\"ImageObject\",\"inLanguage\":\"es\",\"@id\":\"https:\\\/\\\/secure.gravatar.com\\\/avatar\\\/3a8de04a2656d44082be478bd6c086daa447c4651605818287b9532d3d0bd435?s=96&d=mm&r=g\",\"url\":\"https:\\\/\\\/secure.gravatar.com\\\/avatar\\\/3a8de04a2656d44082be478bd6c086daa447c4651605818287b9532d3d0bd435?s=96&d=mm&r=g\",\"contentUrl\":\"https:\\\/\\\/secure.gravatar.com\\\/avatar\\\/3a8de04a2656d44082be478bd6c086daa447c4651605818287b9532d3d0bd435?s=96&d=mm&r=g\",\"caption\":\"Lo viste en Los Pol\u00edticos\"},\"url\":\"https:\\\/\\\/lospoliticosveracruz.com\\\/?author=2\"}]}<\/script>\n<!-- \/ Yoast SEO plugin. -->","yoast_head_json":{"title":"SENADO Y EL TEV - Los pol\u00edticos Veracruz","robots":{"index":"index","follow":"follow","max-snippet":"max-snippet:-1","max-image-preview":"max-image-preview:large","max-video-preview":"max-video-preview:-1"},"canonical":"https:\/\/lospoliticosveracruz.com\/?p=99981","og_locale":"es_ES","og_type":"article","og_title":"SENADO Y EL TEV - Los pol\u00edticos Veracruz","og_description":"Ricardo Ch\u00faa Sale y Vale Despu\u00e9s de que fuera publicada la informaci\u00f3n donde se aprecia a la nueva Presidenta del Tribunal Electoral de Veracruz (TEV), Tania V\u00e1zquez Mu\u00f1oz, acudiendo a un evento el pasado domingo del municipio de Emiliano Zapata, del grupo al interior de MORENA, llamado \u00abUnidos Todos\u00bb que financia y maneja el subsecretario [&hellip;]","og_url":"https:\/\/lospoliticosveracruz.com\/?p=99981","og_site_name":"Los pol\u00edticos Veracruz","article_publisher":"https:\/\/www.facebook.com\/people\/Notimemes-de-los-Polticos\/61565672886568\/","article_published_time":"2022-12-14T13:43:48+00:00","article_modified_time":"2022-12-14T13:43:53+00:00","og_image":[{"url":"https:\/\/lospoliticosveracruz.com.mx\/wp-content\/uploads\/2021\/10\/WhatsApp-Image-2021-10-02-at-15.20.25-212x300.jpeg","type":"","width":"","height":""}],"author":"Lo viste en Los Pol\u00edticos","twitter_card":"summary_large_image","twitter_creator":"@LosPoliticosVer","twitter_site":"@LosPoliticosVer","twitter_misc":{"Escrito por":"Lo viste en Los Pol\u00edticos","Tiempo de lectura":"5 minutos"},"schema":{"@context":"https:\/\/schema.org","@graph":[{"@type":"Article","@id":"https:\/\/lospoliticosveracruz.com\/?p=99981#article","isPartOf":{"@id":"https:\/\/lospoliticosveracruz.com\/?p=99981"},"author":{"name":"Lo viste en Los Pol\u00edticos","@id":"https:\/\/lospoliticosveracruz.com\/#\/schema\/person\/b8702bb0e538456e6efd07080bf2a4a2"},"headline":"SENADO Y EL TEV","datePublished":"2022-12-14T13:43:48+00:00","dateModified":"2022-12-14T13:43:53+00:00","mainEntityOfPage":{"@id":"https:\/\/lospoliticosveracruz.com\/?p=99981"},"wordCount":1072,"publisher":{"@id":"https:\/\/lospoliticosveracruz.com\/#organization"},"image":{"@id":"https:\/\/lospoliticosveracruz.com\/?p=99981#primaryimage"},"thumbnailUrl":"https:\/\/lospoliticosveracruz.com.mx\/wp-content\/uploads\/2021\/10\/WhatsApp-Image-2021-10-02-at-15.20.25-212x300.jpeg","keywords":["Cuitl\u00e1huac Garc\u00eda Jim\u00e9nez","Dante Delgado","Eleazar Guerrero P\u00e9rez","Ernesto P\u00e9rez Astorga","Julen Rementer\u00eda","Morena","Ricardo Ch\u00faa","Ricardo Monreal","Tania V\u00e1zquez Mu\u00f1oz","Unidos Todos","Veracruz"],"articleSection":["De Opini\u00f3n"],"inLanguage":"es"},{"@type":"WebPage","@id":"https:\/\/lospoliticosveracruz.com\/?p=99981","url":"https:\/\/lospoliticosveracruz.com\/?p=99981","name":"SENADO Y EL TEV - Los pol\u00edticos Veracruz","isPartOf":{"@id":"https:\/\/lospoliticosveracruz.com\/#website"},"primaryImageOfPage":{"@id":"https:\/\/lospoliticosveracruz.com\/?p=99981#primaryimage"},"image":{"@id":"https:\/\/lospoliticosveracruz.com\/?p=99981#primaryimage"},"thumbnailUrl":"https:\/\/lospoliticosveracruz.com.mx\/wp-content\/uploads\/2021\/10\/WhatsApp-Image-2021-10-02-at-15.20.25-212x300.jpeg","datePublished":"2022-12-14T13:43:48+00:00","dateModified":"2022-12-14T13:43:53+00:00","breadcrumb":{"@id":"https:\/\/lospoliticosveracruz.com\/?p=99981#breadcrumb"},"inLanguage":"es","potentialAction":[{"@type":"ReadAction","target":["https:\/\/lospoliticosveracruz.com\/?p=99981"]}]},{"@type":"ImageObject","inLanguage":"es","@id":"https:\/\/lospoliticosveracruz.com\/?p=99981#primaryimage","url":"https:\/\/lospoliticosveracruz.com.mx\/wp-content\/uploads\/2021\/10\/WhatsApp-Image-2021-10-02-at-15.20.25-212x300.jpeg","contentUrl":"https:\/\/lospoliticosveracruz.com.mx\/wp-content\/uploads\/2021\/10\/WhatsApp-Image-2021-10-02-at-15.20.25-212x300.jpeg"},{"@type":"BreadcrumbList","@id":"https:\/\/lospoliticosveracruz.com\/?p=99981#breadcrumb","itemListElement":[{"@type":"ListItem","position":1,"name":"Portada","item":"https:\/\/lospoliticosveracruz.com\/"},{"@type":"ListItem","position":2,"name":"SENADO Y EL TEV"}]},{"@type":"WebSite","@id":"https:\/\/lospoliticosveracruz.com\/#website","url":"https:\/\/lospoliticosveracruz.com\/","name":"Los pol\u00edticos Veracruz","description":"","publisher":{"@id":"https:\/\/lospoliticosveracruz.com\/#organization"},"potentialAction":[{"@type":"SearchAction","target":{"@type":"EntryPoint","urlTemplate":"https:\/\/lospoliticosveracruz.com\/?s={search_term_string}"},"query-input":{"@type":"PropertyValueSpecification","valueRequired":true,"valueName":"search_term_string"}}],"inLanguage":"es"},{"@type":"Organization","@id":"https:\/\/lospoliticosveracruz.com\/#organization","name":"Los pol\u00edticos Veracruz","url":"https:\/\/lospoliticosveracruz.com\/","logo":{"@type":"ImageObject","inLanguage":"es","@id":"https:\/\/lospoliticosveracruz.com\/#\/schema\/logo\/image\/","url":"https:\/\/lospoliticosveracruz.com\/wp-content\/uploads\/2025\/12\/Logo-Nuevo-LOS-POLITICOS-1.jpg","contentUrl":"https:\/\/lospoliticosveracruz.com\/wp-content\/uploads\/2025\/12\/Logo-Nuevo-LOS-POLITICOS-1.jpg","width":260,"height":70,"caption":"Los pol\u00edticos Veracruz"},"image":{"@id":"https:\/\/lospoliticosveracruz.com\/#\/schema\/logo\/image\/"},"sameAs":["https:\/\/www.facebook.com\/people\/Notimemes-de-los-Polticos\/61565672886568\/","https:\/\/x.com\/LosPoliticosVer"]},{"@type":"Person","@id":"https:\/\/lospoliticosveracruz.com\/#\/schema\/person\/b8702bb0e538456e6efd07080bf2a4a2","name":"Lo viste en Los Pol\u00edticos","image":{"@type":"ImageObject","inLanguage":"es","@id":"https:\/\/secure.gravatar.com\/avatar\/3a8de04a2656d44082be478bd6c086daa447c4651605818287b9532d3d0bd435?s=96&d=mm&r=g","url":"https:\/\/secure.gravatar.com\/avatar\/3a8de04a2656d44082be478bd6c086daa447c4651605818287b9532d3d0bd435?s=96&d=mm&r=g","contentUrl":"https:\/\/secure.gravatar.com\/avatar\/3a8de04a2656d44082be478bd6c086daa447c4651605818287b9532d3d0bd435?s=96&d=mm&r=g","caption":"Lo viste en Los Pol\u00edticos"},"url":"https:\/\/lospoliticosveracruz.com\/?author=2"}]}},"_links":{"self":[{"href":"https:\/\/lospoliticosveracruz.com\/index.php?rest_route=\/wp\/v2\/posts\/99981","targetHints":{"allow":["GET"]}}],"collection":[{"href":"https:\/\/lospoliticosveracruz.com\/index.php?rest_route=\/wp\/v2\/posts"}],"about":[{"href":"https:\/\/lospoliticosveracruz.com\/index.php?rest_route=\/wp\/v2\/types\/post"}],"author":[{"embeddable":true,"href":"https:\/\/lospoliticosveracruz.com\/index.php?rest_route=\/wp\/v2\/users\/2"}],"replies":[{"embeddable":true,"href":"https:\/\/lospoliticosveracruz.com\/index.php?rest_route=%2Fwp%2Fv2%2Fcomments&post=99981"}],"version-history":[{"count":1,"href":"https:\/\/lospoliticosveracruz.com\/index.php?rest_route=\/wp\/v2\/posts\/99981\/revisions"}],"predecessor-version":[{"id":99983,"href":"https:\/\/lospoliticosveracruz.com\/index.php?rest_route=\/wp\/v2\/posts\/99981\/revisions\/99983"}],"wp:attachment":[{"href":"https:\/\/lospoliticosveracruz.com\/index.php?rest_route=%2Fwp%2Fv2%2Fmedia&parent=99981"}],"wp:term":[{"taxonomy":"category","embeddable":true,"href":"https:\/\/lospoliticosveracruz.com\/index.php?rest_route=%2Fwp%2Fv2%2Fcategories&post=99981"},{"taxonomy":"post_tag","embeddable":true,"href":"https:\/\/lospoliticosveracruz.com\/index.php?rest_route=%2Fwp%2Fv2%2Ftags&post=99981"}],"curies":[{"name":"wp","href":"https:\/\/api.w.org\/{rel}","templated":true}]}}