{"id":99995,"date":"2022-12-14T09:39:08","date_gmt":"2022-12-14T15:39:08","guid":{"rendered":"https:\/\/lospoliticosveracruz.com.mx\/?p=99995"},"modified":"2022-12-14T09:39:14","modified_gmt":"2022-12-14T15:39:14","slug":"cobrones-2","status":"publish","type":"post","link":"https:\/\/lospoliticosveracruz.com\/?p=99995","title":{"rendered":"COBRONES"},"content":{"rendered":"\n<p><strong>Guadalupe H. Mar<br><\/strong><em>Mira Pol\u00edtica<\/em><\/p>\n\n\n\n<p>POR LA LIBRE \u2026 Quienes tienen que acudir a la secretar\u00eda estatal de Medio Ambiente para realizar alg\u00fan tr\u00e1mite, est\u00e1n m\u00e1s que molestos porque a los directivos de esta dependencia a cargo del ingeniero qu\u00edmico Juan Carlos Contreras Bautista, se les ocurri\u00f3 que aquella o aquel que acuda a la Sedema para recoger cualquier documento, aunque se tenga la acreditaci\u00f3n previa del promovente, se debe presentar carta poder notariada.<\/p>\n\n\n\n<figure class=\"wp-block-image size-full\"><a href=\"https:\/\/lospoliticosveracruz.com.mx\/wp-content\/uploads\/2022\/05\/Seguro-Julio-Cerecedo.jpg\"><img decoding=\"async\" src=\"https:\/\/lospoliticosveracruz.com.mx\/wp-content\/uploads\/2022\/05\/Seguro-Julio-Cerecedo.jpg\" alt=\"\" class=\"wp-image-90414\"\/><\/a><\/figure>\n\n\n\n<p><br>Es m\u00e1s, si la persona que acude a la Sedema tiene que recoger cinco documentos del mismo n\u00famero de tr\u00e1mites, debe presentar el mismo n\u00famero de cartas poder notariadas. Ahora imag\u00ednese usted si viene de Coatzacoalcos o de Pueblo Viejo y se topa con que deb\u00eda llevar una carta poder notariada.<br>En este caso los problemas son dos. Uno, que cada carta poder notariada, por muy barata que se consiga, no baja de dos mil pesos, as\u00ed que imaginen ustedes amables lectoras y lectores, si alguien acude por cinco tr\u00e1mites, previamente debe pagar 10 mil pesos a un notario.<br>Dos y quiz\u00e1 sea el problema m\u00e1s grave, es el hecho de que esta ocurrencia de la Sedema no tiene el respaldo legal, tal y como lo establece el C\u00f3digo de Procedimientos Administrativos del estado de Veracruz, en cuyo Art\u00edculo 12 se establece: \u201cLos actos administrativos, tales como reglamentos, decretos, acuerdos, circulares o cualesquiera otras disposiciones de observancia general, obligan y surten sus efectos, tres d\u00edas despu\u00e9s de la fecha de su publicaci\u00f3n en la Gaceta Oficial del estado, a menos que en ellos se se\u00f1ale expresamente el d\u00eda del inicio de su vigencia\u201d.<br>La exigencia de presentar carta poder notariada para recoger documentaci\u00f3n en la Secretar\u00eda estatal de Medio Ambiente, no se ha publicado en la Gaceta Oficial del Estado, por lo tanto, es arbitraria.<br>No est\u00e1n ustedes para saberlo, pero un jurisconsulto de la ciudad de Xalapa, ya promueve que esta ocurrencia legal de la Sedema se invalide o se publique en la Gaceta Oficial del Estado como debi\u00f3 hacerse antes de aplicar el requisito.<br>DE A POLLO Y DE \u2026 As\u00ed tambi\u00e9n, gran parte de los empleados de la Procuradur\u00eda estatal de Protecci\u00f3n al Medio Ambiente (PMA) y del Acuario de Veracruz, est\u00e1n entre molestos y preocupados porque para la cena de gala de este domingo 18 de diciembre que se celebrar\u00e1 en el pomposamente llamado World Trade Center disque para recaudar fondos a beneficio del Aquarium del Puerto de Veracruz, tienen que pagar tres mil pesos por persona o seis mil si se hacen acompa\u00f1ar de su respectiva pareja.<br>Para muchos de esos empleados, seis mil pesos es el equivalente a una quincena de salario, por lo que no est\u00e1n contentos con eso de asistir a una cena de gala que amenizar\u00e1 el cantante Carlos Cuevas.<br>A esos tres mil pesos por persona, hay que sumarle el costo de un traje o ropa adecuada para ese evento que organiza el titular de la PMA el ingeniero en sistemas computacionales, Sergio Rodr\u00edguez Cort\u00e9s.<br>Al interior del Acuario o Aquarium de Veracruz como se le llama ahora, los empleados no recuerdan que en los 30 a\u00f1os de existencia se haya tenido que organizar siquiera una kerm\u00e9s para recaudar fondos. Uhm.<br>UN AFECTUOSO ABRAZO \u2026 A la familia Salces \u2013 Ram\u00edrez, por el 48 aniversario del peri\u00f3dico de los veracruzanos Notiver, que a sus casi cincuenta a\u00f1os de existencia sigue marcando la agenda medi\u00e1tica.<br>Don Alfonso Salces Fern\u00e1ndez y su esposa la comunicadora Rosario Ram\u00edrez han mantenido vigente a este importante medio de comunicaci\u00f3n.<br>Felicitamos tambi\u00e9n al periodista Ra\u00fal Olivares P\u00e9rez, subdirector de Notiver, quien se distingue por su profesionalismo y caballerosidad y, sobre todo, su don de gente.<br>RUMBO AL SIGLO \u2026 Felicidades tambi\u00e9n a la familia Pazos por el 91 aniversario de la XEU de Veracruz, la estaci\u00f3n de radio pionera en Veracruz, la cual forma parte de la historia de la regi\u00f3n de Veracruz, pues ha informado durante d\u00e9cadas a los veracruzanos.<br>Felicitamos por supuesto a la licenciada en Comunicaci\u00f3n, Beatriz Zavaleta P\u00e9rez, directora de Noticias de esta importante radiodifusora, as\u00ed como a todo el equipo de profesionales que labora en XEU Noticias.<br>D\u00cdGALO SIN MIEDO \u2026 Al correo electr\u00f3nico guadalupehmar@yahoo.com<\/p>\n","protected":false},"excerpt":{"rendered":"<p>Guadalupe H. MarMira Pol\u00edtica POR LA LIBRE \u2026 Quienes tienen que acudir a la secretar\u00eda estatal de Medio Ambiente para realizar alg\u00fan tr\u00e1mite, est\u00e1n m\u00e1s que molestos porque a los directivos de esta dependencia a cargo del ingeniero qu\u00edmico Juan Carlos Contreras Bautista, se les ocurri\u00f3 que aquella o aquel que acuda a la Sedema [&hellip;]<\/p>\n","protected":false},"author":2,"featured_media":0,"comment_status":"closed","ping_status":"closed","sticky":false,"template":"","format":"standard","meta":{"tdm_status":"","tdm_grid_status":"","footnotes":""},"categories":[70],"tags":[1606,29118,1036,807],"class_list":{"0":"post-99995","1":"post","2":"type-post","3":"status-publish","4":"format-standard","6":"category-de-opinion","7":"tag-guadalupe-h-mar","8":"tag-juan-carlos-contreras-bautista","9":"tag-sedema","10":"tag-sergio-rodriguez-cortes"},"yoast_head":"<!-- This site is optimized with the Yoast SEO plugin v27.4 - https:\/\/yoast.com\/product\/yoast-seo-wordpress\/ -->\n<title>COBRONES - Los pol\u00edticos Veracruz<\/title>\n<meta name=\"robots\" content=\"index, follow, max-snippet:-1, max-image-preview:large, max-video-preview:-1\" \/>\n<link rel=\"canonical\" href=\"https:\/\/lospoliticosveracruz.com\/?p=99995\" \/>\n<meta property=\"og:locale\" content=\"es_ES\" \/>\n<meta property=\"og:type\" content=\"article\" \/>\n<meta property=\"og:title\" content=\"COBRONES - Los pol\u00edticos Veracruz\" \/>\n<meta property=\"og:description\" content=\"Guadalupe H. MarMira Pol\u00edtica POR LA LIBRE \u2026 Quienes tienen que acudir a la secretar\u00eda estatal de Medio Ambiente para realizar alg\u00fan tr\u00e1mite, est\u00e1n m\u00e1s que molestos porque a los directivos de esta dependencia a cargo del ingeniero qu\u00edmico Juan Carlos Contreras Bautista, se les ocurri\u00f3 que aquella o aquel que acuda a la Sedema [&hellip;]\" \/>\n<meta property=\"og:url\" content=\"https:\/\/lospoliticosveracruz.com\/?p=99995\" \/>\n<meta property=\"og:site_name\" content=\"Los pol\u00edticos Veracruz\" \/>\n<meta property=\"article:publisher\" content=\"https:\/\/www.facebook.com\/people\/Notimemes-de-los-Polticos\/61565672886568\/\" \/>\n<meta property=\"article:published_time\" content=\"2022-12-14T15:39:08+00:00\" \/>\n<meta property=\"article:modified_time\" content=\"2022-12-14T15:39:14+00:00\" \/>\n<meta property=\"og:image\" content=\"https:\/\/lospoliticosveracruz.com.mx\/wp-content\/uploads\/2022\/05\/Seguro-Julio-Cerecedo.jpg\" \/>\n<meta name=\"author\" content=\"Lo viste en Los Pol\u00edticos\" \/>\n<meta name=\"twitter:card\" content=\"summary_large_image\" \/>\n<meta name=\"twitter:creator\" content=\"@LosPoliticosVer\" \/>\n<meta name=\"twitter:site\" content=\"@LosPoliticosVer\" \/>\n<meta name=\"twitter:label1\" content=\"Escrito por\" \/>\n\t<meta name=\"twitter:data1\" content=\"Lo viste en Los Pol\u00edticos\" \/>\n\t<meta name=\"twitter:label2\" content=\"Tiempo de lectura\" \/>\n\t<meta name=\"twitter:data2\" content=\"4 minutos\" \/>\n<script type=\"application\/ld+json\" class=\"yoast-schema-graph\">{\"@context\":\"https:\\\/\\\/schema.org\",\"@graph\":[{\"@type\":\"Article\",\"@id\":\"https:\\\/\\\/lospoliticosveracruz.com\\\/?p=99995#article\",\"isPartOf\":{\"@id\":\"https:\\\/\\\/lospoliticosveracruz.com\\\/?p=99995\"},\"author\":{\"name\":\"Lo viste en Los Pol\u00edticos\",\"@id\":\"https:\\\/\\\/lospoliticosveracruz.com\\\/#\\\/schema\\\/person\\\/b8702bb0e538456e6efd07080bf2a4a2\"},\"headline\":\"COBRONES\",\"datePublished\":\"2022-12-14T15:39:08+00:00\",\"dateModified\":\"2022-12-14T15:39:14+00:00\",\"mainEntityOfPage\":{\"@id\":\"https:\\\/\\\/lospoliticosveracruz.com\\\/?p=99995\"},\"wordCount\":743,\"publisher\":{\"@id\":\"https:\\\/\\\/lospoliticosveracruz.com\\\/#organization\"},\"image\":{\"@id\":\"https:\\\/\\\/lospoliticosveracruz.com\\\/?p=99995#primaryimage\"},\"thumbnailUrl\":\"https:\\\/\\\/lospoliticosveracruz.com.mx\\\/wp-content\\\/uploads\\\/2022\\\/05\\\/Seguro-Julio-Cerecedo.jpg\",\"keywords\":[\"Guadalupe H. Mar\",\"Juan Carlos Contreras Bautista\",\"Sedema\",\"Sergio Rodr\u00edguez Cort\u00e9s\"],\"articleSection\":[\"De Opini\u00f3n\"],\"inLanguage\":\"es\"},{\"@type\":\"WebPage\",\"@id\":\"https:\\\/\\\/lospoliticosveracruz.com\\\/?p=99995\",\"url\":\"https:\\\/\\\/lospoliticosveracruz.com\\\/?p=99995\",\"name\":\"COBRONES - Los pol\u00edticos Veracruz\",\"isPartOf\":{\"@id\":\"https:\\\/\\\/lospoliticosveracruz.com\\\/#website\"},\"primaryImageOfPage\":{\"@id\":\"https:\\\/\\\/lospoliticosveracruz.com\\\/?p=99995#primaryimage\"},\"image\":{\"@id\":\"https:\\\/\\\/lospoliticosveracruz.com\\\/?p=99995#primaryimage\"},\"thumbnailUrl\":\"https:\\\/\\\/lospoliticosveracruz.com.mx\\\/wp-content\\\/uploads\\\/2022\\\/05\\\/Seguro-Julio-Cerecedo.jpg\",\"datePublished\":\"2022-12-14T15:39:08+00:00\",\"dateModified\":\"2022-12-14T15:39:14+00:00\",\"breadcrumb\":{\"@id\":\"https:\\\/\\\/lospoliticosveracruz.com\\\/?p=99995#breadcrumb\"},\"inLanguage\":\"es\",\"potentialAction\":[{\"@type\":\"ReadAction\",\"target\":[\"https:\\\/\\\/lospoliticosveracruz.com\\\/?p=99995\"]}]},{\"@type\":\"ImageObject\",\"inLanguage\":\"es\",\"@id\":\"https:\\\/\\\/lospoliticosveracruz.com\\\/?p=99995#primaryimage\",\"url\":\"https:\\\/\\\/lospoliticosveracruz.com.mx\\\/wp-content\\\/uploads\\\/2022\\\/05\\\/Seguro-Julio-Cerecedo.jpg\",\"contentUrl\":\"https:\\\/\\\/lospoliticosveracruz.com.mx\\\/wp-content\\\/uploads\\\/2022\\\/05\\\/Seguro-Julio-Cerecedo.jpg\"},{\"@type\":\"BreadcrumbList\",\"@id\":\"https:\\\/\\\/lospoliticosveracruz.com\\\/?p=99995#breadcrumb\",\"itemListElement\":[{\"@type\":\"ListItem\",\"position\":1,\"name\":\"Portada\",\"item\":\"https:\\\/\\\/lospoliticosveracruz.com\\\/\"},{\"@type\":\"ListItem\",\"position\":2,\"name\":\"COBRONES\"}]},{\"@type\":\"WebSite\",\"@id\":\"https:\\\/\\\/lospoliticosveracruz.com\\\/#website\",\"url\":\"https:\\\/\\\/lospoliticosveracruz.com\\\/\",\"name\":\"Los pol\u00edticos Veracruz\",\"description\":\"\",\"publisher\":{\"@id\":\"https:\\\/\\\/lospoliticosveracruz.com\\\/#organization\"},\"potentialAction\":[{\"@type\":\"SearchAction\",\"target\":{\"@type\":\"EntryPoint\",\"urlTemplate\":\"https:\\\/\\\/lospoliticosveracruz.com\\\/?s={search_term_string}\"},\"query-input\":{\"@type\":\"PropertyValueSpecification\",\"valueRequired\":true,\"valueName\":\"search_term_string\"}}],\"inLanguage\":\"es\"},{\"@type\":\"Organization\",\"@id\":\"https:\\\/\\\/lospoliticosveracruz.com\\\/#organization\",\"name\":\"Los pol\u00edticos Veracruz\",\"url\":\"https:\\\/\\\/lospoliticosveracruz.com\\\/\",\"logo\":{\"@type\":\"ImageObject\",\"inLanguage\":\"es\",\"@id\":\"https:\\\/\\\/lospoliticosveracruz.com\\\/#\\\/schema\\\/logo\\\/image\\\/\",\"url\":\"https:\\\/\\\/lospoliticosveracruz.com\\\/wp-content\\\/uploads\\\/2025\\\/12\\\/Logo-Nuevo-LOS-POLITICOS-1.jpg\",\"contentUrl\":\"https:\\\/\\\/lospoliticosveracruz.com\\\/wp-content\\\/uploads\\\/2025\\\/12\\\/Logo-Nuevo-LOS-POLITICOS-1.jpg\",\"width\":260,\"height\":70,\"caption\":\"Los pol\u00edticos Veracruz\"},\"image\":{\"@id\":\"https:\\\/\\\/lospoliticosveracruz.com\\\/#\\\/schema\\\/logo\\\/image\\\/\"},\"sameAs\":[\"https:\\\/\\\/www.facebook.com\\\/people\\\/Notimemes-de-los-Polticos\\\/61565672886568\\\/\",\"https:\\\/\\\/x.com\\\/LosPoliticosVer\"]},{\"@type\":\"Person\",\"@id\":\"https:\\\/\\\/lospoliticosveracruz.com\\\/#\\\/schema\\\/person\\\/b8702bb0e538456e6efd07080bf2a4a2\",\"name\":\"Lo viste en Los Pol\u00edticos\",\"image\":{\"@type\":\"ImageObject\",\"inLanguage\":\"es\",\"@id\":\"https:\\\/\\\/secure.gravatar.com\\\/avatar\\\/3a8de04a2656d44082be478bd6c086daa447c4651605818287b9532d3d0bd435?s=96&d=mm&r=g\",\"url\":\"https:\\\/\\\/secure.gravatar.com\\\/avatar\\\/3a8de04a2656d44082be478bd6c086daa447c4651605818287b9532d3d0bd435?s=96&d=mm&r=g\",\"contentUrl\":\"https:\\\/\\\/secure.gravatar.com\\\/avatar\\\/3a8de04a2656d44082be478bd6c086daa447c4651605818287b9532d3d0bd435?s=96&d=mm&r=g\",\"caption\":\"Lo viste en Los Pol\u00edticos\"},\"url\":\"https:\\\/\\\/lospoliticosveracruz.com\\\/?author=2\"}]}<\/script>\n<!-- \/ Yoast SEO plugin. -->","yoast_head_json":{"title":"COBRONES - Los pol\u00edticos Veracruz","robots":{"index":"index","follow":"follow","max-snippet":"max-snippet:-1","max-image-preview":"max-image-preview:large","max-video-preview":"max-video-preview:-1"},"canonical":"https:\/\/lospoliticosveracruz.com\/?p=99995","og_locale":"es_ES","og_type":"article","og_title":"COBRONES - Los pol\u00edticos Veracruz","og_description":"Guadalupe H. MarMira Pol\u00edtica POR LA LIBRE \u2026 Quienes tienen que acudir a la secretar\u00eda estatal de Medio Ambiente para realizar alg\u00fan tr\u00e1mite, est\u00e1n m\u00e1s que molestos porque a los directivos de esta dependencia a cargo del ingeniero qu\u00edmico Juan Carlos Contreras Bautista, se les ocurri\u00f3 que aquella o aquel que acuda a la Sedema [&hellip;]","og_url":"https:\/\/lospoliticosveracruz.com\/?p=99995","og_site_name":"Los pol\u00edticos Veracruz","article_publisher":"https:\/\/www.facebook.com\/people\/Notimemes-de-los-Polticos\/61565672886568\/","article_published_time":"2022-12-14T15:39:08+00:00","article_modified_time":"2022-12-14T15:39:14+00:00","og_image":[{"url":"https:\/\/lospoliticosveracruz.com.mx\/wp-content\/uploads\/2022\/05\/Seguro-Julio-Cerecedo.jpg","type":"","width":"","height":""}],"author":"Lo viste en Los Pol\u00edticos","twitter_card":"summary_large_image","twitter_creator":"@LosPoliticosVer","twitter_site":"@LosPoliticosVer","twitter_misc":{"Escrito por":"Lo viste en Los Pol\u00edticos","Tiempo de lectura":"4 minutos"},"schema":{"@context":"https:\/\/schema.org","@graph":[{"@type":"Article","@id":"https:\/\/lospoliticosveracruz.com\/?p=99995#article","isPartOf":{"@id":"https:\/\/lospoliticosveracruz.com\/?p=99995"},"author":{"name":"Lo viste en Los Pol\u00edticos","@id":"https:\/\/lospoliticosveracruz.com\/#\/schema\/person\/b8702bb0e538456e6efd07080bf2a4a2"},"headline":"COBRONES","datePublished":"2022-12-14T15:39:08+00:00","dateModified":"2022-12-14T15:39:14+00:00","mainEntityOfPage":{"@id":"https:\/\/lospoliticosveracruz.com\/?p=99995"},"wordCount":743,"publisher":{"@id":"https:\/\/lospoliticosveracruz.com\/#organization"},"image":{"@id":"https:\/\/lospoliticosveracruz.com\/?p=99995#primaryimage"},"thumbnailUrl":"https:\/\/lospoliticosveracruz.com.mx\/wp-content\/uploads\/2022\/05\/Seguro-Julio-Cerecedo.jpg","keywords":["Guadalupe H. Mar","Juan Carlos Contreras Bautista","Sedema","Sergio Rodr\u00edguez Cort\u00e9s"],"articleSection":["De Opini\u00f3n"],"inLanguage":"es"},{"@type":"WebPage","@id":"https:\/\/lospoliticosveracruz.com\/?p=99995","url":"https:\/\/lospoliticosveracruz.com\/?p=99995","name":"COBRONES - Los pol\u00edticos Veracruz","isPartOf":{"@id":"https:\/\/lospoliticosveracruz.com\/#website"},"primaryImageOfPage":{"@id":"https:\/\/lospoliticosveracruz.com\/?p=99995#primaryimage"},"image":{"@id":"https:\/\/lospoliticosveracruz.com\/?p=99995#primaryimage"},"thumbnailUrl":"https:\/\/lospoliticosveracruz.com.mx\/wp-content\/uploads\/2022\/05\/Seguro-Julio-Cerecedo.jpg","datePublished":"2022-12-14T15:39:08+00:00","dateModified":"2022-12-14T15:39:14+00:00","breadcrumb":{"@id":"https:\/\/lospoliticosveracruz.com\/?p=99995#breadcrumb"},"inLanguage":"es","potentialAction":[{"@type":"ReadAction","target":["https:\/\/lospoliticosveracruz.com\/?p=99995"]}]},{"@type":"ImageObject","inLanguage":"es","@id":"https:\/\/lospoliticosveracruz.com\/?p=99995#primaryimage","url":"https:\/\/lospoliticosveracruz.com.mx\/wp-content\/uploads\/2022\/05\/Seguro-Julio-Cerecedo.jpg","contentUrl":"https:\/\/lospoliticosveracruz.com.mx\/wp-content\/uploads\/2022\/05\/Seguro-Julio-Cerecedo.jpg"},{"@type":"BreadcrumbList","@id":"https:\/\/lospoliticosveracruz.com\/?p=99995#breadcrumb","itemListElement":[{"@type":"ListItem","position":1,"name":"Portada","item":"https:\/\/lospoliticosveracruz.com\/"},{"@type":"ListItem","position":2,"name":"COBRONES"}]},{"@type":"WebSite","@id":"https:\/\/lospoliticosveracruz.com\/#website","url":"https:\/\/lospoliticosveracruz.com\/","name":"Los pol\u00edticos Veracruz","description":"","publisher":{"@id":"https:\/\/lospoliticosveracruz.com\/#organization"},"potentialAction":[{"@type":"SearchAction","target":{"@type":"EntryPoint","urlTemplate":"https:\/\/lospoliticosveracruz.com\/?s={search_term_string}"},"query-input":{"@type":"PropertyValueSpecification","valueRequired":true,"valueName":"search_term_string"}}],"inLanguage":"es"},{"@type":"Organization","@id":"https:\/\/lospoliticosveracruz.com\/#organization","name":"Los pol\u00edticos Veracruz","url":"https:\/\/lospoliticosveracruz.com\/","logo":{"@type":"ImageObject","inLanguage":"es","@id":"https:\/\/lospoliticosveracruz.com\/#\/schema\/logo\/image\/","url":"https:\/\/lospoliticosveracruz.com\/wp-content\/uploads\/2025\/12\/Logo-Nuevo-LOS-POLITICOS-1.jpg","contentUrl":"https:\/\/lospoliticosveracruz.com\/wp-content\/uploads\/2025\/12\/Logo-Nuevo-LOS-POLITICOS-1.jpg","width":260,"height":70,"caption":"Los pol\u00edticos Veracruz"},"image":{"@id":"https:\/\/lospoliticosveracruz.com\/#\/schema\/logo\/image\/"},"sameAs":["https:\/\/www.facebook.com\/people\/Notimemes-de-los-Polticos\/61565672886568\/","https:\/\/x.com\/LosPoliticosVer"]},{"@type":"Person","@id":"https:\/\/lospoliticosveracruz.com\/#\/schema\/person\/b8702bb0e538456e6efd07080bf2a4a2","name":"Lo viste en Los Pol\u00edticos","image":{"@type":"ImageObject","inLanguage":"es","@id":"https:\/\/secure.gravatar.com\/avatar\/3a8de04a2656d44082be478bd6c086daa447c4651605818287b9532d3d0bd435?s=96&d=mm&r=g","url":"https:\/\/secure.gravatar.com\/avatar\/3a8de04a2656d44082be478bd6c086daa447c4651605818287b9532d3d0bd435?s=96&d=mm&r=g","contentUrl":"https:\/\/secure.gravatar.com\/avatar\/3a8de04a2656d44082be478bd6c086daa447c4651605818287b9532d3d0bd435?s=96&d=mm&r=g","caption":"Lo viste en Los Pol\u00edticos"},"url":"https:\/\/lospoliticosveracruz.com\/?author=2"}]}},"_links":{"self":[{"href":"https:\/\/lospoliticosveracruz.com\/index.php?rest_route=\/wp\/v2\/posts\/99995","targetHints":{"allow":["GET"]}}],"collection":[{"href":"https:\/\/lospoliticosveracruz.com\/index.php?rest_route=\/wp\/v2\/posts"}],"about":[{"href":"https:\/\/lospoliticosveracruz.com\/index.php?rest_route=\/wp\/v2\/types\/post"}],"author":[{"embeddable":true,"href":"https:\/\/lospoliticosveracruz.com\/index.php?rest_route=\/wp\/v2\/users\/2"}],"replies":[{"embeddable":true,"href":"https:\/\/lospoliticosveracruz.com\/index.php?rest_route=%2Fwp%2Fv2%2Fcomments&post=99995"}],"version-history":[{"count":1,"href":"https:\/\/lospoliticosveracruz.com\/index.php?rest_route=\/wp\/v2\/posts\/99995\/revisions"}],"predecessor-version":[{"id":99997,"href":"https:\/\/lospoliticosveracruz.com\/index.php?rest_route=\/wp\/v2\/posts\/99995\/revisions\/99997"}],"wp:attachment":[{"href":"https:\/\/lospoliticosveracruz.com\/index.php?rest_route=%2Fwp%2Fv2%2Fmedia&parent=99995"}],"wp:term":[{"taxonomy":"category","embeddable":true,"href":"https:\/\/lospoliticosveracruz.com\/index.php?rest_route=%2Fwp%2Fv2%2Fcategories&post=99995"},{"taxonomy":"post_tag","embeddable":true,"href":"https:\/\/lospoliticosveracruz.com\/index.php?rest_route=%2Fwp%2Fv2%2Ftags&post=99995"}],"curies":[{"name":"wp","href":"https:\/\/api.w.org\/{rel}","templated":true}]}}