{"id":99999,"date":"2022-12-14T12:10:22","date_gmt":"2022-12-14T18:10:22","guid":{"rendered":"https:\/\/lospoliticosveracruz.com.mx\/?p=99999"},"modified":"2022-12-14T12:10:31","modified_gmt":"2022-12-14T18:10:31","slug":"fuera-55-de-aulas-por-abusivos","status":"publish","type":"post","link":"https:\/\/lospoliticosveracruz.com\/?p=99999","title":{"rendered":"FUERA 55 DE AULAS POR ABUSIVOS!"},"content":{"rendered":"\n<p><strong>Karla M\u00e9ndez\u00a0<\/strong><\/p>\n\n\n\n<p>Xalapa, Ver.- Hasta el momento son m\u00e1s de 55 maestros los que fueron cesados en lo que va de la administraci\u00f3n por presuntos casos de abuso sexual, confirm\u00f3 la titular de la subsecretar\u00eda de Educaci\u00f3n B\u00e1sica, Maritza Ram\u00edrez Aguilar.<\/p>\n\n\n\n<p>En entrevista, precis\u00f3 que el docente que es cesado no vuelve a trabajar en la Secretar\u00eda de Educaci\u00f3n de Veracruz (SEV), ni tampoco puede impartir clases en ning\u00fan lugar.<\/p>\n\n\n\n<p>\u00abTenemos ya 55 aproximadamente que llevamos de la administraci\u00f3n, obviamente si se van dando, les estamos dando la atenci\u00f3n\u00bb,&nbsp;<\/p>\n\n\n\n<p>Sobre el caso de un maestro acusado de abuso sexual en el municipio de C\u00f3rdoba, ocurrido recientemente, dijo que la investigaci\u00f3n tambi\u00e9n incluye al director del plantel, por no haber procedido de manera inmediata en contra del docente.<\/p>\n\n\n\n<p>Explic\u00f3 que de acuerdo a los protocolos, cuando se recibe una queja del padre, madre o tutor, por presunto acoso, la persona se\u00f1alada es retirada de inmediato y se pone en supervisi\u00f3n escolar.<\/p>\n\n\n\n<p>Reiter\u00f3 que los protocolos que la SEV implementa ante estos casos son muy claros, para no revictimizar al estudiante, tomando incluso, por separado las declaraciones de los involucrados.<\/p>\n\n\n\n<p>As\u00ed mismo, adelant\u00f3 que en el mes de enero comenzar\u00e1n las asambleas con padres y madres de familia para hacer la revisi\u00f3n de mochilas en educaci\u00f3n Secundaria, por lo que se respetar\u00e1n las decisiones que ah\u00ed se tomen.<\/p>\n\n\n\n<p>La maestra Maritza Ram\u00edrez, explic\u00f3 que s\u00ed en alg\u00fan plantel no desean la revisi\u00f3n ser\u00e1n respetados sin probla alguno ya que tiene deben cuidar los derechos humanos de los j\u00f3venes.<\/p>\n\n\n\n<p>Cabe recordar que en las asambleas se define qui\u00e9nes revisaran las mochilas, adem\u00e1s si solicitar\u00e1n presencia de elementos de la Secretar\u00eda de Seguridad P\u00fablica(SSP) o no para actuar dependiendo la situaci\u00f3n que se presente.<\/p>\n\n\n\n<p>Finalmente, en las \u00faltimas revisiones de mochila se encontraron medicamentos controlados solamente, los cuales fueron retirados de los alumnos, siendo as\u00ed saldo blanco en portaci\u00f3n de armas punzocortantes u otro tipo de armas.<\/p>\n","protected":false},"excerpt":{"rendered":"<p>Karla M\u00e9ndez\u00a0 Xalapa, Ver.- Hasta el momento son m\u00e1s de 55 maestros los que fueron cesados en lo que va de la administraci\u00f3n por presuntos casos de abuso sexual, confirm\u00f3 la titular de la subsecretar\u00eda de Educaci\u00f3n B\u00e1sica, Maritza Ram\u00edrez Aguilar. En entrevista, precis\u00f3 que el docente que es cesado no vuelve a trabajar en [&hellip;]<\/p>\n","protected":false},"author":2,"featured_media":0,"comment_status":"closed","ping_status":"closed","sticky":false,"template":"","format":"standard","meta":{"tdm_status":"","tdm_grid_status":"","footnotes":""},"categories":[6446],"tags":[36560],"class_list":{"0":"post-99999","1":"post","2":"type-post","3":"status-publish","4":"format-standard","6":"category-la-nota","7":"tag-subsecretaria-de-educacion-basica"},"yoast_head":"<!-- This site is optimized with the Yoast SEO plugin v27.4 - https:\/\/yoast.com\/product\/yoast-seo-wordpress\/ -->\n<title>FUERA 55 DE AULAS POR ABUSIVOS! - Los pol\u00edticos Veracruz<\/title>\n<meta name=\"robots\" content=\"index, follow, max-snippet:-1, max-image-preview:large, max-video-preview:-1\" \/>\n<link rel=\"canonical\" href=\"https:\/\/lospoliticosveracruz.com\/?p=99999\" \/>\n<meta property=\"og:locale\" content=\"es_ES\" \/>\n<meta property=\"og:type\" content=\"article\" \/>\n<meta property=\"og:title\" content=\"FUERA 55 DE AULAS POR ABUSIVOS! - Los pol\u00edticos Veracruz\" \/>\n<meta property=\"og:description\" content=\"Karla M\u00e9ndez\u00a0 Xalapa, Ver.- Hasta el momento son m\u00e1s de 55 maestros los que fueron cesados en lo que va de la administraci\u00f3n por presuntos casos de abuso sexual, confirm\u00f3 la titular de la subsecretar\u00eda de Educaci\u00f3n B\u00e1sica, Maritza Ram\u00edrez Aguilar. En entrevista, precis\u00f3 que el docente que es cesado no vuelve a trabajar en [&hellip;]\" \/>\n<meta property=\"og:url\" content=\"https:\/\/lospoliticosveracruz.com\/?p=99999\" \/>\n<meta property=\"og:site_name\" content=\"Los pol\u00edticos Veracruz\" \/>\n<meta property=\"article:publisher\" content=\"https:\/\/www.facebook.com\/people\/Notimemes-de-los-Polticos\/61565672886568\/\" \/>\n<meta property=\"article:published_time\" content=\"2022-12-14T18:10:22+00:00\" \/>\n<meta property=\"article:modified_time\" content=\"2022-12-14T18:10:31+00:00\" \/>\n<meta property=\"og:image\" content=\"https:\/\/lospoliticosveracruz.com\/wp-content\/uploads\/2016\/07\/Logo-Dor.jpg\" \/>\n\t<meta property=\"og:image:width\" content=\"200\" \/>\n\t<meta property=\"og:image:height\" content=\"200\" \/>\n\t<meta property=\"og:image:type\" content=\"image\/jpeg\" \/>\n<meta name=\"author\" content=\"Lo viste en Los Pol\u00edticos\" \/>\n<meta name=\"twitter:card\" content=\"summary_large_image\" \/>\n<meta name=\"twitter:creator\" content=\"@LosPoliticosVer\" \/>\n<meta name=\"twitter:site\" content=\"@LosPoliticosVer\" \/>\n<meta name=\"twitter:label1\" content=\"Escrito por\" \/>\n\t<meta name=\"twitter:data1\" content=\"Lo viste en Los Pol\u00edticos\" \/>\n\t<meta name=\"twitter:label2\" content=\"Tiempo de lectura\" \/>\n\t<meta name=\"twitter:data2\" content=\"2 minutos\" \/>\n<script type=\"application\/ld+json\" class=\"yoast-schema-graph\">{\"@context\":\"https:\\\/\\\/schema.org\",\"@graph\":[{\"@type\":\"Article\",\"@id\":\"https:\\\/\\\/lospoliticosveracruz.com\\\/?p=99999#article\",\"isPartOf\":{\"@id\":\"https:\\\/\\\/lospoliticosveracruz.com\\\/?p=99999\"},\"author\":{\"name\":\"Lo viste en Los Pol\u00edticos\",\"@id\":\"https:\\\/\\\/lospoliticosveracruz.com\\\/#\\\/schema\\\/person\\\/b8702bb0e538456e6efd07080bf2a4a2\"},\"headline\":\"FUERA 55 DE AULAS POR ABUSIVOS!\",\"datePublished\":\"2022-12-14T18:10:22+00:00\",\"dateModified\":\"2022-12-14T18:10:31+00:00\",\"mainEntityOfPage\":{\"@id\":\"https:\\\/\\\/lospoliticosveracruz.com\\\/?p=99999\"},\"wordCount\":362,\"publisher\":{\"@id\":\"https:\\\/\\\/lospoliticosveracruz.com\\\/#organization\"},\"keywords\":[\"subsecretar\u00eda de Educaci\u00f3n B\u00e1sica\"],\"articleSection\":[\"La Nota\"],\"inLanguage\":\"es\"},{\"@type\":\"WebPage\",\"@id\":\"https:\\\/\\\/lospoliticosveracruz.com\\\/?p=99999\",\"url\":\"https:\\\/\\\/lospoliticosveracruz.com\\\/?p=99999\",\"name\":\"FUERA 55 DE AULAS POR ABUSIVOS! - Los pol\u00edticos Veracruz\",\"isPartOf\":{\"@id\":\"https:\\\/\\\/lospoliticosveracruz.com\\\/#website\"},\"datePublished\":\"2022-12-14T18:10:22+00:00\",\"dateModified\":\"2022-12-14T18:10:31+00:00\",\"breadcrumb\":{\"@id\":\"https:\\\/\\\/lospoliticosveracruz.com\\\/?p=99999#breadcrumb\"},\"inLanguage\":\"es\",\"potentialAction\":[{\"@type\":\"ReadAction\",\"target\":[\"https:\\\/\\\/lospoliticosveracruz.com\\\/?p=99999\"]}]},{\"@type\":\"BreadcrumbList\",\"@id\":\"https:\\\/\\\/lospoliticosveracruz.com\\\/?p=99999#breadcrumb\",\"itemListElement\":[{\"@type\":\"ListItem\",\"position\":1,\"name\":\"Portada\",\"item\":\"https:\\\/\\\/lospoliticosveracruz.com\\\/\"},{\"@type\":\"ListItem\",\"position\":2,\"name\":\"FUERA 55 DE AULAS POR ABUSIVOS!\"}]},{\"@type\":\"WebSite\",\"@id\":\"https:\\\/\\\/lospoliticosveracruz.com\\\/#website\",\"url\":\"https:\\\/\\\/lospoliticosveracruz.com\\\/\",\"name\":\"Los pol\u00edticos Veracruz\",\"description\":\"\",\"publisher\":{\"@id\":\"https:\\\/\\\/lospoliticosveracruz.com\\\/#organization\"},\"potentialAction\":[{\"@type\":\"SearchAction\",\"target\":{\"@type\":\"EntryPoint\",\"urlTemplate\":\"https:\\\/\\\/lospoliticosveracruz.com\\\/?s={search_term_string}\"},\"query-input\":{\"@type\":\"PropertyValueSpecification\",\"valueRequired\":true,\"valueName\":\"search_term_string\"}}],\"inLanguage\":\"es\"},{\"@type\":\"Organization\",\"@id\":\"https:\\\/\\\/lospoliticosveracruz.com\\\/#organization\",\"name\":\"Los pol\u00edticos Veracruz\",\"url\":\"https:\\\/\\\/lospoliticosveracruz.com\\\/\",\"logo\":{\"@type\":\"ImageObject\",\"inLanguage\":\"es\",\"@id\":\"https:\\\/\\\/lospoliticosveracruz.com\\\/#\\\/schema\\\/logo\\\/image\\\/\",\"url\":\"https:\\\/\\\/lospoliticosveracruz.com\\\/wp-content\\\/uploads\\\/2025\\\/12\\\/Logo-Nuevo-LOS-POLITICOS-1.jpg\",\"contentUrl\":\"https:\\\/\\\/lospoliticosveracruz.com\\\/wp-content\\\/uploads\\\/2025\\\/12\\\/Logo-Nuevo-LOS-POLITICOS-1.jpg\",\"width\":260,\"height\":70,\"caption\":\"Los pol\u00edticos Veracruz\"},\"image\":{\"@id\":\"https:\\\/\\\/lospoliticosveracruz.com\\\/#\\\/schema\\\/logo\\\/image\\\/\"},\"sameAs\":[\"https:\\\/\\\/www.facebook.com\\\/people\\\/Notimemes-de-los-Polticos\\\/61565672886568\\\/\",\"https:\\\/\\\/x.com\\\/LosPoliticosVer\"]},{\"@type\":\"Person\",\"@id\":\"https:\\\/\\\/lospoliticosveracruz.com\\\/#\\\/schema\\\/person\\\/b8702bb0e538456e6efd07080bf2a4a2\",\"name\":\"Lo viste en Los Pol\u00edticos\",\"image\":{\"@type\":\"ImageObject\",\"inLanguage\":\"es\",\"@id\":\"https:\\\/\\\/secure.gravatar.com\\\/avatar\\\/3a8de04a2656d44082be478bd6c086daa447c4651605818287b9532d3d0bd435?s=96&d=mm&r=g\",\"url\":\"https:\\\/\\\/secure.gravatar.com\\\/avatar\\\/3a8de04a2656d44082be478bd6c086daa447c4651605818287b9532d3d0bd435?s=96&d=mm&r=g\",\"contentUrl\":\"https:\\\/\\\/secure.gravatar.com\\\/avatar\\\/3a8de04a2656d44082be478bd6c086daa447c4651605818287b9532d3d0bd435?s=96&d=mm&r=g\",\"caption\":\"Lo viste en Los Pol\u00edticos\"},\"url\":\"https:\\\/\\\/lospoliticosveracruz.com\\\/?author=2\"}]}<\/script>\n<!-- \/ Yoast SEO plugin. -->","yoast_head_json":{"title":"FUERA 55 DE AULAS POR ABUSIVOS! - Los pol\u00edticos Veracruz","robots":{"index":"index","follow":"follow","max-snippet":"max-snippet:-1","max-image-preview":"max-image-preview:large","max-video-preview":"max-video-preview:-1"},"canonical":"https:\/\/lospoliticosveracruz.com\/?p=99999","og_locale":"es_ES","og_type":"article","og_title":"FUERA 55 DE AULAS POR ABUSIVOS! - Los pol\u00edticos Veracruz","og_description":"Karla M\u00e9ndez\u00a0 Xalapa, Ver.- Hasta el momento son m\u00e1s de 55 maestros los que fueron cesados en lo que va de la administraci\u00f3n por presuntos casos de abuso sexual, confirm\u00f3 la titular de la subsecretar\u00eda de Educaci\u00f3n B\u00e1sica, Maritza Ram\u00edrez Aguilar. En entrevista, precis\u00f3 que el docente que es cesado no vuelve a trabajar en [&hellip;]","og_url":"https:\/\/lospoliticosveracruz.com\/?p=99999","og_site_name":"Los pol\u00edticos Veracruz","article_publisher":"https:\/\/www.facebook.com\/people\/Notimemes-de-los-Polticos\/61565672886568\/","article_published_time":"2022-12-14T18:10:22+00:00","article_modified_time":"2022-12-14T18:10:31+00:00","og_image":[{"width":200,"height":200,"url":"https:\/\/lospoliticosveracruz.com\/wp-content\/uploads\/2016\/07\/Logo-Dor.jpg","type":"image\/jpeg"}],"author":"Lo viste en Los Pol\u00edticos","twitter_card":"summary_large_image","twitter_creator":"@LosPoliticosVer","twitter_site":"@LosPoliticosVer","twitter_misc":{"Escrito por":"Lo viste en Los Pol\u00edticos","Tiempo de lectura":"2 minutos"},"schema":{"@context":"https:\/\/schema.org","@graph":[{"@type":"Article","@id":"https:\/\/lospoliticosveracruz.com\/?p=99999#article","isPartOf":{"@id":"https:\/\/lospoliticosveracruz.com\/?p=99999"},"author":{"name":"Lo viste en Los Pol\u00edticos","@id":"https:\/\/lospoliticosveracruz.com\/#\/schema\/person\/b8702bb0e538456e6efd07080bf2a4a2"},"headline":"FUERA 55 DE AULAS POR ABUSIVOS!","datePublished":"2022-12-14T18:10:22+00:00","dateModified":"2022-12-14T18:10:31+00:00","mainEntityOfPage":{"@id":"https:\/\/lospoliticosveracruz.com\/?p=99999"},"wordCount":362,"publisher":{"@id":"https:\/\/lospoliticosveracruz.com\/#organization"},"keywords":["subsecretar\u00eda de Educaci\u00f3n B\u00e1sica"],"articleSection":["La Nota"],"inLanguage":"es"},{"@type":"WebPage","@id":"https:\/\/lospoliticosveracruz.com\/?p=99999","url":"https:\/\/lospoliticosveracruz.com\/?p=99999","name":"FUERA 55 DE AULAS POR ABUSIVOS! - Los pol\u00edticos Veracruz","isPartOf":{"@id":"https:\/\/lospoliticosveracruz.com\/#website"},"datePublished":"2022-12-14T18:10:22+00:00","dateModified":"2022-12-14T18:10:31+00:00","breadcrumb":{"@id":"https:\/\/lospoliticosveracruz.com\/?p=99999#breadcrumb"},"inLanguage":"es","potentialAction":[{"@type":"ReadAction","target":["https:\/\/lospoliticosveracruz.com\/?p=99999"]}]},{"@type":"BreadcrumbList","@id":"https:\/\/lospoliticosveracruz.com\/?p=99999#breadcrumb","itemListElement":[{"@type":"ListItem","position":1,"name":"Portada","item":"https:\/\/lospoliticosveracruz.com\/"},{"@type":"ListItem","position":2,"name":"FUERA 55 DE AULAS POR ABUSIVOS!"}]},{"@type":"WebSite","@id":"https:\/\/lospoliticosveracruz.com\/#website","url":"https:\/\/lospoliticosveracruz.com\/","name":"Los pol\u00edticos Veracruz","description":"","publisher":{"@id":"https:\/\/lospoliticosveracruz.com\/#organization"},"potentialAction":[{"@type":"SearchAction","target":{"@type":"EntryPoint","urlTemplate":"https:\/\/lospoliticosveracruz.com\/?s={search_term_string}"},"query-input":{"@type":"PropertyValueSpecification","valueRequired":true,"valueName":"search_term_string"}}],"inLanguage":"es"},{"@type":"Organization","@id":"https:\/\/lospoliticosveracruz.com\/#organization","name":"Los pol\u00edticos Veracruz","url":"https:\/\/lospoliticosveracruz.com\/","logo":{"@type":"ImageObject","inLanguage":"es","@id":"https:\/\/lospoliticosveracruz.com\/#\/schema\/logo\/image\/","url":"https:\/\/lospoliticosveracruz.com\/wp-content\/uploads\/2025\/12\/Logo-Nuevo-LOS-POLITICOS-1.jpg","contentUrl":"https:\/\/lospoliticosveracruz.com\/wp-content\/uploads\/2025\/12\/Logo-Nuevo-LOS-POLITICOS-1.jpg","width":260,"height":70,"caption":"Los pol\u00edticos Veracruz"},"image":{"@id":"https:\/\/lospoliticosveracruz.com\/#\/schema\/logo\/image\/"},"sameAs":["https:\/\/www.facebook.com\/people\/Notimemes-de-los-Polticos\/61565672886568\/","https:\/\/x.com\/LosPoliticosVer"]},{"@type":"Person","@id":"https:\/\/lospoliticosveracruz.com\/#\/schema\/person\/b8702bb0e538456e6efd07080bf2a4a2","name":"Lo viste en Los Pol\u00edticos","image":{"@type":"ImageObject","inLanguage":"es","@id":"https:\/\/secure.gravatar.com\/avatar\/3a8de04a2656d44082be478bd6c086daa447c4651605818287b9532d3d0bd435?s=96&d=mm&r=g","url":"https:\/\/secure.gravatar.com\/avatar\/3a8de04a2656d44082be478bd6c086daa447c4651605818287b9532d3d0bd435?s=96&d=mm&r=g","contentUrl":"https:\/\/secure.gravatar.com\/avatar\/3a8de04a2656d44082be478bd6c086daa447c4651605818287b9532d3d0bd435?s=96&d=mm&r=g","caption":"Lo viste en Los Pol\u00edticos"},"url":"https:\/\/lospoliticosveracruz.com\/?author=2"}]}},"_links":{"self":[{"href":"https:\/\/lospoliticosveracruz.com\/index.php?rest_route=\/wp\/v2\/posts\/99999","targetHints":{"allow":["GET"]}}],"collection":[{"href":"https:\/\/lospoliticosveracruz.com\/index.php?rest_route=\/wp\/v2\/posts"}],"about":[{"href":"https:\/\/lospoliticosveracruz.com\/index.php?rest_route=\/wp\/v2\/types\/post"}],"author":[{"embeddable":true,"href":"https:\/\/lospoliticosveracruz.com\/index.php?rest_route=\/wp\/v2\/users\/2"}],"replies":[{"embeddable":true,"href":"https:\/\/lospoliticosveracruz.com\/index.php?rest_route=%2Fwp%2Fv2%2Fcomments&post=99999"}],"version-history":[{"count":1,"href":"https:\/\/lospoliticosveracruz.com\/index.php?rest_route=\/wp\/v2\/posts\/99999\/revisions"}],"predecessor-version":[{"id":100001,"href":"https:\/\/lospoliticosveracruz.com\/index.php?rest_route=\/wp\/v2\/posts\/99999\/revisions\/100001"}],"wp:attachment":[{"href":"https:\/\/lospoliticosveracruz.com\/index.php?rest_route=%2Fwp%2Fv2%2Fmedia&parent=99999"}],"wp:term":[{"taxonomy":"category","embeddable":true,"href":"https:\/\/lospoliticosveracruz.com\/index.php?rest_route=%2Fwp%2Fv2%2Fcategories&post=99999"},{"taxonomy":"post_tag","embeddable":true,"href":"https:\/\/lospoliticosveracruz.com\/index.php?rest_route=%2Fwp%2Fv2%2Ftags&post=99999"}],"curies":[{"name":"wp","href":"https:\/\/api.w.org\/{rel}","templated":true}]}}